{"id":288585,"date":"2025-08-06T13:10:46","date_gmt":"2025-08-06T16:10:46","guid":{"rendered":"https:\/\/www.novaconcursos.com.br\/portal\/?p=288585"},"modified":"2025-08-06T13:15:27","modified_gmt":"2025-08-06T16:15:27","slug":"concurso-agsus-retificacao","status":"publish","type":"post","link":"https:\/\/www.novaconcursos.com.br\/portal\/noticias\/concurso-agsus-retificacao\/","title":{"rendered":"Concurso AgSUS: Edital passa por retifica\u00e7\u00e3o, confira!"},"content":{"rendered":"<p class=\"wp-block-paragraph\">O concurso AgSUS <a href=\"https:\/\/www.novaconcursos.com.br\/portal\/concursos\/agsus\/\" data-type=\"link\" data-id=\"https:\/\/www.novaconcursos.com.br\/portal\/concursos\/agsus\/\">(Ag\u00eancia Brasileira de Apoio \u00e0 Gest\u00e3o do SUS)<\/a>, com <strong>130 vagas imediatas<\/strong> para <strong>n\u00edveis m\u00e9dio e superior<\/strong>, acaba de passar por sua <strong>primeira retifica\u00e7\u00e3o oficial<\/strong>. Foram atualizados pontos importantes do edital, que impactam diretamente os candidatos interessados na sele\u00e7\u00e3o.<\/p>\n\n\n\n<p class=\"wp-block-paragraph\">Entre as altera\u00e7\u00f5es, est\u00e3o novas regras de isen\u00e7\u00e3o da taxa de inscri\u00e7\u00e3o, ajustes nos requisitos para cargos espec\u00edficos e modifica\u00e7\u00f5es no conte\u00fado program\u00e1tico das provas, especialmente para o cargo de analista na \u00e1rea de Direito.<\/p>\n\n\n\n<p class=\"wp-block-paragraph\">As inscri\u00e7\u00f5es seguem abertas e as provas est\u00e3o previstas para outubro. Est\u00e1 interessado no certame? Confira abaixo todos os detalhes atualizados e prepare-se!<\/p>\n\n\n\n<h2 class=\"wp-block-heading\" id=\"concurso-agsus-passa-por-retificao-no-edital\">Concurso Agsus passa por retifica\u00e7\u00e3o no edital<\/h2>\n\n\n\n<p class=\"wp-block-paragraph\">A retifica\u00e7\u00e3o publicada no dia 31 de julho trouxe uma importante atualiza\u00e7\u00e3o quanto \u00e0 isen\u00e7\u00e3o da taxa de inscri\u00e7\u00e3o. Agora, tamb\u00e9m <strong>doadores de medula \u00f3ssea<\/strong> poder\u00e3o solicitar a isen\u00e7\u00e3o, em conformidade com a Lei n\u00ba 13.656\/2018. Para isso, ser\u00e1 necess\u00e1rio enviar a documenta\u00e7\u00e3o comprobat\u00f3ria at\u00e9 \u00e0s<strong> 16h do dia 3 de agosto de 2025<\/strong>, por meio do site da banca organizadora, a FGV.<\/p>\n\n\n\n<p class=\"wp-block-paragraph\">Al\u00e9m disso, houve mudan\u00e7as nos <strong>requisitos de dois cargos de n\u00edvel superior<\/strong>:<\/p>\n\n\n\n<ul class=\"wp-block-list\"><li><strong>Analista de Gest\u00e3o \u2013 Engenharia El\u00e9trica<\/strong>: agora tamb\u00e9m \u00e9 aceito diploma em Engenharia de Energia, al\u00e9m de Engenharia El\u00e9trica.<\/li>\n\n\n\n<li><strong>Analista de Gest\u00e3o \u2013 Sa\u00fade P\u00fablica<\/strong>: foram especificados os cursos aceitos, incluindo Biologia, Biomedicina, Educa\u00e7\u00e3o F\u00edsica, Enfermagem, Farm\u00e1cia, Fisioterapia, Fonoaudiologia, Medicina, Medicina Veterin\u00e1ria, Nutri\u00e7\u00e3o, Odontologia, Psicologia, Terapia Ocupacional, Sa\u00fade Coletiva, Sa\u00fade P\u00fablica e Servi\u00e7o Social, exigindo registro em conselho profissional, quando aplic\u00e1vel.<\/li>\n<\/ul><p class=\"wp-block-paragraph\">Por fim, a \u00e1rea de Direito sofreu altera\u00e7\u00f5es no conte\u00fado program\u00e1tico. Foram exclu\u00eddas as disciplinas de Licita\u00e7\u00f5es e Contratos e Direito Tribut\u00e1rio, sendo inclu\u00eddo o Direito Processual do Trabalho. A retifica\u00e7\u00e3o detalha todos os novos t\u00f3picos exigidos para a especialidade.<\/p>\n\n\n\n<p class=\"wp-block-paragraph\"><a href=\"https:\/\/www.novaconcursos.com.br\/portal\/wp-content\/uploads\/2025\/08\/retificacao-agsus.pdf\" target=\"_blank\" rel=\"noreferrer noopener\">Confira a retifica\u00e7\u00e3o do edital do concurso AgSUS!<\/a><\/p>\n\n\n\n<h2 class=\"wp-block-heading\" id=\"como-se-inscrever-no-concurso-agsus\">Como se inscrever no concurso AgSUS<\/h2>\n\n\n\n<p class=\"wp-block-paragraph\">As inscri\u00e7\u00f5es para o concurso AgSUS j\u00e1 est\u00e3o abertas e podem ser realizadas at\u00e9 as 16h do dia <strong>25 de agosto de 2025<\/strong>, exclusivamente por meio do site da Funda\u00e7\u00e3o Getulio Vargas <a href=\"https:\/\/conhecimento.fgv.br\/processoseletivo\/agsus25\" target=\"_blank\" rel=\"noreferrer noopener\">(FGV),<\/a> banca respons\u00e1vel pela organiza\u00e7\u00e3o do certame.<\/p>\n\n\n\n<p class=\"wp-block-paragraph\">A taxa de participa\u00e7\u00e3o varia conforme o cargo pretendido:<\/p>\n\n\n\n<ul class=\"wp-block-list\"><li><strong>R$70,00<\/strong> para os cargos de n\u00edvel m\u00e9dio<\/li>\n\n\n\n<li><strong>R$120,00<\/strong> para os cargos de n\u00edvel superior<\/li>\n<\/ul><p class=\"wp-block-paragraph\">O pagamento do boleto gerado no ato da inscri\u00e7\u00e3o poder\u00e1 ser efetuado at\u00e9 o dia <strong>26 de agosto de 2025<\/strong>. \u00c9 fundamental respeitar o prazo e os valores definidos no edital.<\/p>\n\n\n\n<h2 class=\"wp-block-heading\" id=\"cargos-vagas-e-salrios-no-concurso-agsus\">Cargos, vagas e sal\u00e1rios no concurso AgSUS<\/h2>\n\n\n\n<p class=\"wp-block-paragraph\">O concurso AgSUS oferece um total de 130 vagas imediatas, al\u00e9m de forma\u00e7\u00e3o de cadastro de reserva. As oportunidades est\u00e3o distribu\u00eddas entre os cargos de Auxiliar de Gest\u00e3o (n\u00edvel m\u00e9dio) e Analista de Gest\u00e3o (n\u00edvel superior), com lota\u00e7\u00e3o em Bras\u00edlia\/DF. Confira:<\/p>\n\n\n\n<p class=\"wp-block-paragraph\"><strong>N\u00edvel m\u00e9dio<\/strong><\/p>\n\n\n\n<ul class=\"wp-block-list\"><li>Auxiliar de Gest\u00e3o (24 vagas + CR)\n<ul class=\"wp-block-list\"><li>R$ 4.000,00<\/li>\n<\/ul><\/li>\n<\/ul><p class=\"wp-block-paragraph\"><strong>N\u00edvel superior<\/strong><\/p>\n\n\n\n<ul class=\"wp-block-list\"><li>Analista de Gest\u00e3o \u2013 \u00c1rea Administrativa (45 vagas + CR)\n<ul class=\"wp-block-list\"><li>R$ 8.800,00<\/li>\n<\/ul><\/li>\n\n\n\n<li>Advogado (4 vagas + CR)\n<ul class=\"wp-block-list\"><li>R$ 8.800,00<\/li>\n<\/ul><\/li>\n\n\n\n<li>Arquiteto (1 vaga + CR)\n<ul class=\"wp-block-list\"><li>R$ 10.302,00<\/li>\n<\/ul><\/li>\n\n\n\n<li>Analista de Gest\u00e3o \u2013 Comunica\u00e7\u00e3o Social (1 vaga + CR)\n<ul class=\"wp-block-list\"><li>R$ 8.800,00<\/li>\n<\/ul><\/li>\n\n\n\n<li>Analista de Gest\u00e3o \u2013 Contabilidade (3 vagas + CR)\n<ul class=\"wp-block-list\"><li>R$ 8.800,00<\/li>\n<\/ul><\/li>\n\n\n\n<li>Designer Gr\u00e1fico (1 vaga + CR)\n<ul class=\"wp-block-list\"><li>R$ 8.800,00<\/li>\n<\/ul><\/li>\n\n\n\n<li>Enfermeiro do Trabalho (1 vaga + CR)\n<ul class=\"wp-block-list\"><li>R$ 8.800,00<\/li>\n<\/ul><\/li>\n\n\n\n<li>Engenheiro Civil (1 vaga + CR)\n<ul class=\"wp-block-list\"><li>R$ 10.302,00<\/li>\n<\/ul><\/li>\n\n\n\n<li>Engenheiro de Seguran\u00e7a do Trabalho (1 vaga + CR)\n<ul class=\"wp-block-list\"><li>R$ 10.302,00<\/li>\n<\/ul><\/li>\n\n\n\n<li>Engenheiro Eletricista (1 vaga + CR)\n<ul class=\"wp-block-list\"><li>R$ 10.302,00<\/li>\n<\/ul><\/li>\n\n\n\n<li>M\u00e9dico do Trabalho (1 vaga + CR)\n<ul class=\"wp-block-list\"><li>R$ 16.663,50<\/li>\n<\/ul><\/li>\n\n\n\n<li>Psic\u00f3logo (3 vagas + CR)\n<ul class=\"wp-block-list\"><li>R$ 8.800,00<\/li>\n<\/ul><\/li>\n\n\n\n<li>Analista de Gest\u00e3o \u2013 Sa\u00fade P\u00fablica (40 vagas + CR)\n<ul class=\"wp-block-list\"><li>R$ 8.800,00<\/li>\n<\/ul><\/li>\n\n\n\n<li>Analista de Gest\u00e3o \u2013 Tecnologia da Informa\u00e7\u00e3o (3 vagas + CR)\n<ul class=\"wp-block-list\"><li>R$ 8.800,00<\/li>\n<\/ul><\/li>\n<\/ul><p class=\"wp-block-paragraph\">Todos os aprovados ser\u00e3o contratados sob regime CLT, para jornada de 40 horas semanais.<\/p>\n\n\n\n<p class=\"wp-block-paragraph\"><\/p><div class=\"nova-continue-reading\">Leia tamb\u00e9m: <a href=\"https:\/\/www.novaconcursos.com.br\/portal\/concursos-abertos\/\">Concursos abertos no Brasil!<\/a><\/div>\n\n\n\n<h2 class=\"wp-block-heading\" id=\"concurso-agsus-ter-provas-em-outubro\">Concurso AgSUS ter\u00e1 provas em outubro<\/h2>\n\n\n\n<p class=\"wp-block-paragraph\">A prova objetiva do concurso Agsus ser\u00e1 aplicada no dia <strong>12 de outubro de 2025<\/strong>, das 13h30 \u00e0s 17h30, exclusivamente na cidade de Bras\u00edlia\/DF.<\/p>\n\n\n\n<p class=\"wp-block-paragraph\">O exame ser\u00e1 composto por 70 quest\u00f5es de m\u00faltipla escolha, distribu\u00eddas da seguinte forma:<\/p>\n\n\n\n<ul class=\"wp-block-list\"><li>40 quest\u00f5es de conhecimentos gerais<\/li>\n\n\n\n<li>30 quest\u00f5es de conhecimentos espec\u00edficos<\/li>\n<\/ul><p class=\"wp-block-paragraph\"><\/p><div class=\"nova-continue-reading\">Confira: <a href=\"https:\/\/www.novaconcursos.com.br\/concurso\/agencia-brasileira-de-apoio-a-gestao-do-sus\">Materiais preparat\u00f3rios para o concurso AgSUS<\/a><\/div>\n\n\n\n<p class=\"wp-block-paragraph\">A composi\u00e7\u00e3o das disciplinas varia de acordo com o cargo escolhido. Confira:<\/p>\n\n\n\n<p class=\"wp-block-paragraph\"><strong>Auxiliar de Gest\u00e3o<\/strong><\/p>\n\n\n\n<ul class=\"wp-block-list\"><li>L\u00edngua Portuguesa \u2013 15 quest\u00f5es<\/li>\n\n\n\n<li>Racioc\u00ednio L\u00f3gico e Matem\u00e1tico \u2013 10 quest\u00f5es<\/li>\n\n\n\n<li>Legisla\u00e7\u00e3o \u2013 5 quest\u00f5es<\/li>\n\n\n\n<li>No\u00e7\u00f5es de Inform\u00e1tica \u2013 10 quest\u00f5es<\/li>\n\n\n\n<li>Conhecimentos Espec\u00edficos \u2013 30 quest\u00f5es<\/li>\n<\/ul><p class=\"wp-block-paragraph\"><strong>Analista de Gest\u00e3o \u2013 \u00c1rea Administrativa<\/strong><\/p>\n\n\n\n<ul class=\"wp-block-list\"><li>L\u00edngua Portuguesa \u2013 15 quest\u00f5es<\/li>\n\n\n\n<li>Racioc\u00ednio L\u00f3gico e Matem\u00e1tico \u2013 10 quest\u00f5es<\/li>\n\n\n\n<li>Legisla\u00e7\u00e3o \u2013 5 quest\u00f5es<\/li>\n\n\n\n<li>No\u00e7\u00f5es de Inform\u00e1tica \u2013 10 quest\u00f5es<\/li>\n\n\n\n<li>Conhecimentos Espec\u00edficos \u2013 30 quest\u00f5es<\/li>\n<\/ul><p class=\"wp-block-paragraph\"><strong>Analista de Gest\u00e3o \u2013 Demais Especialidades<\/strong><\/p>\n\n\n\n<ul class=\"wp-block-list\"><li>L\u00edngua Portuguesa \u2013 15 quest\u00f5es<\/li>\n\n\n\n<li>Racioc\u00ednio L\u00f3gico e Matem\u00e1tico \u2013 5 quest\u00f5es<\/li>\n\n\n\n<li>Legisla\u00e7\u00e3o \u2013 10 quest\u00f5es<\/li>\n\n\n\n<li>No\u00e7\u00f5es de Inform\u00e1tica \u2013 10 quest\u00f5es<\/li>\n\n\n\n<li>Conhecimentos Espec\u00edficos \u2013 30 quest\u00f5es<\/li>\n<\/ul><p class=\"wp-block-paragraph\">Para ser considerado aprovado na prova objetiva, o candidato dever\u00e1:<\/p>\n\n\n\n<ul class=\"wp-block-list\"><li>Acertar pelo menos 20 quest\u00f5es de conhecimentos gerais<\/li>\n\n\n\n<li>Acertar no m\u00ednimo 15 quest\u00f5es de conhecimentos espec\u00edficos<\/li>\n\n\n\n<li>N\u00e3o zerar nenhuma das disciplinas da prova<\/li>\n<\/ul>","protected":false},"excerpt":{"rendered":"<p>O concurso AgSUS est\u00e1 ofertando 130 vagas para candidatos de n\u00edveis m\u00e9dio e superior. Provas em outubro!<\/p>\n","protected":false},"author":54692,"featured_media":288586,"comment_status":"closed","ping_status":"closed","sticky":false,"template":"","format":"standard","meta":{"_acf_changed":false,"footnotes":"","_wp_rev_ctl_limit":""},"categories":[228,44978,44939,44945],"tags":[45501],"class_list":["post-288585","post","type-post","status-publish","format-standard","has-post-thumbnail","hentry","category-noticias","category-nacional","category-carreira-administrativa","category-carreira-saude","tag-concurso-agsus"],"acf":[],"_links":{"self":[{"href":"https:\/\/www.novaconcursos.com.br\/portal\/wp-json\/wp\/v2\/posts\/288585","targetHints":{"allow":["GET"]}}],"collection":[{"href":"https:\/\/www.novaconcursos.com.br\/portal\/wp-json\/wp\/v2\/posts"}],"about":[{"href":"https:\/\/www.novaconcursos.com.br\/portal\/wp-json\/wp\/v2\/types\/post"}],"author":[{"embeddable":true,"href":"https:\/\/www.novaconcursos.com.br\/portal\/wp-json\/wp\/v2\/users\/54692"}],"replies":[{"embeddable":true,"href":"https:\/\/www.novaconcursos.com.br\/portal\/wp-json\/wp\/v2\/comments?post=288585"}],"version-history":[{"count":3,"href":"https:\/\/www.novaconcursos.com.br\/portal\/wp-json\/wp\/v2\/posts\/288585\/revisions"}],"predecessor-version":[{"id":288606,"href":"https:\/\/www.novaconcursos.com.br\/portal\/wp-json\/wp\/v2\/posts\/288585\/revisions\/288606"}],"wp:featuredmedia":[{"embeddable":true,"href":"https:\/\/www.novaconcursos.com.br\/portal\/wp-json\/wp\/v2\/media\/288586"}],"wp:attachment":[{"href":"https:\/\/www.novaconcursos.com.br\/portal\/wp-json\/wp\/v2\/media?parent=288585"}],"wp:term":[{"taxonomy":"category","embeddable":true,"href":"https:\/\/www.novaconcursos.com.br\/portal\/wp-json\/wp\/v2\/categories?post=288585"},{"taxonomy":"post_tag","embeddable":true,"href":"https:\/\/www.novaconcursos.com.br\/portal\/wp-json\/wp\/v2\/tags?post=288585"}],"curies":[{"name":"wp","href":"https:\/\/api.w.org\/{rel}","templated":true}]}}