{"id":28933,"date":"2025-06-05T17:26:59","date_gmt":"2025-06-05T20:26:59","guid":{"rendered":"http:\/\/www.novaconcursos.com.br\/portal\/?post_type=nc-public-tender&#038;p=28933"},"modified":"2025-06-05T17:27:02","modified_gmt":"2025-06-05T20:27:02","slug":"concurso-prefeitura-de-pocos-de-caldas-mg","status":"publish","type":"post","link":"https:\/\/www.novaconcursos.com.br\/portal\/concursos\/concurso-prefeitura-de-pocos-de-caldas-mg\/","title":{"rendered":"Concurso Prefeitura de Po\u00e7os de Caldas: Edital publicado! 50 vagas para Guarda Municipal!"},"content":{"rendered":"<p>Aten\u00e7\u00e3o, concurseiros! Foi publicado o edital do concurso Prefeitura de <a href=\"https:\/\/www.novaconcursos.com.br\/concurso\/prefeitura-de-pocos-de-caldas-mg\/cursos-online\">Po\u00e7os de Caldas<\/a>, munc\u00edpio do estado de Minas Gerais, com a oferta de <strong>50 vagas imediatas<\/strong> para o cargo de Guarda Municipal, que exige n\u00edvel m\u00e9dio de escolaridade. <\/p>\n\n\n\n    <div class=\"nova-resumo-edital\">\n        <h2 class=\"nova-resumo-edital-title\" id=\"resumo-edital\">Resumo Edital<\/h2>\n        <ul class=\"nova-resumo-edital-list nova-menu\"><li>\n                <img decoding=\"async\" width=\"24\" height=\"24\" loading=\"lazy\" src=\"https:\/\/www.novaconcursos.com.br\/portal\/wp-content\/themes\/nova-theme\/includes\/assets\/img\/person.svg\" aria-hidden=\"true\" alt=\"\u00edcone pessoa\" title=\"\"><span>\n                    <b>Vagas: <\/b> 50\n                <\/span>\n            <\/li>\n            <li>\n                <img decoding=\"async\" width=\"24\" height=\"24\" loading=\"lazy\" src=\"https:\/\/www.novaconcursos.com.br\/portal\/wp-content\/themes\/nova-theme\/includes\/assets\/img\/inscricoes.svg\" aria-hidden=\"true\" alt=\"\u00edcone pessoa\" title=\"\"><span>\n                    <b>Per\u00edodo de inscri\u00e7\u00f5es: <\/b> 04\/08\/2025 a 04\/09\/2025\n                <\/span>\n            <\/li>\n            <li>\n                <img decoding=\"async\" width=\"24\" height=\"24\" loading=\"lazy\" src=\"https:\/\/www.novaconcursos.com.br\/portal\/wp-content\/themes\/nova-theme\/includes\/assets\/img\/taxa-inscricao.svg\" aria-hidden=\"true\" alt=\"\u00edcone pessoa\" title=\"\"><span>\n                    <b>Taxa de inscri\u00e7\u00e3o: <\/b> R$ 73,32\n                <\/span>\n            <\/li>\n            <li>\n                <img decoding=\"async\" width=\"24\" height=\"24\" loading=\"lazy\" src=\"https:\/\/www.novaconcursos.com.br\/portal\/wp-content\/themes\/nova-theme\/includes\/assets\/img\/prova.svg\" aria-hidden=\"true\" alt=\"\u00edcone pessoa\" title=\"\"><span>\n                    <b>Prova: <\/b> 05\/10\/2025\n                <\/span>\n            <\/li>\n            <li>\n                <img decoding=\"async\" width=\"24\" height=\"24\" loading=\"lazy\" src=\"https:\/\/www.novaconcursos.com.br\/portal\/wp-content\/themes\/nova-theme\/includes\/assets\/img\/banca.svg\" aria-hidden=\"true\" alt=\"\u00edcone pessoa\" title=\"\"><span>\n                    <b>Banca: <\/b> IBGP Concursos\n                <\/span>\n            <\/li>\n        <\/ul><div class=\"nova-resumo-edital-baixar\">\n            <a href=\"https:\/\/www.novaconcursos.com.br\/portal\/wp-content\/uploads\/2025\/06\/edital-do-concurso-prefeitura-de-pocos-de-caldas.pdf\" target=\"_blank\" rel=\"noopener\">\n                Baixe aqui o edital\n            <\/a>\n        <\/div>\n    <\/div>\n\n\n\n<p>As remunera\u00e7\u00f5es iniciais s\u00e3o de <strong><strong>R$ 2.094,75<\/strong><\/strong>. Se interessou pelo concurso Prefeitura de Po\u00e7os de Caldas? Fique comigo e saiba todos os detalhes sobre a sele\u00e7\u00e3o!<\/p>\n\n\n\n<h2 class=\"wp-block-heading\" id=\"principais-datas-do-concurso-prefeitura-de-poos-de-caldas\">Principais datas do concurso Prefeitura de Po\u00e7os de Caldas<\/h2>\n\n\n\n<ul class=\"wp-block-list\"><li><strong>Inscri\u00e7\u00f5es<\/strong>: 4 de agosto a 4 de setembro<\/li>\n\n\n\n<li><strong>Isen\u00e7\u00e3o da taxa<\/strong>: 4 a 6 de agosto<\/li>\n\n\n\n<li><strong>\u00daltimo dia para pagamento<\/strong>: 5 de setembro<\/li>\n\n\n\n<li><strong>Prova<\/strong>: 5 de outubro<\/li>\n<\/ul><h2 class=\"wp-block-heading\" id=\"como-fazer-a-inscrio-no-concurso-prefeitura-de-poos-de-calda\">Como fazer a inscri\u00e7\u00e3o no concurso Prefeitura de Po\u00e7os de Caldas?<\/h2>\n\n\n\n<p>Os interessados pelo concurso Prefeitura de Po\u00e7os de Caldas poder\u00e3o se inscrever a partir das <strong>9h do dia 4 de agosto at\u00e9 \u00e0s 16h do dia 4 de setembro de 2025,<\/strong> atrav\u00e9s do site da banca organizadora respons\u00e1vel pelo certame, o <a href=\"https:\/\/novo.ibgpconcursos.com.br\/concurso.jsp?cod=559\" target=\"_blank\" rel=\"noopener\">IBGP Concursos.<\/a> <\/p>\n\n\n\n<p>Para ter sua inscri\u00e7\u00e3o homologada, o candidato deve efetuar o pagamento das taxas de inscri\u00e7\u00e3o, no valor de <strong>R$ 73,32<\/strong>, at\u00e9 o dia <strong>5 de setembro.<\/strong> <\/p>\n\n\n\n<p>Os candidatos poder\u00e3o solicitar a isen\u00e7\u00e3o dessas taxas entre os dias <strong>4 e 6 de agosto de 2025<\/strong>, desde que se enquadrem em algum dos requisitos: <\/p>\n\n\n\n<ul class=\"wp-block-list\"><li>cidad\u00e3o desempregado<\/li>\n\n\n\n<li>membro de fam\u00edlia de baixa renda<\/li>\n\n\n\n<li>insufici\u00eancia econ\u00f4mico-financeira<\/li>\n<\/ul><h2 class=\"wp-block-heading\" id=\"cargos-vagas-e-salrios\">Cargos, vagas e sal\u00e1rios<\/h2>\n\n\n\n<p>O concurso Prefeitura de Po\u00e7os de Caldas est\u00e1 ofertando <strong>50 vagas imediatas<\/strong> para o cargo de Guarda Civil Municipal, que exige n\u00edvel m\u00e9dio de escolaridade. <\/p>\n\n\n\n<p>O cargo oferece remunera\u00e7\u00e3o inicial de <strong>R$ 2.094,75<\/strong>, com regime de trabalho em escala 12\u00d736 horas.<\/p>\n\n\n\n<h2 class=\"wp-block-heading\" id=\"o-que-faz-um-guarda-municipal\">O que faz um Guarda Municipal?<\/h2>\n\n\n\n<p>Confira as atribui\u00e7\u00f5es dadas ao cargo de Guarda Municipal do concurso Prefeitura de Po\u00e7os de Caldas:<\/p>\n\n\n\n<ul class=\"wp-block-list\"><li>Zelar pelos bens, equipamentos e pr\u00e9dios p\u00fablicos do Munic\u00edpio<\/li>\n\n\n\n<li>Prevenir e inibir, pela presen\u00e7a e vigil\u00e2ncia, bem como coibir infra\u00e7\u00f5es penais ou administrativas e atos infracionais que atentem contra os bens, servi\u00e7os e instala\u00e7\u00f5es municipais<\/li>\n\n\n\n<li>Atuar preventiva e permanentemente no territ\u00f3rio do Munic\u00edpio para a prote\u00e7\u00e3o sist\u00eamica da popula\u00e7\u00e3o que utiliza os bens, servi\u00e7os e instala\u00e7\u00f5es municipais<\/li>\n\n\n\n<li>Colaborar de forma integrada com os \u00f3rg\u00e3os de seguran\u00e7a p\u00fablica em a\u00e7\u00f5es conjuntas que contribuam com a paz social<\/li>\n\n\n\n<li>Colaborar com a pacifica\u00e7\u00e3o de conflitos que seus integrantes presenciarem, atentando para o respeito aos direitos fundamentais das pessoas<\/li>\n\n\n\n<li>Exercer as compet\u00eancias de tr\u00e2nsito que lhes forem conferidas nas vias e logradouros municipais, nos termos da Lei Federal n\u00ba 9.503, de 23 de setembro de 1997 (C\u00f3digo de Tr\u00e2nsito Brasileiro), ou de forma concorrente, mediante conv\u00eanio celebrado com \u00f3rg\u00e3o de tr\u00e2nsito estadual ou municipal<\/li>\n\n\n\n<li>Proteger o patrim\u00f4nio ecol\u00f3gico, hist\u00f3rico, cultural, arquitet\u00f4nico e ambiental do Munic\u00edpio, inclusive adotando medidas educativas e preventivas<\/li>\n\n\n\n<li>Cooperar com os demais \u00f3rg\u00e3os de defesa civil em suas atividades<\/li>\n\n\n\n<li>Interagir com a sociedade civil para discuss\u00e3o de solu\u00e7\u00f5es de problemas e projetos locais voltados \u00e0 melhoria das condi\u00e7\u00f5es de seguran\u00e7a das comunidades<\/li>\n\n\n\n<li>Estabelecer parcerias com os \u00f3rg\u00e3os estaduais e da Uni\u00e3o ou de Munic\u00edpios vizinhos, por meio da celebra\u00e7\u00e3o de conv\u00eanios ou cons\u00f3rcios, com vistas ao desenvolvimento de a\u00e7\u00f5es preventivas integradas<\/li>\n\n\n\n<li>Articular-se com os \u00f3rg\u00e3os municipais de pol\u00edticas sociais visando \u00e0 ado\u00e7\u00e3o de a\u00e7\u00f5es interdisciplinares de seguran\u00e7a no Munic\u00edpio<\/li>\n\n\n\n<li>Integrar-se com os demais \u00f3rg\u00e3os de poder de pol\u00edcia administrativa, visando contribuir para a normatiza\u00e7\u00e3o e a fiscaliza\u00e7\u00e3o das posturas e do ordenamento urbano municipal<\/li>\n\n\n\n<li>Garantir o atendimento de ocorr\u00eancias emergenciais ou prest\u00e1-lo direta e imediatamente quando deparar-se com elas<\/li>\n\n\n\n<li>Encaminhar ao delegado de pol\u00edcia, diante de flagrante delito, o autor da infra\u00e7\u00e3o, preservando o local do crime quando poss\u00edvel e sempre que necess\u00e1rio<\/li>\n\n\n\n<li>Contribuir no estudo de impacto na seguran\u00e7a local conforme plano diretor municipal, por ocasi\u00e3o da constru\u00e7\u00e3o de empreendimentos de grande porte<\/li>\n\n\n\n<li>Desenvolver a\u00e7\u00f5es de preven\u00e7\u00e3o prim\u00e1ria \u00e0 viol\u00eancia, isoladamente ou em conjunto com os demais \u00f3rg\u00e3os da pr\u00f3pria municipalidade, de outros Munic\u00edpios ou das esferas estadual e federal<\/li>\n\n\n\n<li>Auxiliar na seguran\u00e7a de grandes eventos e na prote\u00e7\u00e3o de autoridades e dignat\u00e1rios<\/li>\n\n\n\n<li>Atuar mediante a\u00e7\u00f5es preventivas na seguran\u00e7a escolar, zelando pelo entorno e participando de a\u00e7\u00f5es educativas com o corpo discente e docente das unidades de ensino municipal<\/li>\n<\/ul><h2 class=\"wp-block-heading\" id=\"requisitos\">Requisitos<\/h2>\n\n\n\n<p>De acordo com o edital, esses s\u00e3o os requisitos b\u00e1sicos exigidos para a participa\u00e7\u00e3o no concurso Prefeitura de Po\u00e7os de Caldas: <\/p>\n\n\n\n<ul class=\"wp-block-list\"><li>Ser brasileiro nato ou naturalizado ou estrangeiro, nos casos permitidos por lei<\/li>\n\n\n\n<li>Estar em pleno gozo dos direitos pol\u00edticos<\/li>\n\n\n\n<li>Estar em dia com as obriga\u00e7\u00f5es militares e eleitorais<\/li>\n\n\n\n<li>Possuir Ensino M\u00e9dio Completo de escolaridade<\/li>\n\n\n\n<li>Ter idade m\u00ednima de 18 (dezoito) e m\u00e1xima de 35 (trinta e cinco) anos completos para ingresso do pessoal admitido para a Guarda Civil Municipal de Po\u00e7os de Caldas\/MG \u2013 GCMPC<\/li>\n\n\n\n<li>Ter altura m\u00ednima de 1,65 metros para o sexo masculino e 1,60 metros para o sexo feminino<\/li>\n\n\n\n<li>Possuir Carteira Nacional de Habilita\u00e7\u00e3o Categoria B<\/li>\n\n\n\n<li>N\u00e3o ter sido demitido por justa causa da Prefeitura Municipal de Po\u00e7os de Caldas e n\u00e3o ter sido exonerado a bem do servi\u00e7o p\u00fablico<\/li>\n\n\n\n<li>Ter aptid\u00e3o f\u00edsica e mental<\/li>\n\n\n\n<li>Ter atendido os requisitos de acesso ao cargo previstos em lei<\/li>\n\n\n\n<li>Ter sido avaliadas as condi\u00e7\u00f5es f\u00edsicas e psicol\u00f3gicas dos candidatos, assim como seus antecedentes, indispens\u00e1veis ao desempenho de sua miss\u00e3o<\/li>\n<\/ul><h2 class=\"wp-block-heading\" id=\"etapas-de-seleo-do-concurso-prefeitura-de-poos-de-caldas\">Etapas de sele\u00e7\u00e3o do concurso Prefeitura de Po\u00e7os de Caldas<\/h2>\n\n\n\n<p>Os candidatos do concurso Prefeitura de Po\u00e7os de Caldas ser\u00e3o avaliados por meio das seguintes etapas de sele\u00e7\u00e3o: <\/p>\n\n\n\n<ul class=\"wp-block-list\"><li>Prova Objetiva, de car\u00e1ter eliminat\u00f3rio e classificat\u00f3rio;<\/li>\n\n\n\n<li>Prova de Capacidade F\u00edsica, de car\u00e1ter eliminat\u00f3rio e classificat\u00f3rio;<\/li>\n\n\n\n<li>Avalia\u00e7\u00e3o Psicol\u00f3gica, de car\u00e1ter eliminat\u00f3rio;<\/li>\n\n\n\n<li>Sindic\u00e2ncia Social, de car\u00e1ter eliminat\u00f3rio;<\/li>\n\n\n\n<li>Avalia\u00e7\u00e3o M\u00e9dica, de car\u00e1ter eliminat\u00f3rio;<\/li>\n\n\n\n<li>Procedimento de Heteroidentifica\u00e7\u00e3o, de car\u00e1ter eliminat\u00f3rio; e<\/li>\n\n\n\n<li>Curso de Forma\u00e7\u00e3o, de car\u00e1ter eliminat\u00f3rio.<\/li>\n<\/ul><p><\/p>\n\n\n\n<p>A prova objetiva ser\u00e1 aplicada na data prevista de <strong>5 de outubro de 2025, <\/strong>em hor\u00e1rios e locais que ainda ser\u00e3o divulgados. <\/p>\n\n\n\n<h3 class=\"wp-block-heading\">Prova Objetiva<\/h3>\n\n\n\n<p>A etapa de prova objetiva do concurso Prefeitura de Po\u00e7os de Caldas ser\u00e1 composta por 40 quest\u00f5es de m\u00faltipla escolha, cada uma com quatro alternativas (A, B, C e D). A pontua\u00e7\u00e3o total varia de 0,0 a 100,0 pontos. Para ser considerado aprovado, o candidato dever\u00e1 alcan\u00e7ar pelo menos 50% do total de pontos poss\u00edveis.<\/p>\n\n\n\n<p>A distribui\u00e7\u00e3o das quest\u00f5es por disciplina ser\u00e1 a seguinte:<\/p>\n\n\n\n<ul class=\"wp-block-list\"><li>L\u00edngua Portuguesa: 10 quest\u00f5es<\/li>\n\n\n\n<li>Racioc\u00ednio L\u00f3gico-Matem\u00e1tico: 10 quest\u00f5es<\/li>\n\n\n\n<li>No\u00e7\u00f5es de Inform\u00e1tica: 5 quest\u00f5es<\/li>\n\n\n\n<li>Conhecimentos Espec\u00edficos: 15 quest\u00f5es<\/li>\n<\/ul><h3 class=\"wp-block-heading\">Teste de Aptid\u00e3o F\u00edsica (TAF)<\/h3>\n\n\n\n<p>O Teste de Aptid\u00e3o F\u00edsica do concurso Prefeitura de Po\u00e7os de Caldas ser\u00e1 aplicado tanto para os candidatos da ampla concorr\u00eancia quanto para Pessoas com Defici\u00eancia (PcD) e incluir\u00e1 os seguintes exerc\u00edcios:<\/p>\n\n\n\n<ul class=\"wp-block-list\"><li><strong>For\u00e7a dos membros superiores<\/strong>: barra fixa com repeti\u00e7\u00f5es din\u00e2micas para homens e teste de isometria na barra para mulheres<\/li>\n\n\n\n<li><strong>Flex\u00e3o abdominal<\/strong>: aplicada igualmente para ambos os sexos<\/li>\n\n\n\n<li><strong>Corrida de resist\u00eancia de 12 minutos<\/strong>: v\u00e1lida para homens e mulheres<\/li>\n<\/ul><p>Para ser considerado apto nesta etapa, o candidato dever\u00e1 obter uma pontua\u00e7\u00e3o m\u00ednima de 30,0 pontos em cada exerc\u00edcio. A nota zero em qualquer uma das modalidades resulta em elimina\u00e7\u00e3o.<\/p>\n\n\n\n<h2 class=\"wp-block-heading\" id=\"o-que-cai-na-prova-do-concurso-prefeitura-de-poos-de-caldas\">O que cai na prova do concurso Prefeitura de Po\u00e7os de Caldas?<\/h2>\n\n\n\n<p>Confira o que cai na prova do concurso Prefeitura de Po\u00e7os de Caldas, de acordo com o edital: <\/p>\n\n\n\n<h3 class=\"wp-block-heading\">L\u00edngua Portuguesa<\/h3>\n\n\n\n<ul class=\"wp-block-list\"><li>Compreens\u00e3o e interpreta\u00e7\u00e3o de textos<\/li>\n\n\n\n<li>G\u00eaneros e tipos de texto<\/li>\n\n\n\n<li>Articula\u00e7\u00e3o textual: operadores sequenciais, express\u00f5es referenciais<\/li>\n\n\n\n<li>Coes\u00e3o e coer\u00eancia textual<\/li>\n\n\n\n<li>Identifica\u00e7\u00e3o, defini\u00e7\u00e3o, classifica\u00e7\u00e3o, flex\u00e3o e emprego das classes de palavras<\/li>\n\n\n\n<li>Forma\u00e7\u00e3o de palavras<\/li>\n\n\n\n<li>Verbos: flex\u00e3o, conjuga\u00e7\u00e3o, vozes, correla\u00e7\u00e3o entre tempos e modos verbais<\/li>\n\n\n\n<li>Concord\u00e2ncia verbal e nominal<\/li>\n\n\n\n<li>Reg\u00eancia verbal e nominal<\/li>\n\n\n\n<li>Crase<\/li>\n\n\n\n<li>Coloca\u00e7\u00e3o pronominal<\/li>\n\n\n\n<li>Estrutura da ora\u00e7\u00e3o e do per\u00edodo: aspectos sint\u00e1ticos e sem\u00e2nticos<\/li>\n\n\n\n<li>Acentua\u00e7\u00e3o gr\u00e1fica<\/li>\n\n\n\n<li>Ortografia<\/li>\n\n\n\n<li>Pontua\u00e7\u00e3o<\/li>\n\n\n\n<li>Varia\u00e7\u00e3o lingu\u00edstica<\/li>\n\n\n\n<li>Reda\u00e7\u00e3o oficial de cartas, of\u00edcios, requerimentos, telegramas e certid\u00f5es<\/li>\n<\/ul><h3 class=\"wp-block-heading\">Racioc\u00ednio L\u00f3gico Matem\u00e1tico<\/h3>\n\n\n\n<ul class=\"wp-block-list\"><li>No\u00e7\u00f5es b\u00e1sicas da l\u00f3gica matem\u00e1tica: proposi\u00e7\u00f5es, conectivos, equival\u00eancia e implica\u00e7\u00e3o l\u00f3gica<\/li>\n\n\n\n<li>Argumentos v\u00e1lidos, problemas com tabelas e argumenta\u00e7\u00e3o<\/li>\n\n\n\n<li>Linguagem dos conjuntos: nota\u00e7\u00e3o e representa\u00e7\u00e3o de conjuntos<\/li>\n\n\n\n<li>Elementos de um conjunto e rela\u00e7\u00e3o de pertin\u00eancia<\/li>\n\n\n\n<li>Igualdade de conjuntos<\/li>\n\n\n\n<li>Rela\u00e7\u00e3o de inclus\u00e3o<\/li>\n\n\n\n<li>Subconjuntos<\/li>\n\n\n\n<li>Conjunto unit\u00e1rio<\/li>\n\n\n\n<li>Conjunto vazio<\/li>\n\n\n\n<li>Conjuntos das partes<\/li>\n\n\n\n<li>Formas e representa\u00e7\u00f5es de conjuntos<\/li>\n\n\n\n<li>Conjunto finito e infinito<\/li>\n\n\n\n<li>Conjunto universo<\/li>\n\n\n\n<li>Opera\u00e7\u00f5es com conjuntos; uni\u00e3o<\/li>\n\n\n\n<li>Opera\u00e7\u00f5es de adi\u00e7\u00e3o, subtra\u00e7\u00e3o, multiplica\u00e7\u00e3o, divis\u00e3o, potencia\u00e7\u00e3o e radicia\u00e7\u00e3o<\/li>\n\n\n\n<li>N\u00fameros decimais<\/li>\n\n\n\n<li>Valor absoluto<\/li>\n\n\n\n<li>Propriedades no conjunto dos n\u00fameros naturais<\/li>\n\n\n\n<li>Decomposi\u00e7\u00e3o de um n\u00famero natural em fatores primos<\/li>\n\n\n\n<li>M\u00faltiplos e divisores<\/li>\n\n\n\n<li>M\u00e1ximo divisor comum e m\u00ednimo m\u00faltiplo comum de dois n\u00fameros naturais<\/li>\n\n\n\n<li>Verdades e mentiras: resolu\u00e7\u00e3o de problemas<\/li>\n\n\n\n<li>Sequ\u00eancias: com n\u00fameros, com figuras e com palavras<\/li>\n\n\n\n<li>An\u00e1lise combinat\u00f3ria e probabilidade<\/li>\n\n\n\n<li>Problemas envolvendo racioc\u00ednio l\u00f3gico<\/li>\n<\/ul><h3 class=\"wp-block-heading\">No\u00e7\u00f5es de Inform\u00e1tica<\/h3>\n\n\n\n<ul class=\"wp-block-list\"><li>No\u00e7\u00f5es de sistemas de backup: tipos de backup, planos de conting\u00eancia e meios de armazenamento<\/li>\n\n\n\n<li>No\u00e7\u00f5es de sistemas operacionais: ambiente Windows<\/li>\n\n\n\n<li>Windows 10: opera\u00e7\u00f5es com janelas, menus, barra de tarefas e \u00e1rea de trabalho<\/li>\n\n\n\n<li>Trabalho com pastas e arquivos: localiza\u00e7\u00e3o, movimenta\u00e7\u00e3o, c\u00f3pia, tipos e extens\u00f5es<\/li>\n\n\n\n<li>Cria\u00e7\u00e3o, renomea\u00e7\u00e3o e exclus\u00e3o de arquivos e pastas<\/li>\n\n\n\n<li>Configura\u00e7\u00f5es b\u00e1sicas do Windows: resolu\u00e7\u00e3o de tela, cores, fontes, impressoras, apar\u00eancia, papel de parede e protetor de tela<\/li>\n\n\n\n<li>Windows Explorer<\/li>\n\n\n\n<li>Editor de texto Microsoft Word 2016 e superior: cria\u00e7\u00e3o, edi\u00e7\u00e3o, formata\u00e7\u00e3o e impress\u00e3o<\/li>\n\n\n\n<li>Cria\u00e7\u00e3o e manipula\u00e7\u00e3o de tabelas no Word<\/li>\n\n\n\n<li>Inser\u00e7\u00e3o e formata\u00e7\u00e3o de gr\u00e1ficos e figuras no Word<\/li>\n\n\n\n<li>Gera\u00e7\u00e3o de mala direta no Word<\/li>\n\n\n\n<li>Planilha eletr\u00f4nica Microsoft Excel 2016 e superior: cria\u00e7\u00e3o, edi\u00e7\u00e3o, formata\u00e7\u00e3o e impress\u00e3o<\/li>\n\n\n\n<li>Utiliza\u00e7\u00e3o de f\u00f3rmulas no Excel<\/li>\n\n\n\n<li>Gera\u00e7\u00e3o de gr\u00e1ficos no Excel<\/li>\n\n\n\n<li>Classifica\u00e7\u00e3o e organiza\u00e7\u00e3o de dados no Excel<\/li>\n\n\n\n<li>Software de apresenta\u00e7\u00f5es PowerPoint 2016 e superior: cria\u00e7\u00e3o, edi\u00e7\u00e3o, formata\u00e7\u00e3o e impress\u00e3o de slides<\/li>\n\n\n\n<li>Conhecimentos de internet: no\u00e7\u00f5es b\u00e1sicas<\/li>\n\n\n\n<li>Correio eletr\u00f4nico: envio e recebimento de mensagens, anexos, cat\u00e1logos de endere\u00e7os e organiza\u00e7\u00e3o das mensagens<\/li>\n\n\n\n<li>Navegadores: Internet Explorer, Google Chrome, Mozilla Firefox e Microsoft Edge<\/li>\n\n\n\n<li>No\u00e7\u00f5es de rede de computadores: conceitos e servi\u00e7os da internet, tecnologias e protocolos, ferramentas, aplicativos e procedimentos associados \u00e0 internet\/intranet<\/li>\n\n\n\n<li>No\u00e7\u00f5es de hardware e software: fundamentos de computa\u00e7\u00e3o<\/li>\n\n\n\n<li>Organiza\u00e7\u00e3o e arquitetura de computadores<\/li>\n\n\n\n<li>Componentes de um computador (hardware e software)<\/li>\n\n\n\n<li>Conceitos de seguran\u00e7a da informa\u00e7\u00e3o: no\u00e7\u00f5es b\u00e1sicas, pol\u00edticas de seguran\u00e7a da informa\u00e7\u00e3o<\/li>\n\n\n\n<li>Classifica\u00e7\u00e3o da informa\u00e7\u00e3o, seguran\u00e7a f\u00edsica e seguran\u00e7a l\u00f3gica<\/li>\n\n\n\n<li>An\u00e1lise e gerenciamento de riscos<\/li>\n\n\n\n<li>Amea\u00e7as, tipos de ataques e vulnerabilidades<\/li>\n\n\n\n<li>Ataques e prote\u00e7\u00f5es relacionados a hardware, sistemas operacionais, aplica\u00e7\u00f5es, bancos de dados e redes<\/li>\n\n\n\n<li>Redes sociais: conceitos, caracter\u00edsticas, vantagens e desvantagens<\/li>\n<\/ul><h2 class=\"wp-block-heading\" id=\"materiais-preparatrios-para-o-concurso-prefeitura-de-poos-de\">Materiais preparat\u00f3rios para o concurso Prefeitura de Po\u00e7os de Caldas<\/h2>\n\n\n\n<p>O <strong><a href=\"https:\/\/www.novaconcursos.com.br\/curso-online\/curso-prefeitura-pocos-caldas-mg-guarda-civil-municipal\">Curso Prefeitura de Po\u00e7os de Caldas \u2013 MG \u2013 Guarda Civil Municipal<\/a><\/strong> foi elaborado com base no edital publicado em junho de 2025 e est\u00e1 totalmente atualizado com as \u00faltimas exig\u00eancias do certame.<\/p>\n\n\n\n<p>As videoaulas est\u00e3o organizadas por disciplina e por t\u00f3picos, seguindo fielmente a ordem do conte\u00fado program\u00e1tico do edital. Essa estrutura garante uma prepara\u00e7\u00e3o mais eficiente e direcionada, facilitando a jornada de estudos do candidato.<\/p>\n\n\n\n<h3 class=\"wp-block-heading\">Por que escolher este curso?<\/h3>\n\n\n\n<ul class=\"wp-block-list\"><li>Corpo docente formado por professores especializados e com ampla experi\u00eancia na prepara\u00e7\u00e3o para concursos p\u00fablicos<\/li>\n\n\n\n<li>Aulas organizadas na mesma sequ\u00eancia do edital, proporcionando mais clareza e foco na prepara\u00e7\u00e3o<\/li>\n\n\n\n<li>Curso 100% online, com acesso via computador, tablet ou smartphone, bastando estar conectado \u00e0 internet<\/li>\n\n\n\n<li>Acesso ilimitado ao conte\u00fado durante 365 dias: assista quantas vezes quiser<\/li>\n\n\n\n<li>Videoaulas com alt\u00edssimo padr\u00e3o de qualidade e grava\u00e7\u00e3o<\/li>\n\n\n\n<li>Possibilidade de acelerar os v\u00eddeos, otimizando ainda mais o tempo de estudo<\/li>\n\n\n\n<li>Mais de 10 anos de tradi\u00e7\u00e3o na prepara\u00e7\u00e3o de candidatos para as carreiras p\u00fablicas<\/li>\n<\/ul><p>Com esse curso, o candidato conta com um material completo, atualizado e estrategicamente estruturado para conquistar a aprova\u00e7\u00e3o na Guarda Civil Municipal de Po\u00e7os de Caldas.<\/p>\n\n\n\n<h2 class=\"wp-block-heading\" id=\"anlise-e-plano-de-estudos-do-concurso-cgm-poos-de-caldas-\">An\u00e1lise e plano de estudos do concurso CGM Po\u00e7os de Caldas <\/h2>\n\n\n\n<p>Assista no youtube a an\u00e1lise completa do edital do concurso GCM Po\u00e7os de Caldas: <\/p>\n\n\n\n<figure class=\"wp-block-embed is-type-video is-provider-youtube wp-block-embed-youtube wp-embed-aspect-16-9 wp-has-aspect-ratio\"><div class=\"wp-block-embed__wrapper\">\n<iframe loading=\"lazy\" title=\"CONCURSO GCM PO\u00c7OS DE CALDAS 2025: AN\u00c1LISE E PLANO DE ESTUDOS \ud83d\udea8\" width=\"500\" height=\"281\" src=\"https:\/\/www.youtube.com\/embed\/nm987J7DbWU?feature=oembed\" frameborder=\"0\" allow=\"accelerometer; autoplay; clipboard-write; encrypted-media; gyroscope; picture-in-picture; web-share\" referrerpolicy=\"strict-origin-when-cross-origin\" allowfullscreen><\/iframe>\n<\/div><\/figure>","protected":false},"excerpt":{"rendered":"<p>Foi publicado o edital do concurso Prefeitura de Po\u00e7os de Caldas com 50 vagas imediatas para Guarda Municipal, de n\u00edvel m\u00e9dio. Venha conferir todos os detalhes!<\/p>\n","protected":false},"author":54696,"featured_media":285052,"comment_status":"closed","ping_status":"closed","sticky":false,"template":"","format":"standard","meta":{"_acf_changed":false,"footnotes":"","_wp_rev_ctl_limit":""},"categories":[44999,44948,228],"tags":[15430,45001],"class_list":["post-28933","post","type-post","status-publish","format-standard","has-post-thumbnail","hentry","category-concursos","category-mg","category-noticias","tag-concurso-prefeitura-de-pocos-de-caldas","tag-concursos-abertos-mg"],"acf":[],"_links":{"self":[{"href":"https:\/\/www.novaconcursos.com.br\/portal\/wp-json\/wp\/v2\/posts\/28933","targetHints":{"allow":["GET"]}}],"collection":[{"href":"https:\/\/www.novaconcursos.com.br\/portal\/wp-json\/wp\/v2\/posts"}],"about":[{"href":"https:\/\/www.novaconcursos.com.br\/portal\/wp-json\/wp\/v2\/types\/post"}],"author":[{"embeddable":true,"href":"https:\/\/www.novaconcursos.com.br\/portal\/wp-json\/wp\/v2\/users\/54696"}],"replies":[{"embeddable":true,"href":"https:\/\/www.novaconcursos.com.br\/portal\/wp-json\/wp\/v2\/comments?post=28933"}],"version-history":[{"count":13,"href":"https:\/\/www.novaconcursos.com.br\/portal\/wp-json\/wp\/v2\/posts\/28933\/revisions"}],"predecessor-version":[{"id":285061,"href":"https:\/\/www.novaconcursos.com.br\/portal\/wp-json\/wp\/v2\/posts\/28933\/revisions\/285061"}],"wp:featuredmedia":[{"embeddable":true,"href":"https:\/\/www.novaconcursos.com.br\/portal\/wp-json\/wp\/v2\/media\/285052"}],"wp:attachment":[{"href":"https:\/\/www.novaconcursos.com.br\/portal\/wp-json\/wp\/v2\/media?parent=28933"}],"wp:term":[{"taxonomy":"category","embeddable":true,"href":"https:\/\/www.novaconcursos.com.br\/portal\/wp-json\/wp\/v2\/categories?post=28933"},{"taxonomy":"post_tag","embeddable":true,"href":"https:\/\/www.novaconcursos.com.br\/portal\/wp-json\/wp\/v2\/tags?post=28933"}],"curies":[{"name":"wp","href":"https:\/\/api.w.org\/{rel}","templated":true}]}}