{"id":289638,"date":"2025-08-22T09:33:18","date_gmt":"2025-08-22T12:33:18","guid":{"rendered":"https:\/\/www.novaconcursos.com.br\/portal\/?p=289638"},"modified":"2025-08-22T09:35:01","modified_gmt":"2025-08-22T12:35:01","slug":"guarda-de-hortolandia-sp","status":"publish","type":"post","link":"https:\/\/www.novaconcursos.com.br\/portal\/concursos\/guarda-de-hortolandia-sp\/","title":{"rendered":"Concurso Guarda de Hortol\u00e2ndia: Saiu edital com 45 vagas! Sal\u00e1rio de R$3,8 mil!"},"content":{"rendered":"<p>O edital do <a href=\"https:\/\/www.novaconcursos.com.br\/concurso\/prefeitura-de-hortolandia-sp\/cursos-online\">concurso Guarda de Hortol\u00e2ndia<\/a> est\u00e1 publicado! As inscri\u00e7\u00f5es est\u00e3o abertas at\u00e9 o dia 22 de setembro! O edital oferta 40 vagas imediatas de n\u00edvel m\u00e9dio e oferece sal\u00e1rios iniciais de R$3,8 mil, al\u00e9m dos benef\u00edcios. <\/p>\n\n\n\n    <div class=\"nova-resumo-edital\">\n        <h2 class=\"nova-resumo-edital-title\" id=\"resumo-edital\">Resumo Edital<\/h2>\n        <ul class=\"nova-resumo-edital-list nova-menu\"><li>\n                <img decoding=\"async\" width=\"24\" height=\"24\" loading=\"lazy\" src=\"https:\/\/www.novaconcursos.com.br\/portal\/wp-content\/themes\/nova-theme\/includes\/assets\/img\/person.svg\" aria-hidden=\"true\" alt=\"\u00edcone pessoa\" title=\"\"><span>\n                    <b>Vagas: <\/b> 40\n                <\/span>\n            <\/li>\n            <li>\n                <img decoding=\"async\" width=\"24\" height=\"24\" loading=\"lazy\" src=\"https:\/\/www.novaconcursos.com.br\/portal\/wp-content\/themes\/nova-theme\/includes\/assets\/img\/inscricoes.svg\" aria-hidden=\"true\" alt=\"\u00edcone pessoa\" title=\"\"><span>\n                    <b>Per\u00edodo de inscri\u00e7\u00f5es: <\/b> 22\/08\/2025 a 22\/09\/2025\n                <\/span>\n            <\/li>\n            <li>\n                <img decoding=\"async\" width=\"24\" height=\"24\" loading=\"lazy\" src=\"https:\/\/www.novaconcursos.com.br\/portal\/wp-content\/themes\/nova-theme\/includes\/assets\/img\/taxa-inscricao.svg\" aria-hidden=\"true\" alt=\"\u00edcone pessoa\" title=\"\"><span>\n                    <b>Taxa de inscri\u00e7\u00e3o: <\/b> R$63,25\n                <\/span>\n            <\/li>\n            <li>\n                <img decoding=\"async\" width=\"24\" height=\"24\" loading=\"lazy\" src=\"https:\/\/www.novaconcursos.com.br\/portal\/wp-content\/themes\/nova-theme\/includes\/assets\/img\/prova.svg\" aria-hidden=\"true\" alt=\"\u00edcone pessoa\" title=\"\"><span>\n                    <b>Prova: <\/b> 26\/10\/2025\n                <\/span>\n            <\/li>\n            <li>\n                <img decoding=\"async\" width=\"24\" height=\"24\" loading=\"lazy\" src=\"https:\/\/www.novaconcursos.com.br\/portal\/wp-content\/themes\/nova-theme\/includes\/assets\/img\/banca.svg\" aria-hidden=\"true\" alt=\"\u00edcone pessoa\" title=\"\"><span>\n                    <b>Banca: <\/b> SH Dias\n                <\/span>\n            <\/li>\n        <\/ul><div class=\"nova-resumo-edital-baixar\">\n            <a href=\"https:\/\/www.novaconcursos.com.br\/portal\/wp-content\/uploads\/2025\/08\/01_Edital_Completo_CP_008_2025_08_19_12_46_44.pdf\" target=\"_blank\" rel=\"noopener\">\n                Baixe aqui o edital\n            <\/a>\n        <\/div>\n    <\/div>\n\n\n\n<p>Ficou interessado? Continue acompanhando e confira todos os detalhes do concurso Guarda de Hortol\u00e2ndia! <\/p>\n\n\n\n<h2 class=\"wp-block-heading\" id=\"principais-datas-do-edital-gcm-hortolndia\">Principais datas do edital GCM Hortol\u00e2ndia<\/h2>\n\n\n\n<p>Confira o cronograma do concurso Guarda de Hortol\u00e2ndia com as principais datas:<\/p>\n\n\n\n<ul class=\"wp-block-list\"><li> Prazo de inscri\u00e7\u00e3o: 20 de agosto e 22 de setembro de 2025<\/li>\n\n\n\n<li>\u00daltimo dia para efetuar o pagamento da taxa de inscri\u00e7\u00e3o: 23 de setembro de 2025<\/li>\n\n\n\n<li>Isen\u00e7\u00e3o da taxa: 20 a 22 de agosto de 2025<\/li>\n\n\n\n<li>Prova objetiva: 26 de outubro de 2025<\/li>\n<\/ul><h2 class=\"wp-block-heading\" id=\"como-fazer-a-inscrio-no-concurso-guarda-de-hortolndia\">Como fazer a inscri\u00e7\u00e3o no concurso Guarda de Hortol\u00e2ndia?<\/h2>\n\n\n\n<p>As inscri\u00e7\u00f5es do concurso Guarda de Hortol\u00e2ndia ser\u00e3o realizadas das 17h do dia 20 de agosto de 2025 at\u00e9 as 17h do dia 22 de setembro de 2025, no site da <a href=\"https:\/\/shdias.com.br\/concursos\/publicacoes\/MTEw\/MzA0\" target=\"_blank\" rel=\"noreferrer noopener\">banca SH Dias.<\/a><\/p>\n\n\n\n<p>Ap\u00f3s preencher o formul\u00e1rio com os dados solicitados, os candidatos dever\u00e3o efetuar o pagamento da taxa de inscri\u00e7\u00e3o no valor de R$ 63,25.<\/p>\n\n\n\n<p>Tem direito a isen\u00e7\u00e3o da taxa de inscri\u00e7\u00e3o, os candidatos que:<\/p>\n\n\n\n<ul class=\"wp-block-list\"><li>Tenha a fam\u00edlia inscrita no Cadastro \u00danico para Programas Sociais (Cad\u00danico), do Governo Federal, cuja renda mensal per capita seja inferior ou igual a meio sal\u00e1rio-m\u00ednimo nacional;<\/li>\n\n\n\n<li>Seja considerado hipossuficiente, nos termos da Lei Municipal n\u00ba 2.100, de 11 de agosto de 2008, assim considerado aquele que candidato que esteja desempregado ou empregado que perceba at\u00e9 1  sal\u00e1rio m\u00ednimo por m\u00eas;<\/li>\n\n\n\n<li>Seja doador de medula \u00f3ssea, doador regular de sangue e doador de \u00f3rg\u00e3os, nos termos da Lei Municipal n\u00ba 3.357, de 21 de junho de 2017.<\/li>\n<\/ul><p>O pedido de isen\u00e7\u00e3o da taxa deve ser realizado no site da banca, entre os dias 20 e 22 de agosto de 2025. <\/p>\n\n\n\n<h2 class=\"wp-block-heading\" id=\"vagas-e-salrios-do-concurso-guarda-de-hortolndia\">Vagas e sal\u00e1rios do concurso Guarda de Hortol\u00e2ndia<\/h2>\n\n\n\n<p>O concurso Guarda de Hortol\u00e2ndia, no estado de S\u00e3o Paulo, oferta 40 vagas imediatas para homens e mulheres, distribu\u00eddas da seguinte maneira: <\/p>\n\n\n\n<p><strong>Feminino<\/strong><\/p>\n\n\n\n<ul class=\"wp-block-list\"><li>ampla concorr\u00eancia: 11 vagas<\/li>\n\n\n\n<li>pessoas com defici\u00eancia: 1 vaga<\/li>\n<\/ul><p><strong>Masculino<\/strong><\/p>\n\n\n\n<ul class=\"wp-block-list\"><li>ampla concorr\u00eancia: 25 vagas<\/li>\n\n\n\n<li>pessoas com defici\u00eancia: 3 vaga<\/li>\n<\/ul><p>O sal\u00e1rio inicial dos aprovados ser\u00e1 de R$ 3.874,13, al\u00e9m dos seguintes benef\u00edcios: <\/p>\n\n\n\n<ul class=\"wp-block-list\"><li>Aux\u00edlio Alimenta\u00e7\u00e3o;<\/li>\n\n\n\n<li>Plano de Sa\u00fade;<\/li>\n\n\n\n<li>Vale transporte.<\/li>\n<\/ul><p>O cargo exige n\u00edvel m\u00e9dio de escolaridade e CNH na categoria \u201cB\u201d ou superior.\u00a0<\/p>\n\n\n\n<h2 class=\"wp-block-heading\" id=\"o-que-faz-o-guarda-de-hortolndia\">O que faz o Guarda de Hortol\u00e2ndia?<\/h2>\n\n\n\n<p>O Guarda de Hortol\u00e2ndia \u00e9 respons\u00e1vel por proteger bens, servi\u00e7os e instala\u00e7\u00f5es do munic\u00edpio, promovendo atendimento social em apoio a outros \u00f3rg\u00e3os p\u00fablicos e coopera\u00e7\u00e3o profissional \u00e0 pol\u00edcia civil e militar, vigiar permanentemente os bens dominiais e os bens de uso especial do munic\u00edpio, tais<br>como escolas e unidades de sa\u00fade municipais, edif\u00edcios, cemit\u00e9rio e todos os bens necess\u00e1rios \u00e0s atividades gerais da Administra\u00e7\u00e3o.<\/p>\n\n\n\n<p>O profissional tamb\u00e9m \u00e9 deve vigiar os bens de uso comum do povo, assim entendido \u00e0s vias p\u00fablicas, pra\u00e7as, parques, jardins e quaisquer outros logradouros p\u00fablicos, proteger os servi\u00e7os e instala\u00e7\u00f5es p\u00fablicas do munic\u00edpio, vigiar os bens do Estado e da Uni\u00e3o, mediante a celebra\u00e7\u00e3o de conv\u00eanio, exercer, quando habilitado, as atribui\u00e7\u00f5es do poder de pol\u00edcia de tr\u00e2nsito ou colaborar com os fiscais, os agentes de fiscaliza\u00e7\u00e3o de tr\u00e2nsito e os servidores p\u00fablicos municipais, apoiando-os em servi\u00e7o, quando solicitado, entre outras.<\/p>\n\n\n\n<h2 class=\"wp-block-heading\" id=\"requisitos-bsicos-\">Requisitos b\u00e1sicos <\/h2>\n\n\n\n<p>Para participar do concurso Guarda de Hortol\u00e2ndia, os candidatos dever\u00e3o comprovar as seguintes exig\u00eancias b\u00e1sicas:<\/p>\n\n\n\n<ul class=\"wp-block-list\"><li>Ser brasileiro nato, naturalizado ou cidad\u00e3o portugu\u00eas a quem foi deferida igualdade nos termos do Decreto Federal n\u00ba 70.391\/72 e do Decreto Federal n.\u00ba 70.436\/72;<\/li>\n\n\n\n<li>Estar em dia com o servi\u00e7o militar, se do sexo masculino;<\/li>\n\n\n\n<li>Estar em dia com seus direitos pol\u00edticos e obriga\u00e7\u00f5es eleitorais;<\/li>\n\n\n\n<li>Ter plena aptid\u00e3o f\u00edsica e mental comprovando boa sa\u00fade, bem como n\u00e3o possuir defici\u00eancia f\u00edsica<\/li>\n\n\n\n<li>incompat\u00edvel com os requisitos e atribui\u00e7\u00f5es para o pleno exerc\u00edcio do Cargo e Especialidade, comprovada em exame de sa\u00fade para Posse inspe\u00e7\u00e3o realizado conforme o disposto na LM n\u00ba 2004\/2008, pela Divis\u00e3o de Sa\u00fade Ocupacional da Administra\u00e7\u00e3o P\u00fablica;<\/li>\n\n\n\n<li>N\u00e3o ter sofrido nenhuma condena\u00e7\u00e3o em virtude de crime doloso ou contra a Administra\u00e7\u00e3o, sendo vedado o provimento efetivo, mediante Concurso P\u00fablico, de pessoas que tiverem sido condenadas nas condi\u00e7\u00f5es previstas pela Lei Federal n\u00ba 8.069\/90 (Estatuto da Crian\u00e7a e do Adolescente), Lei Federal n\u00ba 10.741\/03 (Estatuto do Idoso), Lei Federal n\u00ba 11.340\/06 (Lei Maria da Penha) e Lei Federal n\u00ba 13.146\/15 (Estatuto da Pessoa com Defici\u00eancia).<\/li>\n\n\n\n<li>N\u00e3o registrar antecedentes criminais, impeditivos do exerc\u00edcio do Cargo p\u00fablico, achando-se no pleno gozo de seus direitos civis e pol\u00edticos;<\/li>\n\n\n\n<li>N\u00e3o ter anteriormente, contrato de trabalho com o Poder P\u00fablico rescindido por justa causa de ter sido demitido a bem do servi\u00e7o p\u00fablico, nos termos da legisla\u00e7\u00e3o vigente aplic\u00e1vel;<\/li>\n\n\n\n<li>Ter idade m\u00ednima de 18 anos completos na data da Posse e n\u00e3o ter completado 75 anos, idade esta que determina a aposentadoria compuls\u00f3ria dos servidores p\u00fablicos.<\/li>\n<\/ul><h2 class=\"wp-block-heading\" id=\"etapas-do-concurso-guarda-de-hortolndia\">Etapas do concurso Guarda de Hortol\u00e2ndia<\/h2>\n\n\n\n<p>O concurso Guarda de Hortol\u00e2ndia tem sete etapas de sele\u00e7\u00e3o:<\/p>\n\n\n\n<ul class=\"wp-block-list\"><li>Prova objetiva, de car\u00e1ter eliminat\u00f3rio e classificat\u00f3rio;<\/li>\n\n\n\n<li>Teste de Aptid\u00e3o F\u00edsica (TAF), de car\u00e1ter eliminat\u00f3rio e classificat\u00f3rio;<\/li>\n\n\n\n<li>Avalia\u00e7\u00e3o M\u00e9dica, de car\u00e1ter eliminat\u00f3rio;<\/li>\n\n\n\n<li>Avalia\u00e7\u00e3o Psicol\u00f3gica, de car\u00e1ter eliminat\u00f3rio;<\/li>\n\n\n\n<li>Investiga\u00e7\u00e3o Social, de car\u00e1ter eliminat\u00f3rio;<\/li>\n\n\n\n<li>Teste Toxicol\u00f3gico, de car\u00e1ter eliminat\u00f3rio;<\/li>\n\n\n\n<li>Curso de Prepara\u00e7\u00e3o, de car\u00e1ter eliminat\u00f3rio.<\/li>\n<\/ul><h3 class=\"wp-block-heading\">Prova objetiva <\/h3>\n\n\n\n<p>A prova objetiva do concurso Guarda de Hortol\u00e2ndia ter\u00e1 3 horas de dura\u00e7\u00e3o e ser\u00e1 realizada no 26 de outubro de 2025. A avalia\u00e7\u00e3o ser\u00e1 composta por 40 quest\u00f5es de m\u00faltipla escolha, com quatro alternativas cada, sendo apenas uma resposta considerada correta. Veja a distribui\u00e7\u00e3o:<\/p>\n\n\n\n<ul class=\"wp-block-list\"><li>L\u00edngua Portuguesa: 10 vagas<\/li>\n\n\n\n<li>Matem\u00e1tica e Racioc\u00ednio L\u00f3gico: 10 vagas<\/li>\n\n\n\n<li>Legisla\u00e7\u00e3o Municipal: 5 vagas<\/li>\n\n\n\n<li>Conhecimentos Espec\u00edficos: 15 vagas<\/li>\n<\/ul><p>A pontua\u00e7\u00e3o total poss\u00edvel \u00e9 de 100 pontos. Ser\u00e1 considerado aprovado nesta etapa o candidato que atingir pelo menos 50 pontos. A nota final ser\u00e1 utilizada para a classifica\u00e7\u00e3o dos candidatos nas pr\u00f3ximas fases, inclusive como crit\u00e9rio de desempate.<\/p>\n\n\n\n<h3 class=\"wp-block-heading\">Teste de Aptid\u00e3o F\u00edsica <\/h3>\n\n\n\n<p>Os aprovados na prova objetiva ser\u00e3o convocados para o TAF. Ser\u00e3o exigidos os seguintes exerc\u00edcios:<\/p>\n\n\n\n<p><strong>Feminino <\/strong><\/p>\n\n\n\n<ul class=\"wp-block-list\"><li>Teste de Flex\u00e3o Abdominal (estilo remador)<\/li>\n\n\n\n<li>Teste de Corrida 50 metros<\/li>\n\n\n\n<li>Teste de Corrida 12 minutos<\/li>\n<\/ul><p><strong>Masculino <\/strong><\/p>\n\n\n\n<ul class=\"wp-block-list\"><li>Teste de Flex\u00e3o Abdominal (estilo remador)<\/li>\n\n\n\n<li>Teste de Corrida 50 metros<\/li>\n\n\n\n<li>Teste de Corrida 12 minutos<\/li>\n<\/ul><p>O concurso Guarda de Hortol\u00e2ndia ter\u00e1 prazo de validade de 2 anos, a contar da data de homologa\u00e7\u00e3o, podendo ser prorrogado, a crit\u00e9rio do Munic\u00edpio de Hortol\u00e2ndia, por igual per\u00edodo.<\/p>\n\n\n\n<h2 class=\"wp-block-heading\" id=\"o-que-cai-na-prova-do-concurso-guarda-de-hortolndia\">O que cai na prova do concurso Guarda de Hortol\u00e2ndia?<\/h2>\n\n\n\n<p>Confira o que estudar para o concurso Prefeitura de Hortol\u00e2ndia para Guarda Municipal: <\/p>\n\n\n\n<h3 class=\"wp-block-heading\">L\u00edngua Portuguesa <\/h3>\n\n\n\n<ul class=\"wp-block-list\"><li><strong>Ortografia e Estrutura da L\u00edngua<\/strong>: Ortografia, Estrutura e forma\u00e7\u00e3o das palavras, Divis\u00e3o sil\u00e1bica, Uso do h\u00edfen, Cria\u00e7\u00e3o de palavras, Uso do travess\u00e3o, Imagens, Palavras e ilustra\u00e7\u00f5es.<\/li>\n\n\n\n<li><strong>Fon\u00e9tica e Fonologia<\/strong>: Conceitos b\u00e1sicos, Classifica\u00e7\u00e3o dos fonemas, Rela\u00e7\u00e3o entre palavras, Fonemas e letras, Vogais, Semivogais, Encontros voc\u00e1licos, Encontros consonantais e d\u00edgrafo, Tonicidade das palavras, S\u00edlaba t\u00f4nica.<\/li>\n\n\n\n<li><strong>Morfologia (Classes de Palavras)<\/strong>: Substantivo, Adjetivo, Artigo, Numeral, Adv\u00e9rbio, Verbos, Conjuga\u00e7\u00e3o de verbos, Formas nominais, Locu\u00e7\u00f5es verbais, Pronomes, Preposi\u00e7\u00e3o, Conjun\u00e7\u00e3o, Interjei\u00e7\u00e3o, Prefixos, Sufixos, Afixos, Radicais, Flex\u00e3o nominal e verbal, Formas verbais seguidas de pronomes, Emprego de locu\u00e7\u00f5es.<\/li>\n\n\n\n<li><strong>Sintaxe<\/strong>: Sujeito e predicado, Termos essenciais da ora\u00e7\u00e3o, Termos integrantes da ora\u00e7\u00e3o, Termos acess\u00f3rios da ora\u00e7\u00e3o, Termos ligados ao verbo (adjunto adverbial, agente da passiva, objeto direto e indireto, vozes verbais), Ora\u00e7\u00f5es coordenadas e subordinadas, Per\u00edodo, Concord\u00e2ncia nominal, Concord\u00e2ncia verbal, Reg\u00eancia verbal, Reg\u00eancia nominal, Predica\u00e7\u00e3o verbal, Aposto, Vocativo, Sintaxe de concord\u00e2ncia, Sintaxe de reg\u00eancia, Sintaxe de coloca\u00e7\u00e3o.<\/li>\n\n\n\n<li><strong>Pontua\u00e7\u00e3o e Uso da L\u00edngua<\/strong>: Sinais de pontua\u00e7\u00e3o, Uso da crase, Uso do \u201cporqu\u00ea\u201d, Fun\u00e7\u00f5es e emprego das palavras \u201cque\u201d e \u201cse\u201d.<\/li>\n\n\n\n<li><strong>Estil\u00edstica e Figuras de Linguagem<\/strong>: Compara\u00e7\u00f5es, Rela\u00e7\u00e3o entre ideias, Intensifica\u00e7\u00f5es, Personifica\u00e7\u00e3o \/ Prosopopeia, Oposi\u00e7\u00e3o \/ Ant\u00edtese, Prov\u00e9rbios, Met\u00e1fora, Associa\u00e7\u00e3o de ideias, Denota\u00e7\u00e3o e conota\u00e7\u00e3o, Eufemismo, Hip\u00e9rbole, Ironia, Catacrese, Paradoxo, Meton\u00edmia, Elipse, Pleonasmo, Silepse, Sinestesia, V\u00edcios de linguagem, Discurso direto e indireto, Onomatopeias, Alitera\u00e7\u00e3o, Asson\u00e2ncia, Repeti\u00e7\u00f5es, Rela\u00e7\u00f5es, Express\u00f5es ao p\u00e9 da letra.<\/li>\n\n\n\n<li><strong>An\u00e1lise, Compreens\u00e3o e Interpreta\u00e7\u00e3o de Texto<\/strong>: Tipos de comunica\u00e7\u00e3o (descri\u00e7\u00e3o, narra\u00e7\u00e3o e disserta\u00e7\u00e3o), Tipos de discurso, Coes\u00e3o textual, Hist\u00f3ria em quadrinhos, Rela\u00e7\u00f5es entre nome e personagem, Pessoa do discurso.<\/li>\n<\/ul><h3 class=\"wp-block-heading\">Matem\u00e1tica e Racioc\u00ednio L\u00f3gico <\/h3>\n\n\n\n<ul class=\"wp-block-list\"><li>Todo Conte\u00fado Program\u00e1tico at\u00e9 o Ensino M\u00e9dio (1\u00ba ao 3\u00ba ano), como por exemplo: N\u00fameros inteiros; N\u00fameros Naturais; Numera\u00e7\u00e3o decimal; Opera\u00e7\u00f5es fundamentais como: Adi\u00e7\u00e3o, Subtra\u00e7\u00e3o, Divis\u00e3o e Multiplica\u00e7\u00e3o; Simplifica\u00e7\u00e3o; <\/li>\n\n\n\n<li>Medindo o tempo: horas, minutos e segundos; Problemas matem\u00e1ticos; radicia\u00e7\u00e3o; potencia\u00e7\u00e3o; m\u00e1ximo divisor comum; m\u00ednimo m\u00faltiplo comum; <\/li>\n\n\n\n<li>Sistema de medidas: medidas de comprimento, superf\u00edcie, volume, capacidade, tempo, massa, m\u00b2 e metro linear; problemas usando as quatro opera\u00e7\u00f5es. <\/li>\n\n\n\n<li>Conjunto de n\u00fameros: naturais, inteiros, racionais, irracionais, reais, opera\u00e7\u00f5es, express\u00f5es (c\u00e1lculo); Matem\u00e1tica Financeira; Porcentagem; Juros Simples e Composto; Regras de tr\u00eas simples e composta; Sistema Monet\u00e1rio Nacional (Real); <\/li>\n\n\n\n<li>Equa\u00e7\u00e3o de 1\u00ba grau: resolu\u00e7\u00e3o; problemas de 1\u00ba grau; Inequa\u00e7\u00f5es do 1\u00ba grau; <\/li>\n\n\n\n<li>Equa\u00e7\u00e3o de 2\u00ba grau: resolu\u00e7\u00e3o das equa\u00e7\u00f5es completas, incompletas, problemas do 2\u00ba grau; Equa\u00e7\u00f5es fracion\u00e1rias; <\/li>\n\n\n\n<li>Rela\u00e7\u00e3o e Fun\u00e7\u00e3o: dom\u00ednio, contradom\u00ednio e imagem; Fun\u00e7\u00e3o do 1\u00ba grau; fun\u00e7\u00e3o constante; Raz\u00e3o e Propor\u00e7\u00e3o; Grandezas Proporcionais; Express\u00f5es Alg\u00e9bricas; Fra\u00e7\u00e3o Alg\u00e9brica; Sistemas de numera\u00e7\u00e3o; Opera\u00e7\u00f5es no conjunto dos n\u00fameros naturais; Opera\u00e7\u00f5es fundamentais com n\u00fameros racionais; M\u00faltiplos e divisores em N; Radicia\u00e7\u00e3o; Conjunto de n\u00fameros fracion\u00e1rios; Opera\u00e7\u00f5es fundamentais com n\u00fameros fracion\u00e1rios; Problemas com n\u00fameros fracion\u00e1rios; N\u00fameros decimais; Geometria Anal\u00edtica; Geometria Espacial; <\/li>\n\n\n\n<li>Geometria Plana: Plano, \u00c1rea, Per\u00edmetro, \u00c2ngulo, Reta, Segmento de Reta e Ponto; Teorema de Tales;<\/li>\n\n\n\n<li>Teorema de Pit\u00e1goras; No\u00e7\u00f5es de trigonometria; <\/li>\n\n\n\n<li>Rela\u00e7\u00e3o entre grandezas: tabelas e gr\u00e1ficos; Progress\u00e3o Aritm\u00e9tica (PA) e Progress\u00e3o Geom\u00e9trica (PG); Sistemas Lineares; N\u00fameros complexos; Fun\u00e7\u00e3o exponencial: equa\u00e7\u00e3o e inequa\u00e7\u00e3o exponencial; Fun\u00e7\u00e3o logar\u00edtmica; An\u00e1lise combinat\u00f3ria; Probabilidade; Estat\u00edstica; Fun\u00e7\u00e3o do 2\u00ba grau; Trigonometria da 1\u00aa volta: seno, cosseno, tangente, rela\u00e7\u00e3o fundamental.<\/li>\n\n\n\n<li>Avalia\u00e7\u00e3o de sequ\u00eancia l\u00f3gica e coordena\u00e7\u00e3o viso-motora, orienta\u00e7\u00e3o espacial e temporal, forma\u00e7\u00e3o de conceitos, discrimina\u00e7\u00e3o de elementos, reversibilidade, sequ\u00eancia l\u00f3gica de n\u00fameros, letras, palavras e figuras.<\/li>\n\n\n\n<li>Problemas l\u00f3gicos com dados, figuras e palitos. Compreens\u00e3o do processo l\u00f3gico que, a partir de um conjunto de hip\u00f3teses, conduz, de forma v\u00e1lida, a conclus\u00f5es determinadas. <\/li>\n\n\n\n<li>Estrutura l\u00f3gica de rela\u00e7\u00f5es arbitr\u00e1rias entre pessoas, lugares, objetos ou eventos fict\u00edcios; deduzir novas informa\u00e7\u00f5es das rela\u00e7\u00f5es fornecidas e avaliar as condi\u00e7\u00f5es usadas para estabelecer a estrutura daquelas rela\u00e7\u00f5es. <\/li>\n\n\n\n<li>Compreens\u00e3o e elabora\u00e7\u00e3o da l\u00f3gica das situa\u00e7\u00f5es por meio de: racioc\u00ednio verbal, racioc\u00ednio matem\u00e1tico, racioc\u00ednio quantitativo e racioc\u00ednio sequencial.<\/li>\n<\/ul><h3 class=\"wp-block-heading\">Legisla\u00e7\u00e3o Municipal <\/h3>\n\n\n\n<ul class=\"wp-block-list\"><li>Lei Org\u00e2nica do Munic\u00edpio de Hortol\u00e2ndia e suas altera\u00e7\u00f5es; <\/li>\n\n\n\n<li>Lei Municipal n\u00ba 2.004\/2008 (Estatuto dos Servidores Municipais de Hortol\u00e2ndia) e suas altera\u00e7\u00f5es; <\/li>\n\n\n\n<li>Lei Municipal n\u00ba 965\/2001 (Disp\u00f5e sobre o Regime Pr\u00f3prio de Previd\u00eancia Municipal de Hortol\u00e2ndia) e suas altera\u00e7\u00f5es; <\/li>\n\n\n\n<li>Lei Complementar n\u00ba 12\/2010 (Disp\u00f5e sobre a reestrutura\u00e7\u00e3o dos planos de carreiras dos servidores p\u00fablicos municipais, a cria\u00e7\u00e3o e Transforma\u00e7\u00e3o de cargos na Administra\u00e7\u00e3o direta da Prefeitura Municipal de Hortol\u00e2ndia) e suas altera\u00e7\u00f5es; <\/li>\n\n\n\n<li>Lei Municipal n\u00ba 4.148\/2023 (Disp\u00f5e sobre a Estrutura Organizacional da Prefeitura Municipal de Hortol\u00e2ndia) e suas altera\u00e7\u00f5es;<\/li>\n\n\n\n<li>Lei Complementar n\u00ba 129\/2023 (Disp\u00f5e sobre o Plano de Evolu\u00e7\u00e3o dos Vencimentos dos Servidores P\u00fablicos Efetivos da Prefeitura Municipal de Hortol\u00e2ndia e d\u00e1 outras provid\u00eancias) e suas altera\u00e7\u00f5es.<\/li>\n<\/ul><h3 class=\"wp-block-heading\">Conhecimentos Espec\u00edficos <\/h3>\n\n\n\n<ul class=\"wp-block-list\"><li>Lei n\u00ba 13.022\/2014 e suas altera\u00e7\u00f5es (Estatuto Geral das Guardas Municipais); <\/li>\n\n\n\n<li>Lei n\u00ba 10.826\/2003 (Registro, Posse e Comercializa\u00e7\u00e3o de Armas de Fogo e Muni\u00e7\u00e3o); <\/li>\n\n\n\n<li>Lei n\u00ba 9.503\/1997 e suas altera\u00e7\u00f5es (C\u00f3digo de Tr\u00e2nsito Brasileiro); <\/li>\n\n\n\n<li>Lei n\u00ba 10.741\/2003 e suas altera\u00e7\u00f5es (Estatuto do Idoso); <\/li>\n\n\n\n<li>Lei n\u00ba 8.069\/1990 e suas altera\u00e7\u00f5es (Estatuto da Crian\u00e7a e do adolescente); <\/li>\n\n\n\n<li>Lei n\u00ba 11.340\/2006 (Lei Maria da Penha); e No\u00e7\u00f5es de primeiros socorros.<\/li>\n<\/ul><h2 class=\"wp-block-heading\" id=\"como-estudar-para-o-concurso-guarda-de-hortolndia-2025\">Como estudar para o concurso Guarda de Hortol\u00e2ndia 2025?<\/h2>\n\n\n\n<p>Se voc\u00ea est\u00e1 se preparando para o concurso Guarda de <a href=\"https:\/\/www.hortolandia.sp.gov.br\/\" target=\"_blank\" rel=\"noreferrer noopener\">Hortol\u00e2ndia<\/a> 2025, o primeiro passo \u00e9 analisar atentamente o edital para identificar todas as disciplinas cobradas. Essa etapa inicial \u00e9 fundamental, pois permite compreender quais mat\u00e9rias t\u00eam maior peso e quais exigem mais dedica\u00e7\u00e3o, facilitando o planejamento estrat\u00e9gico de estudos.<\/p>\n\n\n\n<p>Em seguida, o ideal \u00e9 montar um plano de estudos bem estruturado, equilibrando as disciplinas de maior incid\u00eancia com aquelas em que voc\u00ea encontra mais dificuldade. Assim, \u00e9 poss\u00edvel manter regularidade, revisar os conte\u00fados essenciais e construir uma prepara\u00e7\u00e3o s\u00f3lida ao longo do tempo.<\/p>\n\n\n\n<p>Com o cronograma definido, chega o momento de escolher um material preparat\u00f3rio de qualidade, que ofere\u00e7a conte\u00fado atualizado e espec\u00edfico para este concurso. Nossos cursos online s\u00e3o desenvolvidos justamente com esse objetivo: facilitar a sua prepara\u00e7\u00e3o com videoaulas direcionadas, materiais completos e apoio necess\u00e1rio para que voc\u00ea conquiste sua aprova\u00e7\u00e3o na Guarda de Hortol\u00e2ndia.<\/p>\n\n\n\n<div class=\"nova-continue-reading\">Confira: <a href=\"https:\/\/www.novaconcursos.com.br\/concurso\/prefeitura-de-hortolandia-sp\/cursos-online\">Curso online para o concurso Guarda de Hortol\u00e2ndia<\/a><\/div>\n\n\n\n<figure class=\"wp-block-embed is-type-video is-provider-youtube wp-block-embed-youtube wp-embed-aspect-16-9 wp-has-aspect-ratio\"><div class=\"wp-block-embed__wrapper\">\n<iframe loading=\"lazy\" title=\"CONCURSOS ABERTOS EM TODO O PA\u00cdS: 26 MIL VAGAS\ud83d\udfe2\" width=\"500\" height=\"281\" src=\"https:\/\/www.youtube.com\/embed\/-2xASCfxB5U?feature=oembed\" frameborder=\"0\" allow=\"accelerometer; autoplay; clipboard-write; encrypted-media; gyroscope; picture-in-picture; web-share\" referrerpolicy=\"strict-origin-when-cross-origin\" allowfullscreen><\/iframe>\n<\/div><\/figure>","protected":false},"excerpt":{"rendered":"<p>As inscri\u00e7\u00f5es do concurso Guarda de Hortol\u00e2ndia est\u00e3o abertas! O edital oferece 40 vagas de n\u00edvel m\u00e9dio. Provas em outubro!<\/p>\n","protected":false},"author":54679,"featured_media":289639,"comment_status":"closed","ping_status":"closed","sticky":false,"template":"","format":"standard","meta":{"_acf_changed":false,"footnotes":"","_wp_rev_ctl_limit":""},"categories":[44999,44941,44949],"tags":[],"class_list":["post-289638","post","type-post","status-publish","format-standard","has-post-thumbnail","hentry","category-concursos","category-carreira-policial","category-sp"],"acf":[],"_links":{"self":[{"href":"https:\/\/www.novaconcursos.com.br\/portal\/wp-json\/wp\/v2\/posts\/289638","targetHints":{"allow":["GET"]}}],"collection":[{"href":"https:\/\/www.novaconcursos.com.br\/portal\/wp-json\/wp\/v2\/posts"}],"about":[{"href":"https:\/\/www.novaconcursos.com.br\/portal\/wp-json\/wp\/v2\/types\/post"}],"author":[{"embeddable":true,"href":"https:\/\/www.novaconcursos.com.br\/portal\/wp-json\/wp\/v2\/users\/54679"}],"replies":[{"embeddable":true,"href":"https:\/\/www.novaconcursos.com.br\/portal\/wp-json\/wp\/v2\/comments?post=289638"}],"version-history":[{"count":4,"href":"https:\/\/www.novaconcursos.com.br\/portal\/wp-json\/wp\/v2\/posts\/289638\/revisions"}],"predecessor-version":[{"id":289645,"href":"https:\/\/www.novaconcursos.com.br\/portal\/wp-json\/wp\/v2\/posts\/289638\/revisions\/289645"}],"wp:featuredmedia":[{"embeddable":true,"href":"https:\/\/www.novaconcursos.com.br\/portal\/wp-json\/wp\/v2\/media\/289639"}],"wp:attachment":[{"href":"https:\/\/www.novaconcursos.com.br\/portal\/wp-json\/wp\/v2\/media?parent=289638"}],"wp:term":[{"taxonomy":"category","embeddable":true,"href":"https:\/\/www.novaconcursos.com.br\/portal\/wp-json\/wp\/v2\/categories?post=289638"},{"taxonomy":"post_tag","embeddable":true,"href":"https:\/\/www.novaconcursos.com.br\/portal\/wp-json\/wp\/v2\/tags?post=289638"}],"curies":[{"name":"wp","href":"https:\/\/api.w.org\/{rel}","templated":true}]}}