{"id":290258,"date":"2025-09-03T10:14:41","date_gmt":"2025-09-03T13:14:41","guid":{"rendered":"https:\/\/www.novaconcursos.com.br\/portal\/?p=290258"},"modified":"2025-09-03T10:14:47","modified_gmt":"2025-09-03T13:14:47","slug":"concursos-setembro-2025","status":"publish","type":"post","link":"https:\/\/www.novaconcursos.com.br\/portal\/noticias\/concursos-setembro-2025\/","title":{"rendered":"Concursos Setembro 2025: Editais abertos e previstos!"},"content":{"rendered":"<p>Setembro chegou trazendo \u00f3timas perspectivas para quem deseja conquistar uma vaga no servi\u00e7o p\u00fablico! Os <a href=\"https:\/\/www.novaconcursos.com.br\/portal\/concursos\/\">concursos<\/a> setembro 2025 j\u00e1 despontam como destaque neste in\u00edcio de m\u00eas, com editais publicados e diversos certames previstos em todo o pa\u00eds. Trata-se de um per\u00edodo estrat\u00e9gico para os concurseiros, repleto de oportunidades em diferentes esferas e \u00e1reas de atua\u00e7\u00e3o.<\/p>\n\n\n\n<p>Ao longo desta not\u00edcia, vamos apresentar as principais sele\u00e7\u00f5es abertas e previstas, com informa\u00e7\u00f5es sobre cargos, sal\u00e1rios, \u00f3rg\u00e3os organizadores e n\u00edveis de escolaridade exigidos. A inten\u00e7\u00e3o \u00e9 oferecer um panorama completo para que voc\u00ea saiba exatamente onde est\u00e3o as melhores chances e como direcionar sua prepara\u00e7\u00e3o!<\/p>\n\n\n\n<p>Com tantas op\u00e7\u00f5es dispon\u00edveis, setembro se consolida como um m\u00eas recheado de oportunidades para quem busca estabilidade e crescimento profissional. Fique atento, pois este pode ser o momento ideal para dar o pr\u00f3ximo passo rumo \u00e0 sua aprova\u00e7\u00e3o!<\/p>\n\n\n\n<h2 class=\"wp-block-heading\" id=\"concursos-setembro-2025-previstos\">Concursos setembro 2025: Previstos<\/h2>\n\n\n\n<p>O m\u00eas de setembro se inicia com \u00f3timas oportunidades previstas para os concurseiros de todo o pa\u00eds! De acordo com nossa apura\u00e7\u00e3o, <strong>s\u00e3o quase 40 editais previstos para serem divulgados neste m\u00eas<\/strong>. <\/p>\n\n\n\n<p>Confira a lista completa dos concursos setembro de 2025:<\/p>\n\n\n\n<ul class=\"wp-block-list\"><li>Concurso TCU<\/li>\n\n\n\n<li>Concurso Aleam<\/li>\n\n\n\n<li>Concurso Manaus AM<\/li>\n\n\n\n<li>Concurso MP AP<\/li>\n\n\n\n<li>Concurso Iterpa<\/li>\n\n\n\n<li>Concurso ALE RO<\/li>\n\n\n\n<li>Concurso Docas CE<\/li>\n\n\n\n<li>Concurso PC PI<\/li>\n\n\n\n<li>Concurso Ceasa RN<\/li>\n\n\n\n<li>Concurso Sefaz RN<\/li>\n\n\n\n<li>Concurso MP SE<\/li>\n\n\n\n<li>Concurso Sefaz DF<\/li>\n\n\n\n<li>Concurso Alego<\/li>\n\n\n\n<li>Concurso Ales<\/li>\n\n\n\n<li>Concurso Iases<\/li>\n\n\n\n<li>Concurso PC ES<\/li>\n\n\n\n<li>Concurso Penal ES<\/li>\n\n\n\n<li>Concurso Penal MG<\/li>\n\n\n\n<li>Concurso TCE MG<\/li>\n\n\n\n<li>Concurso Angra dos Reis RJ<\/li>\n\n\n\n<li>Concurso Crefono RJ<\/li>\n\n\n\n<li>Concurso Maca\u00e9 RJ Sa\u00fade<\/li>\n\n\n\n<li>Concurso Maric\u00e1 RJ<\/li>\n\n\n\n<li>Concurso TCE RJ<\/li>\n\n\n\n<li>Concurso TJ RJ<\/li>\n\n\n\n<li>Concurso Unirio<\/li>\n\n\n\n<li>Concurso Arsesp<\/li>\n\n\n\n<li>Concurso CGE SP<\/li>\n\n\n\n<li>Concurso Funap SP<\/li>\n\n\n\n<li>Concurso Penal SP<\/li>\n\n\n\n<li>Concurso PM SP<\/li>\n\n\n\n<li>Concurso Adapar<\/li>\n\n\n\n<li>Concurso Guarda de Curitiba PR<\/li>\n\n\n\n<li>Concurso SES SC<\/li>\n\n\n\n<li>Concurso PC RS<\/li>\n<\/ul><h3 class=\"wp-block-heading\">Concurso TCU<\/h3>\n\n\n\n<p>O Tribunal de Contas da Uni\u00e3o lan\u00e7ar\u00e1 edital com 40 vagas para Auditor Federal de Controle Externo, cargo de n\u00edvel superior. A remunera\u00e7\u00e3o inicial ser\u00e1 de<strong> R$26.090,16<\/strong>, com benef\u00edcios e estabilidade. O <a href=\"https:\/\/www.cebraspe.org.br\/\" target=\"_blank\" rel=\"noopener\">Cebraspe<\/a> j\u00e1 foi contratado como banca, e a publica\u00e7\u00e3o do edital \u00e9 iminente.<\/p>\n\n\n\n<h3 class=\"wp-block-heading\">Concurso Aleam<\/h3>\n\n\n\n<p>A Assembleia Legislativa do Amazonas abrir\u00e1 3.630 vagas para n\u00edveis m\u00e9dio e superior. O edital deve ser publicado no dia 3 de setembro, sob organiza\u00e7\u00e3o da Funda\u00e7\u00e3o Getulio Vargas (FGV).<\/p>\n\n\n\n<h3 class=\"wp-block-heading\">Concurso Manaus AM<\/h3>\n\n\n\n<p>A Prefeitura de Manaus ofertar\u00e1 60 vagas imediatas, distribu\u00eddas entre a Controladoria-Geral do Munic\u00edpio (CGM) e a Secretaria Municipal de Meio Ambiente e Sustentabilidade (Semmas). As oportunidades s\u00e3o para n\u00edveis m\u00e9dio e superior, com jornada de 40 horas e sal\u00e1rios de at\u00e9 R$10 mil. O Instituto Consulplan ser\u00e1 a banca organizadora.<\/p>\n\n\n\n<h3 class=\"wp-block-heading\">Concurso MP AP<\/h3>\n\n\n\n<p>O Minist\u00e9rio P\u00fablico do Amap\u00e1 abrir\u00e1 17 vagas, sendo para t\u00e9cnico ministerial (n\u00edvel m\u00e9dio) e analista ministerial (n\u00edvel superior). O edital est\u00e1 em fase final de elabora\u00e7\u00e3o, com a Funda\u00e7\u00e3o Carlos Chagas (FCC) j\u00e1 definida como banca respons\u00e1vel.<\/p>\n\n\n\n<h3 class=\"wp-block-heading\">Concurso Iterpa<\/h3>\n\n\n\n<p>O Instituto de Terras do Par\u00e1 lan\u00e7ar\u00e1 concurso com 112 vagas mais cadastro de reserva, para todos os n\u00edveis de escolaridade. O Instituto AOCP ser\u00e1 a banca respons\u00e1vel, e o edital pode sair a qualquer momento.<\/p>\n\n\n\n<h3 class=\"wp-block-heading\">Concurso ALE RO<\/h3>\n\n\n\n<p>A Assembleia Legislativa de Rond\u00f4nia prepara concurso com mais de 300 vagas de n\u00edveis m\u00e9dio e superior. A organiza\u00e7\u00e3o ficar\u00e1 a cargo da FGV, e os sal\u00e1rios podem chegar a R$34 mil.<\/p>\n\n\n\n<h3 class=\"wp-block-heading\">Concurso Docas CE<\/h3>\n\n\n\n<p>A Companhia Docas do Cear\u00e1 ter\u00e1 edital em breve para cargos de n\u00edvel superior. O processo seletivo ser\u00e1 conduzido pelo Instituto IADE.<\/p>\n\n\n\n<h3 class=\"wp-block-heading\">Concurso PC PI<\/h3>\n\n\n\n<p>A Pol\u00edcia Civil do Piau\u00ed ofertar\u00e1 400 vagas, sendo 200 imediatas, em cargos de n\u00edvel superior: delegado, oficial investigador, perito criminal, m\u00e9dico-legista e odonto-legista. O concurso ser\u00e1 organizado pela FGV e o edital deve sair at\u00e9 15 de setembro.<\/p>\n\n\n\n<h3 class=\"wp-block-heading\">Concurso Ceasa RN<\/h3>\n\n\n\n<p>A Central de Abastecimento do Rio Grande do Norte abrir\u00e1 concurso em setembro, com cinco vagas imediatas. A comiss\u00e3o j\u00e1 foi formada e a banca ser\u00e1 contratada em breve.<\/p>\n\n\n\n<h3 class=\"wp-block-heading\">Concurso Sefaz RN<\/h3>\n\n\n\n<p>A Secretaria de Fazenda do RN ter\u00e1 concurso com 100 vagas para auditor fiscal. O cargo exige n\u00edvel superior em qualquer \u00e1rea e oferece sal\u00e1rio inicial de R$32.069,09. O edital \u00e9 aguardado para setembro.<\/p>\n\n\n\n<h3 class=\"wp-block-heading\">Concurso MP SE<\/h3>\n\n\n\n<p>O Minist\u00e9rio P\u00fablico de Sergipe ofertar\u00e1 28 vagas imediatas, al\u00e9m de cadastro, para t\u00e9cnico e analista. A FCC ser\u00e1 a banca. Sal\u00e1rios v\u00e3o de R$1.419 a R$5.214, conforme cargo e jornada.<\/p>\n\n\n\n<h3 class=\"wp-block-heading\">Concurso Sefaz DF<\/h3>\n\n\n\n<p>A Secretaria de Fazenda do Distrito Federal abrir\u00e1 concurso com 265 vagas para auditor fiscal, n\u00edvel superior em qualquer \u00e1rea. O sal\u00e1rio inicial \u00e9 de R$19.085, podendo chegar a R$26.886. A banca ainda ser\u00e1 definida.<\/p>\n\n\n\n<h3 class=\"wp-block-heading\">Concurso Alego<\/h3>\n\n\n\n<p>A Assembleia Legislativa de Goi\u00e1s ofertar\u00e1 101 vagas em n\u00edveis m\u00e9dio, t\u00e9cnico e superior, em \u00e1reas como Pol\u00edcia Legislativa, TI e administrativa. Os sal\u00e1rios variam de R$3.765 a R$12.633.<\/p>\n\n\n\n<h3 class=\"wp-block-heading\">Concurso Ales<\/h3>\n\n\n\n<p>A Assembleia Legislativa do Esp\u00edrito Santo lan\u00e7ar\u00e1 concurso com 35 vagas para n\u00edveis m\u00e9dio e superior. O IBGP ser\u00e1 a banca.<\/p>\n\n\n\n<h3 class=\"wp-block-heading\">Concurso Iases<\/h3>\n\n\n\n<p>O Instituto de Atendimento Socioeducativo do ES abrir\u00e1 981 vagas: 805 para agente socioeducativo (n\u00edvel m\u00e9dio, sal\u00e1rio de R$5.597) e 176 para t\u00e9cnico superior socioeducativo (n\u00edvel superior, sal\u00e1rio de R$7.547). A banca ser\u00e1 o Idcap.<\/p>\n\n\n\n<h3 class=\"wp-block-heading\">Concurso PC ES<\/h3>\n\n\n\n<p>A Pol\u00edcia Civil do Esp\u00edrito Santo ofertar\u00e1 1.052 vagas para oficial investigador. O cargo exige n\u00edvel superior, CNH e registro em conselho, quando aplic\u00e1vel. O sal\u00e1rio inicial ser\u00e1 de R$7.857, passando para R$8.383 em 2026. O Ibade organiza a sele\u00e7\u00e3o.<\/p>\n\n\n\n<h3 class=\"wp-block-heading\">Concurso Pol\u00edcia Penal ES<\/h3>\n\n\n\n<p>Ser\u00e3o 600 vagas para policial penal, com exig\u00eancia de n\u00edvel superior e CNH. O sal\u00e1rio inicial ser\u00e1 de R$6.431, incluindo aux\u00edlio-alimenta\u00e7\u00e3o. A banca IDCAP ser\u00e1 a respons\u00e1vel.<\/p>\n\n\n\n<h3 class=\"wp-block-heading\">Concurso Pol\u00edcia Penal MG<\/h3>\n\n\n\n<p>O concurso Pol\u00edcia Penal de Minas Gerais ter\u00e1 1.178 vagas, sendo 907 para homens e 271 para mulheres. O sal\u00e1rio inicial ser\u00e1 de R$5.332,64. A banca \u00e9 o Instituto AOCP.<\/p>\n\n\n\n<h3 class=\"wp-block-heading\">Concurso TCE MG <\/h3>\n\n\n\n<p>O Tribunal de Contas de Minas Gerais prepara concurso organizado pelo Cebraspe, com edital previsto at\u00e9 30 de setembro. O n\u00famero de vagas ainda n\u00e3o foi confirmado.<\/p>\n\n\n\n<h3 class=\"wp-block-heading\">Concurso C\u00e2mara de Angra dos Reis RJ<\/h3>\n\n\n\n<p>O concurso ofertar\u00e1 23 vagas em cargos de n\u00edveis m\u00e9dio, t\u00e9cnico e superior. O Instituto Seletiva ser\u00e1 a banca.<\/p>\n\n\n\n<h3 class=\"wp-block-heading\">Concurso Crefono RJ 2025<\/h3>\n\n\n\n<p>O Conselho Regional de Fonoaudiologia abrir\u00e1 sele\u00e7\u00e3o para cadastro de reserva em cargos de n\u00edvel m\u00e9dio e superior. A organiza\u00e7\u00e3o ser\u00e1 do Instituto Quadrix.<\/p>\n\n\n\n<h3 class=\"wp-block-heading\">Concurso Sa\u00fade Maca\u00e9 RJ <\/h3>\n\n\n\n<p>A Prefeitura de Maca\u00e9 abrir\u00e1 concurso na \u00e1rea da Sa\u00fade, com mais de 200 vagas em especialidades m\u00e9dicas e odontol\u00f3gicas. A banca ser\u00e1 a FGV.<\/p>\n\n\n\n<h3 class=\"wp-block-heading\">Concurso Maric\u00e1 RJ<\/h3>\n\n\n\n<p>A Sanemar, empresa p\u00fablica de Maric\u00e1, ter\u00e1 concurso com 70 a 80 vagas em n\u00edveis m\u00e9dio, t\u00e9cnico e superior. A banca \u00e9 a Coseac\/UFF.<\/p>\n\n\n\n<h3 class=\"wp-block-heading\">Concurso TJ RJ<\/h3>\n\n\n\n<p>O Tribunal de Justi\u00e7a do Rio de Janeiro ter\u00e1 dois editais, para t\u00e9cnico (n\u00edvel m\u00e9dio) e analista (n\u00edvel superior), ambos para cadastro de reserva. O edital ser\u00e1 organizado pela FGV e as provas devem ocorrer em 2026.<\/p>\n\n\n\n<div class=\"nova-continue-reading\"><a href=\"https:\/\/www.novaconcursos.com.br\/eventos\/curso-gratis-tj-rj-tecnico-de-atividade-judiciaria-blog\/\">Adquira j\u00e1 nosso curso gr\u00e1tis para o concurso TJ RJ!<\/a><\/div>\n\n\n\n<h3 class=\"wp-block-heading\">Concurso TCE RJ<\/h3>\n\n\n\n<p>O Tribunal de Contas do Rio de Janeiro abrir\u00e1 concurso para auditor de controle externo, com 40 vagas imediatas mais cadastro de reserva.<\/p>\n\n\n\n<h3 class=\"wp-block-heading\">Concurso Unirio<\/h3>\n\n\n\n<p>A Universidade Federal do Estado do Rio de Janeiro ofertar\u00e1 115 vagas em cargos de apoio, nos n\u00edveis m\u00e9dio, t\u00e9cnico e superior. O Instituto AOCP ser\u00e1 a banca.<\/p>\n\n\n\n<h3 class=\"wp-block-heading\">Concurso Arsesp SP <\/h3>\n\n\n\n<p>A Arsesp lan\u00e7ar\u00e1 concurso com 126 vagas para agente (R$3.944), analista (R$10.366) e especialista em regula\u00e7\u00e3o (R$12.070). A Vunesp ser\u00e1 a organizadora.<\/p>\n\n\n\n<h3 class=\"wp-block-heading\">Concurso CGE SP<\/h3>\n\n\n\n<p>A Controladoria-Geral de S\u00e3o Paulo abrir\u00e1 200 vagas em setembro de 2025 para auditor estadual de controle, n\u00edvel superior. O sal\u00e1rio inicial \u00e9 de R$17.850, podendo chegar a R$27.809. A FGV ser\u00e1 a banca.<\/p>\n\n\n\n<h3 class=\"wp-block-heading\">Concurso Funap SP<\/h3>\n\n\n\n<p>A Funda\u00e7\u00e3o Funap ofertar\u00e1 10 vagas, sendo 9 para advogado (n\u00edvel superior em Direito) e 1 para t\u00e9cnico de seguran\u00e7a do trabalho (n\u00edvel t\u00e9cnico). A Vunesp ser\u00e1 a respons\u00e1vel.<\/p>\n\n\n\n<h3 class=\"wp-block-heading\">Concurso Pol\u00edcia Penal SP<\/h3>\n\n\n\n<p>O concurso ofertar\u00e1 1.100 vagas para policial penal, exigindo n\u00edvel superior e CNH. A idade m\u00e1xima \u00e9 de 35 anos, com altura m\u00ednima de 1,60m (homens) e 1,55m (mulheres). O sal\u00e1rio inicial \u00e9 de R$4.472, podendo chegar a R$10 mil.<\/p>\n\n\n\n<h3 class=\"wp-block-heading\">Concurso Guarda de Curitiba PR<\/h3>\n\n\n\n<p>O concurso ter\u00e1 100 vagas para guarda municipal, sob organiza\u00e7\u00e3o do Instituto AOCP.<\/p>\n\n\n\n<h3 class=\"wp-block-heading\">Concurso Adapar PR<\/h3>\n\n\n\n<p>A Adapar abrir\u00e1 7 vagas: 2 para t\u00e9cnico de laborat\u00f3rio (n\u00edvel t\u00e9cnico, sal\u00e1rio inicial de R$4.650) e 5 para fiscal agropecu\u00e1rio (n\u00edvel superior, sal\u00e1rio inicial de R$8 mil). A banca ser\u00e1 o Instituto AOCP.<\/p>\n\n\n\n<h3 class=\"wp-block-heading\">Concurso SES SC<\/h3>\n\n\n\n<p>A Secretaria de Sa\u00fade de Santa Catarina ter\u00e1 concurso com 511 vagas para n\u00edveis m\u00e9dio e superior, sob organiza\u00e7\u00e3o do Instituto AOCP.<\/p>\n\n\n\n<h3 class=\"wp-block-heading\">Concurso PC RS 2025<\/h3>\n\n\n\n<p>A Pol\u00edcia Civil do Rio Grande do Sul ofertar\u00e1 750 vagas, sendo 720 para inspetor e escriv\u00e3o e 30 para delegado. A banca ser\u00e1 a Fundatec. Sal\u00e1rios iniciais v\u00e3o de R$6.748 a R$21.574, dependendo do cargo.<\/p>\n\n\n\n<h2 class=\"wp-block-heading\" id=\"concursos-setembro-2025-abertos\">Concursos setembro 2025: Abertos<\/h2>\n\n\n\n<p>Confira quais s\u00e3o os concursos que est\u00e3o abertos no m\u00eas de setembro de 2025:<\/p>\n\n\n\n<h3 class=\"wp-block-heading\">TJ RS \u2013 Tribunal de Justi\u00e7a do Rio Grande do Sul<\/h3>\n\n\n\n<ul class=\"wp-block-list\"><li>Cargos: Analista (administrativa e judici\u00e1ria, n\u00edvel superior) e T\u00e9cnico (n\u00edvel m\u00e9dio), cadastro reserva<\/li>\n\n\n\n<li>Remunera\u00e7\u00e3o: at\u00e9 R$ 9.226,01<\/li>\n\n\n\n<li>Banca: FGV<\/li>\n\n\n\n<li>Inscri\u00e7\u00f5es: at\u00e9 26\/09\/2025<\/li>\n\n\n\n<li>Taxas: R$ 270,84 (Analista) | R$ 118,79 (T\u00e9cnico)<\/li>\n\n\n\n<li>Provas: Analista 23\/11\/2025 (13h\u201317h) | T\u00e9cnico 30\/11\/2025 (13h\u201317h) \u2013 v\u00e1rias cidades\/RS<\/li>\n<\/ul><div class=\"nova-continue-reading\"><a href=\"https:\/\/www.novaconcursos.com.br\/eventos\/curso-gratis-tj-rs-tecnico-judiciario-blog\/\">Adquira j\u00e1 nosso curso gr\u00e1tis para o concurso TJ RS!<\/a><\/div>\n\n\n\n<h3 class=\"wp-block-heading\">TJ SP \u2013 Contador Judici\u00e1rio (Capital)<\/h3>\n\n\n\n<ul class=\"wp-block-list\"><li>Vagas: 10 (n\u00edvel superior)<\/li>\n\n\n\n<li>Remunera\u00e7\u00e3o: R$ 9.536,23<\/li>\n\n\n\n<li>Banca: Vunesp<\/li>\n\n\n\n<li>Inscri\u00e7\u00f5es: 08\/09 a 10\/10\/2025 | Taxa: R$ 96,00<\/li>\n\n\n\n<li>Etapas: objetiva; t\u00edtulos; heteroidentifica\u00e7\u00e3o e per\u00edcia biopsicossocial<\/li>\n\n\n\n<li>Prova: 14\/12\/2025 (S\u00e3o Paulo\/SP)<\/li>\n<\/ul><h3 class=\"wp-block-heading\">Sefaz SP \u2013 Especialista Cont\u00e1bil<\/h3>\n\n\n\n<ul class=\"wp-block-list\"><li>Vagas: 12 (n\u00edvel superior em Ci\u00eancias Cont\u00e1beis + CRC)<\/li>\n\n\n\n<li>Remunera\u00e7\u00e3o: R$ 6.117,26<\/li>\n\n\n\n<li>Banca: Nosso Rumo<\/li>\n\n\n\n<li>Inscri\u00e7\u00f5es: at\u00e9 02\/10\/2025 | Taxa: R$ 105,00<\/li>\n\n\n\n<li>Etapas: objetiva; t\u00edtulos<\/li>\n\n\n\n<li>Prova: 02\/11\/2025 (manh\u00e3), S\u00e3o Paulo\/SP<\/li>\n<\/ul><h3 class=\"wp-block-heading\">PM CE \u2013 2\u00ba Tenente QOC<\/h3>\n\n\n\n<ul class=\"wp-block-list\"><li>Vagas: 24 imediatas + 72 CR (n\u00edvel superior)<\/li>\n\n\n\n<li>Remunera\u00e7\u00e3o: R$ 9.469,93<\/li>\n\n\n\n<li>Requisitos: at\u00e9 34 anos, 11 meses e 29 dias; CNH B; altura m\u00ednima 1,60 m (H) e 1,55 m (M)<\/li>\n\n\n\n<li>Banca: Instituto Selecon<\/li>\n\n\n\n<li>Inscri\u00e7\u00f5es: 05\/09 a 10\/10\/2025 | Taxa: R$ 200,00<\/li>\n\n\n\n<li>Fases: objetiva; exames m\u00e9dicos\/odontol\u00f3gicos\/biom\u00e9trico\/toxicol\u00f3gico; psicol\u00f3gica; TAF; t\u00edtulos; heteroidentifica\u00e7\u00e3o; investiga\u00e7\u00e3o social<\/li>\n\n\n\n<li>Prova: 23\/11\/2025 (Fortaleza\/CE)<\/li>\n<\/ul><h3 class=\"wp-block-heading\">CBMCE \u2013 2\u00ba Tenente do Quadro de Oficiais<\/h3>\n\n\n\n<ul class=\"wp-block-list\"><li>Vagas: 50 imediatas + 80 CR (n\u00edvel superior)<\/li>\n\n\n\n<li>Remunera\u00e7\u00e3o: R$ 5.342,49<\/li>\n\n\n\n<li>Requisitos: at\u00e9 29 anos, 11 meses e 29 dias; CNH B; altura 1,62 m (H) e 1,57 m (M)<\/li>\n\n\n\n<li>Banca: Consulpam<\/li>\n\n\n\n<li>Inscri\u00e7\u00f5es: 15 a 29\/09\/2025 | Taxa: R$ 210,00<\/li>\n\n\n\n<li>Etapas: objetiva (data a definir)<\/li>\n<\/ul><h3 class=\"wp-block-heading\">SEDF \u2013 Professor Substituto (cadastro reserva)<\/h3>\n\n\n\n<ul class=\"wp-block-list\"><li>Remunera\u00e7\u00e3o: R$ 6.427,71<\/li>\n\n\n\n<li>Banca: Instituto Quadrix<\/li>\n\n\n\n<li>Inscri\u00e7\u00f5es: 08 a 22\/09\/2025<\/li>\n\n\n\n<li>Taxas: R$ 58 (diurno) | R$ 20 (noturno)<\/li>\n\n\n\n<li>Etapas: objetiva (todos) e prova pr\u00e1tica para M\u00fasica (CEP-EMB)<\/li>\n\n\n\n<li>Prova: 19\/10\/2025, Bras\u00edlia\/DF \u2013 manh\u00e3 (todas as \u00e1reas, exceto Pedagogia) e tarde (Pedagogia)<\/li>\n<\/ul><h3 class=\"wp-block-heading\">GHC RS \u2013 Grupo Hospitalar Concei\u00e7\u00e3o<\/h3>\n\n\n\n<ul class=\"wp-block-list\"><li>Vagas: cadastro reserva (fundamental, m\u00e9dio, t\u00e9cnico e superior)<\/li>\n\n\n\n<li>Remunera\u00e7\u00e3o: at\u00e9 R$ 28.903,60<\/li>\n\n\n\n<li>Banca: Fundatec<\/li>\n\n\n\n<li>Inscri\u00e7\u00f5es: at\u00e9 18\/09\/2025<\/li>\n\n\n\n<li>Taxas: R$ 58,77 (fundamental) | R$ 79,90 (m\u00e9dio) | R$ 104,90 (t\u00e9cnico) | R$ 144,90 (superior)<\/li>\n\n\n\n<li>Provas: 12\/10\/2025, Porto Alegre\/RS \u2013 manh\u00e3 (superior e fundamental) | tarde (m\u00e9dio e t\u00e9cnico)<\/li>\n<\/ul><h3 class=\"wp-block-heading\">IFMA \u2013 Instituto Federal do Maranh\u00e3o<\/h3>\n\n\n\n<ul class=\"wp-block-list\"><li>Vagas: 29 TAE + 123 Professor<\/li>\n\n\n\n<li>Remunera\u00e7\u00e3o: at\u00e9 R$ 13.288,85<\/li>\n\n\n\n<li>Banca: Funda\u00e7\u00e3o Sous\u00e2ndrade<\/li>\n\n\n\n<li>Inscri\u00e7\u00f5es: TAE 13\/08 a 08\/09 | Professor 19\/08 a 09\/09\/2025<\/li>\n\n\n\n<li>Taxas: TAE m\u00e9dio\/t\u00e9cnico R$ 90 | TAE superior R$ 120 | Professor R$ 160<\/li>\n\n\n\n<li>Provas: TAE 28\/09\/2025 (S\u00e3o Lu\u00eds\/MA) | Professor 19\/10\/2025; etapas para Professor: did\u00e1tica e t\u00edtulos<\/li>\n<\/ul><h3 class=\"wp-block-heading\">UFLA \u2013 Universidade Federal de Lavras<\/h3>\n\n\n\n<ul class=\"wp-block-list\"><li>Vagas: 34 TAE (m\u00e9dio, t\u00e9cnico e superior)<\/li>\n\n\n\n<li>Remunera\u00e7\u00e3o: at\u00e9 R$ 4.967,04<\/li>\n\n\n\n<li>Inscri\u00e7\u00f5es: at\u00e9 12\/09\/2025 (site UFLA)<\/li>\n\n\n\n<li>Taxas: R$ 120 (m\u00e9dio\/t\u00e9cnico) | R$ 200 (superior)<\/li>\n\n\n\n<li>Prova: 30\/11\/2025 (Lavras\/MG), 4 horas<\/li>\n<\/ul><h3 class=\"wp-block-heading\">Prefeitura de Varginha\/MG<\/h3>\n\n\n\n<ul class=\"wp-block-list\"><li>Vagas: 849 (fundamental, m\u00e9dio\/t\u00e9cnico e superior)<\/li>\n\n\n\n<li>Remunera\u00e7\u00e3o: at\u00e9 R$ 19.639,94<\/li>\n\n\n\n<li>Banca: Avan\u00e7a SP<\/li>\n\n\n\n<li>Inscri\u00e7\u00f5es: at\u00e9 08\/09\/2025<\/li>\n\n\n\n<li>Taxas: R$ 55 (fundamental) | R$ 73 (m\u00e9dio\/t\u00e9cnico) | R$ 97 (superior)<\/li>\n\n\n\n<li>Provas: 19\/10 e 26\/10\/2025 (Varginha\/MG); t\u00edtulos e pr\u00e1ticas conforme cargo<\/li>\n<\/ul><h3 class=\"wp-block-heading\">FURG \u2013 Universidade Federal do Rio Grande<\/h3>\n\n\n\n<ul class=\"wp-block-list\"><li>Vagas: 13 TAE (n\u00edvel superior)<\/li>\n\n\n\n<li>Remunera\u00e7\u00e3o: R$ 4.967,04<\/li>\n\n\n\n<li>Inscri\u00e7\u00f5es: at\u00e9 09\/09\/2025 (site FURG)<\/li>\n\n\n\n<li>Taxa: R$ 140<\/li>\n\n\n\n<li>Etapas: objetiva (eliminat\u00f3ria) e t\u00edtulos (classificat\u00f3ria)<\/li>\n\n\n\n<li>Prova: 30\/11\/2025 (Rio Grande\/RS), 2 horas<\/li>\n<\/ul><h3 class=\"wp-block-heading\">CORE RS \u2013 Fiscal (n\u00edvel m\u00e9dio)<\/h3>\n\n\n\n<ul class=\"wp-block-list\"><li>Vagas: 4 imediatas + 76 CR<\/li>\n\n\n\n<li>Remunera\u00e7\u00e3o: R$ 5.000,00<\/li>\n\n\n\n<li>Banca: Instituto Quadrix<\/li>\n\n\n\n<li>Inscri\u00e7\u00f5es: at\u00e9 22\/09\/2025 | Taxa: R$ 75<\/li>\n\n\n\n<li>Prova: 26\/10\/2025 (tarde), Caxias do Sul, Passo Fundo, Pelotas e Santa Maria\/RS<\/li>\n<\/ul><h3 class=\"wp-block-heading\">IFPE \u2013 Instituto Federal de Pernambuco<\/h3>\n\n\n\n<ul class=\"wp-block-list\"><li>Vagas: 77 TAE (m\u00e9dio, t\u00e9cnico e superior)<\/li>\n\n\n\n<li>Remunera\u00e7\u00e3o: at\u00e9 R$ 4.967,04<\/li>\n\n\n\n<li>Banca: Funcern<\/li>\n\n\n\n<li>Inscri\u00e7\u00f5es: at\u00e9 04\/09\/2025<\/li>\n\n\n\n<li>Taxas: R$ 75 (m\u00e9dio) | R$ 120 (t\u00e9cnico) | R$ 150 (superior)<\/li>\n\n\n\n<li>Prova: 26\/10\/2025, Recife\/PE, 4 horas<\/li>\n<\/ul><h3 class=\"wp-block-heading\">Prefeitura de Boa Vista\/RR<\/h3>\n\n\n\n<ul class=\"wp-block-list\"><li>Vagas: 672 (m\u00e9dio, t\u00e9cnico e superior)<\/li>\n\n\n\n<li>Remunera\u00e7\u00e3o: at\u00e9 R$ 7.506,17<\/li>\n\n\n\n<li>Banca: Cebraspe<\/li>\n\n\n\n<li>Inscri\u00e7\u00f5es: at\u00e9 04\/09\/2025<\/li>\n\n\n\n<li>Taxas: R$ 80 (m\u00e9dio\/t\u00e9cnico) | R$ 100 (superior, exceto m\u00e9dicos\/odont\u00f3logos) | R$ 180 (m\u00e9dicos e dentistas)<\/li>\n\n\n\n<li>Etapas: objetiva (todos) e t\u00edtulos (exceto Assistente Adm. \u2013 cargo 53)<\/li>\n\n\n\n<li>Provas: 02\/11\/2025 (Boa Vista\/RR)<\/li>\n<\/ul><h3 class=\"wp-block-heading\">UTFPR \u2013 Universidade Tecnol\u00f3gica Federal do Paran\u00e1<\/h3>\n\n\n\n<ul class=\"wp-block-list\"><li>Vagas: 18 TAE (m\u00e9dio, t\u00e9cnico e superior)<\/li>\n\n\n\n<li>Remunera\u00e7\u00e3o: at\u00e9 R$ 4.967,04<\/li>\n\n\n\n<li>Inscri\u00e7\u00f5es: at\u00e9 28\/09\/2025 (site UTFPR)<\/li>\n\n\n\n<li>Taxas: R$ 106 (m\u00e9dio\/t\u00e9cnico) | R$ 149 (superior)<\/li>\n\n\n\n<li>Prova: 26\/10\/2025, 3 horas<\/li>\n<\/ul><h3 class=\"wp-block-heading\">UFSJ \u2013 Universidade Federal de S\u00e3o Jo\u00e3o del-Rei<\/h3>\n\n\n\n<ul class=\"wp-block-list\"><li>Vagas: 10 TAE (n\u00edvel superior)<\/li>\n\n\n\n<li>Remunera\u00e7\u00e3o: at\u00e9 R$ 4.967,04<\/li>\n\n\n\n<li>Inscri\u00e7\u00f5es: 08\/09 a 08\/10\/2025 (site UFSJ)<\/li>\n\n\n\n<li>Taxa: R$ 140<\/li>\n\n\n\n<li>Prova: 02\/11\/2025 (S\u00e3o Jo\u00e3o del-Rei\/MG), 4 horas<\/li>\n<\/ul><h3 class=\"wp-block-heading\">UFRGS \u2013 Universidade Federal do Rio Grande do Sul<\/h3>\n\n\n\n<ul class=\"wp-block-list\"><li>Vagas: 102 (m\u00e9dio\/t\u00e9cnico e superior)<\/li>\n\n\n\n<li>Remunera\u00e7\u00e3o: at\u00e9 R$ 8.692,32<\/li>\n\n\n\n<li>Banca: Fundatec<\/li>\n\n\n\n<li>Inscri\u00e7\u00f5es: 02\/09 a 02\/10\/2025<\/li>\n\n\n\n<li>Taxas: R$ 120 (m\u00e9dio\/t\u00e9cnico) | R$ 170 (superior)<\/li>\n\n\n\n<li>Etapas: objetiva (todos); t\u00edtulos e pr\u00e1ticas em \u00e1reas espec\u00edficas<\/li>\n\n\n\n<li>Provas: 02\/11\/2025, Porto Alegre\/RS e Tramanda\u00ed\/RS, 3h30<\/li>\n<\/ul><h3 class=\"wp-block-heading\">CRBio \u2013 Conselho Regional de Biologia (PE)<\/h3>\n\n\n\n<ul class=\"wp-block-list\"><li>Vagas: 3 imediatas + 300 CR (m\u00e9dio e superior) \u2013 Assistente Administrativo, Agente de Contrata\u00e7\u00e3o, Analista Cont\u00e1bil<\/li>\n\n\n\n<li>Remunera\u00e7\u00e3o: at\u00e9 R$ 4.730,14<\/li>\n\n\n\n<li>Banca: Instituto Acceess<\/li>\n\n\n\n<li>Inscri\u00e7\u00f5es: at\u00e9 11\/09\/2025 | Taxa: R$ 45 a R$ 56<\/li>\n\n\n\n<li>Provas: 19\/10\/2025, Recife\/PE e Fortaleza\/CE<\/li>\n<\/ul><h3 class=\"wp-block-heading\">SOP CE \u2013 Secretaria de Obras P\u00fablicas do Cear\u00e1<\/h3>\n\n\n\n<ul class=\"wp-block-list\"><li>Vagas: 81 (t\u00e9cnico e superior)<\/li>\n\n\n\n<li>Remunera\u00e7\u00e3o: at\u00e9 R$ 8.000<\/li>\n\n\n\n<li>Distribui\u00e7\u00e3o: T\u00e9cnico em Edifica\u00e7\u00f5es 14 + 4 CR; Top\u00f3grafo 1 + 1 CR; Eng. Civil 40 + 12 CR; Eng. El\u00e9trico 4 + 2 CR; Arquiteto 2 + 1 CR<\/li>\n\n\n\n<li>Banca: Idecan<\/li>\n\n\n\n<li>Inscri\u00e7\u00f5es: at\u00e9 02\/09\/2025 | Taxa: R$ 126<\/li>\n\n\n\n<li>Etapas: objetiva e t\u00edtulos<\/li>\n\n\n\n<li>Prova: 21\/09\/2025 (tarde), Fortaleza\/CE<\/li>\n<\/ul><h3 class=\"wp-block-heading\">Prefeitura de Guaraciaba\/SC<\/h3>\n\n\n\n<ul class=\"wp-block-list\"><li>Vagas: cadastro reserva (m\u00e9dio e superior)<\/li>\n\n\n\n<li>Remunera\u00e7\u00e3o: R$ 5.144,50<\/li>\n\n\n\n<li>Cargos: Coordenador Pedag\u00f3gico; Engenheiro Civil; Professor de Ingl\u00eas; Agente Comunit\u00e1rio de Sa\u00fade; Fiscal de Obras<\/li>\n\n\n\n<li>Requisitos: registro em conselho, quando aplic\u00e1vel, e CNH B<\/li>\n\n\n\n<li>Banca: AMEOSC<\/li>\n\n\n\n<li>Inscri\u00e7\u00f5es: at\u00e9 24\/09\/2025 | Taxa: R$ 80 a R$ 120<\/li>\n<\/ul><p><\/p>\n\n\n\n<p>Se voc\u00ea pretende conquistar uma vaga no servi\u00e7o p\u00fablico em 2025, acompanhe diariamente as atualiza\u00e7\u00f5es da nossa p\u00e1gina. <a href=\"https:\/\/www.novaconcursos.com.br\/portal\/concursos\/\">Aqui<\/a> voc\u00ea encontra, em primeira m\u00e3o, todas as not\u00edcias sobre editais previstos, concursos abertos, prazos de inscri\u00e7\u00e3o e datas de prova. N\u00e3o perca nenhuma oportunidade de mudar sua carreira!<\/p>\n\n\n\n<figure class=\"wp-block-embed is-type-video is-provider-youtube wp-block-embed-youtube wp-embed-aspect-16-9 wp-has-aspect-ratio\"><div class=\"wp-block-embed__wrapper\">\n<iframe loading=\"lazy\" title=\"CONCURSOS P\u00daBLICOS: SAL\u00c1RIO DE R$ 37 MIL EM SETEMBRO 2025 \ud83d\ude31\" width=\"500\" height=\"281\" src=\"https:\/\/www.youtube.com\/embed\/tKZbM9CfTQ4?feature=oembed\" frameborder=\"0\" allow=\"accelerometer; autoplay; clipboard-write; encrypted-media; gyroscope; picture-in-picture; web-share\" referrerpolicy=\"strict-origin-when-cross-origin\" allowfullscreen><\/iframe>\n<\/div><\/figure>","protected":false},"excerpt":{"rendered":"<p>Confira quais s\u00e3o os concursos setembro 2025 e suas oportunidades!<\/p>\n","protected":false},"author":54696,"featured_media":290261,"comment_status":"closed","ping_status":"closed","sticky":false,"template":"","format":"standard","meta":{"_acf_changed":false,"footnotes":"","_wp_rev_ctl_limit":""},"categories":[228,44994,44942,44997,44944,44947,44946,44996,44943,44941,44945,44940],"tags":[45544],"class_list":["post-290258","post","type-post","status-publish","format-standard","has-post-thumbnail","hentry","category-noticias","category-carreira-ambiental","category-carreira-bancaria","category-carreira-ti","category-carreira-educacao","category-carreira-fiscal","category-carreira-juridica","category-carreira-legislativa","category-carreira-militar","category-carreira-policial","category-carreira-saude","category-carreira-tribunais","tag-concursos-setembro-2025"],"acf":[],"_links":{"self":[{"href":"https:\/\/www.novaconcursos.com.br\/portal\/wp-json\/wp\/v2\/posts\/290258","targetHints":{"allow":["GET"]}}],"collection":[{"href":"https:\/\/www.novaconcursos.com.br\/portal\/wp-json\/wp\/v2\/posts"}],"about":[{"href":"https:\/\/www.novaconcursos.com.br\/portal\/wp-json\/wp\/v2\/types\/post"}],"author":[{"embeddable":true,"href":"https:\/\/www.novaconcursos.com.br\/portal\/wp-json\/wp\/v2\/users\/54696"}],"replies":[{"embeddable":true,"href":"https:\/\/www.novaconcursos.com.br\/portal\/wp-json\/wp\/v2\/comments?post=290258"}],"version-history":[{"count":7,"href":"https:\/\/www.novaconcursos.com.br\/portal\/wp-json\/wp\/v2\/posts\/290258\/revisions"}],"predecessor-version":[{"id":290329,"href":"https:\/\/www.novaconcursos.com.br\/portal\/wp-json\/wp\/v2\/posts\/290258\/revisions\/290329"}],"wp:featuredmedia":[{"embeddable":true,"href":"https:\/\/www.novaconcursos.com.br\/portal\/wp-json\/wp\/v2\/media\/290261"}],"wp:attachment":[{"href":"https:\/\/www.novaconcursos.com.br\/portal\/wp-json\/wp\/v2\/media?parent=290258"}],"wp:term":[{"taxonomy":"category","embeddable":true,"href":"https:\/\/www.novaconcursos.com.br\/portal\/wp-json\/wp\/v2\/categories?post=290258"},{"taxonomy":"post_tag","embeddable":true,"href":"https:\/\/www.novaconcursos.com.br\/portal\/wp-json\/wp\/v2\/tags?post=290258"}],"curies":[{"name":"wp","href":"https:\/\/api.w.org\/{rel}","templated":true}]}}