{"id":291068,"date":"2026-04-27T13:39:07","date_gmt":"2026-04-27T16:39:07","guid":{"rendered":"https:\/\/www.novaconcursos.com.br\/portal\/?p=291068"},"modified":"2026-04-27T13:39:38","modified_gmt":"2026-04-27T16:39:38","slug":"concursos-educacao-previstos-e-abertos","status":"publish","type":"post","link":"https:\/\/www.novaconcursos.com.br\/portal\/noticias\/concursos-educacao-previstos-e-abertos\/","title":{"rendered":"Concursos Educa\u00e7\u00e3o 2026: 5 editais abertos! 24 mil novos cargos autorizados!"},"content":{"rendered":"<p>Os concursos Educa\u00e7\u00e3o 2026 seguem entre os mais promissores para quem busca estabilidade, bons sal\u00e1rios e crescimento na carreira. Em 2026, o cen\u00e1rio \u00e9 ainda mais favor\u00e1vel, com <strong>editais j\u00e1 publicados<\/strong> em diversas regi\u00f5es do pa\u00eds, envolvendo secretarias estaduais, municipais, universidades e institutos federais. <\/p>\n\n\n\n<p>Al\u00e9m do volume de oportunidades, o setor tamb\u00e9m passa por mudan\u00e7as relevantes na legisla\u00e7\u00e3o e no fortalecimento do quadro de servidores, o que pode impactar diretamente a abertura de novos certames ao longo do ano.<\/p>\n\n\n\n<p>Nos \u00faltimos meses, o Governo Federal e o Minist\u00e9rio da Educa\u00e7\u00e3o adotaram medidas que refor\u00e7am o aumento da demanda por servidores no setor educacional. <\/p>\n\n\n\n<p>Entre os principais destaques est\u00e3o a autoriza\u00e7\u00e3o para cria\u00e7\u00e3o de milhares de novos cargos em institui\u00e7\u00f5es federais e a amplia\u00e7\u00e3o do quadro de profissionais da educa\u00e7\u00e3o, o que refor\u00e7a a tend\u00eancia de novos editais ao longo de 2026. O n\u00famero de cria\u00e7\u00e3o de cargos chega a cerca de 24,9 mil, destinados \u00e0s universidades e institutos federais, contemplando tanto docentes quanto t\u00e9cnicos-administrativos.<\/p>\n\n\n\n<h2 class=\"wp-block-heading\" id=\"concursos-educao-2026-editais-publicados\">Concursos Educa\u00e7\u00e3o 2026: Editais publicados!<\/h2>\n\n\n\n<p>A seguir, voc\u00ea confere um panorama com os <strong>concursos mais relevantes<\/strong> do momento, considerando volume de vagas, impacto nacional\/regional e interesse do p\u00fablico concurseiro.<\/p>\n\n\n\n<h3 class=\"wp-block-heading\">Concurso UFAC (Universidade Federal do Acre): oportunidades para \u00e1rea administrativa e t\u00e9cnica<\/h3>\n\n\n\n<p>O edital da <a href=\"https:\/\/www.novaconcursos.com.br\/portal\/concursos\/concurso-ufac\/\">UFAC<\/a> contempla cargos de n\u00edveis m\u00e9dio, t\u00e9cnico e superior, com foco no fortalecimento do quadro t\u00e9cnico-administrativo da institui\u00e7\u00e3o.<\/p>\n\n\n\n<ul class=\"wp-block-list\"><li><strong>Status:<\/strong> <a href=\"https:\/\/ps-adm-442.selecao.net.br\/informacoes\/171\/\" target=\"_blank\" rel=\"noopener\">inscri\u00e7\u00f5es abertas<\/a><\/li>\n\n\n\n<li><strong>Cargos:<\/strong> Assistente em Administra\u00e7\u00e3o, T\u00e9cnico em Agropecu\u00e1ria, T\u00e9cnico em Laborat\u00f3rio (Biologia), Bibliotec\u00e1rio-Documentalista, Muse\u00f3logo, M\u00fasico (Viola) e Nutricionista<\/li>\n\n\n\n<li><strong>Forma\u00e7\u00e3o:<\/strong> n\u00edveis m\u00e9dio, t\u00e9cnico e superior<\/li>\n\n\n\n<li><strong>Vagas:<\/strong> 8<\/li>\n\n\n\n<li><strong>Sal\u00e1rio:<\/strong> a partir de R$ 4.008,62 + aux\u00edlio-alimenta\u00e7\u00e3o<\/li>\n\n\n\n<li><strong>Inscri\u00e7\u00f5es:<\/strong> de 06\/04 a 07\/05\/2026<\/li>\n\n\n\n<li><strong>Prova:<\/strong> 31\/05\/2026<\/li>\n<\/ul><h3 class=\"wp-block-heading\">Concurso UFT (Universidade Federal do Tocantins): edital com diversas \u00e1reas<\/h3>\n\n\n\n<p>O concurso da <a href=\"https:\/\/www.novaconcursos.com.br\/portal\/concursos\/concurso-uft\/\">UFT <\/a>se destaca pela variedade de cargos ofertados, contemplando diferentes \u00e1reas administrativas e pedag\u00f3gicas.<\/p>\n\n\n\n<ul class=\"wp-block-list\"><li><strong>Status:<\/strong> inscri\u00e7\u00f5es abertas<\/li>\n\n\n\n<li><strong>Cargos:<\/strong> Assistente, T\u00e9cnico (diversas especialidades), Administrador, Auditor, M\u00e9dico e Pedagogo<\/li>\n\n\n\n<li><strong>Forma\u00e7\u00e3o:<\/strong> n\u00edveis m\u00e9dio, t\u00e9cnico e superior<\/li>\n\n\n\n<li><strong>Vagas:<\/strong> 76 (incluindo cadastro reserva)<\/li>\n\n\n\n<li><strong>Sal\u00e1rios:<\/strong> de R$ 3.181,39 a R$ 5.215,39<\/li>\n\n\n\n<li><strong>Inscri\u00e7\u00f5es:<\/strong> de 02\/04 a 04\/05\/2026<\/li>\n\n\n\n<li><strong>Prova:<\/strong> 07\/06\/2026<\/li>\n<\/ul><h3 class=\"wp-block-heading\">Concurso FJP (Funda\u00e7\u00e3o Jo\u00e3o Pinheiro): vagas em pesquisa e ensino<\/h3>\n\n\n\n<p>O edital da <strong>FJP<\/strong> \u00e9 voltado para profissionais que desejam atuar em pesquisa aplicada e atividades educacionais no setor p\u00fablico.<\/p>\n\n\n\n<ul class=\"wp-block-list\"><li><strong>Status:<\/strong> inscri\u00e7\u00f5es abertas<\/li>\n\n\n\n<li><strong>Cargos:<\/strong> Pesquisador em Ci\u00eancias Aplicadas e Pol\u00edticas P\u00fablicas, Gestor e T\u00e9cnico em Atividades de Pesquisa e Ensino<\/li>\n\n\n\n<li><strong>Forma\u00e7\u00e3o:<\/strong> n\u00edveis m\u00e9dio e superior<\/li>\n\n\n\n<li><strong>Vagas:<\/strong> 26<\/li>\n\n\n\n<li><strong>Sal\u00e1rios:<\/strong> de R$ 1.209,03 a R$ 9.682,62<\/li>\n\n\n\n<li><strong>Inscri\u00e7\u00f5es:<\/strong> de 27\/03 a 25\/04\/2026<\/li>\n\n\n\n<li><strong>Prova:<\/strong> 24\/05\/2026<\/li>\n<\/ul><h3 class=\"wp-block-heading\">Concurso SED SC (Secretaria de Educa\u00e7\u00e3o de Santa Catarina): 10 mil vagas na \u00e1rea educacional<\/h3>\n\n\n\n<p>O concurso da <a href=\"https:\/\/www.novaconcursos.com.br\/portal\/concursos\/sed-sc-secretaria-de-estado-de-educacao\/\">SED SC<\/a> \u00e9 um dos maiores do pa\u00eds em 2026, com ampla oferta para profissionais da educa\u00e7\u00e3o.<\/p>\n\n\n\n<ul class=\"wp-block-list\"><li><strong>Status:<\/strong> inscri\u00e7\u00f5es abertas<\/li>\n\n\n\n<li><strong>Cargos:<\/strong> Professor e T\u00e9cnico<\/li>\n\n\n\n<li><strong>Forma\u00e7\u00e3o:<\/strong> n\u00edveis m\u00e9dio e superior<\/li>\n\n\n\n<li><strong>Vagas:<\/strong> 10.000<\/li>\n\n\n\n<li><strong>Sal\u00e1rios:<\/strong> de R$ 5.895,60 a R$ 11.521,24<\/li>\n\n\n\n<li><strong>Inscri\u00e7\u00f5es:<\/strong> de 30\/03\/2026 a 28\/04\/2026<\/li>\n\n\n\n<li><strong>Prova:<\/strong> 24\/05\/2026<\/li>\n<\/ul><h3 class=\"wp-block-heading\">Concurso UFU (Universidade Federal de Uberl\u00e2ndia): vagas t\u00e9cnicas e especializadas<\/h3>\n\n\n\n<p>O edital da <strong>UFU<\/strong> traz oportunidades para \u00e1reas t\u00e9cnicas e administrativas com remunera\u00e7\u00e3o atrativa e benef\u00edcios.<\/p>\n\n\n\n<ul class=\"wp-block-list\"><li><strong>Status:<\/strong> inscri\u00e7\u00f5es abertas<\/li>\n\n\n\n<li><strong>Cargos:<\/strong> T\u00e9cnico de Laborat\u00f3rio\/Alimentos, T\u00e9cnico em Tecnologia da Informa\u00e7\u00e3o, Zootecnista e Auditor<\/li>\n\n\n\n<li><strong>Forma\u00e7\u00e3o:<\/strong> n\u00edveis m\u00e9dio, t\u00e9cnico e superior<\/li>\n\n\n\n<li><strong>Vagas:<\/strong> 6<\/li>\n\n\n\n<li><strong>Sal\u00e1rios:<\/strong> de R$ 3.181,39 a R$ 5.215,39 + R$ 1.192,00 de aux\u00edlio-alimenta\u00e7\u00e3o<\/li>\n\n\n\n<li><strong>Inscri\u00e7\u00f5es:<\/strong> de 06 a 28\/05\/2026<\/li>\n\n\n\n<li><strong>Prova:<\/strong> 28\/06\/2026<\/li>\n<\/ul><p>Fique de olho em nosso blog e acompanhe todas as atualiza\u00e7\u00f5es sobre editais publicados dos concursos educa\u00e7\u00e3o!<\/p>\n\n\n\n<figure class=\"wp-block-embed is-type-video is-provider-youtube wp-block-embed-youtube wp-embed-aspect-16-9 wp-has-aspect-ratio\"><div class=\"wp-block-embed__wrapper\">\n<iframe loading=\"lazy\" title=\"Radar de Concursos | Editais abertos: veja antes que feche as inscri\u00e7\u00f5es!\" width=\"500\" height=\"281\" src=\"https:\/\/www.youtube.com\/embed\/emk7z1m4kEY?feature=oembed\" frameborder=\"0\" allow=\"accelerometer; autoplay; clipboard-write; encrypted-media; gyroscope; picture-in-picture; web-share\" referrerpolicy=\"strict-origin-when-cross-origin\" allowfullscreen><\/iframe>\n<\/div><\/figure>","protected":false},"excerpt":{"rendered":"<p>Os Concursos Educa\u00e7\u00e3o apresentam grandes perspectivas ap\u00f3s a autoriza\u00e7\u00e3o da cria\u00e7\u00e3o de mais de 24 mil cargos. Al\u00e9m disso, j\u00e1 existem editais abertos! Confira os detalhes!<\/p>\n","protected":false},"author":54693,"featured_media":291070,"comment_status":"closed","ping_status":"closed","sticky":false,"template":"","format":"standard","meta":{"_acf_changed":false,"footnotes":"","_wp_rev_ctl_limit":""},"categories":[228,44978,44944],"tags":[1018],"class_list":["post-291068","post","type-post","status-publish","format-standard","has-post-thumbnail","hentry","category-noticias","category-nacional","category-carreira-educacao","tag-concursos-educacao"],"acf":[],"_links":{"self":[{"href":"https:\/\/www.novaconcursos.com.br\/portal\/wp-json\/wp\/v2\/posts\/291068","targetHints":{"allow":["GET"]}}],"collection":[{"href":"https:\/\/www.novaconcursos.com.br\/portal\/wp-json\/wp\/v2\/posts"}],"about":[{"href":"https:\/\/www.novaconcursos.com.br\/portal\/wp-json\/wp\/v2\/types\/post"}],"author":[{"embeddable":true,"href":"https:\/\/www.novaconcursos.com.br\/portal\/wp-json\/wp\/v2\/users\/54693"}],"replies":[{"embeddable":true,"href":"https:\/\/www.novaconcursos.com.br\/portal\/wp-json\/wp\/v2\/comments?post=291068"}],"version-history":[{"count":6,"href":"https:\/\/www.novaconcursos.com.br\/portal\/wp-json\/wp\/v2\/posts\/291068\/revisions"}],"predecessor-version":[{"id":307831,"href":"https:\/\/www.novaconcursos.com.br\/portal\/wp-json\/wp\/v2\/posts\/291068\/revisions\/307831"}],"wp:featuredmedia":[{"embeddable":true,"href":"https:\/\/www.novaconcursos.com.br\/portal\/wp-json\/wp\/v2\/media\/291070"}],"wp:attachment":[{"href":"https:\/\/www.novaconcursos.com.br\/portal\/wp-json\/wp\/v2\/media?parent=291068"}],"wp:term":[{"taxonomy":"category","embeddable":true,"href":"https:\/\/www.novaconcursos.com.br\/portal\/wp-json\/wp\/v2\/categories?post=291068"},{"taxonomy":"post_tag","embeddable":true,"href":"https:\/\/www.novaconcursos.com.br\/portal\/wp-json\/wp\/v2\/tags?post=291068"}],"curies":[{"name":"wp","href":"https:\/\/api.w.org\/{rel}","templated":true}]}}