{"id":294971,"date":"2025-10-17T09:49:35","date_gmt":"2025-10-17T12:49:35","guid":{"rendered":"https:\/\/www.novaconcursos.com.br\/portal\/?p=294971"},"modified":"2025-10-17T09:49:38","modified_gmt":"2025-10-17T12:49:38","slug":"concurso-pf-administrativo-resultado-final-homologado","status":"publish","type":"post","link":"https:\/\/www.novaconcursos.com.br\/portal\/noticias\/concurso-pf-administrativo-resultado-final-homologado\/","title":{"rendered":"Concurso PF Administrativo tem resultado final homologado!"},"content":{"rendered":"<p>O <a href=\"https:\/\/www.novaconcursos.com.br\/portal\/concursos\/pf-administrativo\/\">concurso PF Administrativo<\/a> teve seu resultado final homologado! A Pol\u00edcia Federal publicou, nesta quinta-feira, 16, no Di\u00e1rio Oficial da Uni\u00e3o, a homologa\u00e7\u00e3o do resultado final do certame que ofertou 192 vagas para cargos administrativos de n\u00edveis m\u00e9dio e superior. As listas de aprovados foram divulgadas por cargo e local de lota\u00e7\u00e3o, marcando o in\u00edcio do prazo de validade de dois anos, prorrog\u00e1vel por igual per\u00edodo.<\/p>\n\n\n\n<p>Organizado pelo Cebraspe, o concurso PF Administrativo atraiu 294.185 inscritos em todo o pa\u00eds. Do total, 257.451 candidatos concorreram \u00e0s 100 vagas de agente administrativo, cargo de n\u00edvel m\u00e9dio, enquanto 36.734 disputaram as 92 oportunidades de n\u00edvel superior em \u00e1reas como Administra\u00e7\u00e3o, Enfermagem, Psicologia, Contabilidade e Comunica\u00e7\u00e3o Social.<\/p>\n\n\n\n<p>Com a homologa\u00e7\u00e3o, a Pol\u00edcia Federal j\u00e1 pode iniciar as convoca\u00e7\u00f5es dos aprovados, que devem ocorrer nos pr\u00f3ximos meses. O concurso ficar\u00e1 v\u00e1lido at\u00e9 outubro de 2027, podendo ser prorrogado por mais dois anos. Continue a leitura para conferir todos os detalhes sobre os cargos, remunera\u00e7\u00f5es e pr\u00f3ximos passos do certame.<\/p>\n\n\n\n<h2 class=\"wp-block-heading\" id=\"como-acessar-o-resultado-final-do-concurso-pf-administrativo\">Como acessar o resultado final do concurso PF Administrativo?<\/h2>\n\n\n\n<p>Os candidatos podem consultar o resultado final do concurso PF Administrativo diretamente no site do Cebraspe, banca organizadora da sele\u00e7\u00e3o. O documento publicado traz as listas de aprovados separadas por cargo e local de lota\u00e7\u00e3o, al\u00e9m do resultado definitivo da avalia\u00e7\u00e3o biopsicossocial (para pessoas com defici\u00eancia) e do procedimento de heteroidentifica\u00e7\u00e3o (para candidatos negros).<\/p>\n\n\n\n<p>Para acessar o resultado, basta entrar na p\u00e1gina oficial do concurso no portal do <a href=\"https:\/\/www.cebraspe.org.br\/concursos\/pf_25_adm\" target=\"_blank\" rel=\"noreferrer noopener\">Cebraspe<\/a>, selecionar a op\u00e7\u00e3o \u201cresultado final\u201d e escolher o cargo desejado. Tamb\u00e9m \u00e9 poss\u00edvel conferir o documento completo no Di\u00e1rio Oficial da Uni\u00e3o, publicado nesta quinta-feira, 16 de outubro de 2025, que oficializa a homologa\u00e7\u00e3o do concurso PF Administrativo e o in\u00edcio do prazo de validade.<\/p>\n\n\n\n<div class=\"nova-continue-reading\"><a href=\"https:\/\/www.novaconcursos.com.br\/portal\/wp-content\/uploads\/2025\/10\/RESULTADO-FINAL-HOMOLOGADO-PF-ADM.pdf\">Baixe aqui o resultado final concurso PF Administrativo<\/a><\/div>\n\n\n\n<h2 class=\"wp-block-heading\" id=\"como-foram-as-provas-do-concurso-pf-administrativo\">Como foram as provas do concurso PF Administrativo?<\/h2>\n\n\n\n<p>As provas do concurso PF Administrativo foram realizadas no dia <strong>29 de junho<\/strong>, em todas as capitais do pa\u00eds. A sele\u00e7\u00e3o contou com duas etapas de avalia\u00e7\u00e3o objetiva e discursiva, ambas de car\u00e1ter eliminat\u00f3rio e classificat\u00f3rio, organizadas pelo Cebraspe. No total, participaram mais de <strong>295 mil candidatos<\/strong> que disputaram vagas de n\u00edveis m\u00e9dio e superior.<\/p>\n\n\n\n<p>A prova objetiva foi composta por 120 itens no formato \u201ccerto\u201d ou \u201cerrado\u201d, sendo 50 quest\u00f5es de Conhecimentos B\u00e1sicos e 70 de Conhecimentos Espec\u00edficos. As disciplinas variaram de acordo com o cargo:<\/p>\n\n\n\n<p><strong>N\u00edvel m\u00e9dio (Agente Administrativo)<\/strong><\/p>\n\n\n\n<ul class=\"wp-block-list\"><li><em>Conhecimentos B\u00e1sicos:<\/em> L\u00edngua Portuguesa, Racioc\u00ednio L\u00f3gico, No\u00e7\u00f5es de Inform\u00e1tica e \u00c9tica no Servi\u00e7o P\u00fablico.<\/li>\n\n\n\n<li><em>Conhecimentos Espec\u00edficos:<\/em> Direito Constitucional, Direito Administrativo, Governan\u00e7a P\u00fablica, Gest\u00e3o de Pessoas, Gest\u00e3o de Contratos e Recursos Materiais e Legisla\u00e7\u00e3o Aplicada \u00e0 Pol\u00edcia Federal.<\/li>\n<\/ul><p><strong>N\u00edvel superior (demais cargos)<\/strong><\/p>\n\n\n\n<ul class=\"wp-block-list\"><li><em>Conhecimentos B\u00e1sicos:<\/em> L\u00edngua Portuguesa, Racioc\u00ednio L\u00f3gico, No\u00e7\u00f5es de Inform\u00e1tica, \u00c9tica no Servi\u00e7o P\u00fablico, Direito Constitucional e Direito Administrativo.<\/li>\n\n\n\n<li><em>Conhecimentos Espec\u00edficos:<\/em> conte\u00fados voltados \u00e0 \u00e1rea de forma\u00e7\u00e3o exigida no edital.<\/li>\n<\/ul><p>Na prova discursiva, os participantes elaboraram um texto dissertativo. Para os cargos de n\u00edvel superior, o tema abordou assuntos ligados \u00e0 \u00e1rea profissional do cargo. J\u00e1 os candidatos a agente administrativo escreveram sobre <strong>\u201cA import\u00e2ncia da leitura para o exerc\u00edcio da cidadania na era digital\u201d<\/strong>.<\/p>\n\n\n\n<p>Os exames foram aplicados em dois turnos: manh\u00e3 para os cargos de n\u00edvel superior e tarde para o n\u00edvel m\u00e9dio. Para permanecer na disputa, foi necess\u00e1rio alcan\u00e7ar pontua\u00e7\u00e3o m\u00ednima de 10 pontos em Conhecimentos B\u00e1sicos, 21 pontos em Conhecimentos Espec\u00edficos e 36 pontos no total da prova objetiva.<\/p>\n\n\n\n<h2 class=\"wp-block-heading\" id=\"quais-foram-as-vagas-ofertadas-no-concurso-pf-administrativo\">Quais foram as vagas ofertadas no concurso PF Administrativo?<\/h2>\n\n\n\n<p>O concurso PF Administrativo disponibilizou 192 vagas para cargos de n\u00edveis m\u00e9dio e superior, em diferentes \u00e1reas de atua\u00e7\u00e3o da Pol\u00edcia Federal. As oportunidades foram distribu\u00eddas conforme a forma\u00e7\u00e3o exigida em edital.<\/p>\n\n\n\n<p>As vagas de n\u00edvel m\u00e9dio foram destinadas ao cargo de Agente Administrativo, totalizando 100 oportunidades.<\/p>\n\n\n\n<p>J\u00e1 as <strong>vagas de n\u00edvel superior<\/strong> contemplaram as seguintes fun\u00e7\u00f5es:<\/p>\n\n\n\n<ul class=\"wp-block-list\"><li>Administrador: 6 vagas<\/li>\n\n\n\n<li>Assistente Social: 13 vagas<\/li>\n\n\n\n<li>Contador: 9 vagas<\/li>\n\n\n\n<li>Enfermeiro: 3 vagas<\/li>\n\n\n\n<li>Estat\u00edstico: 4 vagas<\/li>\n\n\n\n<li>Farmac\u00eautico: 2 vagas<\/li>\n\n\n\n<li>M\u00e9dico Cl\u00ednico (20h): 11 vagas<\/li>\n\n\n\n<li>M\u00e9dico Psiquiatra (20h): 19 vagas<\/li>\n\n\n\n<li>M\u00e9dico Ortopedista (20h): 5 vagas<\/li>\n\n\n\n<li>Nutricionista: 1 vaga<\/li>\n\n\n\n<li>Psic\u00f3logo Cl\u00ednico: 4 vagas<\/li>\n\n\n\n<li>Psic\u00f3logo Organizacional: 2 vagas<\/li>\n\n\n\n<li>T\u00e9cnico em Assuntos Educacionais (Pedagogia): 10 vagas<\/li>\n\n\n\n<li>T\u00e9cnico em Comunica\u00e7\u00e3o Social: 3 vagas<\/li>\n<\/ul><p>Os aprovados foram contratados sob o regime estatut\u00e1rio, que garante estabilidade ao servidor p\u00fablico federal. O edital tamb\u00e9m estabeleceu reserva de vagas, sendo 20% destinadas a candidatos pretos e pardos (PPP) e 5% para pessoas com defici\u00eancia (PcD), conforme os crit\u00e9rios adotados pelo IBGE e pela legisla\u00e7\u00e3o vigente.<\/p>\n\n\n\n<h2 class=\"wp-block-heading\" id=\"para-onde-so-as-vagas-do-concurso-pf-administrativo\">Para onde s\u00e3o as vagas do concurso PF Administrativo?<\/h2>\n\n\n\n<p>O concurso PF Administrativo  apresentou distribui\u00e7\u00e3o nacional de vagas, abrangendo unidades da Pol\u00edcia Federal em diversos estados e no Distrito Federal. A aloca\u00e7\u00e3o dos postos de trabalho variou de acordo com o cargo e o n\u00edvel de escolaridade previsto no edital, com maior concentra\u00e7\u00e3o de oportunidades na sede da corpora\u00e7\u00e3o, em Bras\u00edlia (DF), principal centro administrativo da institui\u00e7\u00e3o.<\/p>\n\n\n\n<p><strong>Agente Administrativo (n\u00edvel m\u00e9dio)<\/strong><\/p>\n\n\n\n<ul class=\"wp-block-list\"><li>Acre: 4 vagas<\/li>\n\n\n\n<li>Amap\u00e1: 3 vagas<\/li>\n\n\n\n<li>Amazonas: 6 vagas<\/li>\n\n\n\n<li>Maranh\u00e3o: 3 vagas<\/li>\n\n\n\n<li>Mato Grosso: 3 vagas<\/li>\n\n\n\n<li>Mato Grosso do Sul: 7 vagas<\/li>\n\n\n\n<li>Par\u00e1: 6 vagas<\/li>\n\n\n\n<li>Paran\u00e1: 2 vagas<\/li>\n\n\n\n<li>Piau\u00ed: 2 vagas<\/li>\n\n\n\n<li>Rio de Janeiro: 4 vagas<\/li>\n\n\n\n<li>Rond\u00f4nia: 5 vagas<\/li>\n\n\n\n<li>Roraima: 3 vagas<\/li>\n\n\n\n<li>S\u00e3o Paulo: 8 vagas<\/li>\n\n\n\n<li>Sergipe: 2 vagas<\/li>\n\n\n\n<li>Sede (DF): 41 vagas<\/li>\n\n\n\n<li>Tocantins: 1 vaga<\/li>\n<\/ul><p><strong>Cargos de n\u00edvel superior (92 vagas no total)<\/strong><\/p>\n\n\n\n<p>Administrador<\/p>\n\n\n\n<ul class=\"wp-block-list\"><li>Sede (DF): 6 vagas<\/li>\n<\/ul><p>Assistente Social<\/p>\n\n\n\n<ul class=\"wp-block-list\"><li>Acre: 1 vaga<\/li>\n\n\n\n<li>Amazonas: 1 vaga<\/li>\n\n\n\n<li>Maranh\u00e3o: 1 vaga<\/li>\n\n\n\n<li>Mato Grosso: 1 vaga<\/li>\n\n\n\n<li>Minas Gerais: 1 vaga<\/li>\n\n\n\n<li>Para\u00edba: 1 vaga<\/li>\n\n\n\n<li>Paran\u00e1: 1 vaga<\/li>\n\n\n\n<li>Piau\u00ed: 1 vaga<\/li>\n\n\n\n<li>Rio de Janeiro: 1 vaga<\/li>\n\n\n\n<li>Rio Grande do Sul: 1 vaga<\/li>\n\n\n\n<li>Rond\u00f4nia: 1 vaga<\/li>\n\n\n\n<li>Sede (DF): 1 vaga<\/li>\n\n\n\n<li>Sergipe: 1 vaga<\/li>\n<\/ul><p>Contador<\/p>\n\n\n\n<ul class=\"wp-block-list\"><li>Sede (DF): 9 vagas<\/li>\n<\/ul><p>Enfermeiro<\/p>\n\n\n\n<ul class=\"wp-block-list\"><li>Par\u00e1: 1 vaga<\/li>\n\n\n\n<li>Roraima: 1 vaga<\/li>\n\n\n\n<li>Sede (DF): 1 vaga<\/li>\n<\/ul><p>Psic\u00f3logo Cl\u00ednico<\/p>\n\n\n\n<ul class=\"wp-block-list\"><li>Rio de Janeiro: 1 vaga<\/li>\n\n\n\n<li>Rio Grande do Sul: 1 vaga<\/li>\n\n\n\n<li>Sede (DF): 2 vagas<\/li>\n<\/ul><p>Psic\u00f3logo Organizacional<\/p>\n\n\n\n<ul class=\"wp-block-list\"><li>Sede (DF): 2 vagas<\/li>\n<\/ul><p>Farmac\u00eautico<\/p>\n\n\n\n<ul class=\"wp-block-list\"><li>Sede (DF): 2 vagas<\/li>\n<\/ul><p>Nutricionista<\/p>\n\n\n\n<ul class=\"wp-block-list\"><li>Sede (DF): 1 vaga<\/li>\n<\/ul><p>M\u00e9dico Cl\u00ednico (20h)<\/p>\n\n\n\n<ul class=\"wp-block-list\"><li>Cear\u00e1: 1 vaga<\/li>\n\n\n\n<li>Esp\u00edrito Santo: 1 vaga<\/li>\n\n\n\n<li>Maranh\u00e3o: 1 vaga<\/li>\n\n\n\n<li>Par\u00e1: 1 vaga<\/li>\n\n\n\n<li>Para\u00edba: 1 vaga<\/li>\n\n\n\n<li>Paran\u00e1: 1 vaga<\/li>\n\n\n\n<li>Pernambuco: 1 vaga<\/li>\n\n\n\n<li>Rio Grande do Sul: 1 vaga<\/li>\n\n\n\n<li>Rond\u00f4nia: 1 vaga<\/li>\n\n\n\n<li>Sede (DF): 1 vaga<\/li>\n\n\n\n<li>Tocantins: 1 vaga<\/li>\n<\/ul><p>M\u00e9dico Ortopedista (20h)<\/p>\n\n\n\n<ul class=\"wp-block-list\"><li>Goi\u00e1s: 1 vaga<\/li>\n\n\n\n<li>Minas Gerais: 1 vaga<\/li>\n\n\n\n<li>Rio de Janeiro: 1 vaga<\/li>\n\n\n\n<li>Roraima: 1 vaga<\/li>\n\n\n\n<li>Santa Catarina: 1 vaga<\/li>\n<\/ul><p>M\u00e9dico Psiquiatra (20h)<\/p>\n\n\n\n<ul class=\"wp-block-list\"><li>Acre: 1 vaga<\/li>\n\n\n\n<li>Alagoas: 1 vaga<\/li>\n\n\n\n<li>Amap\u00e1: 1 vaga<\/li>\n\n\n\n<li>Amazonas: 1 vaga<\/li>\n\n\n\n<li>Cear\u00e1: 1 vaga<\/li>\n\n\n\n<li>Esp\u00edrito Santo: 1 vaga<\/li>\n\n\n\n<li>Maranh\u00e3o: 1 vaga<\/li>\n\n\n\n<li>Mato Grosso: 1 vaga<\/li>\n\n\n\n<li>Mato Grosso do Sul: 1 vaga<\/li>\n\n\n\n<li>Minas Gerais: 1 vaga<\/li>\n\n\n\n<li>Par\u00e1: 1 vaga<\/li>\n\n\n\n<li>Para\u00edba: 1 vaga<\/li>\n\n\n\n<li>Paran\u00e1: 1 vaga<\/li>\n\n\n\n<li>Rio de Janeiro: 1 vaga<\/li>\n\n\n\n<li>Rio Grande do Norte: 1 vaga<\/li>\n\n\n\n<li>Rond\u00f4nia: 1 vaga<\/li>\n\n\n\n<li>Roraima: 1 vaga<\/li>\n\n\n\n<li>Santa Catarina: 1 vaga<\/li>\n\n\n\n<li>Tocantins: 1 vaga<\/li>\n<\/ul><p>T\u00e9cnico em Comunica\u00e7\u00e3o Social<\/p>\n\n\n\n<ul class=\"wp-block-list\"><li>Sede (DF): 3 vagas<\/li>\n<\/ul><p>T\u00e9cnico em Assuntos Educacionais<\/p>\n\n\n\n<ul class=\"wp-block-list\"><li>DIREN\/ANP (DF): 10 vagas<\/li>\n<\/ul><p>Estat\u00edstico<\/p>\n\n\n\n<ul class=\"wp-block-list\"><li>Sede (DF): 4 vagas<\/li>\n<\/ul><p>Os <strong>aprovados ser\u00e3o lotados em unidades da Pol\u00edcia Federal<\/strong> localizadas na mesma unidade da federa\u00e7\u00e3o escolhida no momento da inscri\u00e7\u00e3o, conforme as necessidades administrativas do \u00f3rg\u00e3o.<\/p>\n\n\n\n<p>Com a homologa\u00e7\u00e3o do resultado final e a defini\u00e7\u00e3o das vagas por estado, o concurso PF Administrativo avan\u00e7a para sua pr\u00f3xima fase, que inclui as nomea\u00e7\u00f5es dos aprovados. Para conferir todas as informa\u00e7\u00f5es reunidas desde o edital at\u00e9 os sal\u00e1rios, etapas e futuras convoca\u00e7\u00f5es acesse o <a href=\"https:\/\/www.novaconcursos.com.br\/portal\/concursos\/pf-administrativo\/\">guia completo concurso PF Administrativo<\/a> e acompanhe cada atualiza\u00e7\u00e3o sobre a sele\u00e7\u00e3o!<\/p>\n\n\n\n<figure class=\"wp-block-embed is-type-video is-provider-youtube wp-block-embed-youtube wp-embed-aspect-16-9 wp-has-aspect-ratio\"><div class=\"wp-block-embed__wrapper\">\n<iframe loading=\"lazy\" title=\"CONCURSOS OUTUBRO 2025: 185 EDITAIS ABERTOS E MAIS DE 21 MIL VAGAS \ud83d\udd25\" width=\"500\" height=\"281\" src=\"https:\/\/www.youtube.com\/embed\/4h1dug6FN7k?feature=oembed\" frameborder=\"0\" allow=\"accelerometer; autoplay; clipboard-write; encrypted-media; gyroscope; picture-in-picture; web-share\" referrerpolicy=\"strict-origin-when-cross-origin\" allowfullscreen><\/iframe>\n<\/div><\/figure>","protected":false},"excerpt":{"rendered":"<p>O concurso PF Administrativo  teve o resultado final homologado, com 192 vagas para n\u00edveis m\u00e9dio e superior. As listas de aprovados j\u00e1 est\u00e3o dispon\u00edveis, e as convoca\u00e7\u00f5es devem come\u00e7ar em breve. Saiba mais!<\/p>\n","protected":false},"author":54698,"featured_media":294973,"comment_status":"closed","ping_status":"closed","sticky":false,"template":"","format":"standard","meta":{"_acf_changed":false,"footnotes":"","_wp_rev_ctl_limit":""},"categories":[228,44978,44941,44975],"tags":[37074],"class_list":["post-294971","post","type-post","status-publish","format-standard","has-post-thumbnail","hentry","category-noticias","category-nacional","category-carreira-policial","category-policia-federal","tag-concurso-pf-administrativo"],"acf":[],"_links":{"self":[{"href":"https:\/\/www.novaconcursos.com.br\/portal\/wp-json\/wp\/v2\/posts\/294971","targetHints":{"allow":["GET"]}}],"collection":[{"href":"https:\/\/www.novaconcursos.com.br\/portal\/wp-json\/wp\/v2\/posts"}],"about":[{"href":"https:\/\/www.novaconcursos.com.br\/portal\/wp-json\/wp\/v2\/types\/post"}],"author":[{"embeddable":true,"href":"https:\/\/www.novaconcursos.com.br\/portal\/wp-json\/wp\/v2\/users\/54698"}],"replies":[{"embeddable":true,"href":"https:\/\/www.novaconcursos.com.br\/portal\/wp-json\/wp\/v2\/comments?post=294971"}],"version-history":[{"count":7,"href":"https:\/\/www.novaconcursos.com.br\/portal\/wp-json\/wp\/v2\/posts\/294971\/revisions"}],"predecessor-version":[{"id":295007,"href":"https:\/\/www.novaconcursos.com.br\/portal\/wp-json\/wp\/v2\/posts\/294971\/revisions\/295007"}],"wp:featuredmedia":[{"embeddable":true,"href":"https:\/\/www.novaconcursos.com.br\/portal\/wp-json\/wp\/v2\/media\/294973"}],"wp:attachment":[{"href":"https:\/\/www.novaconcursos.com.br\/portal\/wp-json\/wp\/v2\/media?parent=294971"}],"wp:term":[{"taxonomy":"category","embeddable":true,"href":"https:\/\/www.novaconcursos.com.br\/portal\/wp-json\/wp\/v2\/categories?post=294971"},{"taxonomy":"post_tag","embeddable":true,"href":"https:\/\/www.novaconcursos.com.br\/portal\/wp-json\/wp\/v2\/tags?post=294971"}],"curies":[{"name":"wp","href":"https:\/\/api.w.org\/{rel}","templated":true}]}}