{"id":295092,"date":"2025-10-20T10:55:35","date_gmt":"2025-10-20T13:55:35","guid":{"rendered":"https:\/\/www.novaconcursos.com.br\/portal\/?p=295092"},"modified":"2025-10-20T10:55:39","modified_gmt":"2025-10-20T13:55:39","slug":"concurso-amazul-fgv-divulga-cronograma","status":"publish","type":"post","link":"https:\/\/www.novaconcursos.com.br\/portal\/noticias\/concurso-amazul-fgv-divulga-cronograma\/","title":{"rendered":"Concurso Amazul: FGV divulga o cronograma da sele\u00e7\u00e3o!"},"content":{"rendered":"<p>O <a href=\"https:\/\/www.novaconcursos.com.br\/portal\/concursos\/concurso-amazul\/\">concurso da Amazul<\/a> teve seu cronograma oficial divulgado pela Funda\u00e7\u00e3o Get\u00falio Vargas (FGV). A sele\u00e7\u00e3o oferece 59 vagas imediatas, al\u00e9m de forma\u00e7\u00e3o de cadastro reserva, para cargos de n\u00edveis m\u00e9dio, t\u00e9cnico e superior. Vinculada ao Minist\u00e9rio da Defesa, a empresa realiza contrata\u00e7\u00f5es sob o regime da CLT, com sal\u00e1rios iniciais que variam de R$ 3.838,24 a R$ 9.739,10.<\/p>\n\n\n\n<p>De acordo com o cronograma publicado pela FGV, as inscri\u00e7\u00f5es estar\u00e3o abertas at\u00e9 17 de novembro, exclusivamente pelo site da banca. As provas objetivas e discursivas est\u00e3o previstas para o dia 25 de janeiro de 2026, nas cidades de S\u00e3o Paulo e Rio de Janeiro, e o resultado final deve ser divulgado em 3 de junho do mesmo ano.<\/p>\n\n\n\n<p>A FGV tamb\u00e9m publicou um esclarecimento sobre o complemento salarial para cargos t\u00e9cnicos, como Arquitetos, Engenheiros e Qu\u00edmicos. Embora o edital apresente vencimentos de at\u00e9 R$ 9,7 mil, haver\u00e1 um ajuste para garantir o piso profissional previsto em lei, o que pode elevar a remunera\u00e7\u00e3o a at\u00e9 R$ 12,9 mil. Confira, a seguir, todos os detalhes sobre o cronograma concurso Amazul!<\/p>\n\n\n\n<h2 class=\"wp-block-heading\" id=\"esclarecimento-remunerao-dos-cargos-tcnicos-no-concurso-amaz\">Esclarecimento remunera\u00e7\u00e3o dos cargos t\u00e9cnicos no concurso Amazul<\/h2>\n\n\n\n<p>A Funda\u00e7\u00e3o Get\u00falio Vargas (FGV) publicou uma nota explicando detalhes sobre a remunera\u00e7\u00e3o do cargo de <strong>Especialista em Desenvolvimento de Tecnologia Nuclear e Defesa<\/strong>, que inclui as especialidades de Arquitetura, Engenharia e Qu\u00edmica. <\/p>\n\n\n\n<p>Segundo o comunicado, essas \u00e1reas seguem o piso salarial definido pela Lei Federal n\u00ba 4.950-A\/1966, que estabelece o pagamento m\u00ednimo de seis sal\u00e1rios m\u00ednimos para jornadas de seis horas di\u00e1rias ou de 8,5 sal\u00e1rios m\u00ednimos para jornadas de oito horas, podendo alcan\u00e7ar aproximadamente <mark style=\"background-color:#8ed1fc\" class=\"has-inline-color\">R$ 12,9 mil<\/mark>, conforme a carga hor\u00e1ria exercida.<\/p>\n\n\n\n<p>O edital do concurso Amazul apresenta vencimento inicial de R$ 9.739,10 para essas fun\u00e7\u00f5es, valor inferior ao estipulado em lei. Para corrigir a diferen\u00e7a, a empresa aplicar\u00e1 um <strong>complemento salarial<\/strong> sobre o valor-base, de modo a garantir que o total da remunera\u00e7\u00e3o corresponda ao piso profissional previsto na legisla\u00e7\u00e3o.<\/p>\n\n\n\n<blockquote class=\"wp-block-quote is-layout-flow wp-block-quote-is-layout-flow\">\n<p>Conforme esclarece a FGV, <em>\u201ceste complemento visa garantir que a remunera\u00e7\u00e3o total atinja o piso salarial legalmente estabelecido para as referidas carreiras. Exemplo ilustrativo: Sal\u00e1rio-base de R$ 9.739,10, Piso salarial R$ 11.357,45. A diferen\u00e7a \u00e9 paga por meio de complemento, neste caso, R$ 1.598,35, totalizando R$ 11.377,45.\u201d <\/em><\/p>\n<\/blockquote>\n\n\n\n<p>O documento tamb\u00e9m informa que o complemento tem car\u00e1ter tempor\u00e1rio e ser\u00e1 gradualmente incorporado ao longo das progress\u00f5es na carreira dentro da Amazul.<\/p>\n\n\n\n<div class=\"nova-continue-reading\"><a href=\"https:\/\/www.novaconcursos.com.br\/portal\/wp-content\/uploads\/2025\/10\/comunicado-esclarecimento-sobre-estrutura-remuneratoria-concurso-amazul.pdf\" target=\"_blank\" rel=\"noreferrer noopener\">Baixe aqui a nota de esclarecimento concurso Amazul na \u00edntegra!<\/a><\/div>\n\n\n\n<h2 class=\"wp-block-heading\" id=\"cronograma-do-concurso-amazul\">Cronograma do concurso Amazul<\/h2>\n\n\n\n<p>O concurso Amazul j\u00e1 possui um cronograma oficial divulgado pela Funda\u00e7\u00e3o Get\u00falio Vargas (FGV), que define todas as etapas e prazos do certame. A seguir, confira as datas previstas no edital.<\/p>\n\n\n\n<h3 class=\"wp-block-heading\">Cronograma inscri\u00e7\u00f5es do concurso Amazul<\/h3>\n\n\n\n<ul class=\"wp-block-list\"><li>Per\u00edodo de inscri\u00e7\u00f5es: 17 de outubro a 17 de novembro de 2025<\/li>\n\n\n\n<li>Prazo limite para pagamento da taxa: 18 de novembro de 2025<\/li>\n\n\n\n<li>Divulga\u00e7\u00e3o da rela\u00e7\u00e3o preliminar de inscri\u00e7\u00f5es deferidas e indeferidas: 3 de dezembro de 2025<\/li>\n\n\n\n<li>Divulga\u00e7\u00e3o da rela\u00e7\u00e3o definitiva de inscri\u00e7\u00f5es deferidas e indeferidas: 19 de dezembro de 2025<\/li>\n<\/ul><h3 class=\"wp-block-heading\">Cronograma de isen\u00e7\u00e3o da taxa de inscri\u00e7\u00e3o do concurso Amazul<\/h3>\n\n\n\n<ul class=\"wp-block-list\"><li>Solicita\u00e7\u00e3o de isen\u00e7\u00e3o da taxa: 17 a 21 de outubro de 2025<\/li>\n\n\n\n<li>Envio da documenta\u00e7\u00e3o comprobat\u00f3ria: at\u00e9 21 de outubro de 2025<\/li>\n\n\n\n<li>Divulga\u00e7\u00e3o do resultado preliminar dos pedidos: 28 de outubro de 2025<\/li>\n\n\n\n<li>Per\u00edodo para recursos contra indeferimento: 29 e 30 de outubro de 2025<\/li>\n\n\n\n<li>Divulga\u00e7\u00e3o do resultado final dos pedidos de isen\u00e7\u00e3o: 5 de novembro de 2025<\/li>\n<\/ul><h3 class=\"wp-block-heading\">Cronograma de provas concurso Amazul<\/h3>\n\n\n\n<ul class=\"wp-block-list\"><li>Divulga\u00e7\u00e3o dos locais de prova (CCI): 19 de janeiro de 2026<\/li>\n\n\n\n<li>Data da prova objetiva e discursiva: 25 de janeiro de 2026<\/li>\n\n\n\n<li>Divulga\u00e7\u00e3o do gabarito preliminar: 27 de janeiro de 2026<\/li>\n\n\n\n<li>Gabarito definitivo e resultado preliminar da prova objetiva: 6 de mar\u00e7o de 2026<\/li>\n<\/ul><h3 class=\"wp-block-heading\">Cronograma de avalia\u00e7\u00f5es concurso Amazul<\/h3>\n\n\n\n<ul class=\"wp-block-list\"><li>Resultado definitivo da prova objetiva e convoca\u00e7\u00e3o para heteroidentifica\u00e7\u00e3o, avalia\u00e7\u00e3o biopsicossocial e t\u00edtulos: 20 de mar\u00e7o de 2026<\/li>\n\n\n\n<li>Realiza\u00e7\u00e3o da heteroidentifica\u00e7\u00e3o e da avalia\u00e7\u00e3o biopsicossocial: 5 de abril de 2026<\/li>\n\n\n\n<li>Resultado preliminar da prova discursiva: 10 de abril de 2026<\/li>\n\n\n\n<li>Resultado preliminar da heteroidentifica\u00e7\u00e3o e da avalia\u00e7\u00e3o biopsicossocial: 13 de abril de 2026<\/li>\n\n\n\n<li>Resultado definitivo da heteroidentifica\u00e7\u00e3o e da avalia\u00e7\u00e3o biopsicossocial: 4 de maio de 2026<\/li>\n<\/ul><h3 class=\"wp-block-heading\">Cronograma final concurso Amazul<\/h3>\n\n\n\n<ul class=\"wp-block-list\"><li>Resultado preliminar da avalia\u00e7\u00e3o de t\u00edtulos: 7 de maio de 2026<\/li>\n\n\n\n<li>Resultado definitivo da prova discursiva: 8 de maio de 2026<\/li>\n\n\n\n<li>Resultado definitivo da avalia\u00e7\u00e3o de t\u00edtulos e resultado final do concurso: 3 de junho de 2026<\/li>\n<\/ul><div class=\"nova-continue-reading\"><a href=\"https:\/\/www.novaconcursos.com.br\/portal\/wp-content\/uploads\/2025\/10\/cronograma_amazul-.pdf\">Baixe aqui o cronograma completo concurso Amazul!<\/a><\/div>\n\n\n\n<h2 class=\"wp-block-heading\" id=\"como-se-inscrever-no-concurso-amazul\">Como se inscrever no concurso Amazul?<\/h2>\n\n\n\n<p>O concurso Amazul 2025 est\u00e1 com inscri\u00e7\u00f5es abertas, e os candidatos t\u00eam at\u00e9 <strong>17 de novembro de 2025<\/strong> para garantir a participa\u00e7\u00e3o. O processo \u00e9 totalmente online e deve ser feito pelo site da Funda\u00e7\u00e3o Get\u00falio Vargas (FGV), banca organizadora respons\u00e1vel pelo certame. Confira o passo a passo completo:<\/p>\n\n\n\n<ol class=\"wp-block-list\"><li><strong>Acesse o site e fa\u00e7a login no sistema da FGV<\/strong><br>Entre no site da <a href=\"https:\/\/conhecimento.fgv.br\/concursos\/amazul\" target=\"_blank\" rel=\"noreferrer noopener\">FGV<\/a>, clique em \u201cInscri\u00e7\u00f5es\u201d e acesse sua conta informando CPF e senha. Caso ainda n\u00e3o tenha cadastro, clique em \u201cCadastre-se\u201d, preencha seus dados pessoais (nome completo, CPF, e-mail e telefone), crie uma senha de acesso e, ap\u00f3s entrar no sistema, selecione o concurso Amazul para prosseguir.<\/li>\n\n\n\n<li><strong>Preencha o formul\u00e1rio eletr\u00f4nico<\/strong><br>Informe corretamente todos os dados solicitados, selecione o cargo desejado e escolha a cidade de aplica\u00e7\u00e3o da prova <mark style=\"background-color:rgba(0, 0, 0, 0)\" class=\"has-inline-color has-vivid-red-color\">(S\u00e3o Paulo\/SP ou Rio de Janeiro\/RJ)<\/mark>. Revise com aten\u00e7\u00e3o, pois as informa\u00e7\u00f5es n\u00e3o poder\u00e3o ser alteradas ap\u00f3s a confirma\u00e7\u00e3o da inscri\u00e7\u00e3o.<\/li>\n\n\n\n<li><strong>Revise e confirme sua inscri\u00e7\u00e3o<\/strong><br>Ap\u00f3s preencher todos os campos, confira os dados e finalize o processo. Em seguida, o sistema gerar\u00e1 o boleto banc\u00e1rio para pagamento da taxa de inscri\u00e7\u00e3o.<\/li>\n\n\n\n<li><strong>Pague o boleto dentro do prazo<\/strong><br>Efetue o pagamento at\u00e9 <mark style=\"background-color:rgba(0, 0, 0, 0)\" class=\"has-inline-color has-vivid-red-color\">18 de novembro de 2025<\/mark>. A inscri\u00e7\u00e3o s\u00f3 ser\u00e1 validada ap\u00f3s a confirma\u00e7\u00e3o do pagamento.<\/li>\n\n\n\n<li><strong>Acompanhe as atualiza\u00e7\u00f5es no site da FGV<\/strong><br>Acesse regularmente o portal da banca para verificar a confirma\u00e7\u00e3o da inscri\u00e7\u00e3o, os locais de prova, os gabaritos e demais comunicados oficiais do concurso Amazul 2025.<\/li>\n<\/ol><p>O valor da taxa de inscri\u00e7\u00e3o varia conforme n\u00edvel de escolaridade:<\/p>\n\n\n\n<ul class=\"wp-block-list\"><li>R$ 65,00 para cargos de n\u00edvel m\u00e9dio <\/li>\n\n\n\n<li>R$ 95,00 para cargos de n\u00edvel superior<\/li>\n<\/ul><h3 class=\"wp-block-heading\">Como se inscrever de gra\u00e7a no concurso Amazul?<\/h3>\n\n\n\n<p>Os candidatos que atendem aos requisitos legais ainda podem solicitar <strong>isen\u00e7\u00e3o da taxa de inscri\u00e7\u00e3o at\u00e9 amanh\u00e3, 21 de outubro de 2025<\/strong>, \u00e0s 16h (hor\u00e1rio de Bras\u00edlia).<\/p>\n\n\n\n<p>Podem solicitar isen\u00e7\u00e3o:<\/p>\n\n\n\n<ul class=\"wp-block-list\"><li>Inscritos no Cad\u00danico, conforme o Decreto n\u00ba 11.016\/2022;<\/li>\n\n\n\n<li>Doadores de medula \u00f3ssea registrados em entidades reconhecidas pelo Minist\u00e9rio da Sa\u00fade, conforme a Lei n\u00ba 13.656\/2018.<\/li>\n<\/ul><p><strong>Passo a passo para solicitar a isen\u00e7\u00e3o:<\/strong><\/p>\n\n\n\n<ol class=\"wp-block-list\"><li>Acesse o site da FGV e clique em \u201cInscri\u00e7\u00f5es\u201d;<\/li>\n\n\n\n<li>Fa\u00e7a login com CPF e senha (ou crie um cadastro, se ainda n\u00e3o tiver);<\/li>\n\n\n\n<li>Selecione a op\u00e7\u00e3o \u201cSolicita\u00e7\u00e3o de isen\u00e7\u00e3o da taxa\u201d;<\/li>\n\n\n\n<li>Preencha o formul\u00e1rio e envie os documentos comprobat\u00f3rios at\u00e9 <strong>21 de outubro de 2025<\/strong>.<\/li>\n<\/ol><p>O resultado preliminar dos pedidos ser\u00e1 divulgado em <strong>28 de outubro de 2025<\/strong>, com prazo para recursos nos dias 29 e 30 de outubro, e o resultado final da isen\u00e7\u00e3o est\u00e1 previsto para 5 de novembro de 2025. Ap\u00f3s o prazo de isen\u00e7\u00e3o, as inscri\u00e7\u00f5es permanecem abertas mediante pagamento da taxa at\u00e9 18 de novembro de 2025.<\/p>\n\n\n\n<div class=\"nova-continue-reading\"><a href=\"https:\/\/www.novaconcursos.com.br\/portal\/wp-content\/uploads\/2025\/10\/edital-concurso-amazul.pdf\">Baixe aqui o edital concurso Amazul!<\/a><\/div>\n\n\n\n<h2 class=\"wp-block-heading\" id=\"cargos-e-vagas-do-concurso-amazul\">Cargos e vagas do concurso Amazul<\/h2>\n\n\n\n<p>O concurso Amazul oferece <strong>59 vagas imediatas<\/strong> e forma\u00e7\u00e3o de cadastro reserva para profissionais de <mark style=\"background-color:rgba(0, 0, 0, 0)\" class=\"has-inline-color has-vivid-red-color\">n\u00edveis m\u00e9dio, t\u00e9cnico e superior<\/mark>. As oportunidades est\u00e3o distribu\u00eddas entre diversas \u00e1reas de atua\u00e7\u00e3o, abrangendo fun\u00e7\u00f5es administrativas, t\u00e9cnicas e especializadas. Confira a lista completa abaixo:<\/p>\n\n\n\n<p><strong>Cargos de n\u00edvel m\u00e9dio e t\u00e9cnico<\/strong><\/p>\n\n\n\n<ul class=\"wp-block-list\"><li>Assistente administrativo \u2013 2 vagas<\/li>\n\n\n\n<li>Operador de central termonuclear \u2013 cadastro reserva<\/li>\n\n\n\n<li>Operador de processos \u2013 5 vagas<\/li>\n\n\n\n<li>Operador de raio X \u2013 cadastro reserva<\/li>\n\n\n\n<li>Projetista de eletricidade \u2013 2 vagas<\/li>\n\n\n\n<li>Projetista civil \u2013 1 vaga<\/li>\n\n\n\n<li>Projetista de instrumenta\u00e7\u00e3o e controle \u2013 1 vaga<\/li>\n\n\n\n<li>Projetista mec\u00e2nico\/tubula\u00e7\u00e3o \u2013 1 vaga<\/li>\n\n\n\n<li>Projetista mec\u00e2nico \u2013 1 vaga<\/li>\n\n\n\n<li>T\u00e9cnico em contabilidade \u2013 cadastro reserva<\/li>\n\n\n\n<li>T\u00e9cnico de controle e automa\u00e7\u00e3o \u2013 1 vaga<\/li>\n\n\n\n<li>T\u00e9cnico de edifica\u00e7\u00f5es \u2013 1 vaga<\/li>\n\n\n\n<li>T\u00e9cnico de eletr\u00f4nica \u2013 2 vagas<\/li>\n\n\n\n<li>T\u00e9cnico de eletrot\u00e9cnica \u2013 1 vaga<\/li>\n\n\n\n<li>T\u00e9cnico de enfermagem do trabalho \u2013 cadastro reserva<\/li>\n\n\n\n<li>T\u00e9cnico industrial\/estruturas \u2013 2 vagas<\/li>\n\n\n\n<li>T\u00e9cnico de inform\u00e1tica \u2013 1 vaga<\/li>\n\n\n\n<li>T\u00e9cnico de instrumenta\u00e7\u00e3o \u2013 1 vaga<\/li>\n\n\n\n<li>T\u00e9cnico de qu\u00edmica \u2013 1 vaga<\/li>\n\n\n\n<li>T\u00e9cnico de mec\u00e2nica \u2013 1 vaga<\/li>\n\n\n\n<li>T\u00e9cnico de radioprote\u00e7\u00e3o \u2013 cadastro reserva<\/li>\n\n\n\n<li>T\u00e9cnico de secretariado \u2013 cadastro reserva<\/li>\n\n\n\n<li>T\u00e9cnico em seguran\u00e7a do trabalho \u2013 cadastro reserva<\/li>\n\n\n\n<li>T\u00e9cnico projetista \u2013 2 vagas<\/li>\n\n\n\n<li>T\u00e9cnico de soldagem \u2013 1 vaga<\/li>\n<\/ul><p><strong>Cargos de n\u00edvel superior<\/strong><\/p>\n\n\n\n<div class=\"wp-block-group\"><div class=\"wp-block-group__inner-container is-layout-constrained wp-block-group-is-layout-constrained\">\n<ul class=\"wp-block-list\"><li>Advogado \u2013 cadastro reserva<\/li>\n\n\n\n<li>Analista de administra\u00e7\u00e3o \u2013 2 vagas<\/li>\n\n\n\n<li>Analista de desenvolvimento de sistemas \u2013 1 vaga<\/li>\n\n\n\n<li>Analista de infraestrutura de tecnologia da informa\u00e7\u00e3o \u2013 cadastro reserva<\/li>\n\n\n\n<li>Analista de neg\u00f3cios \u2013 cadastro reserva<\/li>\n\n\n\n<li>Auditor \u2013 cadastro reserva<\/li>\n\n\n\n<li>Analista de recursos humanos \u2013 1 vaga<\/li>\n\n\n\n<li>Arquiteto \u2013 cadastro reserva<\/li>\n\n\n\n<li>Contador \u2013 1 vaga<\/li>\n\n\n\n<li>Estat\u00edstico \u2013 cadastro reserva<\/li>\n\n\n\n<li>Designer gr\u00e1fico \u2013 cadastro reserva<\/li>\n\n\n\n<li>Engenheiro ambiental \u2013 cadastro reserva<\/li>\n\n\n\n<li>Engenheiro civil \u2013 2 vagas<\/li>\n\n\n\n<li>Engenheiro de controle e automa\u00e7\u00e3o \u2013 2 vagas<\/li>\n\n\n\n<li>Engenheiro de computa\u00e7\u00e3o \u2013 1 vaga<\/li>\n\n\n\n<li>Engenheiro de controle da qualidade \u2013 cadastro reserva<\/li>\n\n\n\n<li>Engenheiro de materiais \u2013 2 vagas<\/li>\n\n\n\n<li>Engenheiro de seguran\u00e7a do trabalho \u2013 cadastro reserva<\/li>\n\n\n\n<li>Engenheiro eletricista \u2013 2 vagas<\/li>\n\n\n\n<li>Engenheiro eletr\u00f4nico \u2013 2 vagas<\/li>\n\n\n\n<li>Engenheiro de energia \u2013 1 vaga<\/li>\n\n\n\n<li>Engenheiro mec\u00e2nico \u2013 6 vagas<\/li>\n\n\n\n<li>Engenheiro mecatr\u00f4nico \u2013 1 vaga<\/li>\n\n\n\n<li>Engenheiro naval \u2013 2 vagas<\/li>\n\n\n\n<li>Engenheiro nuclear \u2013 2 vagas<\/li>\n\n\n\n<li>Engenheiro de produ\u00e7\u00e3o \u2013 2 vagas<\/li>\n\n\n\n<li>Engenheiro qu\u00edmico \u2013 1 vaga<\/li>\n\n\n\n<li>Engenheiro de telecomunica\u00e7\u00f5es \u2013 1 vaga<\/li>\n\n\n\n<li>Especialista em radioprote\u00e7\u00e3o \u2013 cadastro reserva<\/li>\n\n\n\n<li>F\u00edsico \u2013 cadastro reserva<\/li>\n\n\n\n<li>Meteorologista \u2013 cadastro reserva<\/li>\n\n\n\n<li>M\u00e9dico do trabalho \u2013 cadastro reserva<\/li>\n\n\n\n<li>Psic\u00f3logo \u2013 cadastro reserva<\/li>\n\n\n\n<li>Qu\u00edmico \u2013 cadastro reserva<\/li>\n\n\n\n<li>Tecn\u00f3logo em fabrica\u00e7\u00e3o mec\u00e2nica \u2013 cadastro reserva<\/li>\n<\/ul><\/div><\/div>\n\n\n\n<h2 class=\"wp-block-heading\" id=\"salrios-e-benefcios-do-concurso-amazul\">Sal\u00e1rios e benef\u00edcios do concurso Amazul<\/h2>\n\n\n\n<p>Os aprovados no concurso Amazul ser\u00e3o contratados sob o regime celetista, com lota\u00e7\u00e3o nas unidades da empresa localizadas em <strong>S\u00e3o Paulo (capital e Iper\u00f3)<\/strong> e <strong>Rio de Janeiro (capital e Itagua\u00ed)<\/strong>. A distribui\u00e7\u00e3o dos profissionais depender\u00e1 da necessidade operacional da estatal, que atua em projetos estrat\u00e9gicos ligados \u00e0 Marinha do Brasil e ao setor de defesa.<\/p>\n\n\n\n<p>A remunera\u00e7\u00e3o da Amazul varia conforme o n\u00edvel de escolaridade e o cargo ocupado. Confira os valores:<\/p>\n\n\n\n<ul class=\"wp-block-list\"><li><strong>N\u00edvel m\u00e9dio e t\u00e9cnico:<\/strong> cargos como assistente administrativo, operador, projetista e t\u00e9cnico em diversas \u00e1reas possuem sal\u00e1rio inicial de R$ 3.838,24;<\/li>\n\n\n\n<li><strong>N\u00edvel superior (analista):<\/strong> fun\u00e7\u00f5es administrativas e de gest\u00e3o, como analista, arquiteto, contador, psic\u00f3logo e tecn\u00f3logo, t\u00eam remunera\u00e7\u00e3o inicial de R$ 8.447,97;<\/li>\n\n\n\n<li><strong>N\u00edvel superior (especialista):<\/strong> cargos que exigem alta qualifica\u00e7\u00e3o \u2014 como engenheiros, advogados, m\u00e9dicos, f\u00edsicos, qu\u00edmicos e especialistas em radioprote\u00e7\u00e3o \u2014 recebem sal\u00e1rio inicial de R$ 9.739,10.<\/li>\n<\/ul><p>Al\u00e9m da remunera\u00e7\u00e3o-base, os profissionais da Amazul contam com um <strong>pacote completo de benef\u00edcios<\/strong>, que inclui:<\/p>\n\n\n\n<ul class=\"wp-block-list\"><li>Vale-transporte;<\/li>\n\n\n\n<li>Previd\u00eancia complementar (contribut\u00e1ria);<\/li>\n\n\n\n<li>Alimenta\u00e7\u00e3o no local de trabalho ou vale-refei\u00e7\u00e3o;<\/li>\n\n\n\n<li>Seguro de vida em grupo;<\/li>\n\n\n\n<li>Cesta-alimenta\u00e7\u00e3o;<\/li>\n\n\n\n<li>Conv\u00eanios assistenciais e educacionais;<\/li>\n\n\n\n<li>Aux\u00edlio-creche;<\/li>\n\n\n\n<li>Benef\u00edcio de Assist\u00eancia \u00e0 Sa\u00fade (BAS).<\/li>\n<\/ul><h2 class=\"wp-block-heading\" id=\"etapas-do-concurso-amazul\">Etapas do concurso Amazul<\/h2>\n\n\n\n<p>De acordo com o edital, o concurso Amazul ser\u00e1 composto por <strong>tr\u00eas etapas de avalia\u00e7\u00e3o<\/strong>, que variam conforme o cargo: prova objetiva, prova discursiva (para n\u00edvel superior) e prova de t\u00edtulos (tamb\u00e9m exclusiva para n\u00edvel superior). As provas ser\u00e3o aplicadas nas cidades de <mark style=\"background-color:rgba(0, 0, 0, 0)\" class=\"has-inline-color has-vivid-red-color\">S\u00e3o Paulo (SP) e Rio de Janeiro (RJ), com data prevista para 25 de janeiro de 2026<\/mark>.<\/p>\n\n\n\n<h3 class=\"wp-block-heading\">Prova objetiva<\/h3>\n\n\n\n<p>A prova objetiva ter\u00e1 <mark style=\"background-color:rgba(0, 0, 0, 0)\" class=\"has-inline-color has-vivid-red-color\">dura\u00e7\u00e3o de 4 horas<\/mark> e contar\u00e1 com <strong>60 quest\u00f5es de m\u00faltipla escolha<\/strong>, cada uma com cinco alternativas (A, B, C, D e E) e apenas uma correta. Essa etapa tem car\u00e1ter eliminat\u00f3rio e classificat\u00f3rio.<\/p>\n\n\n\n<p>A avalia\u00e7\u00e3o ser\u00e1 dividida em duas partes:<\/p>\n\n\n\n<p><strong>Conhecimentos Gerais<\/strong><\/p>\n\n\n\n<ul class=\"wp-block-list\"><li>L\u00edngua Portuguesa \u2013 10 quest\u00f5es<\/li>\n\n\n\n<li>Racioc\u00ednio L\u00f3gico-Matem\u00e1tico \u2013 10 quest\u00f5es<\/li>\n\n\n\n<li>No\u00e7\u00f5es de Inform\u00e1tica \u2013 5 quest\u00f5es<\/li>\n\n\n\n<li>L\u00edngua Inglesa \u2013 5 quest\u00f5es<\/li>\n<\/ul><p><strong>Conhecimentos Espec\u00edficos<\/strong><\/p>\n\n\n\n<ul class=\"wp-block-list\"><li>30 quest\u00f5es relacionadas \u00e0 \u00e1rea de atua\u00e7\u00e3o do cargo escolhido.<\/li>\n<\/ul><p>Ser\u00e1 considerado aprovado o candidato que obtiver, no m\u00ednimo, <strong>trinta acertos no total das sessenta quest\u00f5es<\/strong> da prova objetiva e que n\u00e3o obtenha nota zero em nenhuma das disciplinas avaliadas. Os conte\u00fados espec\u00edficos variam conforme o cargo e o perfil profissional, sendo diferentes para <strong>t\u00e9cnicos<\/strong>, <strong>analistas<\/strong> e especialistas em Desenvolvimento de Tecnologia Nuclear e Defesa.<\/p>\n\n\n\n<h3 class=\"wp-block-heading\">Prova discursiva<\/h3>\n\n\n\n<p>A prova discursiva ser\u00e1 aplicada <strong>somente para candidatos de n\u00edvel superior<\/strong>. Essa etapa consistir\u00e1 na elabora\u00e7\u00e3o de um texto dissertativo-argumentativo, com extens\u00e3o m\u00ednima de 15 linhas e m\u00e1xima de 30 linhas.<\/p>\n\n\n\n<p>A reda\u00e7\u00e3o valer\u00e1 <strong>40 pontos<\/strong>, sendo considerado aprovado o candidato que obtiver nota igual ou superior a 20 pontos.<\/p>\n\n\n\n<p>A reda\u00e7\u00e3o dever\u00e1 ser manuscrita, com caneta esferogr\u00e1fica azul ou preta (de corpo transparente). Receber\u00e3o nota zero as reda\u00e7\u00f5es que:<\/p>\n\n\n\n<ul class=\"wp-block-list\"><li>n\u00e3o seguirem o formato exigido no edital;<\/li>\n\n\n\n<li>forem deixadas em branco;<\/li>\n\n\n\n<li>apresentarem letra ileg\u00edvel.<\/li>\n<\/ul><h3 class=\"wp-block-heading\">Prova de t\u00edtulos<\/h3>\n\n\n\n<p>A prova de t\u00edtulos, de car\u00e1ter <strong>classificat\u00f3rio<\/strong>, ser\u00e1 aplicada apenas aos candidatos de <strong>n\u00edvel superior<\/strong>. Essa etapa avaliar\u00e1 forma\u00e7\u00e3o acad\u00eamica e experi\u00eancia profissional, de acordo com os crit\u00e9rios estabelecidos no edital.<\/p>\n\n\n\n<p>Ser\u00e3o pontuados diplomas de especializa\u00e7\u00e3o, mestrado e doutorado, al\u00e9m de <strong>experi\u00eancias re<\/strong>l<strong>evantes<\/strong> relacionadas \u00e0 fun\u00e7\u00e3o pretendida.<\/p>\n\n\n\n<p>Quer conferir todos os detalhes sobre inscri\u00e7\u00f5es, cargos, provas e sal\u00e1rios? Acesse o <a href=\"https:\/\/www.novaconcursos.com.br\/portal\/concursos\/concurso-amazul\/\">guia completo concurso Amazul<\/a> e saiba tudo o que voc\u00ea precisa para garantir uma vaga no concurso Amazul!<\/p>\n\n\n\n<figure class=\"wp-block-embed is-type-video is-provider-youtube wp-block-embed-youtube wp-embed-aspect-16-9 wp-has-aspect-ratio\"><div class=\"wp-block-embed__wrapper\">\n<iframe loading=\"lazy\" title=\"CONCURSOS OUTUBRO 2025: 185 EDITAIS ABERTOS E MAIS DE 21 MIL VAGAS \ud83d\udd25\" width=\"500\" height=\"281\" src=\"https:\/\/www.youtube.com\/embed\/4h1dug6FN7k?feature=oembed\" frameborder=\"0\" allow=\"accelerometer; autoplay; clipboard-write; encrypted-media; gyroscope; picture-in-picture; web-share\" referrerpolicy=\"strict-origin-when-cross-origin\" allowfullscreen><\/iframe>\n<\/div><\/figure><p><br><\/p>","protected":false},"excerpt":{"rendered":"<p>O concurso Amazul, sob organiza\u00e7\u00e3o da FGV, j\u00e1 tem cronograma definido e oferece oportunidades em diversos cargos de n\u00edveis m\u00e9dio, t\u00e9cnico e superior. As provas est\u00e3o marcadas para janeiro de 2026, com sal\u00e1rios que podem chegar a R$ 12 mil. Saiba mais!<\/p>\n","protected":false},"author":54698,"featured_media":295093,"comment_status":"closed","ping_status":"closed","sticky":false,"template":"","format":"standard","meta":{"_acf_changed":false,"footnotes":"","_wp_rev_ctl_limit":""},"categories":[228,44969,44994,44997],"tags":[2793],"class_list":["post-295092","post","type-post","status-publish","format-standard","has-post-thumbnail","hentry","category-noticias","category-am","category-carreira-ambiental","category-carreira-ti","tag-concurso-amazul"],"acf":[],"_links":{"self":[{"href":"https:\/\/www.novaconcursos.com.br\/portal\/wp-json\/wp\/v2\/posts\/295092","targetHints":{"allow":["GET"]}}],"collection":[{"href":"https:\/\/www.novaconcursos.com.br\/portal\/wp-json\/wp\/v2\/posts"}],"about":[{"href":"https:\/\/www.novaconcursos.com.br\/portal\/wp-json\/wp\/v2\/types\/post"}],"author":[{"embeddable":true,"href":"https:\/\/www.novaconcursos.com.br\/portal\/wp-json\/wp\/v2\/users\/54698"}],"replies":[{"embeddable":true,"href":"https:\/\/www.novaconcursos.com.br\/portal\/wp-json\/wp\/v2\/comments?post=295092"}],"version-history":[{"count":5,"href":"https:\/\/www.novaconcursos.com.br\/portal\/wp-json\/wp\/v2\/posts\/295092\/revisions"}],"predecessor-version":[{"id":295123,"href":"https:\/\/www.novaconcursos.com.br\/portal\/wp-json\/wp\/v2\/posts\/295092\/revisions\/295123"}],"wp:featuredmedia":[{"embeddable":true,"href":"https:\/\/www.novaconcursos.com.br\/portal\/wp-json\/wp\/v2\/media\/295093"}],"wp:attachment":[{"href":"https:\/\/www.novaconcursos.com.br\/portal\/wp-json\/wp\/v2\/media?parent=295092"}],"wp:term":[{"taxonomy":"category","embeddable":true,"href":"https:\/\/www.novaconcursos.com.br\/portal\/wp-json\/wp\/v2\/categories?post=295092"},{"taxonomy":"post_tag","embeddable":true,"href":"https:\/\/www.novaconcursos.com.br\/portal\/wp-json\/wp\/v2\/tags?post=295092"}],"curies":[{"name":"wp","href":"https:\/\/api.w.org\/{rel}","templated":true}]}}