{"id":295373,"date":"2025-10-22T09:55:05","date_gmt":"2025-10-22T12:55:05","guid":{"rendered":"https:\/\/www.novaconcursos.com.br\/portal\/?p=295373"},"modified":"2025-10-22T09:55:09","modified_gmt":"2025-10-22T12:55:09","slug":"concurso-unificado-al-9-mil-vagas-confirmadas","status":"publish","type":"post","link":"https:\/\/www.novaconcursos.com.br\/portal\/noticias\/concurso-unificado-al-9-mil-vagas-confirmadas\/","title":{"rendered":"Concurso Unificado AL: Governador confirma oferta de 9 mil vagas!"},"content":{"rendered":"<p><a href=\"https:\/\/www.novaconcursos.com.br\/portal\/concursos-abertos\/\">Concurso Unificado AL<\/a> deve se tornar o maior da hist\u00f3ria de Alagoas, com previs\u00e3o de ofertar entre 8 e 9 mil vagas. O an\u00fancio foi feito pelo governador Paulo Dantas, em 21 de outubro, durante visita \u00e0s obras da nova sede da Embrapa Alimentos e Territ\u00f3rios, em Macei\u00f3.<\/p>\n\n\n\n<p>As oportunidades ser\u00e3o distribu\u00eddas entre diferentes \u00e1reas do servi\u00e7o p\u00fablico, incluindo educa\u00e7\u00e3o, sa\u00fade, seguran\u00e7a p\u00fablica e \u00f3rg\u00e3os como Emater, Adeal, Arsal e DER. A Secretaria de Estado do Planejamento, Gest\u00e3o e Patrim\u00f4nio (Seplag) \u00e9 a respons\u00e1vel pela organiza\u00e7\u00e3o do certame.<\/p>\n\n\n\n<p>O lan\u00e7amento oficial do Concurso Unificado Alagoas est\u00e1 previsto para o dia 28 de outubro de 2025, quando dever\u00e3o ser detalhados os cargos, o n\u00famero de vagas por fun\u00e7\u00e3o e o cronograma inicial. Confira, a seguir, o que j\u00e1 foi confirmado sobre o concurso unificado AL.<\/p>\n\n\n\n<h2 class=\"wp-block-heading\" id=\"definio-da-banca-e-prximos-passos-do-concurso-unificado-al\">Defini\u00e7\u00e3o da banca e pr\u00f3ximos passos do concurso unificado AL<\/h2>\n\n\n\n<p>Ainda n\u00e3o h\u00e1 defini\u00e7\u00e3o sobre qual ser\u00e1 a banca respons\u00e1vel pelo Concurso Unificado AL. A expectativa \u00e9 de que o processo de escolha j\u00e1 esteja em andamento sob coordena\u00e7\u00e3o da Secretaria de Estado do Planejamento, Gest\u00e3o e Patrim\u00f4nio (Seplag), respons\u00e1vel pela organiza\u00e7\u00e3o geral do certame. <\/p>\n\n\n\n<p>O governador Paulo Dantas deve anunciar novidades sobre o andamento dessa etapa no dia 28 de outubro. Somente ap\u00f3s a assinatura do contrato com a banca organizadora ser\u00e1 poss\u00edvel confirmar a data de publica\u00e7\u00e3o do edital.<\/p>\n\n\n\n<p>Durante visita \u00e0 sede da Embrapa, o governador destacou a amplitude do concurso e a inclus\u00e3o de diversos \u00f3rg\u00e3os estaduais. <\/p>\n\n\n\n<blockquote class=\"wp-block-quote is-layout-flow wp-block-quote-is-layout-flow\">\n<p><em>\u201cN\u00f3s vamos fazer concurso para a Emater, para fortalecer a nossa agricultura familiar e somar esfor\u00e7os com o trabalho da pr\u00f3pria Embrapa. Tamb\u00e9m faremos concurso para a Adeal, uma ag\u00eancia extremamente importante para o agroneg\u00f3cio, e para a Arsal, que regula o transporte e servi\u00e7os essenciais no Estado\u201d<\/em>, afirmou.<\/p>\n<\/blockquote>\n\n\n\n<blockquote class=\"wp-block-quote is-layout-flow wp-block-quote-is-layout-flow\">\n<p>O chefe do Executivo tamb\u00e9m ressaltou o impacto da iniciativa na melhoria dos servi\u00e7os p\u00fablicos: <em>\u201cCom essa requalifica\u00e7\u00e3o da m\u00e3o de obra, n\u00f3s vamos elevar ainda mais a qualidade dos nossos servi\u00e7os p\u00fablicos prestados ao povo de Alagoas\u201d.<\/em><\/p>\n<\/blockquote>\n\n\n\n<h2 class=\"wp-block-heading\" id=\"rgos-e-reas-contempladas-no-concurso-unificado-al\">\u00d3rg\u00e3os e \u00e1reas contempladas no Concurso Unificado AL<\/h2>\n\n\n\n<p>O Concurso Unificado AL ser\u00e1 coordenado pela <a href=\"https:\/\/seplag.al.gov.br\/\" target=\"_blank\" rel=\"noreferrer noopener\">Seplag<\/a> (Secretaria de Estado do Planejamento, Gest\u00e3o e Patrim\u00f4nio) e reunir\u00e1 cerca de 9 mil oportunidades em diferentes setores da administra\u00e7\u00e3o p\u00fablica estadual. Entre os \u00f3rg\u00e3os j\u00e1 mencionados pelo governador est\u00e3o:<\/p>\n\n\n\n<ul class=\"wp-block-list\"><li>Emater (Instituto de Inova\u00e7\u00e3o para o Desenvolvimento Rural Sustent\u00e1vel de Alagoas)<\/li>\n\n\n\n<li>Adeal (Ag\u00eancia de Defesa e Inspe\u00e7\u00e3o Agropecu\u00e1ria de Alagoas)<\/li>\n\n\n\n<li>Arsal (Ag\u00eancia Reguladora de Servi\u00e7os P\u00fablicos de Alagoas)<\/li>\n\n\n\n<li>Secretaria da Educa\u00e7\u00e3o<\/li>\n\n\n\n<li>Universidade Estadual de Alagoas (Uneal)<\/li>\n\n\n\n<li>Universidade de Ci\u00eancias da Sa\u00fade de Alagoas (Uncisal)<\/li>\n\n\n\n<li>DER (Departamento de Estradas de Rodagem)<\/li>\n\n\n\n<li>Pol\u00edcia Civil<\/li>\n\n\n\n<li>Pol\u00edcia Militar<\/li>\n\n\n\n<li>Corpo de Bombeiros<\/li>\n\n\n\n<li>Pol\u00edcia Penal<\/li>\n\n\n\n<li>Detran<\/li>\n\n\n\n<li>PGE (Procuradoria-Geral do Estado)<\/li>\n\n\n\n<li>DPE (Defensoria P\u00fablica do Estado)<\/li>\n\n\n\n<li>MP (Minist\u00e9rio P\u00fablico)<\/li>\n\n\n\n<li>CGE (Controladoria-Geral do Estado)<\/li>\n\n\n\n<li>TCE (Tribunal de Contas do Estado)<\/li>\n<\/ul><p>As vagas devem contemplar \u00e1reas como administra\u00e7\u00e3o, sa\u00fade, educa\u00e7\u00e3o, seguran\u00e7a p\u00fablica, economia, direito e engenharia, fortalecendo o quadro funcional de diferentes \u00f3rg\u00e3os do Governo de Alagoas. Acesse aqui e confira quais <a href=\"https:\/\/www.novaconcursos.com.br\/portal\/noticias\/concurso-unificado-al-orgaos-contemplados\/\">institui\u00e7\u00f5es est\u00e3o previstas e as \u00e1reas contempladas<\/a> no concurso unificado AL!<\/p>\n\n\n\n<h2 class=\"wp-block-heading\" id=\"concursos-que-podem-ter-vagas-includas-no-concurso-unificado\">Concursos que podem ter vagas inclu\u00eddas no Concurso Unificado AL<\/h2>\n\n\n\n<p>O Governo de Alagoas avalia reunir, no Concurso Unificado AL, vagas previstas para diferentes \u00f3rg\u00e3os e \u00e1reas da administra\u00e7\u00e3o p\u00fablica estadual. A iniciativa deve contemplar oportunidades que j\u00e1 estavam planejadas em outros certames, abrangendo setores como seguran\u00e7a, tribunais, controle, educa\u00e7\u00e3o e gest\u00e3o p\u00fablica. Confira a distribui\u00e7\u00e3o completa abaixo:<\/p>\n\n\n\n<p><strong>Concurso PC AL<\/strong><\/p>\n\n\n\n<ul class=\"wp-block-list\"><li>Status: anunciado<\/li>\n\n\n\n<li>Cargos: Agente e Escriv\u00e3o<\/li>\n\n\n\n<li>Forma\u00e7\u00e3o: n\u00edvel superior<\/li>\n\n\n\n<li>Vagas: a definir<\/li>\n\n\n\n<li>Remunera\u00e7\u00e3o: R$ 3.971,76<\/li>\n<\/ul><p><strong>Concurso Pol\u00edcia Penal AL<\/strong><\/p>\n\n\n\n<ul class=\"wp-block-list\"><li>Status: solicitado<\/li>\n\n\n\n<li>Cargo: Policial Penal<\/li>\n\n\n\n<li>Forma\u00e7\u00e3o: n\u00edvel superior<\/li>\n\n\n\n<li>Vagas: 350<\/li>\n\n\n\n<li>Remunera\u00e7\u00e3o: R$ 3.800,00 (\u00faltimo edital)<\/li>\n<\/ul><p><strong>Concurso CBM AL<\/strong><\/p>\n\n\n\n<ul class=\"wp-block-list\"><li>Status: previsto<\/li>\n\n\n\n<li>Cargos: Soldado e Cadete<\/li>\n\n\n\n<li>Forma\u00e7\u00e3o: n\u00edvel m\u00e9dio<\/li>\n\n\n\n<li>Vagas: 220<\/li>\n\n\n\n<li>Remunera\u00e7\u00e3o: R$ 1.649,35 a R$ 2.713,89 (\u00faltimos editais)<\/li>\n<\/ul><p><strong>Concurso Guarda de Macei\u00f3<\/strong><\/p>\n\n\n\n<ul class=\"wp-block-list\"><li>Status: comiss\u00e3o formada<\/li>\n\n\n\n<li>Cargo: Guarda Civil Municipal<\/li>\n\n\n\n<li>Forma\u00e7\u00e3o: n\u00edvel m\u00e9dio<\/li>\n\n\n\n<li>Vagas: 50<\/li>\n\n\n\n<li>Remunera\u00e7\u00e3o: R$ 3.500,00<\/li>\n<\/ul><p><strong>Concurso Detran AL<\/strong><\/p>\n\n\n\n<ul class=\"wp-block-list\"><li>Status: comiss\u00e3o formada<\/li>\n\n\n\n<li>Cargos: Analista e Assistente de Tr\u00e2nsito<\/li>\n\n\n\n<li>Forma\u00e7\u00e3o: n\u00edvel superior<\/li>\n\n\n\n<li>Vagas: 60<\/li>\n\n\n\n<li>Remunera\u00e7\u00e3o: R$ 3.024,82 a R$ 5.041,37<\/li>\n<\/ul><p><strong>Concurso PM AL<\/strong><\/p>\n\n\n\n<ul class=\"wp-block-list\"><li>Status: anunciado<\/li>\n\n\n\n<li>Cargos: Soldado e Oficial<\/li>\n\n\n\n<li>Forma\u00e7\u00e3o: n\u00edvel m\u00e9dio<\/li>\n\n\n\n<li>Vagas: 1.060<\/li>\n\n\n\n<li>Remunera\u00e7\u00e3o: R$ 4.250,06 e R$ 8.099,94 (\u00faltimo edital)<\/li>\n<\/ul><p><strong>Concurso TJ AL<\/strong><\/p>\n\n\n\n<ul class=\"wp-block-list\"><li>Status: comiss\u00e3o formada<\/li>\n\n\n\n<li>Cargo: Analista \u2013 Oficial de Justi\u00e7a Avaliador<\/li>\n\n\n\n<li>Forma\u00e7\u00e3o: n\u00edvel superior<\/li>\n\n\n\n<li>Vagas: a definir<\/li>\n\n\n\n<li>Remunera\u00e7\u00e3o: R$ 6.291,20<\/li>\n<\/ul><p><strong>Concurso MP AL<\/strong><\/p>\n\n\n\n<ul class=\"wp-block-list\"><li>Status: comiss\u00e3o formada<\/li>\n\n\n\n<li>Cargos: servidores<\/li>\n\n\n\n<li>Forma\u00e7\u00e3o: a definir<\/li>\n\n\n\n<li>Vagas: a definir<\/li>\n\n\n\n<li>Remunera\u00e7\u00e3o: R$ 4.492,01 (\u00faltimo concurso)<\/li>\n<\/ul><p><strong>Concurso DPE AL<\/strong><\/p>\n\n\n\n<ul class=\"wp-block-list\"><li>Status: previsto<\/li>\n\n\n\n<li>Cargo: a definir<\/li>\n\n\n\n<li>Forma\u00e7\u00e3o: a definir<\/li>\n\n\n\n<li>Vagas: a definir<\/li>\n\n\n\n<li>Remunera\u00e7\u00e3o: a definir<\/li>\n<\/ul><p><strong>Concurso CGE AL<\/strong><\/p>\n\n\n\n<ul class=\"wp-block-list\"><li>Status: grupo de trabalho formado<\/li>\n\n\n\n<li>Cargo: Analista de Controle Interno<\/li>\n\n\n\n<li>Forma\u00e7\u00e3o: n\u00edvel superior<\/li>\n\n\n\n<li>Vagas: 40 (previstas)<\/li>\n\n\n\n<li>Remunera\u00e7\u00e3o: R$ 5.100,00<\/li>\n<\/ul><p><strong>Concurso C\u00e2mara de Pilar AL<\/strong><\/p>\n\n\n\n<ul class=\"wp-block-list\"><li>Status: banca definida (Fundepes)<\/li>\n\n\n\n<li>Cargos: diversos (n\u00edveis fundamental, m\u00e9dio e superior)<\/li>\n\n\n\n<li>Vagas: a definir<\/li>\n\n\n\n<li>Remunera\u00e7\u00e3o: a definir<\/li>\n<\/ul><p><strong>Concurso Seplag AL<\/strong><\/p>\n\n\n\n<ul class=\"wp-block-list\"><li>Status: grupo de trabalho formado<\/li>\n\n\n\n<li>Cargo: a definir<\/li>\n\n\n\n<li>Forma\u00e7\u00e3o: n\u00edvel superior<\/li>\n\n\n\n<li>Vagas: a definir<\/li>\n\n\n\n<li>Remunera\u00e7\u00e3o: R$ 2.303,50 a R$ 6.825,50 (\u00faltimo PSS)<\/li>\n<\/ul><p><strong>Concurso TCE AL<\/strong><\/p>\n\n\n\n<ul class=\"wp-block-list\"><li>Status: previsto<\/li>\n\n\n\n<li>Cargo: a definir<\/li>\n\n\n\n<li>Forma\u00e7\u00e3o: n\u00edvel superior<\/li>\n\n\n\n<li>Vagas: a definir<\/li>\n\n\n\n<li>Remunera\u00e7\u00e3o: R$ 7.000,00<\/li>\n<\/ul><p><strong>Concurso Uneal<\/strong><\/p>\n\n\n\n<ul class=\"wp-block-list\"><li>Status: comiss\u00e3o formada<\/li>\n\n\n\n<li>Cargo: a definir<\/li>\n\n\n\n<li>Forma\u00e7\u00e3o: a definir<\/li>\n\n\n\n<li>Vagas: a definir<\/li>\n\n\n\n<li>Remunera\u00e7\u00e3o: R$ 2.463,37 a R$ 7.092,26 (\u00faltimo edital)<\/li>\n<\/ul><p><strong>Concurso Seduc AL<\/strong><\/p>\n\n\n\n<ul class=\"wp-block-list\"><li>Status: anunciado<\/li>\n\n\n\n<li>Cargo: a definir<\/li>\n\n\n\n<li>Forma\u00e7\u00e3o: a definir<\/li>\n\n\n\n<li>Vagas: a definir<\/li>\n\n\n\n<li>Remunera\u00e7\u00e3o: R$ 2.433,95 (\u00faltimo edital)<\/li>\n<\/ul><p>A Secretaria de Estado da Educa\u00e7\u00e3o confirmou que o concurso da Seduc utilizar\u00e1 a Prova Nacional Docente (PND).<\/p>\n\n\n\n<p>Continue acompanhando nosso <a href=\"https:\/\/www.novaconcursos.com.br\/portal\/\">blog<\/a> para se manter atualizado n\u00e3o apenas sobre o Concurso Unificado Alagoas, mas tamb\u00e9m sobre os principais concursos p\u00fablicos em andamento e previstos em todo o pa\u00eds. Aqui, voc\u00ea encontra informa\u00e7\u00f5es completas, atualizadas e organizadas para planejar sua prepara\u00e7\u00e3o com anteced\u00eancia!<\/p>\n\n\n\n<figure class=\"wp-block-embed is-type-video is-provider-youtube wp-block-embed-youtube wp-embed-aspect-16-9 wp-has-aspect-ratio\"><div class=\"wp-block-embed__wrapper\">\n<iframe loading=\"lazy\" title=\"Governador Anuncia o Maior Concurso da Hist\u00f3ria de ALAGOAS \ud83d\udd25\" width=\"500\" height=\"281\" src=\"https:\/\/www.youtube.com\/embed\/C9-53ptEvQw?feature=oembed\" frameborder=\"0\" allow=\"accelerometer; autoplay; clipboard-write; encrypted-media; gyroscope; picture-in-picture; web-share\" referrerpolicy=\"strict-origin-when-cross-origin\" allowfullscreen><\/iframe>\n<\/div><\/figure>","protected":false},"excerpt":{"rendered":"<p>O governador Paulo Dantas anunciou o Concurso Unificado AL com aproximadamente 9 mil vagas em diferentes \u00f3rg\u00e3os do estado, contemplando \u00e1reas como educa\u00e7\u00e3o, sa\u00fade, seguran\u00e7a e administra\u00e7\u00e3o p\u00fablica. Saiba mais!<\/p>\n","protected":false},"author":54698,"featured_media":295374,"comment_status":"closed","ping_status":"closed","sticky":false,"template":"","format":"standard","meta":{"_acf_changed":false,"footnotes":"","_wp_rev_ctl_limit":""},"categories":[228,44964,44939,44994,44997,44944,44945],"tags":[45592],"class_list":["post-295373","post","type-post","status-publish","format-standard","has-post-thumbnail","hentry","category-noticias","category-al","category-carreira-administrativa","category-carreira-ambiental","category-carreira-ti","category-carreira-educacao","category-carreira-saude","tag-concurso-unificado-al"],"acf":[],"_links":{"self":[{"href":"https:\/\/www.novaconcursos.com.br\/portal\/wp-json\/wp\/v2\/posts\/295373","targetHints":{"allow":["GET"]}}],"collection":[{"href":"https:\/\/www.novaconcursos.com.br\/portal\/wp-json\/wp\/v2\/posts"}],"about":[{"href":"https:\/\/www.novaconcursos.com.br\/portal\/wp-json\/wp\/v2\/types\/post"}],"author":[{"embeddable":true,"href":"https:\/\/www.novaconcursos.com.br\/portal\/wp-json\/wp\/v2\/users\/54698"}],"replies":[{"embeddable":true,"href":"https:\/\/www.novaconcursos.com.br\/portal\/wp-json\/wp\/v2\/comments?post=295373"}],"version-history":[{"count":8,"href":"https:\/\/www.novaconcursos.com.br\/portal\/wp-json\/wp\/v2\/posts\/295373\/revisions"}],"predecessor-version":[{"id":295401,"href":"https:\/\/www.novaconcursos.com.br\/portal\/wp-json\/wp\/v2\/posts\/295373\/revisions\/295401"}],"wp:featuredmedia":[{"embeddable":true,"href":"https:\/\/www.novaconcursos.com.br\/portal\/wp-json\/wp\/v2\/media\/295374"}],"wp:attachment":[{"href":"https:\/\/www.novaconcursos.com.br\/portal\/wp-json\/wp\/v2\/media?parent=295373"}],"wp:term":[{"taxonomy":"category","embeddable":true,"href":"https:\/\/www.novaconcursos.com.br\/portal\/wp-json\/wp\/v2\/categories?post=295373"},{"taxonomy":"post_tag","embeddable":true,"href":"https:\/\/www.novaconcursos.com.br\/portal\/wp-json\/wp\/v2\/tags?post=295373"}],"curies":[{"name":"wp","href":"https:\/\/api.w.org\/{rel}","templated":true}]}}