{"id":295395,"date":"2025-10-22T10:45:33","date_gmt":"2025-10-22T13:45:33","guid":{"rendered":"https:\/\/www.novaconcursos.com.br\/portal\/?p=295395"},"modified":"2025-10-28T15:51:16","modified_gmt":"2025-10-28T18:51:16","slug":"prefeitura-de-arapiraca-al","status":"publish","type":"post","link":"https:\/\/www.novaconcursos.com.br\/portal\/concursos\/prefeitura-de-arapiraca-al\/","title":{"rendered":"Concurso Prefeitura de Arapiraca: Edital publicado! 392 vagas!"},"content":{"rendered":"<p>Aten\u00e7\u00e3o, concurseiro! Foi <strong>publicado o edital <\/strong>do<strong> concurso Prefeitura de Arapiraca <\/strong>(Prefeitura de Arapiraca \u2013 AL), com <strong>392 vagas imediatas<\/strong> para cargos de <strong>n\u00edvel m\u00e9dio e superior<\/strong> na <strong>\u00e1rea educacional<\/strong>. Os sal\u00e1rios iniciais podem chegar a<strong> R$ 4,3 mil<\/strong>, representando uma excelente oportunidade para quem deseja ingressar no servi\u00e7o p\u00fablico municipal e atuar na educa\u00e7\u00e3o.<\/p>\n\n\n\n    <div class=\"nova-resumo-edital\">\n        <h2 class=\"nova-resumo-edital-title\" id=\"resumo-edital\">Resumo Edital<\/h2>\n        <ul class=\"nova-resumo-edital-list nova-menu\"><li>\n                <img decoding=\"async\" width=\"24\" height=\"24\" loading=\"lazy\" src=\"https:\/\/www.novaconcursos.com.br\/portal\/wp-content\/themes\/nova-theme\/includes\/assets\/img\/person.svg\" aria-hidden=\"true\" alt=\"\u00edcone pessoa\" title=\"\"><span>\n                    <b>Vagas: <\/b> 392\n                <\/span>\n            <\/li>\n            <li>\n                <img decoding=\"async\" width=\"24\" height=\"24\" loading=\"lazy\" src=\"https:\/\/www.novaconcursos.com.br\/portal\/wp-content\/themes\/nova-theme\/includes\/assets\/img\/inscricoes.svg\" aria-hidden=\"true\" alt=\"\u00edcone pessoa\" title=\"\"><span>\n                    <b>Per\u00edodo de inscri\u00e7\u00f5es: <\/b> 07\/10\/2025 a 11\/11\/2025\n                <\/span>\n            <\/li>\n            <li>\n                <img decoding=\"async\" width=\"24\" height=\"24\" loading=\"lazy\" src=\"https:\/\/www.novaconcursos.com.br\/portal\/wp-content\/themes\/nova-theme\/includes\/assets\/img\/taxa-inscricao.svg\" aria-hidden=\"true\" alt=\"\u00edcone pessoa\" title=\"\"><span>\n                    <b>Taxa de inscri\u00e7\u00e3o: <\/b> R$90,00 a R$100,00\n                <\/span>\n            <\/li>\n            <li>\n                <img decoding=\"async\" width=\"24\" height=\"24\" loading=\"lazy\" src=\"https:\/\/www.novaconcursos.com.br\/portal\/wp-content\/themes\/nova-theme\/includes\/assets\/img\/prova.svg\" aria-hidden=\"true\" alt=\"\u00edcone pessoa\" title=\"\"><span>\n                    <b>Prova: <\/b> 14\/12\/2025\n                <\/span>\n            <\/li>\n            <li>\n                <img decoding=\"async\" width=\"24\" height=\"24\" loading=\"lazy\" src=\"https:\/\/www.novaconcursos.com.br\/portal\/wp-content\/themes\/nova-theme\/includes\/assets\/img\/banca.svg\" aria-hidden=\"true\" alt=\"\u00edcone pessoa\" title=\"\"><span>\n                    <b>Banca: <\/b> IBAM\n                <\/span>\n            <\/li>\n        <\/ul><div class=\"nova-resumo-edital-baixar\">\n            <a href=\"https:\/\/www.novaconcursos.com.br\/portal\/wp-content\/uploads\/2025\/10\/edital-concurso-prefeitura-de-arapiraca.pdf\" rel=\"noopener\">\n                Baixe aqui o edital\n            <\/a>\n        <\/div>\n    <\/div>\n\n\n\n<p>As <strong>inscri\u00e7\u00f5es j\u00e1 est\u00e3o abertas<\/strong> e seguem at\u00e9 o m\u00eas de <strong>novembro<\/strong>, enquanto a <strong>prova objetiva <\/strong>est\u00e1 marcada para o<strong> dia 14 de dezembro<\/strong>. Se voc\u00ea ficou interessado(a), continue nesta p\u00e1gina e confira todos os detalhes sobre o concurso Prefeitura de Arapiraca.<\/p>\n\n\n\n<h2 class=\"wp-block-heading\" id=\"concurso-prefeitura-de-arapiraca-principais-datas\">Concurso Prefeitura de Arapiraca: Principais datas<\/h2>\n\n\n\n<p>Confira o cronograma do concurso Prefeitura de Arapiraca com as principais datas:<\/p>\n\n\n\n<ul class=\"wp-block-list\"><li><strong>Per\u00edodo de inscri\u00e7\u00f5es:<\/strong> 7 de outubro a 11 de novembro de 2025<\/li>\n\n\n\n<li><strong>Solicita\u00e7\u00e3o de isen\u00e7\u00e3o da taxa de inscri\u00e7\u00e3o:<\/strong> 7 e 9 de outubro de 2025<\/li>\n\n\n\n<li><strong>\u00daltimo dia para pagamento da taxa de inscri\u00e7\u00e3o:<\/strong> 12 de novembro de 2025<\/li>\n\n\n\n<li><strong>Aplica\u00e7\u00e3o da prova objetiva:<\/strong> 14 de dezembro de 2025<\/li>\n<\/ul><h2 class=\"wp-block-heading\" id=\"como-fazer-inscrio-no-concurso-prefeitura-de-arapiraca\">Como fazer inscri\u00e7\u00e3o no concurso Prefeitura de Arapiraca?<\/h2>\n\n\n\n<p>Os interessados em participar do concurso Prefeitura de Arapiraca poder\u00e3o se inscrever a partir do dia <strong>7 de outubro<\/strong>, exclusivamente pelo site do <a href=\"https:\/\/www.ibam-concursos.org.br\/\" data-type=\"link\" data-id=\"https:\/\/www.ibam-concursos.org.br\/\" target=\"_blank\" rel=\"noreferrer noopener\">IBAM Concursos<\/a>, banca organizadora respons\u00e1vel pelo certame.<\/p>\n\n\n\n<p>As inscri\u00e7\u00f5es permanecer\u00e3o abertas at\u00e9 o dia <strong>11 de novembro de 2025<\/strong>, conforme o hor\u00e1rio oficial de Bras\u00edlia. <\/p>\n\n\n\n<p>Para confirmar a participa\u00e7\u00e3o, ser\u00e1 necess\u00e1rio preencher o formul\u00e1rio de inscri\u00e7\u00e3o e efetuar o pagamento da taxa, de acordo com o cargo\/n\u00edvel de escolaridade. Veja os valores na tabela a seguir:<\/p>\n\n\n\n<figure class=\"wp-block-image size-large\"><img decoding=\"async\" width=\"1024\" height=\"285\" src=\"https:\/\/www.novaconcursos.com.br\/portal\/wp-content\/uploads\/2025\/10\/concurso-prefeitura-de-arapiraca-taxas-de-inscricao-1024x285.webp\" alt=\"Concurso Prefeitura de Arapiraca Taxas De Inscri\u00e7\u00e3o\" class=\"wp-image-295400\" loading=\"lazy\" title=\"\" srcset=\"https:\/\/www.novaconcursos.com.br\/portal\/wp-content\/uploads\/2025\/10\/concurso-prefeitura-de-arapiraca-taxas-de-inscricao-300x84.webp 300w, https:\/\/www.novaconcursos.com.br\/portal\/wp-content\/uploads\/2025\/10\/concurso-prefeitura-de-arapiraca-taxas-de-inscricao-480x134.webp 480w, https:\/\/www.novaconcursos.com.br\/portal\/wp-content\/uploads\/2025\/10\/concurso-prefeitura-de-arapiraca-taxas-de-inscricao-768x214.webp 768w, https:\/\/www.novaconcursos.com.br\/portal\/wp-content\/uploads\/2025\/10\/concurso-prefeitura-de-arapiraca-taxas-de-inscricao-1024x285.webp 1024w, https:\/\/www.novaconcursos.com.br\/portal\/wp-content\/uploads\/2025\/10\/concurso-prefeitura-de-arapiraca-taxas-de-inscricao-1536x428.webp 1536w, https:\/\/www.novaconcursos.com.br\/portal\/wp-content\/uploads\/2025\/10\/concurso-prefeitura-de-arapiraca-taxas-de-inscricao.webp 1579w\" sizes=\"auto, (max-width: 480px) 100vw, (max-width: 768px) 100vw, (max-width: 1200px) 70vw, 768px\"><figcaption class=\"wp-element-caption\">Confira os valores de inscri\u00e7\u00e3o para todos os cargos do concurso Prefeitura de Arapiraca!<\/figcaption><\/figure><h3 class=\"wp-block-heading\">Isen\u00e7\u00e3o da taxa de inscri\u00e7\u00e3o<\/h3>\n\n\n\n<p>O edital tamb\u00e9m previu isen\u00e7\u00e3o total da taxa de inscri\u00e7\u00e3o para candidatos que atendiam aos crit\u00e9rios estabelecidos. S\u00e3o eles:<\/p>\n\n\n\n<ul class=\"wp-block-list\"><li>Candidatos que perten\u00e7am \u00e0 fam\u00edlia inscrita no Cadastro \u00danico para Programas Sociais (Cad\u00danico), do Governo Federal, cuja renda familiar mensal per capita seja igual ou inferior a meio sal\u00e1rio m\u00ednimo nacional.<\/li>\n\n\n\n<li>Doadores de medula \u00f3ssea em entidades reconhecidas pelo Minist\u00e9rio da Sa\u00fade.<\/li>\n<\/ul><p>Os pedidos de isen\u00e7\u00e3o puderam ser realizados entre os dias <strong>7 e 9 de outubro de 2025<\/strong>, diretamente no site da banca organizadora.<\/p>\n\n\n\n<h2 class=\"wp-block-heading\" id=\"cargos-e-vagas\">Cargos e vagas<\/h2>\n\n\n\n<p>O concurso Prefeitura de Arapiraca oferece <strong>392 vagas imediatas<\/strong>, para <strong>n\u00edveis m\u00e9dio<\/strong> e <strong>superior<\/strong>, para as carreiras administrativa e da educa\u00e7\u00e3o. Confira a distribui\u00e7\u00e3o completa:<\/p>\n\n\n\n<ul class=\"wp-block-list\"><li><strong>Professor Atividade (Educa\u00e7\u00e3o Infantil e Anos Iniciais do Ensino Fundamental)<\/strong>\n<ul class=\"wp-block-list\"><li>Vagas: 146<\/li>\n\n\n\n<li>Requisitos: Ensino superior em curso de licenciatura plena em Pedagogia (Resolu\u00e7\u00e3o CNE\/CP n\u00ba 2\/2019).<\/li>\n<\/ul><\/li>\n\n\n\n<li><strong>Professor de Arte<\/strong>\n<ul class=\"wp-block-list\"><li>Vagas: 21<\/li>\n\n\n\n<li>Requisitos: Ensino superior em curso de licenciatura plena na \u00e1rea de atua\u00e7\u00e3o.<\/li>\n<\/ul><\/li>\n\n\n\n<li><strong>Professor de Ci\u00eancias<\/strong>\n<ul class=\"wp-block-list\"><li>Vagas: 20<\/li>\n\n\n\n<li>Requisitos: Ensino superior em curso de licenciatura plena na \u00e1rea de atua\u00e7\u00e3o.<\/li>\n<\/ul><\/li>\n\n\n\n<li><strong>Professor de Educa\u00e7\u00e3o F\u00edsica<\/strong>\n<ul class=\"wp-block-list\"><li>Vagas: 21<\/li>\n\n\n\n<li>Requisitos: Ensino superior em curso de licenciatura plena na \u00e1rea de atua\u00e7\u00e3o e registro no Conselho de Classe.<\/li>\n<\/ul><\/li>\n\n\n\n<li><strong>Professor de Ensino Religioso<\/strong>\n<ul class=\"wp-block-list\"><li>Vagas: 15<\/li>\n\n\n\n<li>Requisitos: Ensino superior em curso de licenciatura plena na \u00e1rea de atua\u00e7\u00e3o.<\/li>\n<\/ul><\/li>\n\n\n\n<li><strong>Professor de Geografia<\/strong>\n<ul class=\"wp-block-list\"><li>Vagas: 14<\/li>\n\n\n\n<li>Requisitos: Ensino superior em curso de licenciatura plena na \u00e1rea de atua\u00e7\u00e3o.<\/li>\n<\/ul><\/li>\n\n\n\n<li><strong>Professor de Hist\u00f3ria<\/strong>\n<ul class=\"wp-block-list\"><li>Vagas: 11<\/li>\n\n\n\n<li>Requisitos: Ensino superior em curso de licenciatura plena na \u00e1rea de atua\u00e7\u00e3o.<\/li>\n<\/ul><\/li>\n\n\n\n<li><strong>Professor de Ingl\u00eas<\/strong>\n<ul class=\"wp-block-list\"><li>Vagas: 18<\/li>\n\n\n\n<li>Requisitos: Ensino superior em curso de licenciatura plena na \u00e1rea de atua\u00e7\u00e3o.<\/li>\n<\/ul><\/li>\n\n\n\n<li><strong>Professor de L\u00edngua Portuguesa<\/strong>\n<ul class=\"wp-block-list\"><li>Vagas: 25<\/li>\n\n\n\n<li>Requisitos: Ensino superior em curso de licenciatura plena na \u00e1rea de atua\u00e7\u00e3o.<\/li>\n<\/ul><\/li>\n\n\n\n<li><strong>Professor de Matem\u00e1tica<\/strong>\n<ul class=\"wp-block-list\"><li>Vagas: 44<\/li>\n\n\n\n<li>Requisitos: Ensino superior em curso de licenciatura plena na \u00e1rea de atua\u00e7\u00e3o.<\/li>\n<\/ul><\/li>\n\n\n\n<li><strong>Assistente Administrativo Educacional<\/strong>\n<ul class=\"wp-block-list\"><li>Vagas: 50<\/li>\n\n\n\n<li>Requisitos: N\u00edvel m\u00e9dio completo.<\/li>\n<\/ul><\/li>\n\n\n\n<li><strong>Secret\u00e1rio Escolar<\/strong>\n<ul class=\"wp-block-list\"><li>Vagas: 7<\/li>\n\n\n\n<li>Requisitos: N\u00edvel m\u00e9dio completo com curso t\u00e9cnico em \u00e1rea espec\u00edfica.<\/li>\n<\/ul><\/li>\n<\/ul><h2 class=\"wp-block-heading\" id=\"quanto-ganha-um-concursado-da-prefeitura-de-arapiraca\">Quanto ganha um concursado da prefeitura de Arapiraca?<\/h2>\n\n\n\n<p>A remunera\u00e7\u00e3o dos servidores concursados da Prefeitura de Arapiraca varia conforme o cargo ocupado. Os sal\u00e1rios iniciais v\u00e3o de <strong>R$ 2.075,65 <\/strong>a<strong> R$ 4.380,98<\/strong>, conforme abaixo:<\/p>\n\n\n\n<ul class=\"wp-block-list\"><li>Professor Atividade (Educa\u00e7\u00e3o Infantil e Anos Iniciais): R$ 4.380,98<\/li>\n\n\n\n<li>Professor de Arte: R$ 2.920,65<\/li>\n\n\n\n<li>Professor de Ci\u00eancias: R$ 2.920,65<\/li>\n\n\n\n<li>Professor de Educa\u00e7\u00e3o F\u00edsica: R$ 2.920,65<\/li>\n\n\n\n<li>Professor de Ensino Religioso: R$ 2.920,65<\/li>\n\n\n\n<li>Professor de Geografia: R$ 2.920,65<\/li>\n\n\n\n<li>Professor de Hist\u00f3ria: R$ 2.920,65<\/li>\n\n\n\n<li>Professor de Ingl\u00eas: R$ 2.920,65<\/li>\n\n\n\n<li>Professor de L\u00edngua Portuguesa: R$ 2.920,65<\/li>\n\n\n\n<li>Professor de Matem\u00e1tica: R$ 2.920,65<\/li>\n\n\n\n<li>Assistente Administrativo Educacional: R$ 2.075,65<\/li>\n\n\n\n<li>Secret\u00e1rio Escolar: R$ 2.767,51<\/li>\n<\/ul><h2 class=\"wp-block-heading\" id=\"requisitos-do-concurso-prefeitura-de-arapiraca\">Requisitos do concurso Prefeitura de Arapiraca<\/h2>\n\n\n\n<p>Confira quais s\u00e3o os requisitos b\u00e1sicos da sele\u00e7\u00e3o, de acordo com o edital do concurso Prefeitura de Arapiraca:<\/p>\n\n\n\n<ul class=\"wp-block-list\"><li>Ter sido aprovado e considerado apto em todas as etapas do concurso p\u00fablico, conforme as caracter\u00edsticas de avalia\u00e7\u00e3o de cada uma;<\/li>\n\n\n\n<li>Ter nacionalidade brasileira ou equivalente;<\/li>\n\n\n\n<li>Estar em pleno gozo dos direitos civis e pol\u00edticos;<\/li>\n\n\n\n<li>Estar quite com as obriga\u00e7\u00f5es militares e eleitorais;<\/li>\n\n\n\n<li>Possuir o n\u00edvel de escolaridade exigido no Anexo I do edital e a capacita\u00e7\u00e3o t\u00e9cnica necess\u00e1ria para o exerc\u00edcio do cargo;<\/li>\n\n\n\n<li>A pessoa candidata que n\u00e3o comprovar a escolaridade e os requisitos exigidos no ato da posse ser\u00e1 eliminada do concurso;<\/li>\n\n\n\n<li>Ter idade m\u00ednima de 18 anos completos at\u00e9 a data da posse;<\/li>\n\n\n\n<li>Ter aptid\u00e3o f\u00edsica e ps\u00edquica para o exerc\u00edcio das atribui\u00e7\u00f5es do cargo, comprovada por laudo m\u00e9dico;<\/li>\n\n\n\n<li>Apresentar, no caso de profiss\u00e3o regulamentada, o competente registro de inscri\u00e7\u00e3o no respectivo \u00f3rg\u00e3o fiscalizador;<\/li>\n\n\n\n<li>Apresentar declara\u00e7\u00e3o de n\u00e3o possuir ac\u00famulo de cargo ou emprego p\u00fablico, exceto nos casos permitidos pela Constitui\u00e7\u00e3o Federal;<\/li>\n\n\n\n<li>Comprovar o atendimento de todas as exig\u00eancias dos itens anteriores (2.2 a 2.9) no momento da posse, sob pena de exclus\u00e3o do concurso.<\/li>\n<\/ul><h2 class=\"wp-block-heading\" id=\"atribuies\">Atribui\u00e7\u00f5es<\/h2>\n\n\n\n<p>Confira as atribui\u00e7\u00f5es dos cargos do concurso <a href=\"https:\/\/web.arapiraca.al.gov.br\/2025\/09\/prefeitura-publica-edital-para-concurso-da-educacao-inscricoes-comecam-no-dia-7-de-outubro\/\" target=\"_blank\" data-type=\"link\" data-id=\"https:\/\/web.arapiraca.al.gov.br\/2025\/09\/prefeitura-publica-edital-para-concurso-da-educacao-inscricoes-comecam-no-dia-7-de-outubro\/\" rel=\"noreferrer noopener\">Prefeitura de Arapiraca<\/a>:<\/p>\n\n\n\n<h3 class=\"wp-block-heading\">Professor (Atividade, Arte, Ci\u00eancias, Educa\u00e7\u00e3o F\u00edsica, Ensino Religioso, Geografia, Hist\u00f3ria, Ingl\u00eas, L\u00edngua Portuguesa e Matem\u00e1tica)<\/h3>\n\n\n\n<p>Exerce a doc\u00eancia na Rede P\u00fablica Municipal de Ensino, transmitindo os conte\u00fados pertinentes de forma integrada e proporcionando ao aluno condi\u00e7\u00f5es de exercer sua cidadania. Atua tamb\u00e9m em atividades t\u00e9cnico-pedag\u00f3gicas que d\u00e3o suporte direto ao ensino, planejando, coordenando, avaliando e reformulando o processo de ensino-aprendizagem. Prop\u00f5e estrat\u00e9gias metodol\u00f3gicas adequadas aos programas a serem desenvolvidos, visando o desenvolvimento pleno do educando e a compreens\u00e3o de sua coparticipa\u00e7\u00e3o e corresponsabilidade como cidad\u00e3o perante sua comunidade, munic\u00edpio, estado e pa\u00eds. Al\u00e9m disso, gerencia, planeja, organiza e coordena a execu\u00e7\u00e3o da proposta administrativo-pedag\u00f3gica, contribuindo para o desempenho satisfat\u00f3rio das atividades docentes e discentes.<\/p>\n\n\n\n<h3 class=\"wp-block-heading\">Assistente Administrativo Educacional<\/h3>\n\n\n\n<p>Executa tarefas de rotina administrativa, como recep\u00e7\u00e3o e atendimento ao p\u00fablico, recebimento, protocolo e encaminhamento de documentos. Organiza e mant\u00e9m arquivos, realiza atividades de telefonia, fax e telex, al\u00e9m de digitar e datilografar textos, documentos, dados e informa\u00e7\u00f5es. Sua atua\u00e7\u00e3o \u00e9 essencial para o bom funcionamento administrativo das unidades escolares, garantindo suporte eficiente \u00e0s atividades pedag\u00f3gicas e administrativas.<\/p>\n\n\n\n<h3 class=\"wp-block-heading\">Secret\u00e1rio Escolar<\/h3>\n\n\n\n<p>Desempenha atividades de assessoramento \u00e0 dire\u00e7\u00e3o da escola e responde pela secretaria e pelos servi\u00e7os administrativos da unidade escolar. \u00c9 respons\u00e1vel por analisar, organizar, registrar e documentar fatos relacionados \u00e0 vida escolar dos alunos e ao corpo funcional da escola. Atua como elo entre a gest\u00e3o escolar, os professores, os alunos e a comunidade, assegurando a organiza\u00e7\u00e3o e a integridade das informa\u00e7\u00f5es acad\u00eamicas e administrativas.<\/p>\n\n\n\n<h2 class=\"wp-block-heading\" id=\"etapas-e-provas\">Etapas e provas<\/h2>\n\n\n\n<p>O concurso Prefeitura de Arapiraca ser\u00e1 composto por tr\u00eas etapas de avalia\u00e7\u00e3o, conforme o edital: <strong>prova objetiva<\/strong>, <strong>prova de reda\u00e7\u00e3o<\/strong> (para cargos de n\u00edvel superior) e <strong>prova de t\u00edtulos<\/strong> (tamb\u00e9m exclusiva para o n\u00edvel superior).<\/p>\n\n\n\n<h3 class=\"wp-block-heading\">Prova objetiva<\/h3>\n\n\n\n<p>A prova objetiva ser\u00e1 aplicada no dia <strong>14 de dezembro de 2025<\/strong> e ter\u00e1 car\u00e1ter <strong>eliminat\u00f3rio e classificat\u00f3rio<\/strong>, sendo obrigat\u00f3ria para <strong>todos os cargos<\/strong>.<\/p>\n\n\n\n<p>As disciplinas variam conforme o n\u00edvel de escolaridade:<\/p>\n\n\n\n<p><strong>N\u00edvel superior \u2013 Professor Atividade (Educa\u00e7\u00e3o Infantil e Anos Iniciais do Ensino Fundamental)<\/strong><\/p>\n\n\n\n<ul class=\"wp-block-list\"><li>Conhecimentos Espec\u00edficos: 20 quest\u00f5es;<\/li>\n\n\n\n<li>L\u00edngua Portuguesa: 10 quest\u00f5es;<\/li>\n\n\n\n<li>Matem\u00e1tica: 5 quest\u00f5es;<\/li>\n\n\n\n<li>Legisla\u00e7\u00e3o Educacional: 5 quest\u00f5es;<\/li>\n\n\n\n<li>\u00c9tica: 5 quest\u00f5es;<\/li>\n\n\n\n<li>Conhecimentos Gerais sobre o Munic\u00edpio: 5 quest\u00f5es;<\/li>\n\n\n\n<li>Prova de Reda\u00e7\u00e3o: 1 quest\u00e3o.<\/li>\n<\/ul><p><strong>N\u00edvel superior \u2013 Professores de Arte, Ci\u00eancias, Educa\u00e7\u00e3o F\u00edsica, Ensino Religioso, Geografia, Hist\u00f3ria, Ingl\u00eas, L\u00edngua Portuguesa e Matem\u00e1tica<\/strong><\/p>\n\n\n\n<ul class=\"wp-block-list\"><li>Conhecimentos Espec\u00edficos: 20 quest\u00f5es;<\/li>\n\n\n\n<li>L\u00edngua Portuguesa: 10 quest\u00f5es;<\/li>\n\n\n\n<li>Legisla\u00e7\u00e3o Educacional: 10 quest\u00f5es;<\/li>\n\n\n\n<li>\u00c9tica: 5 quest\u00f5es;<\/li>\n\n\n\n<li>Conhecimentos Gerais sobre o Munic\u00edpio: 5 quest\u00f5es;<\/li>\n\n\n\n<li>Prova de Reda\u00e7\u00e3o: 1 quest\u00e3o.<\/li>\n<\/ul><p><strong>N\u00edvel m\u00e9dio\/t\u00e9cnico \u2013 Assistente Administrativo Educacional e Secret\u00e1rio Escolar<\/strong><\/p>\n\n\n\n<ul class=\"wp-block-list\"><li>Conhecimentos Espec\u00edficos: 20 quest\u00f5es;<\/li>\n\n\n\n<li>L\u00edngua Portuguesa: 10 quest\u00f5es;<\/li>\n\n\n\n<li>Inform\u00e1tica: 10 quest\u00f5es;<\/li>\n\n\n\n<li>\u00c9tica: 5 quest\u00f5es;<\/li>\n\n\n\n<li>Conhecimentos Gerais sobre o Munic\u00edpio: 5 quest\u00f5es.<\/li>\n<\/ul><p>A prova objetiva avaliar\u00e1 o dom\u00ednio dos conte\u00fados espec\u00edficos e gerais, al\u00e9m da capacidade de interpreta\u00e7\u00e3o e aplica\u00e7\u00e3o pr\u00e1tica dos conhecimentos necess\u00e1rios ao exerc\u00edcio do cargo.<\/p>\n\n\n\n<h3 class=\"wp-block-heading\">Prova de reda\u00e7\u00e3o<\/h3>\n\n\n\n<p>A prova de reda\u00e7\u00e3o, de car\u00e1ter <strong>eliminat\u00f3rio e classificat\u00f3rio<\/strong>, ser\u00e1 aplicada <strong>somente aos candidatos de n\u00edvel superior<\/strong>. A reda\u00e7\u00e3o avaliar\u00e1 a capacidade de argumenta\u00e7\u00e3o, clareza e coes\u00e3o textual, observando a adequa\u00e7\u00e3o ao tema proposto, o dom\u00ednio da norma padr\u00e3o da L\u00edngua Portuguesa e a coer\u00eancia das ideias apresentadas.<\/p>\n\n\n\n<p>O desempenho nessa etapa ser\u00e1 somado \u00e0 nota da prova objetiva para compor a pontua\u00e7\u00e3o total do candidato.<\/p>\n\n\n\n<h3 class=\"wp-block-heading\">Prova de t\u00edtulos<\/h3>\n\n\n\n<p>A prova de t\u00edtulos ser\u00e1 destinada aos <strong>cargos de n\u00edvel superior<\/strong> e ter\u00e1 <strong>car\u00e1ter classificat\u00f3rio<\/strong>. A pontua\u00e7\u00e3o m\u00e1xima ser\u00e1 obtida a partir da an\u00e1lise das titula\u00e7\u00f5es acad\u00eamicas apresentadas pelos candidatos aprovados nas etapas anteriores.<\/p>\n\n\n\n<p>Ser\u00e3o considerados os seguintes t\u00edtulos:<\/p>\n\n\n\n<ul class=\"wp-block-list\"><li><strong>Curso de Especializa\u00e7\u00e3o (P\u00f3s-Gradua\u00e7\u00e3o)<\/strong>, com carga m\u00ednima de 360 horas e rela\u00e7\u00e3o direta com o cargo: <strong>1 ponto<\/strong>, sendo poss\u00edvel apresentar at\u00e9 dois certificados (m\u00e1ximo de 2 pontos);<\/li>\n\n\n\n<li><strong>Mestrado<\/strong>, reconhecido pelo MEC e relacionado ao cargo: <strong>3 pontos<\/strong>, limitado a um certificado;<\/li>\n\n\n\n<li><strong>Doutorado<\/strong>, reconhecido pelo MEC e relacionado ao cargo: <strong>4 pontos<\/strong>, limitado a um certificado.<\/li>\n<\/ul><p>Os documentos comprobat\u00f3rios dever\u00e3o ser apresentados em c\u00f3pias autenticadas em cart\u00f3rio, acompanhados do diploma, certificado ou hist\u00f3rico escolar, conforme as exig\u00eancias do edital.<\/p>\n\n\n\n<p>O concurso Prefeitura de Arapiraca ter\u00e1 <strong>validade de um ano<\/strong>, contado a partir da data da publica\u00e7\u00e3o da homologa\u00e7\u00e3o do resultado final, podendo ser <strong>prorrogado uma vez por igual per\u00edodo<\/strong>, a crit\u00e9rio da administra\u00e7\u00e3o municipal.<\/p>\n\n\n\n<h2 class=\"wp-block-heading\" id=\"o-que-cai-na-prova-do-concurso-prefeitura-de-arapiracaal\">O que cai na prova do concurso Prefeitura de Arapiraca-AL?<\/h2>\n\n\n\n<p>Confira os conte\u00fados principais que ser\u00e3o cobrados a todos os cargos de n\u00edvel m\u00e9dio do concurso Prefeitura de Arapiraca:<\/p>\n\n\n\n<h3 class=\"wp-block-heading\">Portugu\u00eas (todos os cargos de ensino m\u00e9dio \/ curso t\u00e9cnico)<\/h3>\n\n\n\n<ul class=\"wp-block-list\"><li>Leitura e compreens\u00e3o de textos variados.<\/li>\n\n\n\n<li>Modos de organiza\u00e7\u00e3o do discurso: descritivo, narrativo, argumentativo, injuntivo, expositivo e dissertativo.<\/li>\n\n\n\n<li>G\u00eaneros do discurso: defini\u00e7\u00e3o e reconhecimento dos elementos b\u00e1sicos.<\/li>\n\n\n\n<li>Coes\u00e3o e coer\u00eancia: mecanismos e efeitos de sentido no texto.<\/li>\n\n\n\n<li>Rela\u00e7\u00e3o entre as partes do texto: causa, consequ\u00eancia, compara\u00e7\u00e3o, conclus\u00e3o, exemplifica\u00e7\u00e3o, generaliza\u00e7\u00e3o e particulariza\u00e7\u00e3o.<\/li>\n\n\n\n<li>Conectivos: classifica\u00e7\u00e3o, uso e efeitos de sentido.<\/li>\n\n\n\n<li>Verbos: pessoa, n\u00famero, tempo e modo.<\/li>\n\n\n\n<li>Vozes verbais.<\/li>\n\n\n\n<li>Transitividade verbal e nominal.<\/li>\n\n\n\n<li>Estrutura, classifica\u00e7\u00e3o e forma\u00e7\u00e3o de palavras.<\/li>\n\n\n\n<li>Fun\u00e7\u00f5es e classes de palavras.<\/li>\n\n\n\n<li>Flex\u00e3o nominal e verbal.<\/li>\n\n\n\n<li>Reg\u00eancia verbal e nominal.<\/li>\n\n\n\n<li>Pronomes: emprego, formas de tratamento e coloca\u00e7\u00e3o.<\/li>\n\n\n\n<li>Figuras de linguagem.<\/li>\n\n\n\n<li>Fun\u00e7\u00f5es da linguagem.<\/li>\n\n\n\n<li>Sin\u00f4nimos, ant\u00f4nimos, par\u00f4nimos e hom\u00f4nimos.<\/li>\n\n\n\n<li>Acentua\u00e7\u00e3o gr\u00e1fica.<\/li>\n\n\n\n<li>Pontua\u00e7\u00e3o: regras e efeitos de sentido.<\/li>\n\n\n\n<li>Recursos gr\u00e1ficos: regras e efeitos de sentido.<\/li>\n\n\n\n<li>Sintaxe do per\u00edodo simples.<\/li>\n\n\n\n<li>Coordena\u00e7\u00e3o e subordina\u00e7\u00e3o.<\/li>\n\n\n\n<li>Crase.<\/li>\n\n\n\n<li>Ortografia.<\/li>\n<\/ul><h3 class=\"wp-block-heading\">Inform\u00e1tica (todos os cargos de ensino m\u00e9dio \/ curso t\u00e9cnico)<\/h3>\n\n\n\n<ul class=\"wp-block-list\"><li>Modalidades de processamento.<\/li>\n\n\n\n<li>Organiza\u00e7\u00e3o e arquitetura de computadores: conceitos, tipos e caracter\u00edsticas.<\/li>\n\n\n\n<li>Componentes de hardware e funcionamento.<\/li>\n\n\n\n<li>Principais perif\u00e9ricos e dispositivos de entrada e sa\u00edda.<\/li>\n\n\n\n<li>Unidades de armazenamento.<\/li>\n\n\n\n<li>Mem\u00f3ria, conex\u00f5es e conectores.<\/li>\n\n\n\n<li>Opera\u00e7\u00e3o dos equipamentos.<\/li>\n\n\n\n<li>Software:\n<ul class=\"wp-block-list\"><li>Software livre.<\/li>\n\n\n\n<li>Software b\u00e1sico e aplicativo.<\/li>\n\n\n\n<li>Utilit\u00e1rios.<\/li>\n<\/ul><\/li>\n\n\n\n<li>Sistemas operacionais: conceitos, caracter\u00edsticas, teclas de fun\u00e7\u00e3o, \u00edcones e atalhos de teclado, uso dos recursos.<\/li>\n\n\n\n<li>Ambientes Windows 10BR \/ 11BR e Linux:\n<ul class=\"wp-block-list\"><li>Conceitos e caracter\u00edsticas.<\/li>\n\n\n\n<li>Distribui\u00e7\u00f5es Linux (32 e 64 bits).<\/li>\n\n\n\n<li>Instala\u00e7\u00e3o, pastas e diret\u00f3rios.<\/li>\n\n\n\n<li>Configura\u00e7\u00e3o e utiliza\u00e7\u00e3o dos recursos.<\/li>\n\n\n\n<li>Utilit\u00e1rios padr\u00e3o.<\/li>\n\n\n\n<li>Comandos e fun\u00e7\u00f5es principais.<\/li>\n\n\n\n<li>Sistemas de arquivos, opera\u00e7\u00f5es, permiss\u00f5es e seguran\u00e7a de arquivos.<\/li>\n<\/ul><\/li>\n\n\n\n<li>Editores, processadores de texto, planilhas, softwares de apresenta\u00e7\u00e3o e bancos de dados:\n<ul class=\"wp-block-list\"><li>Conceitos e caracter\u00edsticas.<\/li>\n\n\n\n<li>Teclas de fun\u00e7\u00e3o, \u00edcones e atalhos.<\/li>\n\n\n\n<li>Uso dos recursos.<\/li>\n\n\n\n<li>Pacotes MS Office BR (Word, Excel, PowerPoint, Access \u2013 \u00faltimas vers\u00f5es).<\/li>\n\n\n\n<li>LibreOffice 24.8.2.1 ou superior (Writer, Calc, Impress, Base \u2013 32 e 64 bits).<\/li>\n\n\n\n<li>Edi\u00e7\u00e3o e formata\u00e7\u00e3o de textos.<\/li>\n\n\n\n<li>Cria\u00e7\u00e3o e uso de planilhas de c\u00e1lculo.<\/li>\n\n\n\n<li>Cria\u00e7\u00e3o e exibi\u00e7\u00e3o de apresenta\u00e7\u00f5es de slides.<\/li>\n\n\n\n<li>No\u00e7\u00f5es b\u00e1sicas de bancos de dados.<\/li>\n<\/ul><\/li>\n\n\n\n<li>Microsoft 365 em portugu\u00eas: conceitos, componentes, instala\u00e7\u00e3o, configura\u00e7\u00e3o e uso dos recursos.<\/li>\n\n\n\n<li>Seguran\u00e7a da informa\u00e7\u00e3o, de equipamentos, sistemas, redes, Internet e nuvem:\n<ul class=\"wp-block-list\"><li>Conceitos e pilares da seguran\u00e7a.<\/li>\n\n\n\n<li>V\u00edrus e antiv\u00edrus.<\/li>\n\n\n\n<li>Backup, firewall e criptografia.<\/li>\n\n\n\n<li>Cuidados gerais.<\/li>\n\n\n\n<li>Lei Geral de Prote\u00e7\u00e3o de Dados (LGPD).<\/li>\n<\/ul><\/li>\n\n\n\n<li>Redes de computadores:\n<ul class=\"wp-block-list\"><li>Conceitos e caracter\u00edsticas.<\/li>\n\n\n\n<li>Meios de transmiss\u00e3o, conex\u00f5es, cabos e conectores.<\/li>\n\n\n\n<li>Protocolos e topologias.<\/li>\n\n\n\n<li>Tecnologias e padr\u00f5es.<\/li>\n\n\n\n<li>Redes cabeadas e wireless\/Wi-Fi.<\/li>\n\n\n\n<li>Modelo OSI\/ISSO e arquitetura TCP\/IP.<\/li>\n\n\n\n<li>Utilit\u00e1rios de configura\u00e7\u00e3o e verifica\u00e7\u00e3o.<\/li>\n\n\n\n<li>M\u00e1scara de rede\/sub-rede.<\/li>\n<\/ul><\/li>\n\n\n\n<li>Internet x Web:\n<ul class=\"wp-block-list\"><li>Conceitos e caracter\u00edsticas.<\/li>\n\n\n\n<li>Internet, Intranet e Extranet.<\/li>\n\n\n\n<li>Ferramentas e recursos.<\/li>\n\n\n\n<li>Navegadores (Edge, Chrome, Firefox \u2013 32 e 64 bits).<\/li>\n\n\n\n<li>Navega\u00e7\u00e3o, correio eletr\u00f4nico e webmail.<\/li>\n\n\n\n<li>Softwares Mozilla Thunderbird e Outlook (32 e 64 bits).<\/li>\n\n\n\n<li>Ferramentas de busca e pesquisa na web.<\/li>\n<\/ul><\/li>\n\n\n\n<li>Redes sociais e computa\u00e7\u00e3o em nuvem:\n<ul class=\"wp-block-list\"><li>Conceitos e principais redes e servi\u00e7os.<\/li>\n\n\n\n<li>Uso dos recursos.<\/li>\n<\/ul><\/li>\n\n\n\n<li>Ferramentas Google: Gmail, Google Meet, Google Documentos, Planilhas, Drive, Agenda \u2013 conceitos e uso dos recursos.<\/li>\n\n\n\n<li>Microsoft Teams: conceitos e uso dos recursos.<\/li>\n<\/ul><h3 class=\"wp-block-heading\">\u00c9tica (todos os cargos de ensino m\u00e9dio \/ curso t\u00e9cnico)<\/h3>\n\n\n\n<ul class=\"wp-block-list\"><li>Conceitos b\u00e1sicos de \u00e9tica: defini\u00e7\u00e3o de \u00e9tica e moral; \u00e9tica, filosofia e educa\u00e7\u00e3o.<\/li>\n\n\n\n<li>\u00c9tica e vida p\u00fablica: distin\u00e7\u00e3o entre vida p\u00fablica e esfera privada; papel do Estado na educa\u00e7\u00e3o; democracia, cidadania e educa\u00e7\u00e3o; cidadania no Brasil e papel da escola; servi\u00e7o p\u00fablico e desafios contempor\u00e2neos.<\/li>\n\n\n\n<li>Conduta \u00e9tica no servi\u00e7o p\u00fablico: regras de conduta, profissionalismo, decoro e civilidade; princ\u00edpios fundamentais (probidade, honestidade, dignidade, decoro, zelo, efic\u00e1cia, cortesia, respeito, lealdade).<\/li>\n\n\n\n<li>Deveres, veda\u00e7\u00f5es e responsabilidades do servidor p\u00fablico: compromisso com o interesse p\u00fablico; assiduidade, pontualidade e produtividade; urbanidade e respeito no relacionamento com colegas e comunidade escolar.<\/li>\n\n\n\n<li>Legisla\u00e7\u00e3o aplicada \u00e0 \u00e9tica no servi\u00e7o p\u00fablico:\n<ul class=\"wp-block-list\"><li>Constitui\u00e7\u00e3o Federal de 1988.<\/li>\n\n\n\n<li>Lei n\u00ba 14.230\/2021 (altera a Lei n\u00ba 8.429\/1992 \u2013 Improbidade Administrativa).<\/li>\n\n\n\n<li>Lei n\u00ba 12.527\/2011 (Lei de Acesso \u00e0 Informa\u00e7\u00e3o).<\/li>\n\n\n\n<li>Decretos regulamentadores e legisla\u00e7\u00e3o municipal espec\u00edfica para educa\u00e7\u00e3o.<\/li>\n<\/ul><\/li>\n\n\n\n<li>\u00c9tica, integridade e cidadania na educa\u00e7\u00e3o: pol\u00edticas p\u00fablicas para inclus\u00e3o e equidade.<\/li>\n\n\n\n<li>Par\u00e2metros Curriculares Nacionais \u2013 \u00c9tica (documento MEC).<\/li>\n\n\n\n<li>Estatuto do Magist\u00e9rio P\u00fablico Municipal \u2013 Lei Municipal n\u00ba 2.838\/2012.<\/li>\n\n\n\n<li>Estatuto do Servidor P\u00fablico Municipal.<\/li>\n<\/ul><h3 class=\"wp-block-heading\">Conhecimentos Gerais sobre o Munic\u00edpio (todos os cargos de ensino m\u00e9dio \/ curso t\u00e9cnico)<\/h3>\n\n\n\n<ul class=\"wp-block-list\"><li>Origem da regi\u00e3o de Arapiraca: primeiras ocupa\u00e7\u00f5es, in\u00edcio do povoamento, evolu\u00e7\u00e3o hist\u00f3rica e administrativa.<\/li>\n\n\n\n<li>Habitantes, conflitos, edifica\u00e7\u00f5es e atividades econ\u00f4micas.<\/li>\n\n\n\n<li>Situa\u00e7\u00e3o atual: aspectos f\u00edsicos e geogr\u00e1ficos do munic\u00edpio \u2013 clima, relevo, popula\u00e7\u00e3o, localiza\u00e7\u00e3o, \u00e1rea, limites, distritos, caracter\u00edsticas urbanas e atividades econ\u00f4micas predominantes.<\/li>\n\n\n\n<li>Patrim\u00f4nio natural, cultural, hist\u00f3rico e arquitet\u00f4nico.<\/li>\n\n\n\n<li>Atra\u00e7\u00f5es tur\u00edsticas, culturais e de lazer, datas comemorativas e destaques do munic\u00edpio.<\/li>\n\n\n\n<li>Personalidades hist\u00f3ricas e contempor\u00e2neas.<\/li>\n\n\n\n<li>Posi\u00e7\u00e3o do munic\u00edpio na divis\u00e3o regional tur\u00edstica do Estado e sua classifica\u00e7\u00e3o no Mapa do Turismo.<\/li>\n\n\n\n<li>Aspectos e indicadores sociais, econ\u00f4micos, educacionais e financeiros.<\/li>\n\n\n\n<li>Servi\u00e7os municipais: organiza\u00e7\u00e3o e estrutura administrativa da Prefeitura de Arapiraca (\u00f3rg\u00e3os de administra\u00e7\u00e3o direta e indireta).<\/li>\n\n\n\n<li>Posi\u00e7\u00e3o no contexto regional e relacionamento com munic\u00edpios vizinhos.<\/li>\n\n\n\n<li>Lei Org\u00e2nica do Munic\u00edpio de Arapiraca.<\/li>\n\n\n\n<li>Bandeira e hino do munic\u00edpio.<\/li>\n<\/ul><h2 class=\"wp-block-heading\" id=\"materiais-preparatrios-para-o-concurso-prefeitura-de-arapira\">Materiais preparat\u00f3rios para o concurso Prefeitura de Arapiraca<\/h2>\n\n\n\n<p>Sabemos que a jornada rumo ao servi\u00e7o p\u00fablico pode parecer desafiadora, mas voc\u00ea n\u00e3o est\u00e1 sozinho! A <a href=\"https:\/\/www.novaconcursos.com.br\/\" data-type=\"link\" data-id=\"https:\/\/www.novaconcursos.com.br\/\">Nova Concursos<\/a> tem o compromisso de transformar vidas por meio da educa\u00e7\u00e3o, oferecendo materiais de qualidade e ajudando mais de <strong>100 mil alunos<\/strong> a conquistarem a t\u00e3o sonhada aprova\u00e7\u00e3o.<\/p>\n\n\n\n<p>Entre essas hist\u00f3rias inspiradoras, est\u00e1 a de Daniel Assis, que, desde 2018, conta com o apoio da Nova e vem colecionando aprova\u00e7\u00f5es, mudando completamente sua trajet\u00f3ria profissional.<\/p>\n\n\n\n<p>Seja voc\u00ea o pr\u00f3ximo! Confira o <a href=\"https:\/\/resultados.novaconcursos.com.br\/daniel-assis-aprovado-no-see-mg\" data-type=\"link\" data-id=\"https:\/\/resultados.novaconcursos.com.br\/daniel-assis-aprovado-no-see-mg\">depoimento<\/a> e fa\u00e7a da Nova Concursos sua maior aliada rumo \u00e0 aprova\u00e7\u00e3o no concurso Prefeitura de Arapiraca!<\/p>\n\n\n\n<div class=\"nova-continue-reading\">Confira: <a href=\"https:\/\/www.novaconcursos.com.br\/concurso\/prefeitura-de-arapiraca\/\" data-type=\"link\" data-id=\"https:\/\/www.novaconcursos.com.br\/concurso\/prefeitura-de-arapiraca\/\">Materiais preparat\u00f3rios para o concurso Prefeitura de Arapiraca<\/a><\/div>\n\n\n\n<h3 class=\"wp-block-heading\">Curso Online Prefeitura de Arapiraca \u2013 Assistente Administrativo Educacional<\/h3>\n\n\n\n<p>O curso online Prefeitura de Arapiraca \u2013 AL \u2013 Assistente Administrativo Educacional est\u00e1 totalmente alinhado ao edital publicado em outubro de 2025 e atualizado com as informa\u00e7\u00f5es mais recentes. <\/p>\n\n\n\n<p>As aulas s\u00e3o ministradas por professores especialistas e organizadas por disciplina e assunto, seguindo rigorosamente a ordem do conte\u00fado program\u00e1tico, garantindo uma prepara\u00e7\u00e3o pr\u00e1tica, completa e direcionada para o sucesso do candidato. Confira j\u00e1 e conhe\u00e7a a chave para a sua aprova\u00e7\u00e3o no concurso prefeitura de Arapiraca.<\/p>\n\n\n\n<h3 class=\"wp-block-heading\">Assinatura Nova Concursos<\/h3>\n\n\n\n<p>Com o nosso exclusivo\u00a0<a href=\"https:\/\/aprovacao.novaconcursos.com.br\/assinatura\/?_gl=1*1leoa1x*_gcl_aw*R0NMLjE3NTUwMTEwNjguQ2owS0NRand6T3ZFQmhEVkFSSXNBREhmSkpTby1CeVpCRHpsYVRMQVNsbGpfMFdpdUV1THRRbzM0SGNfWWsyLTVnelBPTjcxWG4yYmpDMGFBck9yRUFMd193Y0I.*_gcl_au*NDE2NTU0ODc1LjE3NTMxODIzNTU.\">Plano do Especialista<\/a>, voc\u00ea segue uma trilha de estudos personalizada, organizada em ciclos que funcionam como um verdadeiro guia at\u00e9 a aprova\u00e7\u00e3o, como se tivesse um professor ao seu lado durante toda a prepara\u00e7\u00e3o.<\/p>\n\n\n\n<p>Al\u00e9m disso, oferecemos um atendimento humanizado, com tutores prontos para tirar d\u00favidas e orientar cada etapa da sua jornada.<\/p>\n\n\n\n<p>N\u00e3o adie o seu sonho:\u00a0<a href=\"https:\/\/aprovacao.novaconcursos.com.br\/assinatura\/?_gl=1*1leoa1x*_gcl_aw*R0NMLjE3NTUwMTEwNjguQ2owS0NRand6T3ZFQmhEVkFSSXNBREhmSkpTby1CeVpCRHpsYVRMQVNsbGpfMFdpdUV1THRRbzM0SGNfWWsyLTVnelBPTjcxWG4yYmpDMGFBck9yRUFMd193Y0I.*_gcl_au*NDE2NTU0ODc1LjE3NTMxODIzNTU.\">assine agora mesmo<\/a>\u00a0e descubra como \u00e9 se preparar com quem j\u00e1 ajudou milhares de candidatos a conquistar a aprova\u00e7\u00e3o!<\/p>\n\n\n\n<p>Continue ligado em nosso <a href=\"https:\/\/www.novaconcursos.com.br\/portal\/\" data-type=\"link\" data-id=\"https:\/\/www.novaconcursos.com.br\/portal\/\">blog<\/a> para mais not\u00edcias sobre concursos p\u00fablicos.<\/p>","protected":false},"excerpt":{"rendered":"<p>O concurso Prefeitura de Arapiraca teve o edital publicado, ofertando 392 vagas para n\u00edveis m\u00e9dio e syuperior, com iniciais de at\u00e9 R$4,3 mil. Confira!<\/p>\n","protected":false},"author":54693,"featured_media":295393,"comment_status":"closed","ping_status":"closed","sticky":false,"template":"","format":"standard","meta":{"_acf_changed":false,"footnotes":"","_wp_rev_ctl_limit":""},"categories":[44999,44964,44944],"tags":[45594,30416,45049],"class_list":["post-295395","post","type-post","status-publish","format-standard","has-post-thumbnail","hentry","category-concursos","category-al","category-carreira-educacao","tag-concurso-prefeitura-de-arapiraca","tag-concurso-prefeitura-de-arapiraca-al","tag-concursos-abertos-al"],"acf":[],"_links":{"self":[{"href":"https:\/\/www.novaconcursos.com.br\/portal\/wp-json\/wp\/v2\/posts\/295395","targetHints":{"allow":["GET"]}}],"collection":[{"href":"https:\/\/www.novaconcursos.com.br\/portal\/wp-json\/wp\/v2\/posts"}],"about":[{"href":"https:\/\/www.novaconcursos.com.br\/portal\/wp-json\/wp\/v2\/types\/post"}],"author":[{"embeddable":true,"href":"https:\/\/www.novaconcursos.com.br\/portal\/wp-json\/wp\/v2\/users\/54693"}],"replies":[{"embeddable":true,"href":"https:\/\/www.novaconcursos.com.br\/portal\/wp-json\/wp\/v2\/comments?post=295395"}],"version-history":[{"count":4,"href":"https:\/\/www.novaconcursos.com.br\/portal\/wp-json\/wp\/v2\/posts\/295395\/revisions"}],"predecessor-version":[{"id":296108,"href":"https:\/\/www.novaconcursos.com.br\/portal\/wp-json\/wp\/v2\/posts\/295395\/revisions\/296108"}],"wp:featuredmedia":[{"embeddable":true,"href":"https:\/\/www.novaconcursos.com.br\/portal\/wp-json\/wp\/v2\/media\/295393"}],"wp:attachment":[{"href":"https:\/\/www.novaconcursos.com.br\/portal\/wp-json\/wp\/v2\/media?parent=295395"}],"wp:term":[{"taxonomy":"category","embeddable":true,"href":"https:\/\/www.novaconcursos.com.br\/portal\/wp-json\/wp\/v2\/categories?post=295395"},{"taxonomy":"post_tag","embeddable":true,"href":"https:\/\/www.novaconcursos.com.br\/portal\/wp-json\/wp\/v2\/tags?post=295395"}],"curies":[{"name":"wp","href":"https:\/\/api.w.org\/{rel}","templated":true}]}}