{"id":296306,"date":"2025-10-29T11:06:27","date_gmt":"2025-10-29T14:06:27","guid":{"rendered":"https:\/\/www.novaconcursos.com.br\/portal\/?p=296306"},"modified":"2025-10-29T11:11:42","modified_gmt":"2025-10-29T14:11:42","slug":"concurso-unificado-pe-lei-de-cotas-sancionada","status":"publish","type":"post","link":"https:\/\/www.novaconcursos.com.br\/portal\/noticias\/concurso-unificado-pe-lei-de-cotas-sancionada\/","title":{"rendered":"Concurso Unificado PE ser\u00e1 retomado! Lei de cotas \u00e9 sancionada!"},"content":{"rendered":"<p>Voltamos a falar do <a href=\"https:\/\/www.novaconcursos.com.br\/portal\/concursos\/concurso-unificado-pe\/\" data-type=\"link\" data-id=\"https:\/\/www.novaconcursos.com.br\/portal\/concursos\/concurso-unificado-pe\/\">concurso Unificado PE<\/a>, e desta vez com boas not\u00edcias! Foi <strong>sancionada a lei <\/strong>que garante a<strong> reserva de vagas para cotas raciais<\/strong> em concursos p\u00fablicos e processos seletivos da gest\u00e3o estadual. Agora, a pol\u00edtica de inclus\u00e3o assegura <strong>30% das oportunidades<\/strong> para<strong> <\/strong>esses candidatos. <\/p>\n\n\n\n<p>A medida representa um passo importante para a retomada da sele\u00e7\u00e3o, que havia sido suspensa anteriormente devido \u00e0 aus\u00eancia de previs\u00e3o legal para reserva de vagas. Com a san\u00e7\u00e3o da lei, o governo de Pernambuco d\u00e1 prosseguimento \u00e0 elabora\u00e7\u00e3o de um novo edital, adequado \u00e0 nova legisla\u00e7\u00e3o e com o ajuste das vagas.<\/p>\n\n\n\n<p>Para os concurseiros que aguardam essa oportunidade, o momento \u00e9 de intensificar os estudos. O edital do <a href=\"https:\/\/www.novaconcursos.com.br\/portal\/concursos\/concurso-unificado-pe\/\" data-type=\"link\" data-id=\"https:\/\/www.novaconcursos.com.br\/portal\/concursos\/concurso-unificado-pe\/\">concurso Unificado do PE<\/a> est\u00e1 em fase final de ajustes e deve ser republicado em breve. Continue a leitura e fique por dentro dos \u00faltimos preparativos para a retomada da sele\u00e7\u00e3o.<\/p>\n\n\n\n<h2 class=\"wp-block-heading\" id=\"reserva-de-vagas-para-cotas-garantida\">Reserva de vagas para cotas garantida<\/h2>\n\n\n\n<p>A nova lei, sancionada no dia 28 de outubro, estabelece a <strong>reserva de 30% das vagas<\/strong> ofertadas em concursos p\u00fablicos e sele\u00e7\u00f5es simplificadas do Estado de Pernambuco para <strong>pessoas pretas, pardas, ind\u00edgenas e quilombolas<\/strong>.<\/p>\n\n\n\n<p>De acordo com a norma, a divis\u00e3o das cotas ser\u00e1 feita da seguinte forma:<\/p>\n\n\n\n<ul class=\"wp-block-list\"><li><strong>25% das vagas<\/strong> destinadas a candidatos <strong>pretos e pardos<\/strong>;<\/li>\n\n\n\n<li><strong>3% das vagas<\/strong> reservadas a <strong>ind\u00edgenas<\/strong>;<\/li>\n\n\n\n<li><strong>2% das vagas<\/strong> voltadas a <strong>quilombolas<\/strong>.<\/li>\n<\/ul><p>A lei foi assinada pelo presidente do Tribunal de Justi\u00e7a de Pernambuco, Ricardo Paes Barreto, no exerc\u00edcio do cargo de governador em raz\u00e3o de compromissos oficiais da governadora e da vice-governadora. Durante a san\u00e7\u00e3o, Paes Barreto destacou:<\/p>\n\n\n\n<blockquote class=\"wp-block-quote is-layout-flow wp-block-quote-is-layout-flow\">\n<p>\u201c<em>Estamos sancionando a lei que permite as cotas para negros, pardos, quilombolas e ind\u00edgenas no primeiro Concurso Unificado do Estado de Pernambuco. Com isso, os editais p\u00fablicos permanecem r\u00edgidos e todos ter\u00e3o a oportunidade de realizar as inscri\u00e7\u00f5es, pedindo as cotas quando for o caso. Esta \u00e9 mais uma a\u00e7\u00e3o do Governo de Pernambuco no sentido de integrar a todos<\/em>.\u201d<\/p>\n<\/blockquote>\n\n\n\n<figure class=\"wp-block-image size-full\"><a href=\"https:\/\/www.novaconcursos.com.br\/portal\/wp-content\/uploads\/2025\/10\/concurso-unificado-pe-lei-de-cotas-sancionada.webp\"><img decoding=\"async\" width=\"970\" height=\"600\" src=\"https:\/\/www.novaconcursos.com.br\/portal\/wp-content\/uploads\/2025\/10\/concurso-unificado-pe-lei-de-cotas-sancionada.webp\" alt=\"Concurso Unificado PE Lei De Cotas Sancionada\" class=\"wp-image-296310\" loading=\"lazy\" title=\"\" srcset=\"https:\/\/www.novaconcursos.com.br\/portal\/wp-content\/uploads\/2025\/10\/concurso-unificado-pe-lei-de-cotas-sancionada-300x186.webp 300w, https:\/\/www.novaconcursos.com.br\/portal\/wp-content\/uploads\/2025\/10\/concurso-unificado-pe-lei-de-cotas-sancionada-480x297.webp 480w, https:\/\/www.novaconcursos.com.br\/portal\/wp-content\/uploads\/2025\/10\/concurso-unificado-pe-lei-de-cotas-sancionada-768x475.webp 768w, https:\/\/www.novaconcursos.com.br\/portal\/wp-content\/uploads\/2025\/10\/concurso-unificado-pe-lei-de-cotas-sancionada.webp 970w\" sizes=\"auto, (max-width: 480px) 100vw, (max-width: 768px) 100vw, (max-width: 1200px) 70vw, 768px\"><\/a><figcaption class=\"wp-element-caption\">Com lei sancionada, retomada do concurso Unificado PE acontecer\u00e1 em breve!<br>Foto\/Reprodu\u00e7\u00e3o: <a href=\"https:\/\/www.pe.gov.br\/app\/catalog\/noticias\" target=\"_blank\" data-type=\"link\" data-id=\"https:\/\/www.pe.gov.br\/app\/catalog\/noticias\" rel=\"noreferrer noopener\">Secom<\/a><\/figcaption><\/figure><p>A proposta foi aprovada por 36 parlamentares da Assembleia Legislativa de Pernambuco (Alepe), com apenas uma absten\u00e7\u00e3o, e altera a Lei n\u00ba 14.547, oficializando a nova pol\u00edtica de cotas a partir dos pr\u00f3ximos certames estaduais, incluindo o <a href=\"https:\/\/www.novaconcursos.com.br\/portal\/concursos\/concurso-unificado-pe\/\" data-type=\"link\" data-id=\"https:\/\/www.novaconcursos.com.br\/portal\/concursos\/concurso-unificado-pe\/\">concurso Unificado para o PE<\/a>.<\/p>\n\n\n\n<h2 class=\"wp-block-heading\" id=\"nova-norma-ir-garantir-retomada-do-concurso-unificado-pe\">Nova norma ir\u00e1 garantir retomada do concurso Unificado PE<\/h2>\n\n\n\n<p>A nova lei de cotas sancionada foi uma resposta direta \u00e0 controv\u00e9rsia causada pelo <a href=\"https:\/\/www.novaconcursos.com.br\/portal\/concursos\/concurso-unificado-pe\/\" data-type=\"link\" data-id=\"https:\/\/www.novaconcursos.com.br\/portal\/concursos\/concurso-unificado-pe\/\">edital Unificado PE Concurso<\/a>. O documento, publicado em 9 de outubro, n\u00e3o contava previs\u00e3o de reserva de vagas para pretos, pardos, ind\u00edgenas e quilombolas.<\/p>\n\n\n\n<p>A aus\u00eancia das cotas gerou rea\u00e7\u00e3o imediata de institui\u00e7\u00f5es e diversos setores da sociedade pernambucana, causando repercurss\u00e3o e cr\u00edticas e, em menos de 24 horas, levou \u00e0 suspens\u00e3o tempor\u00e1ria das inscri\u00e7\u00f5es.<\/p>\n\n\n\n<p>Segundo o governo, os mais de 8.500 candidatos que j\u00e1 haviam feito suas inscri\u00e7\u00f5es no concurso Unificado PE, conforme declarou a governadora Raquel Lyra, ter\u00e3o suas inscri\u00e7\u00f5es preservadas e n\u00e3o ser\u00e3o prejudicados. As novas datas para reabertura das inscri\u00e7\u00f5es aos demais interessados e para a realiza\u00e7\u00e3o das provas ser\u00e3o divulgadas posteriormente. <\/p>\n\n\n\n<p>A secret\u00e1ria de Administra\u00e7\u00e3o, Ana Mara\u00edza, informou que um novo edital ser\u00e1 publicado em breve, j\u00e1 contemplando as regras de cotas previstas na legisla\u00e7\u00e3o rec\u00e9m-sancionada.<\/p>\n\n\n\n<blockquote class=\"wp-block-quote is-layout-flow wp-block-quote-is-layout-flow\">\n<p><em>\u201cOs concurseiros podem intensificar os estudos, pois um novo edital j\u00e1 contendo as informa\u00e7\u00f5es das cotas raciais ser\u00e1 publicado em breve. Desejo a todos e todas foco e dedica\u00e7\u00e3o nos estudos e sucesso nas provas\u201d, <\/em>afirmou a secret\u00e1ria.<\/p>\n<\/blockquote>\n\n\n\n<p>Portanto, assim que o texto for incorporado, o edital ser\u00e1 retificado e as inscri\u00e7\u00f5es reabertas.<\/p>\n\n\n\n<h2 class=\"wp-block-heading\" id=\"sobre-o-edital-do-concurso-unificado-pe\">Sobre o edital do concurso Unificado PE<\/h2>\n\n\n\n<p>Em outubro de 2025, foi publicado o edital de <a href=\"https:\/\/www.novaconcursos.com.br\/portal\/concursos\/concurso-unificado-pe\/\" data-type=\"link\" data-id=\"https:\/\/www.novaconcursos.com.br\/portal\/concursos\/concurso-unificado-pe\/\">Concursos Unificado do PE<\/a>, uma iniciativa in\u00e9dita do governo estadual que re\u00fane, em um \u00fanico certame, vagas para diversos \u00f3rg\u00e3os e funda\u00e7\u00f5es p\u00fablicas. <\/p>\n\n\n\n<p>Organizado pela Funda\u00e7\u00e3o Carlos Chagas (FCC), o concurso Unificado PE oferece <strong>460 vagas imediatas<\/strong> para cargos de <strong>n\u00edveis m\u00e9dio e superior<\/strong>, al\u00e9m de cadastro de reserva.<\/p>\n\n\n\n<p>As oportunidades foram distribu\u00eddas entre nove institui\u00e7\u00f5es estaduais: <strong>SAD, SEPLAG, SCGE, CPRH, ARPE, ATI, FUNAPE, FUNASE e IPEM<\/strong>. O edital dividiu as vagas em <strong>tr\u00eas blocos<\/strong>, de acordo com o n\u00edvel de escolaridade e a \u00e1rea de forma\u00e7\u00e3o:<\/p>\n\n\n\n<ul class=\"wp-block-list\"><li><strong>Bloco 1 \u2013 Forma\u00e7\u00e3o espec\u00edfica de n\u00edvel superior:<\/strong> cargos como Analista de Regula\u00e7\u00e3o (ARPE), Analista em Gest\u00e3o de TI (ATI), Gestor Governamental \u2013 Contador (SAD) e Analista Ambiental (CPRH).<\/li>\n\n\n\n<li><strong>Bloco 2 \u2013 Qualquer \u00e1rea de forma\u00e7\u00e3o superior:<\/strong> cargos como Gestor Governamental (Administra\u00e7\u00e3o, Controle Interno e Planejamento) e Analista em Gest\u00e3o Previdenci\u00e1ria (FUNAPE).<\/li>\n\n\n\n<li><strong>Bloco 3 \u2013 N\u00edvel m\u00e9dio:<\/strong> cargos de Assistente em Gest\u00e3o Ambiental (CPRH) e Agente de Fiscaliza\u00e7\u00e3o Metrol\u00f3gica e Qualidade (IPEM).<\/li>\n<\/ul><p>As remunera\u00e7\u00f5es variam<strong> de R$ 3 mil a mais de R$ 11 mil<\/strong>, conforme o cargo e o \u00f3rg\u00e3o de lota\u00e7\u00e3o, com jornada de 40 horas semanais e benef\u00edcios previstos em lei.<\/p>\n\n\n\n<p>O <a href=\"https:\/\/www.novaconcursos.com.br\/portal\/concursos\/concurso-unificado-pe\/\" data-type=\"link\" data-id=\"https:\/\/www.novaconcursos.com.br\/portal\/concursos\/concurso-unificado-pe\/\">concurso Unifcado do PE<\/a> ser\u00e1 composto por <strong>duas etapas principais<\/strong>, ambas de car\u00e1ter <strong>eliminat\u00f3rio e classificat\u00f3rio<\/strong>:<\/p>\n\n\n\n<ol class=\"wp-block-list\"><li><strong>Provas objetivas e discursivas<\/strong>, aplicadas pela Funda\u00e7\u00e3o Carlos Chagas (FCC);<\/li>\n\n\n\n<li><strong>Programa de forma\u00e7\u00e3o profissional<\/strong>, sob responsabilidade do Governo do Estado, destinado aos cargos de Gestor Governamental.<\/li>\n<\/ol><p>Ainda com a suspens\u00e3o do certame, o governo pretende manter o cronograma original, garantindo que todos os candidatos participem em igualdade de condi\u00e7\u00f5es ap\u00f3s a atualiza\u00e7\u00e3o do edital.<\/p>\n\n\n\n<p>Quer saber tudo sobre o concurso Unificado PE? Confira o guia completo que preparamos, com informa\u00e7\u00f5es detalhadas sobre vagas, sal\u00e1rios, inscri\u00e7\u00f5es, etapas, conte\u00fados cobrados e dicas de prepara\u00e7\u00e3o. <\/p>\n\n\n\n<p>Continue ligado em nosso <a href=\"https:\/\/www.novaconcursos.com.br\/portal\/\" data-type=\"link\" data-id=\"https:\/\/www.novaconcursos.com.br\/portal\/\">blog<\/a> para not\u00edcias sobre certames. At\u00e9 a pr\u00f3xima!<\/p>","protected":false},"excerpt":{"rendered":"<p>O concurso Unificado PE avan\u00e7a rumo a retomada do edital! Lei sancionada traz reserva de vagas para cotas raciais. Veja quais devem ser os pr\u00f3ximos passos!<\/p>\n","protected":false},"author":54693,"featured_media":296303,"comment_status":"closed","ping_status":"closed","sticky":false,"template":"","format":"standard","meta":{"_acf_changed":false,"footnotes":"","_wp_rev_ctl_limit":""},"categories":[228,44994,44997,44958],"tags":[45521,45022],"class_list":["post-296306","post","type-post","status-publish","format-standard","has-post-thumbnail","hentry","category-noticias","category-carreira-ambiental","category-carreira-ti","category-pe","tag-concurso-unificado-pe","tag-concursos-abertos-pe"],"acf":[],"_links":{"self":[{"href":"https:\/\/www.novaconcursos.com.br\/portal\/wp-json\/wp\/v2\/posts\/296306","targetHints":{"allow":["GET"]}}],"collection":[{"href":"https:\/\/www.novaconcursos.com.br\/portal\/wp-json\/wp\/v2\/posts"}],"about":[{"href":"https:\/\/www.novaconcursos.com.br\/portal\/wp-json\/wp\/v2\/types\/post"}],"author":[{"embeddable":true,"href":"https:\/\/www.novaconcursos.com.br\/portal\/wp-json\/wp\/v2\/users\/54693"}],"replies":[{"embeddable":true,"href":"https:\/\/www.novaconcursos.com.br\/portal\/wp-json\/wp\/v2\/comments?post=296306"}],"version-history":[{"count":3,"href":"https:\/\/www.novaconcursos.com.br\/portal\/wp-json\/wp\/v2\/posts\/296306\/revisions"}],"predecessor-version":[{"id":296323,"href":"https:\/\/www.novaconcursos.com.br\/portal\/wp-json\/wp\/v2\/posts\/296306\/revisions\/296323"}],"wp:featuredmedia":[{"embeddable":true,"href":"https:\/\/www.novaconcursos.com.br\/portal\/wp-json\/wp\/v2\/media\/296303"}],"wp:attachment":[{"href":"https:\/\/www.novaconcursos.com.br\/portal\/wp-json\/wp\/v2\/media?parent=296306"}],"wp:term":[{"taxonomy":"category","embeddable":true,"href":"https:\/\/www.novaconcursos.com.br\/portal\/wp-json\/wp\/v2\/categories?post=296306"},{"taxonomy":"post_tag","embeddable":true,"href":"https:\/\/www.novaconcursos.com.br\/portal\/wp-json\/wp\/v2\/tags?post=296306"}],"curies":[{"name":"wp","href":"https:\/\/api.w.org\/{rel}","templated":true}]}}