{"id":29638,"date":"2015-11-19T10:07:49","date_gmt":"2015-11-19T12:07:49","guid":{"rendered":"http:\/\/www.novaconcursos.com.br\/portal\/?p=29638"},"modified":"2021-01-28T17:01:15","modified_gmt":"2021-01-28T20:01:15","slug":"tre-pi-altera-cronograma-em-retificacao-em-edital-de-concurso-2015-11","status":"publish","type":"post","link":"https:\/\/www.novaconcursos.com.br\/portal\/noticias\/tre-pi-altera-cronograma-em-retificacao-em-edital-de-concurso-2015-11\/","title":{"rendered":"TRE &#8211; PI altera cronograma em retifica\u00e7\u00e3o de edital de concurso"},"content":{"rendered":"<p><a href=\"https:\/\/www.novaconcursos.com.br\/portal\/wp-content\/uploads\/2015\/10\/TRE-PI-logo.jpg\"><img decoding=\"async\" class=\" size-full wp-image-27483 alignleft\" src=\"https:\/\/www.novaconcursos.com.br\/portal\/wp-content\/uploads\/2015\/10\/TRE-PI-logo.jpg\" alt=\"TRE - PI logo\" width=\"167\" height=\"200\" loading=\"lazy\" title=\"\"><\/a>O Tribunal Regional Eleitoral do Piau\u00ed (<strong>TRE \u2013 PI<\/strong>) publicou uma <strong>retifica\u00e7\u00e3o\u00a0no edital<\/strong> de concurso p\u00fablico com 15 vagas + cadastro reserva. As mudan\u00e7as foram em rela\u00e7\u00e3o \u00e0 algumas <strong>datas de provas<\/strong>, envio de documenta\u00e7\u00f5es, entre outras. Veja:<\/p>\n<p>\u2013 A data das provas objetivas para Analistas e T\u00e9cnicos sofre altera\u00e7\u00e3o: os testes ser\u00e3o aplicados no dia <strong>31 de janeiro de 2016<\/strong>, alguns no per\u00edodo da tarde e outros no per\u00edodo da manh\u00e3.<\/p>\n<p>\u2013 Os documentos comprobat\u00f3rios de defici\u00eancia f\u00edsica e de necessidade de atendimento especial nas provas passam a ser aceitos at\u00e9 o dia 7 de dezembro de 2015.<\/p>\n<p>\u2013\u00a0O extrato de resultado final nas provas objetivas para\u00a0todos os cargos, e\u00a0resultado provis\u00f3rio na prova discursiva de alguns cargos passam a ser disponibilizados no dia 24 de fevereiro de 2016.<\/p>\n<p>\u2013 Outras datas como a divulga\u00e7\u00e3o de gabaritos, prazo de interposi\u00e7\u00e3o de recursos e divulga\u00e7\u00e3o da prova discursiva tamb\u00e9m foram alteradas. Confira na \u00edntegra <a href=\"https:\/\/www.novaconcursos.com.br\/portal\/wp-content\/uploads\/2015\/10\/Retifica%C3%A7%C3%A3o-TRE-PI.pdf\" target=\"_blank\" rel=\"noopener noreferrer\">clicando <em>aqui.<\/em><\/a><\/p>\n<p><strong>Garanta j\u00e1 a sua vaga neste concurso!<\/strong><br><strong>Compre aqui: <a href=\"https:\/\/www.novaconcursos.com.br\/apostila-concurso\/tre-pi-tribunal-regional-eleitoral-do-piaui\" target=\"_blank\" rel=\"noopener noreferrer\">Apostila TRE-PI<\/a><\/strong><br><strong><a href=\"https:\/\/www.novaconcursos.com.br\/apostila\/curso-online\/tre-pi-tribunal-regional-eleitoral-do-piaui\/curso-online-tre-pi\" target=\"_blank\" rel=\"noopener noreferrer\">Curso Online TRE-PI<\/a><\/strong><\/p>\n<p><strong>Sobre o concurso<\/strong><\/p>\n<p>As vagas s\u00e3o para candidatos de n\u00edveis m\u00e9dio e superior, com sal\u00e1rios iniciais\u00a0que variam de <strong>R$ 5.425,79<\/strong>, para T\u00e9cnicos a <strong>R$ 8.863,84<\/strong>, para Analistas.<\/p>\n<p>As inscri\u00e7\u00f5es come\u00e7am no dia 20 de novembro e v\u00e3o at\u00e9 7 de dezembro de 2015. Os interessados devem fazer cadastro no <a href=\"http:\/\/www.cespe.unb.br\/concursos\/TRE_PI_15\/\" target=\"_blank\" rel=\"noopener noreferrer\"><em>site<\/em> da organizadora Cespe\/UnB<\/a>. As taxas de inscri\u00e7\u00e3o s\u00e3o R$ 75,00 ou R$ 95,00.<\/p>\n<p>Para saber mais detalhes e baixar o edital,<a href=\"https:\/\/www.novaconcursos.com.br\/portal\/concursos\/concurso-tre-pi\/\" target=\"_blank\" rel=\"noopener noreferrer\"> veja a p\u00e1gina do <strong>Concurso TRE \u2013 PI!<\/strong><\/a><\/p>\n<p>\u00a0<\/p>","protected":false},"excerpt":{"rendered":"<p>O Tribunal Regional Eleitoral do Piau\u00ed (TRE \u2013 PI) publicou uma retifica\u00e7\u00e3o\u00a0no edital de concurso p\u00fablico com 15 vagas + cadastro reserva. As mudan\u00e7as foram em rela\u00e7\u00e3o \u00e0 algumas datas de provas, envio de documenta\u00e7\u00f5es, entre outras. Veja: \u2013 A data das provas objetivas para Analistas e T\u00e9cnicos sofre altera\u00e7\u00e3o: os testes ser\u00e3o aplicados no [&hellip;]<\/p>\n","protected":false},"author":16,"featured_media":29220,"comment_status":"closed","ping_status":"closed","sticky":false,"template":"","format":"standard","meta":{"_acf_changed":false,"footnotes":"","_wp_rev_ctl_limit":""},"categories":[228],"tags":[15494,15493,15582],"class_list":["post-29638","post","type-post","status-publish","format-standard","has-post-thumbnail","hentry","category-noticias","tag-analise-de-edital-concurso-tre-pi","tag-concurso-tre-pi","tag-o-que-cai-na-prova-concurso-tre-pi"],"acf":[],"_links":{"self":[{"href":"https:\/\/www.novaconcursos.com.br\/portal\/wp-json\/wp\/v2\/posts\/29638","targetHints":{"allow":["GET"]}}],"collection":[{"href":"https:\/\/www.novaconcursos.com.br\/portal\/wp-json\/wp\/v2\/posts"}],"about":[{"href":"https:\/\/www.novaconcursos.com.br\/portal\/wp-json\/wp\/v2\/types\/post"}],"author":[{"embeddable":true,"href":"https:\/\/www.novaconcursos.com.br\/portal\/wp-json\/wp\/v2\/users\/16"}],"replies":[{"embeddable":true,"href":"https:\/\/www.novaconcursos.com.br\/portal\/wp-json\/wp\/v2\/comments?post=29638"}],"version-history":[{"count":6,"href":"https:\/\/www.novaconcursos.com.br\/portal\/wp-json\/wp\/v2\/posts\/29638\/revisions"}],"predecessor-version":[{"id":117021,"href":"https:\/\/www.novaconcursos.com.br\/portal\/wp-json\/wp\/v2\/posts\/29638\/revisions\/117021"}],"wp:featuredmedia":[{"embeddable":true,"href":"https:\/\/www.novaconcursos.com.br\/portal\/wp-json\/wp\/v2\/media\/29220"}],"wp:attachment":[{"href":"https:\/\/www.novaconcursos.com.br\/portal\/wp-json\/wp\/v2\/media?parent=29638"}],"wp:term":[{"taxonomy":"category","embeddable":true,"href":"https:\/\/www.novaconcursos.com.br\/portal\/wp-json\/wp\/v2\/categories?post=29638"},{"taxonomy":"post_tag","embeddable":true,"href":"https:\/\/www.novaconcursos.com.br\/portal\/wp-json\/wp\/v2\/tags?post=29638"}],"curies":[{"name":"wp","href":"https:\/\/api.w.org\/{rel}","templated":true}]}}