{"id":29941,"date":"2015-11-24T17:48:39","date_gmt":"2015-11-24T19:48:39","guid":{"rendered":"http:\/\/www.novaconcursos.com.br\/portal\/?p=29941"},"modified":"2021-01-28T17:00:39","modified_gmt":"2021-01-28T20:00:39","slug":"camara-de-sao-bernardo-sp-recebe-inscricoes-para-concurso-com-salarios-de-ate-r94-mil-2015-11","status":"publish","type":"post","link":"https:\/\/www.novaconcursos.com.br\/portal\/noticias\/camara-de-sao-bernardo-sp-recebe-inscricoes-para-concurso-com-salarios-de-ate-r94-mil-2015-11\/","title":{"rendered":"C\u00e2mara de S\u00e3o Bernardo &#8211; SP recebe inscri\u00e7\u00f5es para concurso com sal\u00e1rios de at\u00e9 R$9,4 mil!"},"content":{"rendered":"<p><a href=\"https:\/\/www.novaconcursos.com.br\/portal\/wp-content\/uploads\/2015\/11\/camara-sao-bernardo-logo.jpg\"><img decoding=\"async\" class=\" size-full wp-image-29942 alignleft\" src=\"https:\/\/www.novaconcursos.com.br\/portal\/wp-content\/uploads\/2015\/11\/camara-sao-bernardo-logo.jpg\" alt=\"camara sao bernardo logo\" width=\"123\" height=\"136\" loading=\"lazy\" title=\"\"><\/a>A <strong>C\u00e2mara Municipal de S\u00e3o Bernardo do Campo<\/strong> est\u00e1 com inscri\u00e7\u00f5es abertas para um concurso que tem o objetivo de contratar <strong>24<\/strong> novos profissionais de <strong>n\u00edveis m\u00e9dio e superior<\/strong>.<\/p>\n<p><strong>Adiante seus estudos para esta prova!<\/strong><br><strong><a href=\"https:\/\/www.novaconcursos.com.br\/apostila-concurso\/completao-dos-concursos\" target=\"_blank\" rel=\"noopener noreferrer\">Compre aqui: Apostila Complet\u00e3o dos Concursos<\/a><\/strong><\/p>\n<p><strong>Vagas<\/strong><\/p>\n<p>Candidatos de <strong>n\u00edvel m\u00e9dio\/t\u00e9cnico<\/strong> podem concorrer \u00e0s vagas de Assistente T\u00e9cnico Legislativo, com sal\u00e1rios de\u00a0<strong>R$ 2.746,70.<\/strong><\/p>\n<p>Quem possui <strong>ensino superior<\/strong> completo tem dispon\u00edveis oportunidades de Procurador Legislativo (para formados em Direito) e de Agente Legislativo com forma\u00e7\u00e3o em qualquer \u00e1rea, ou nas \u00e1reas espec\u00edficas de Direito, Ci\u00eancias Cont\u00e1beis, Economia, Administra\u00e7\u00e3o, Tecnologia da Informa\u00e7\u00e3o-TI e Jornalista. Os sal\u00e1rios para estes cargos podem variam de\u00a0<strong>R$ 4.153,15<\/strong> a at\u00e9\u00a0<strong>R$ 9.418,30<\/strong>.<\/p>\n<p><strong>Inscri\u00e7\u00f5es<\/strong><\/p>\n<p>As inscri\u00e7\u00f5es devem ser feitas <strong>at\u00e9 o dia 17 de dezembro de 2015<\/strong>, pelo <a href=\"http:\/\/www.ibamsp-concursos.org.br\/site\/concursos\/documentos\/459\" target=\"_blank\" rel=\"noopener noreferrer\"><em>site<\/em> da organizadora Ibam<\/a>. As taxas variam de R$55 a R$80.<\/p>\n<p><strong>Prova<\/strong><\/p>\n<p>As provas objetivas est\u00e3o previstas para acontecer no dia 24 de janeiro de 2016.<\/p>\n<p>Para saber mais detalhes e baixar o edital, <a href=\"https:\/\/www.novaconcursos.com.br\/portal\/concursos\/concurso-camara-de-sao-bernardo-do-campo-sp\/\" target=\"_blank\" rel=\"noopener noreferrer\">veja a p\u00e1gina do<strong> Concurso C\u00e2mara de S\u00e3o Bernardo \u2013 SP.<\/strong><\/a><\/p>\n<p><a href=\"https:\/\/www.novaconcursos.com.br\/\" target=\"_blank\" rel=\"noopener noreferrer\"><img decoding=\"async\" class=\"aligncenter wp-image-28786 size-full\" src=\"https:\/\/www.novaconcursos.com.br\/portal\/wp-content\/uploads\/2015\/11\/inst-4685X60.jpg\" alt=\"inst-4685X60\" width=\"468\" height=\"60\" loading=\"lazy\" title=\"\" srcset=\"https:\/\/www.novaconcursos.com.br\/portal\/wp-content\/uploads\/2015\/11\/inst-4685X60-300x38.jpg 300w, https:\/\/www.novaconcursos.com.br\/portal\/wp-content\/uploads\/2015\/11\/inst-4685X60.jpg 468w\" sizes=\"auto, (max-width: 480px) 100vw, (max-width: 768px) 100vw, (max-width: 1200px) 70vw, 768px\"><\/a><\/p>","protected":false},"excerpt":{"rendered":"<p>A C\u00e2mara Municipal de S\u00e3o Bernardo do Campo est\u00e1 com inscri\u00e7\u00f5es abertas para um concurso que tem o objetivo de contratar 24 novos profissionais de n\u00edveis m\u00e9dio e superior. Adiante seus estudos para esta prova!Compre aqui: Apostila Complet\u00e3o dos Concursos Vagas Candidatos de n\u00edvel m\u00e9dio\/t\u00e9cnico podem concorrer \u00e0s vagas de Assistente T\u00e9cnico Legislativo, com sal\u00e1rios [&hellip;]<\/p>\n","protected":false},"author":16,"featured_media":29942,"comment_status":"closed","ping_status":"closed","sticky":false,"template":"","format":"standard","meta":{"_acf_changed":false,"footnotes":"","_wp_rev_ctl_limit":""},"categories":[228],"tags":[15654,15653],"class_list":["post-29941","post","type-post","status-publish","format-standard","has-post-thumbnail","hentry","category-noticias","tag-analise-de-edital-camara-de-sao-bernardo","tag-concurso-camara-de-sao-bernardo"],"acf":[],"_links":{"self":[{"href":"https:\/\/www.novaconcursos.com.br\/portal\/wp-json\/wp\/v2\/posts\/29941","targetHints":{"allow":["GET"]}}],"collection":[{"href":"https:\/\/www.novaconcursos.com.br\/portal\/wp-json\/wp\/v2\/posts"}],"about":[{"href":"https:\/\/www.novaconcursos.com.br\/portal\/wp-json\/wp\/v2\/types\/post"}],"author":[{"embeddable":true,"href":"https:\/\/www.novaconcursos.com.br\/portal\/wp-json\/wp\/v2\/users\/16"}],"replies":[{"embeddable":true,"href":"https:\/\/www.novaconcursos.com.br\/portal\/wp-json\/wp\/v2\/comments?post=29941"}],"version-history":[{"count":7,"href":"https:\/\/www.novaconcursos.com.br\/portal\/wp-json\/wp\/v2\/posts\/29941\/revisions"}],"predecessor-version":[{"id":116998,"href":"https:\/\/www.novaconcursos.com.br\/portal\/wp-json\/wp\/v2\/posts\/29941\/revisions\/116998"}],"wp:featuredmedia":[{"embeddable":true,"href":"https:\/\/www.novaconcursos.com.br\/portal\/wp-json\/wp\/v2\/media\/29942"}],"wp:attachment":[{"href":"https:\/\/www.novaconcursos.com.br\/portal\/wp-json\/wp\/v2\/media?parent=29941"}],"wp:term":[{"taxonomy":"category","embeddable":true,"href":"https:\/\/www.novaconcursos.com.br\/portal\/wp-json\/wp\/v2\/categories?post=29941"},{"taxonomy":"post_tag","embeddable":true,"href":"https:\/\/www.novaconcursos.com.br\/portal\/wp-json\/wp\/v2\/tags?post=29941"}],"curies":[{"name":"wp","href":"https:\/\/api.w.org\/{rel}","templated":true}]}}