{"id":299834,"date":"2025-12-10T09:02:49","date_gmt":"2025-12-10T12:02:49","guid":{"rendered":"https:\/\/www.novaconcursos.com.br\/portal\/?p=299834"},"modified":"2025-12-10T09:11:24","modified_gmt":"2025-12-10T12:11:24","slug":"concurso-aneel-comissao","status":"publish","type":"post","link":"https:\/\/www.novaconcursos.com.br\/portal\/noticias\/concurso-aneel-comissao\/","title":{"rendered":"Concurso Aneel tem comiss\u00e3o formada para Especialista!"},"content":{"rendered":"<p>O <a href=\"https:\/\/www.novaconcursos.com.br\/portal\/concursos\/concurso-aneel\/?_gl=1*1qyyquc*_up*MQ..*_gs*MQ..&amp;gclid=CjwKCAiA0eTJBhBaEiwA-Pa-hdyPzc2vCmdms8uHV_RqMR3Cb_1FTgBFvX2w_uFbXUVTDz57tyaW4RoCErwQAvD_BwE&amp;gbraid=0AAAAADqOEFRCTkO3mdeDEIXOVvWCk4x14\">concurso Aneel<\/a> ganhou um novo avan\u00e7o nesta quarta-feira, dia 10 de dezembro, ap\u00f3s a publica\u00e7\u00e3o no Di\u00e1rio Oficial da Uni\u00e3o da portaria que institui a comiss\u00e3o respons\u00e1vel pela condu\u00e7\u00e3o do certame. A medida, tomada em Bras\u00edlia, marca o in\u00edcio formal dos preparativos para a sele\u00e7\u00e3o de novos Especialistas em Regula\u00e7\u00e3o, etapa considerada essencial para suprir a demanda crescente por servidores qualificados e refor\u00e7ar a atua\u00e7\u00e3o t\u00e9cnica da Ag\u00eancia Nacional de Energia El\u00e9trica em um cen\u00e1rio de expans\u00e3o e moderniza\u00e7\u00e3o do setor el\u00e9trico.<\/p>\n\n\n\n<p>Confira a publica\u00e7\u00e3o do Di\u00e1rio Oficial: <\/p>\n\n\n\n<figure class=\"wp-block-image size-full\"><img decoding=\"async\" width=\"472\" height=\"393\" src=\"https:\/\/www.novaconcursos.com.br\/portal\/wp-content\/uploads\/2025\/12\/comissao-do-concurso-aneel.webp\" alt=\"Comiss\u00e3o organizadora do concurso Aneel\" class=\"wp-image-299844\" loading=\"lazy\" title=\"\" srcset=\"https:\/\/www.novaconcursos.com.br\/portal\/wp-content\/uploads\/2025\/12\/comissao-do-concurso-aneel-300x250.webp 300w, https:\/\/www.novaconcursos.com.br\/portal\/wp-content\/uploads\/2025\/12\/comissao-do-concurso-aneel.webp 472w\" sizes=\"auto, (max-width: 480px) 100vw, (max-width: 768px) 100vw, (max-width: 1200px) 70vw, 768px\"><figcaption><\/figcaption><\/figure><p>A comiss\u00e3o do concurso <a href=\"https:\/\/www.gov.br\/aneel\/pt-br\" target=\"_blank\" rel=\"noopener\">Aneel<\/a> foi oficialmente composta por oito servidores efetivos, que ter\u00e3o a responsabilidade de acompanhar e orientar a institui\u00e7\u00e3o que ser\u00e1 contratada para estruturar todas as fases do certame. <\/p>\n\n\n\n<p>A coordena\u00e7\u00e3o dos trabalhos ficar\u00e1 a cargo da Superintend\u00eancia de Gest\u00e3o de Pessoas, que passa a centralizar as decis\u00f5es administrativas relacionadas ao processo seletivo. Com a nova portaria, foram revogadas as normas anteriores que tratavam do tema (n\u00ba 267\/2023 e n\u00ba 349\/2024), garantindo atualiza\u00e7\u00e3o e unifica\u00e7\u00e3o dos procedimentos internos.<\/p>\n\n\n\n<p>Em junho de 2024, a Aneel refor\u00e7ou ao Minist\u00e9rio da Economia a necessidade de abrir um novo concurso, solicitando autoriza\u00e7\u00e3o para 166 vagas distribu\u00eddas entre os cargos de <strong>Analista Administrativo (48 vagas), Especialista em Regula\u00e7\u00e3o de Servi\u00e7os P\u00fablicos de Energia (30 vagas) e T\u00e9cnico Administrativo (88 vagas).<\/strong> <\/p>\n\n\n\n<p>No pedido, a ag\u00eancia destacou que o crescimento expressivo das demandas regulat\u00f3rias, aliado \u00e0 expans\u00e3o do setor el\u00e9trico, ampliou o volume de trabalho e evidenciou a urg\u00eancia de recomposi\u00e7\u00e3o do quadro.<\/p>\n\n\n\n<p>A situa\u00e7\u00e3o tornou-se ainda mais evidente em agosto de 2024, quando o diretor-geral da Aneel, Sandoval Feitosa, encaminhou ao Minist\u00e9rio de Minas e Energia um relat\u00f3rio apontando que a autarquia opera com d\u00e9ficit de aproximadamente 30% de servidores em rela\u00e7\u00e3o ao quantitativo previsto na Lei 10.871\/2004. <\/p>\n\n\n\n<p>Apesar das 40 nomea\u00e7\u00f5es provenientes do CNU 2024, ainda persiste uma defasagem de 248 profissionais, o que refor\u00e7a a import\u00e2ncia do novo concurso Aneel para garantir a continuidade das atividades regulat\u00f3rias.<\/p>\n\n\n\n<p>Com a comiss\u00e3o formada, a expectativa \u00e9 de que as pr\u00f3ximas etapas avancem rapidamente, incluindo a contrata\u00e7\u00e3o da banca organizadora e os preparativos finais para a elabora\u00e7\u00e3o do edital.<\/p>\n\n\n\n<h3 class=\"wp-block-heading\">\u00daltimo concurso Aneel<\/h3>\n\n\n\n<p>No CNU 2024, o concurso Aneel contemplou <strong>40 vagas para o cargo de Especialista em Regula\u00e7\u00e3o de Servi\u00e7os P\u00fablicos de Energia<\/strong>, fun\u00e7\u00e3o que oferece sal\u00e1rio inicial em torno de <mark style=\"background-color:#8ed1fc\" class=\"has-inline-color\">R$ 16,4 mil<\/mark>. <\/p>\n\n\n\n<p>Para disputar essas oportunidades, os candidatos precisaram apresentar diploma de n\u00edvel superior em qualquer \u00e1rea de forma\u00e7\u00e3o, emitido por institui\u00e7\u00e3o reconhecida pelo MEC.<\/p>\n\n\n\n<div class=\"nova-continue-reading\"><a href=\"https:\/\/www.novaconcursos.com.br\/portal\/concursos\/concurso-aneel\/?_gl=1*1qyyquc*_up*MQ..*_gs*MQ..&amp;gclid=CjwKCAiA0eTJBhBaEiwA-Pa-hdyPzc2vCmdms8uHV_RqMR3Cb_1FTgBFvX2w_uFbXUVTDz57tyaW4RoCErwQAvD_BwE&amp;gbraid=0AAAAADqOEFRCTkO3mdeDEIXOVvWCk4x14\">Confira nosso guia completo sobre o concurso Aneel!<\/a><\/div>","protected":false},"excerpt":{"rendered":"<p>Foram solicitadas 30 vagas para o cargo de Especialista, de n\u00edvel superior!<\/p>\n","protected":false},"author":54696,"featured_media":299839,"comment_status":"closed","ping_status":"closed","sticky":false,"template":"","format":"standard","meta":{"_acf_changed":false,"footnotes":"","_wp_rev_ctl_limit":""},"categories":[228,44978],"tags":[21087],"class_list":["post-299834","post","type-post","status-publish","format-standard","has-post-thumbnail","hentry","category-noticias","category-nacional","tag-concurso-aneel"],"acf":[],"_links":{"self":[{"href":"https:\/\/www.novaconcursos.com.br\/portal\/wp-json\/wp\/v2\/posts\/299834","targetHints":{"allow":["GET"]}}],"collection":[{"href":"https:\/\/www.novaconcursos.com.br\/portal\/wp-json\/wp\/v2\/posts"}],"about":[{"href":"https:\/\/www.novaconcursos.com.br\/portal\/wp-json\/wp\/v2\/types\/post"}],"author":[{"embeddable":true,"href":"https:\/\/www.novaconcursos.com.br\/portal\/wp-json\/wp\/v2\/users\/54696"}],"replies":[{"embeddable":true,"href":"https:\/\/www.novaconcursos.com.br\/portal\/wp-json\/wp\/v2\/comments?post=299834"}],"version-history":[{"count":2,"href":"https:\/\/www.novaconcursos.com.br\/portal\/wp-json\/wp\/v2\/posts\/299834\/revisions"}],"predecessor-version":[{"id":299849,"href":"https:\/\/www.novaconcursos.com.br\/portal\/wp-json\/wp\/v2\/posts\/299834\/revisions\/299849"}],"wp:featuredmedia":[{"embeddable":true,"href":"https:\/\/www.novaconcursos.com.br\/portal\/wp-json\/wp\/v2\/media\/299839"}],"wp:attachment":[{"href":"https:\/\/www.novaconcursos.com.br\/portal\/wp-json\/wp\/v2\/media?parent=299834"}],"wp:term":[{"taxonomy":"category","embeddable":true,"href":"https:\/\/www.novaconcursos.com.br\/portal\/wp-json\/wp\/v2\/categories?post=299834"},{"taxonomy":"post_tag","embeddable":true,"href":"https:\/\/www.novaconcursos.com.br\/portal\/wp-json\/wp\/v2\/tags?post=299834"}],"curies":[{"name":"wp","href":"https:\/\/api.w.org\/{rel}","templated":true}]}}