{"id":299854,"date":"2025-12-10T10:04:52","date_gmt":"2025-12-10T13:04:52","guid":{"rendered":"https:\/\/www.novaconcursos.com.br\/portal\/?p=299854"},"modified":"2025-12-10T10:17:42","modified_gmt":"2025-12-10T13:17:42","slug":"novo-concurso-ufrj-edital","status":"publish","type":"post","link":"https:\/\/www.novaconcursos.com.br\/portal\/noticias\/novo-concurso-ufrj-edital\/","title":{"rendered":"Concurso UFRJ: sai edital com 243 vagas para T\u00e9cnico Adminstrativo!"},"content":{"rendered":"<p>Saiu o novo edital do <a href=\"https:\/\/www.novaconcursos.com.br\/portal\/concursos\/concurso-ufrj\/\">concurso UFRJ<\/a>! O documento foi publicado no Di\u00e1rio Oficial da Uni\u00e3o desta quarta-feira, 10 de dezembro. A sele\u00e7\u00e3o oferece <strong>243 vagas<\/strong> para cargos de <strong>n\u00edveis m\u00e9dio e superior<\/strong>, na carreira de <strong>T\u00e9cnico-Administrativo em Educa\u00e7\u00e3o (TAE)<\/strong>, distribu\u00eddas em diversas especialidades.<\/p>\n\n\n\n<p>Os aprovados ter\u00e3o sal\u00e1rio inicial de at\u00e9 <strong>R$ 4,9 mil<\/strong>, para jornada de <strong>40 horas semanais<\/strong>, al\u00e9m dos benef\u00edcios previstos na legisla\u00e7\u00e3o federal.<\/p>\n\n\n\n<p>Embora o edital j\u00e1 esteja oficializado, a lista de cargos, os requisitos espec\u00edficos e o cronograma completo de inscri\u00e7\u00f5es e provas ainda n\u00e3o foram divulgados. Ainda assim, j\u00e1 temos acesso a grande parte dos detalhes.<\/p>\n\n\n\n<p>Confira a seguir a distribui\u00e7\u00e3o das vagas:<\/p>\n\n\n\n<ul class=\"wp-block-list\"><li>Ampla concorr\u00eancia: 168 vagas<\/li>\n\n\n\n<li>Pessoas Pretas e Pardas: 61 vagas<\/li>\n\n\n\n<li>Pessoas com Defici\u00eancia: 12 vagas<\/li>\n\n\n\n<li>Ind\u00edgenas: 7 vagas<\/li>\n\n\n\n<li>Quilombolas: 5 vagas<\/li>\n<\/ul><p>O edital divulgado no DOU tamb\u00e9m antecipa que haver\u00e1 taxa de inscri\u00e7\u00e3o entre R$ 90 e R$ 130, com possibilidade de solicitar isen\u00e7\u00e3o dentro do prazo que ser\u00e1 anunciado, al\u00e9m de provas objetivas, discursivas e pr\u00e1tica, sendo estas \u00faltimas restritas a algumas especialidades. <\/p>\n\n\n\n<p>Mais detalhes sobre o cronograma e detalhamento das vagas dever\u00e3o ser disponibilizadas em breve pelo Instituto Selecon, banca respons\u00e1vel pela organiza\u00e7\u00e3o do certame.<\/p>\n\n\n\n<h2 class=\"wp-block-heading\" id=\"edital-do-concurso-ufrj-segue-nova-norma\">Edital do concurso UFRJ segue nova norma<\/h2>\n\n\n\n<p>O novo concurso UFRJ chega trazendo uma novidade relevante: a aplica\u00e7\u00e3o da <a href=\"https:\/\/www2.camara.leg.br\/legin\/fed\/lei\/2025\/lei-15142-3-junho-2025-797545-publicacaooriginal-175549-pl.html\" data-type=\"link\" data-id=\"https:\/\/www2.camara.leg.br\/legin\/fed\/lei\/2025\/lei-15142-3-junho-2025-797545-publicacaooriginal-175549-pl.html\" target=\"_blank\" rel=\"noopener\">Lei 15.142\/2025<\/a>, sancionada em 3 de junho de 2025, que determina <strong>reserva de 30% das vagas para grupos minorit\u00e1rios<\/strong>.<\/p>\n\n\n\n<p>A nova legisla\u00e7\u00e3o marca um avan\u00e7o significativo nas pol\u00edticas de inclus\u00e3o e amplia o acesso de grupos historicamente sub-representados ao servi\u00e7o p\u00fablico. A reserva de vagas alcan\u00e7a candidatos pretos e pardos, pessoas com defici\u00eancia, ind\u00edgenas e quilombolas. <\/p>\n\n\n\n<p>Para acompanhar todas as regras, etapas, requisitos e atualiza\u00e7\u00f5es do certame, acesse nosso <a href=\"https:\/\/www.novaconcursos.com.br\/portal\/concursos\/concurso-ufrj\/\" data-type=\"link\" data-id=\"https:\/\/www.novaconcursos.com.br\/portal\/concursos\/concurso-ufrj\/\">guia completo<\/a> do concurso UFRJ, que ser\u00e1 atualizado a cada nova informa\u00e7\u00e3o oficial.<\/p>\n\n\n\n<p>Continue com a gente! At\u00e9 a pr\u00f3xima.<\/p>","protected":false},"excerpt":{"rendered":"<p>Concurso UFRJ tem novo edital para n\u00edvel m\u00e9dio e superior em diversas especialidades. Confira os detalhes!<\/p>\n","protected":false},"author":54693,"featured_media":299852,"comment_status":"closed","ping_status":"closed","sticky":false,"template":"","format":"standard","meta":{"_acf_changed":false,"footnotes":"","_wp_rev_ctl_limit":""},"categories":[228,44944,44965],"tags":[975,45005],"class_list":["post-299854","post","type-post","status-publish","format-standard","has-post-thumbnail","hentry","category-noticias","category-carreira-educacao","category-rj","tag-concurso-ufrj","tag-concursos-abertos-rj"],"acf":[],"_links":{"self":[{"href":"https:\/\/www.novaconcursos.com.br\/portal\/wp-json\/wp\/v2\/posts\/299854","targetHints":{"allow":["GET"]}}],"collection":[{"href":"https:\/\/www.novaconcursos.com.br\/portal\/wp-json\/wp\/v2\/posts"}],"about":[{"href":"https:\/\/www.novaconcursos.com.br\/portal\/wp-json\/wp\/v2\/types\/post"}],"author":[{"embeddable":true,"href":"https:\/\/www.novaconcursos.com.br\/portal\/wp-json\/wp\/v2\/users\/54693"}],"replies":[{"embeddable":true,"href":"https:\/\/www.novaconcursos.com.br\/portal\/wp-json\/wp\/v2\/comments?post=299854"}],"version-history":[{"count":4,"href":"https:\/\/www.novaconcursos.com.br\/portal\/wp-json\/wp\/v2\/posts\/299854\/revisions"}],"predecessor-version":[{"id":299870,"href":"https:\/\/www.novaconcursos.com.br\/portal\/wp-json\/wp\/v2\/posts\/299854\/revisions\/299870"}],"wp:featuredmedia":[{"embeddable":true,"href":"https:\/\/www.novaconcursos.com.br\/portal\/wp-json\/wp\/v2\/media\/299852"}],"wp:attachment":[{"href":"https:\/\/www.novaconcursos.com.br\/portal\/wp-json\/wp\/v2\/media?parent=299854"}],"wp:term":[{"taxonomy":"category","embeddable":true,"href":"https:\/\/www.novaconcursos.com.br\/portal\/wp-json\/wp\/v2\/categories?post=299854"},{"taxonomy":"post_tag","embeddable":true,"href":"https:\/\/www.novaconcursos.com.br\/portal\/wp-json\/wp\/v2\/tags?post=299854"}],"curies":[{"name":"wp","href":"https:\/\/api.w.org\/{rel}","templated":true}]}}