{"id":303251,"date":"2026-04-20T09:50:46","date_gmt":"2026-04-20T12:50:46","guid":{"rendered":"https:\/\/www.novaconcursos.com.br\/portal\/?p=303251"},"modified":"2026-04-20T09:50:49","modified_gmt":"2026-04-20T12:50:49","slug":"camara-dos-deputados-policial","status":"publish","type":"post","link":"https:\/\/www.novaconcursos.com.br\/portal\/concursos\/camara-dos-deputados-policial\/","title":{"rendered":"Concurso C\u00e2mara dos Deputados: 31 mil inscritos para Policial Legislativo!"},"content":{"rendered":"<p>O Cebraspe divulgou o quantitativo final de inscritos do\u00a0<strong>concurso C\u00e2mara dos Deputados\u00a0<\/strong>para o\u00a0<strong>cargo de Policial Legislativo Federal<\/strong>. Ao todo,\u00a0<strong>31.829 candidatos<\/strong>\u00a0est\u00e3o na disputa pelas <strong>80 vagas dispon\u00edveis<\/strong>! O cargo exige <strong>n\u00edvel superior<\/strong> em qualquer \u00e1rea e oferece sal\u00e1rio inicial de <strong>R$ 21.328,08<\/strong>, al\u00e9m de benef\u00edcios, sendo uma das sele\u00e7\u00f5es mais atrativas da \u00e1rea legislativa no pa\u00eds. As inscri\u00e7\u00f5es ficaram abertas entre os dias 29 de janeiro e 20 de fevereiro de 2026, no site da banca organizadora Cebraspe.<\/p>\n\n\n\n    <div class=\"nova-resumo-edital\">\n        <h2 class=\"nova-resumo-edital-title\" id=\"resumo-edital\">Resumo Edital<\/h2>\n        <ul class=\"nova-resumo-edital-list nova-menu\"><li>\n                <img decoding=\"async\" width=\"24\" height=\"24\" loading=\"lazy\" src=\"https:\/\/www.novaconcursos.com.br\/portal\/wp-content\/themes\/nova-theme\/includes\/assets\/img\/person.svg\" aria-hidden=\"true\" alt=\"\u00edcone pessoa\" title=\"\"><span>\n                    <b>Vagas: <\/b> 40 + 40 CR\n                <\/span>\n            <\/li>\n            <li>\n                <img decoding=\"async\" width=\"24\" height=\"24\" loading=\"lazy\" src=\"https:\/\/www.novaconcursos.com.br\/portal\/wp-content\/themes\/nova-theme\/includes\/assets\/img\/inscricoes.svg\" aria-hidden=\"true\" alt=\"\u00edcone pessoa\" title=\"\"><span>\n                    <b>Per\u00edodo de inscri\u00e7\u00f5es: <\/b> 29\/01\/2026 a 20\/02\/2026\n                <\/span>\n            <\/li>\n            <li>\n                <img decoding=\"async\" width=\"24\" height=\"24\" loading=\"lazy\" src=\"https:\/\/www.novaconcursos.com.br\/portal\/wp-content\/themes\/nova-theme\/includes\/assets\/img\/taxa-inscricao.svg\" aria-hidden=\"true\" alt=\"\u00edcone pessoa\" title=\"\"><span>\n                    <b>Taxa de inscri\u00e7\u00e3o: <\/b> R$ 150,00\n                <\/span>\n            <\/li>\n            <li>\n                <img decoding=\"async\" width=\"24\" height=\"24\" loading=\"lazy\" src=\"https:\/\/www.novaconcursos.com.br\/portal\/wp-content\/themes\/nova-theme\/includes\/assets\/img\/prova.svg\" aria-hidden=\"true\" alt=\"\u00edcone pessoa\" title=\"\"><span>\n                    <b>Prova: <\/b> 26\/04\/2026\n                <\/span>\n            <\/li>\n            <li>\n                <img decoding=\"async\" width=\"24\" height=\"24\" loading=\"lazy\" src=\"https:\/\/www.novaconcursos.com.br\/portal\/wp-content\/themes\/nova-theme\/includes\/assets\/img\/banca.svg\" aria-hidden=\"true\" alt=\"\u00edcone pessoa\" title=\"\"><span>\n                    <b>Banca: <\/b> Cebraspe\n                <\/span>\n            <\/li>\n        <\/ul><div class=\"nova-resumo-edital-baixar\">\n            <a href=\"https:\/\/www.novaconcursos.com.br\/portal\/wp-content\/uploads\/2026\/01\/edital-concurso-camara-dos-deputados-policial-legislativo.pdf\" rel=\"noopener\">\n                Baixe aqui o edital\n            <\/a>\n        <\/div>\n    <\/div>\n\n\n\n<p>As <strong>provas<\/strong> ser\u00e3o realizadas no dia <strong>26 de abril de 2026<\/strong>. Se voc\u00ea ficou interessado(a) e vai disputar uma das vagas com excelente remunera\u00e7\u00e3o e estabilidade, continue a leitura e confira todos os detalhes sobre o concurso C\u00e2mara dos Deputados!<\/p>\n\n\n\n<h2 class=\"wp-block-heading\" id=\"cronograma-do-concurso-policial-da-cmara-dos-deputados-\">Cronograma do concurso Policial da C\u00e2mara dos Deputados <\/h2>\n\n\n\n<p>Confira o cronograma do concurso C\u00e2mara dos Deputados para Policial: <\/p>\n\n\n\n<ul class=\"wp-block-list\"><li><strong>Per\u00edodo de inscri\u00e7\u00f5es:<\/strong> 29 de janeiro a 20 de fevereiro de 2026<\/li>\n\n\n\n<li><strong>Solicita\u00e7\u00e3o de isen\u00e7\u00e3o da taxa de inscri\u00e7\u00e3o:<\/strong> 29 de janeiro a 20 de fevereiro de 2026<\/li>\n\n\n\n<li><strong>\u00daltimo dia para pagamento da taxa de inscri\u00e7\u00e3o:<\/strong> 12 de mar\u00e7o de 2026<\/li>\n\n\n\n<li><strong>Aplica\u00e7\u00e3o da prova objetiva:<\/strong> 26 de abril de 2026<\/li>\n<\/ul><h3 class=\"wp-block-heading\">Concurso C\u00e2mara dos Deputados registra mais de 31 mil inscritos<\/h3>\n\n\n\n<p>O\u00a0<strong>concurso da C\u00e2mara dos Deputados<\/strong>\u00a0para o cargo de Policial Legislativo Federal (PLF) registrou 31.829 inscritos, conforme divulgado pelo Cebraspe na \u00faltima sexta-feira, dia 17 de abril. Na mesma data, foi liberada a\u00a0<strong>consulta individual aos locais de prova no site da banca<\/strong>.<\/p>\n\n\n\n<p>Acesse <a href=\"https:\/\/security.cebraspe.org.br\/CD_26_PL\/Localhorario\/Objetiva_00594834-02C1-4EC1\/\" target=\"_blank\" rel=\"noreferrer noopener\">aqui<\/a> seu local de prova!<\/p>\n\n\n\n<p>Com a oferta de <strong>80 vagas<\/strong>, a sele\u00e7\u00e3o apresenta uma concorr\u00eancia m\u00e9dia de <strong>aproximadamente 398 candidatos por vaga<\/strong>, o que refor\u00e7a o alto n\u00edvel de competitividade do certame. O n\u00famero expressivo de inscritos confirma o forte interesse pela carreira legislativa federal, que se destaca pelos sal\u00e1rios elevados, estabilidade e benef\u00edcios atrativos. Diante desse cen\u00e1rio, os candidatos devem intensificar a prepara\u00e7\u00e3o, j\u00e1 que a disputa tende a exigir desempenho acima da m\u00e9dia para alcan\u00e7ar a classifica\u00e7\u00e3o.<\/p>\n\n\n\n<h3 class=\"wp-block-heading\">Informa\u00e7\u00f5es sobre o dia de aplica\u00e7\u00e3o das provas<\/h3>\n\n\n\n<p>Confira, a seguir, as informa\u00e7\u00f5es sobre o dia de aplica\u00e7\u00e3o das provas do concurso C\u00e2mara dos Deputados para\u00a0Policial Legislativo:<\/p>\n\n\n\n<p><strong>Per\u00edodo da manh\u00e3 \u2013 prova objetiva<\/strong><\/p>\n\n\n\n<ul class=\"wp-block-list\"><li>Abertura dos port\u00f5es:\u00a07h<\/li>\n\n\n\n<li>Fechamento dos port\u00f5es:\u00a08h<\/li>\n\n\n\n<li>In\u00edcio das provas:\u00a08h30<\/li>\n\n\n\n<li>Dura\u00e7\u00e3o: cinco horas<\/li>\n<\/ul><p><strong>Per\u00edodo da tarde \u2013 prova discursiva<\/strong><\/p>\n\n\n\n<ul class=\"wp-block-list\"><li>Abertura dos port\u00f5es:\u00a014h30<\/li>\n\n\n\n<li>Fechamento dos port\u00f5es:\u00a015h30<\/li>\n\n\n\n<li>In\u00edcio das provas:\u00a016h<\/li>\n\n\n\n<li>Dura\u00e7\u00e3o: tr\u00eas horas<\/li>\n<\/ul><p>Os hor\u00e1rios seguem o fuso oficial de Bras\u00edlia DF.<\/p>\n\n\n\n<h3 class=\"wp-block-heading\">Concurso C\u00e2mara dos Deputados para T\u00e9cnico e Analista <\/h3>\n\n\n\n<p>O concurso C\u00e2mara dos Deputados tamb\u00e9m conta com um outro edital para T\u00e9cnico e Analista, que est\u00e1 em andamento. O edital oferece <strong>140 vagas imediatas<\/strong>, com exig\u00eancia de <strong>n\u00edvel superior<\/strong> e sal\u00e1rios de at\u00e9 <strong>R$30,8 mil.<\/strong> <\/p>\n\n\n\n<div class=\"nova-continue-reading\">Confira o <a href=\"https:\/\/www.novaconcursos.com.br\/portal\/concursos\/concurso-camara-dos-deputados\/\">guia completo com todas as informa\u00e7\u00f5es sobre edital para T\u00e9cnico e Analista da C\u00e2mara<\/a> <\/div>\n\n\n\n<h2 class=\"wp-block-heading\" id=\"como-fazer-a-inscrio-no-concurso-cmara-dos-deputados\">Como fazer a inscri\u00e7\u00e3o no concurso C\u00e2mara dos Deputados?<\/h2>\n\n\n\n<p>Os interessados em participar do concurso Policial Legislativo da C\u00e2mara dos Deputados puderam se inscrever entre os dias <strong>29 de janeiro e 20 de fevereiro de 2026<\/strong>, exclusivamente pelo site do <a href=\"https:\/\/www.cebraspe.org.br\/concursos\/cd_26_pl\" target=\"_blank\" rel=\"noopener\">Cebraspe<\/a>, banca organizadora respons\u00e1vel pelo certame.<\/p>\n\n\n\n<p>Para confirmar a participa\u00e7\u00e3o, o candidato precisou preencher o formul\u00e1rio de inscri\u00e7\u00e3o com todos os dados solicitados e efetuar o <strong>pagamento da taxa de inscri\u00e7\u00e3o<\/strong> no valor de <strong>R$ 150,00<\/strong>, at\u00e9 o dia 12 de mar\u00e7o de 2026.<\/p>\n\n\n\n<div class=\"nova-continue-reading\">Confira: <a href=\"https:\/\/www.novaconcursos.com.br\/portal\/artigos\/concurso-camara-dos-deputados-policial-inscricao\/\">Passo a passo completo para fazer a incri\u00e7\u00e3o!<\/a><\/div>\n\n\n\n<h3 class=\"wp-block-heading\">Como solicitar isen\u00e7\u00e3o da taxa de inscri\u00e7\u00e3o?<\/h3>\n\n\n\n<p>O edital tamb\u00e9m previu isen\u00e7\u00e3o total da taxa de inscri\u00e7\u00e3o, que p\u00f4de ser solicitada durante todo o per\u00edodo de inscri\u00e7\u00f5es, ou seja, at\u00e9 o dia <strong>20 de fevereiro de 2026<\/strong>, diretamente no site da banca organizadora, mediante envio da documenta\u00e7\u00e3o comprobat\u00f3ria. Tiveram direito ao benef\u00edcio os candidatos que se enquadraram em uma das seguintes condi\u00e7\u00f5es:<\/p>\n\n\n\n<ul class=\"wp-block-list\"><li>Estarem inscritos no Cadastro \u00danico para Programas Sociais (Cad\u00danico) do Governo Federal;<\/li>\n\n\n\n<li>Serem doadores de medula \u00f3ssea em entidades reconhecidas pelo Minist\u00e9rio da Sa\u00fade.<\/li>\n<\/ul><h2 class=\"wp-block-heading\" id=\"cargos-e-vagas\">Cargos e vagas<\/h2>\n\n\n\n<p>O concurso C\u00e2mara dos Deputados para <strong>Policial Legislativo Federal<\/strong> oferece <strong>80 vagas<\/strong>, sendo <strong>40 vagas imediatas<\/strong> e <strong>40 para cadastro de reserva<\/strong>.<\/p>\n\n\n\n<p>Apesar de integrar a carreira de T\u00e9cnico Legislativo, o cargo passou a exigir <strong>n\u00edvel superior<\/strong>, ap\u00f3s altera\u00e7\u00e3o realizada em 2022. Com isso, este ser\u00e1 o primeiro edital com o novo requisito de escolaridade. Al\u00e9m disso, \u00e9 exigida <strong>CNH m\u00ednima na categoria B<\/strong>.<\/p>\n\n\n\n<p>Confira a distribui\u00e7\u00e3o das vagas:<\/p>\n\n\n\n<p><strong>Vagas imediatas<\/strong><\/p>\n\n\n\n<ul class=\"wp-block-list\"><li>Ampla concorr\u00eancia: 26 vagas<\/li>\n\n\n\n<li>Pessoas com defici\u00eancia (PcD): 2 vagas<\/li>\n\n\n\n<li>Pessoas pretas: 10 vagas<\/li>\n\n\n\n<li>Pessoas ind\u00edgenas: 1 vaga<\/li>\n\n\n\n<li>Pessoas quilombolas: 1 vaga<\/li>\n<\/ul><p><strong>Cadastro de reserva<\/strong><\/p>\n\n\n\n<ul class=\"wp-block-list\"><li>Ampla concorr\u00eancia: 26 vagas<\/li>\n\n\n\n<li>Pessoas com defici\u00eancia (PcD): 2 vagas<\/li>\n\n\n\n<li>Pessoas pretas: 10 vagas<\/li>\n\n\n\n<li>Pessoas ind\u00edgenas: 1 vaga<\/li>\n\n\n\n<li>Pessoas quilombolas: 1 vaga<\/li>\n<\/ul><h3 class=\"wp-block-heading\">Lota\u00e7\u00e3o dos aprovados <\/h3>\n\n\n\n<p>Os aprovados no concurso C\u00e2mara dos Deputados atuar\u00e3o no Departamento de Pol\u00edcia Legislativa da C\u00e2mara, em <strong>Bras\u00edlia (DF)<\/strong>. A jornada de trabalho ser\u00e1 de <strong>40 horas semanais<\/strong>, em expediente ou escala de plant\u00e3o, conforme necessidade e crit\u00e9rio da Administra\u00e7\u00e3o.<\/p>\n\n\n\n<figure class=\"wp-block-embed is-type-video is-provider-youtube wp-block-embed-youtube wp-embed-aspect-16-9 wp-has-aspect-ratio\"><div class=\"wp-block-embed__wrapper\">\n<iframe loading=\"lazy\" title=\"CONCURSO C\u00c2MARA DOS DEPUTADOS: POL\u00cdCIA LEGISLATIVA 2026 - COMO SE PREPARAR \ud83d\udd25\" width=\"500\" height=\"281\" src=\"https:\/\/www.youtube.com\/embed\/_xu9hqzm7rc?feature=oembed\" frameborder=\"0\" allow=\"accelerometer; autoplay; clipboard-write; encrypted-media; gyroscope; picture-in-picture; web-share\" referrerpolicy=\"strict-origin-when-cross-origin\" allowfullscreen><\/iframe>\n<\/div><\/figure><h2 class=\"wp-block-heading\" id=\"quanto-ganha-um-policial-legislativo-da-cmara-dos-deputados\">Quanto ganha um Policial Legislativo da C\u00e2mara dos Deputados?<\/h2>\n\n\n\n<p>De acordo com o edital do concurso C\u00e2mara dos Deputados, o cargo de Policial Legislativo oferece remunera\u00e7\u00e3o inicial de <strong>R$ 21.328,08<\/strong>, valor que j\u00e1 inclui o adicional de periculosidade, previsto para a fun\u00e7\u00e3o.<\/p>\n\n\n\n<p>Al\u00e9m do sal\u00e1rio, os servidores da C\u00e2mara dos Deputados t\u00eam direito a benef\u00edcios que complementam a remunera\u00e7\u00e3o mensal. Entre eles est\u00e3o o <strong>aux\u00edlio-alimenta\u00e7\u00e3o no valor de R$ 1.784,42<\/strong>, a <strong>assist\u00eancia pr\u00e9-escolar de R$ 1.184,35<\/strong> e o repasse destinado \u00e0 realiza\u00e7\u00e3o de exames peri\u00f3dicos, conforme previs\u00e3o de pagamento aos servidores.<\/p>\n\n\n\n<p>Os valores citados t\u00eam como refer\u00eancia o ano de 2025 e foram obtidos por meio do Portal da Transpar\u00eancia da C\u00e2mara dos Deputados.<\/p>\n\n\n\n<h2 class=\"wp-block-heading\" id=\"requisitos\">Requisitos<\/h2>\n\n\n\n<p>Confira quais s\u00e3o os requisitos b\u00e1sicos para tomar posse do cargo no concurso C\u00e2mara dos Deputados Policial:<\/p>\n\n\n\n<ul class=\"wp-block-list\"><li>Ter nacionalidade brasileira ou portuguesa;\n<ul class=\"wp-block-list\"><li>No caso de nacionalidade portuguesa, estar amparado pelo Estatuto de Igualdade entre Brasileiros e Portugueses, com reconhecimento do gozo dos direitos pol\u00edticos, conforme o \u00a71\u00ba do art. 12 da Constitui\u00e7\u00e3o Federal;<\/li>\n<\/ul><\/li>\n\n\n\n<li>Possuir diploma, devidamente registrado, de conclus\u00e3o de curso de gradua\u00e7\u00e3o em qualquer \u00e1rea de forma\u00e7\u00e3o;<\/li>\n\n\n\n<li>Estar em gozo dos direitos pol\u00edticos;<\/li>\n\n\n\n<li>Estar quite com as obriga\u00e7\u00f5es militares, se candidato do sexo masculino;<\/li>\n\n\n\n<li>Estar quite com as obriga\u00e7\u00f5es eleitorais;<\/li>\n\n\n\n<li>Ter idade m\u00ednima de 18 anos completos na data da posse;<\/li>\n\n\n\n<li>Possuir Carteira Nacional de Habilita\u00e7\u00e3o (CNH) ou Permiss\u00e3o para Dirigir ve\u00edculos automotores, no m\u00ednimo na categoria B, v\u00e1lida e sem impedimentos.<\/li>\n<\/ul><h2 class=\"wp-block-heading\" id=\"o-que-faz-um-policial-legislativo-da-cmara-dos-deputados\">O que faz um Policial Legislativo da C\u00e2mara dos Deputados?<\/h2>\n\n\n\n<p>O Policial Legislativo da C\u00e2mara dos Deputados exerce atividades t\u00edpicas da Pol\u00edcia Legislativa Federal, conforme previsto no art. 3\u00ba da Resolu\u00e7\u00e3o n\u00ba 18\/2003, atualizada pelas Resolu\u00e7\u00f5es n\u00ba 8\/2023 e n\u00ba 31\/2025. Suas atribui\u00e7\u00f5es envolvem a realiza\u00e7\u00e3o de <strong>policiamento ostensivo e preventivo<\/strong>, com o objetivo de garantir a seguran\u00e7a institucional da C\u00e2mara dos Deputados, al\u00e9m da prote\u00e7\u00e3o de autoridades e servidores, por meio da seguran\u00e7a pessoal.<\/p>\n\n\n\n<p>O cargo tamb\u00e9m compreende a execu\u00e7\u00e3o de investiga\u00e7\u00f5es criminais relacionadas a il\u00edcitos ocorridos nas depend\u00eancias da C\u00e2mara ou que afetem seus interesses, bem como o desenvolvimento de atividades de intelig\u00eancia, voltadas \u00e0 preven\u00e7\u00e3o de amea\u00e7as e \u00e0 preserva\u00e7\u00e3o da ordem institucional. Al\u00e9m disso, o Policial Legislativo atua na preven\u00e7\u00e3o e no combate a sinistros, colaborando com a\u00e7\u00f5es de seguran\u00e7a, emerg\u00eancia e prote\u00e7\u00e3o do patrim\u00f4nio p\u00fablico.<\/p>\n\n\n\n<h3 class=\"wp-block-heading\">Policial legislativo tem direito ao porte de arma?<\/h3>\n\n\n\n<p>O aprovado no concurso C\u00e2mara dos Deputados Policial poder\u00e1, sim, ter <strong>direito ao porte de arma<\/strong>. A informa\u00e7\u00e3o consta em uma das atualiza\u00e7\u00f5es mais recentes que envolvem a regulamenta\u00e7\u00e3o da fun\u00e7\u00e3o.<\/p>\n\n\n\n<p>De acordo com o artigo 10 da Resolu\u00e7\u00e3o da C\u00e2mara dos Deputados n\u00ba 8, de 2023, desde que observada a legisla\u00e7\u00e3o espec\u00edfica, \u00e9 garantido ao policial legislativo o porte de arma de fogo em todo o territ\u00f3rio nacional.<\/p>\n\n\n\n<p>No entanto, para exercer esse direito, o servidor dever\u00e1 obter autoriza\u00e7\u00e3o do presidente da C\u00e2mara dos Deputados. Al\u00e9m disso, essa autoriza\u00e7\u00e3o n\u00e3o \u00e9 definitiva e pode ser suspensa em determinadas situa\u00e7\u00f5es.<\/p>\n\n\n\n<p>Conforme a norma, o porte poder\u00e1 ser suspenso ap\u00f3s avalia\u00e7\u00e3o psicol\u00f3gica, em casos urgentes, ou ainda se o policial legislativo for indiciado em inqu\u00e9rito policial ou responder a a\u00e7\u00e3o penal por crime que envolva viol\u00eancia ou grave amea\u00e7a \u00e0 pessoa.<\/p>\n\n\n\n<p>O servidor tamb\u00e9m poder\u00e1 perder o porte de arma caso esteja respondendo a processo administrativo disciplinar, conforme previsto na pr\u00f3pria regulamenta\u00e7\u00e3o da carreira.<\/p>\n\n\n\n<h2 class=\"wp-block-heading\" id=\"etapas-e-provas-do-concurso-cmara-dos-deputados\">Etapas e provas do concurso C\u00e2mara dos Deputados<\/h2>\n\n\n\n<p>Os candidatos do concurso C\u00e2mara dos Deputados, para o cargo de Policial Legislativo, ser\u00e3o avaliados por meio de duas etapas, compostas por fases eliminat\u00f3rias e classificat\u00f3rias.<\/p>\n\n\n\n<p>A primeira etapa ser\u00e1 composta pelas seguintes fases:<\/p>\n\n\n\n<ul class=\"wp-block-list\"><li><strong>Prova objetiva e prova discursiva<\/strong>, ambas de car\u00e1ter eliminat\u00f3rio e classificat\u00f3rio;<\/li>\n\n\n\n<li><strong>Teste de Aptid\u00e3o F\u00edsica (TAF)<\/strong>, de car\u00e1ter eliminat\u00f3rio;<\/li>\n\n\n\n<li><strong>Sindic\u00e2ncia de vida pregressa e investiga\u00e7\u00e3o social<\/strong>, de car\u00e1ter eliminat\u00f3rio;<\/li>\n\n\n\n<li><strong>Avalia\u00e7\u00e3o psicol\u00f3gica (primeiro momento)<\/strong>, de presen\u00e7a obrigat\u00f3ria e sem car\u00e1ter eliminat\u00f3rio;<\/li>\n\n\n\n<li><strong>Avalia\u00e7\u00e3o de sa\u00fade f\u00edsica e mental<\/strong>, de car\u00e1ter eliminat\u00f3rio.<\/li>\n<\/ul><p>A segunda etapa do certame ser\u00e1 composta por:<\/p>\n\n\n\n<ul class=\"wp-block-list\"><li><strong>Programa de forma\u00e7\u00e3o profissional<\/strong>, de car\u00e1ter eliminat\u00f3rio;<\/li>\n\n\n\n<li><strong>Avalia\u00e7\u00e3o psicol\u00f3gica (segundo momento)<\/strong>, de presen\u00e7a obrigat\u00f3ria e car\u00e1ter eliminat\u00f3rio.<\/li>\n<\/ul><h3 class=\"wp-block-heading\">Prova objetiva<\/h3>\n\n\n\n<p>A prova objetiva, de car\u00e1ter eliminat\u00f3rio e classificat\u00f3rio, valer\u00e1 <strong>180 pontos<\/strong> e ser\u00e1 composta por itens de julgamento do tipo <strong>Certo ou Errado<\/strong>.<\/p>\n\n\n\n<p>A avalia\u00e7\u00e3o ser\u00e1 dividida em <strong>Conhecimentos Gerais<\/strong> e <strong>Conhecimentos Espec\u00edficos<\/strong>, com <strong>90 quest\u00f5es em cada bloco<\/strong>.<\/p>\n\n\n\n<p>Nos Conhecimentos Gerais, ser\u00e3o cobrados os seguintes conte\u00fados:<\/p>\n\n\n\n<ul class=\"wp-block-list\"><li>L\u00edngua Portuguesa<\/li>\n\n\n\n<li>L\u00edngua Inglesa<\/li>\n\n\n\n<li>Racioc\u00ednio L\u00f3gico e No\u00e7\u00f5es de Estat\u00edstica<\/li>\n\n\n\n<li>Direito Constitucional e Legisla\u00e7\u00e3o Interna da C\u00e2mara dos Deputados<\/li>\n\n\n\n<li>Direito Administrativo<\/li>\n\n\n\n<li>Inform\u00e1tica e Dados<\/li>\n<\/ul><p>J\u00e1 nos Conhecimentos Espec\u00edficos, a prova abordar\u00e1:<\/p>\n\n\n\n<ul class=\"wp-block-list\"><li>Direito Penal e Direito Processual Penal<\/li>\n\n\n\n<li>Criminologia e No\u00e7\u00f5es de Criminal\u00edstica,<\/li>\n\n\n\n<li>Direitos Humanos e Legisla\u00e7\u00e3o Correlata<\/li>\n\n\n\n<li>Atividade de Intelig\u00eancia<\/li>\n<\/ul><p>Ser\u00e1 <strong>eliminado<\/strong> do concurso o candidato que obtiver <strong>nota inferior a 18 pontos em Conhecimentos Gerais<\/strong>, <strong>nota inferior a 27 pontos em Conhecimentos Espec\u00edficos<\/strong> ou <strong>pontua\u00e7\u00e3o inferior a 54 pontos no somat\u00f3rio das provas objetivas<\/strong>.<\/p>\n\n\n\n<h3 class=\"wp-block-heading\">Prova discursiva<\/h3>\n\n\n\n<p>A prova discursiva ter\u00e1 valor m\u00e1ximo de <strong>60 pontos<\/strong> e ser\u00e1 composta por tr\u00eas partes.<\/p>\n\n\n\n<p>O candidato dever\u00e1 responder <strong>duas quest\u00f5es discursivas<\/strong>, sendo uma sobre Atividade de Intelig\u00eancia e outra sobre Criminologia e No\u00e7\u00f5es de Criminal\u00edstica ou Direitos Humanos e Legisla\u00e7\u00e3o Correlata. Cada quest\u00e3o valer\u00e1 15 pontos e dever\u00e1 ser respondida em at\u00e9 20 linhas.<\/p>\n\n\n\n<p>Al\u00e9m disso, ser\u00e1 exigida a elabora\u00e7\u00e3o de <strong>uma pe\u00e7a de natureza t\u00e9cnica<\/strong>, com base em Direito Penal e Direito Processual Penal, a ser respondida em at\u00e9 50 linhas, valendo 30 pontos.<\/p>\n\n\n\n<p>Ser\u00e1 considerado aprovado na prova discursiva o candidato que obtiver <strong>nota m\u00ednima de 30 pontos<\/strong>.<\/p>\n\n\n\n<h3 class=\"wp-block-heading\">Teste de Aptid\u00e3o F\u00edsica (TAF)<\/h3>\n\n\n\n<p>Ser\u00e3o convocados para o Teste de Aptid\u00e3o F\u00edsica todos os candidatos aprovados na prova discursiva. A etapa ter\u00e1 car\u00e1ter eliminat\u00f3rio e ser\u00e1 composta pelos seguintes testes:<\/p>\n\n\n\n<ul class=\"wp-block-list\"><li><strong>Flex\u00e3o de bra\u00e7o em barra fixa<\/strong>, sendo exigidas 5 repeti\u00e7\u00f5es para candidatos do sexo masculino ou perman\u00eancia m\u00ednima de 15 segundos em isometria para candidatas do sexo feminino;<\/li>\n\n\n\n<li><strong>Impuls\u00e3o horizontal<\/strong>, com dist\u00e2ncia m\u00ednima de 2,05 metros para homens e 1,60 metro para mulheres;<\/li>\n\n\n\n<li><strong>Teste de shuttle run (corrida de ir e vir)<\/strong>, com tempo m\u00e1ximo de 13 segundos para homens e 15 segundos para mulheres;<\/li>\n\n\n\n<li><strong>Nata\u00e7\u00e3o de 50 metros<\/strong>, com tempo m\u00e1ximo de 56 segundos para homens e 64 segundos para mulheres;<\/li>\n\n\n\n<li><strong>Corrida de 12 minutos<\/strong>, com dist\u00e2ncia m\u00ednima de 2.200 metros para homens e 1.800 metros para mulheres.<\/li>\n<\/ul><p>O candidato que n\u00e3o atingir o desempenho m\u00ednimo exigido em qualquer um dos testes ser\u00e1 considerado <strong>inapto e eliminado<\/strong>.<\/p>\n\n\n\n<h3 class=\"wp-block-heading\">Avalia\u00e7\u00e3o psicol\u00f3gica<\/h3>\n\n\n\n<p>A avalia\u00e7\u00e3o psicol\u00f3gica, de car\u00e1ter eliminat\u00f3rio, tem como objetivo verificar a compatibilidade do perfil psicol\u00f3gico do candidato com as atribui\u00e7\u00f5es do cargo, considerando aspectos necess\u00e1rios ao desempenho das fun\u00e7\u00f5es de Policial Legislativo.<\/p>\n\n\n\n<p>Os crit\u00e9rios de aplica\u00e7\u00e3o, instrumentos utilizados e forma de avalia\u00e7\u00e3o ser\u00e3o definidos conforme as regras do edital do concurso C\u00e2mara dos Deputados e da banca organizadora.<\/p>\n\n\n\n<h3 class=\"wp-block-heading\">Avalia\u00e7\u00e3o da sa\u00fade f\u00edsica e mental<\/h3>\n\n\n\n<p>A avalia\u00e7\u00e3o de sa\u00fade f\u00edsica e mental tamb\u00e9m ter\u00e1 car\u00e1ter eliminat\u00f3rio e ser\u00e1 realizada por meio de exames m\u00e9dicos e toxicol\u00f3gicos, destinados a aferir se o candidato apresenta condi\u00e7\u00f5es f\u00edsicas e mentais para o exerc\u00edcio do cargo.<\/p>\n\n\n\n<h3 class=\"wp-block-heading\">Sindic\u00e2ncia de vida pregressa e investiga\u00e7\u00e3o social<\/h3>\n\n\n\n<p>A etapa de sindic\u00e2ncia de vida pregressa e investiga\u00e7\u00e3o social, de car\u00e1ter eliminat\u00f3rio, tem como finalidade verificar a idoneidade moral e os antecedentes do candidato, analisando se a conduta do concorrente \u00e9 compat\u00edvel com as responsabilidades do cargo p\u00fablico na \u00e1rea de seguran\u00e7a institucional.<\/p>\n\n\n\n<h3 class=\"wp-block-heading\">Programa de forma\u00e7\u00e3o profissional<\/h3>\n\n\n\n<p>O programa de forma\u00e7\u00e3o profissional constitui a etapa final do concurso e possui car\u00e1ter eliminat\u00f3rio. Nessa fase, os candidatos convocados dever\u00e3o participar das atividades previstas para a prepara\u00e7\u00e3o pr\u00e1tica e t\u00e9cnica voltada ao desempenho das atribui\u00e7\u00f5es do cargo de Policial Legislativo.<\/p>\n\n\n\n<p>O concurso C\u00e2mara dos Deputados ter\u00e1 a validade de dois anos, podendo ser prorrogado uma \u00fanica vez por igual per\u00edodo.<\/p>\n\n\n\n<h2 class=\"wp-block-heading\" id=\"o-que-cai-na-prova-do-concurso-policial-legislativo-da-cmara\">O que cai na prova do concurso Policial Legislativo da C\u00e2mara dos Deputados?<\/h2>\n\n\n\n<p>Confira quais ser\u00e3o os principais conte\u00fados cobrados na prova do concurso C\u00e2mara dos Deputados Policial:<\/p>\n\n\n\n<h3 class=\"wp-block-heading\">L\u00edngua Portuguesa<\/h3>\n\n\n\n<ul class=\"wp-block-list\"><li>Compreens\u00e3o e interpreta\u00e7\u00e3o de textos de g\u00eaneros variados<\/li>\n\n\n\n<li>Reconhecimento de tipos e g\u00eaneros textuais<\/li>\n\n\n\n<li>Dom\u00ednio da ortografia<\/li>\n\n\n\n<li>Dom\u00ednio dos mecanismos de coes\u00e3o textual\n<ul class=\"wp-block-list\"><li>Emprego de elementos de referencia\u00e7\u00e3o, substitui\u00e7\u00e3o e repeti\u00e7\u00e3o<\/li>\n\n\n\n<li>Emprego de conectores e outros elementos de sequencia\u00e7\u00e3o textual<\/li>\n<\/ul><\/li>\n\n\n\n<li>Emprego de tempos e modos verbais<\/li>\n\n\n\n<li>Dom\u00ednio da estrutura morfossint\u00e1tica do per\u00edodo\n<ul class=\"wp-block-list\"><li>Emprego das classes de palavras<\/li>\n\n\n\n<li>Rela\u00e7\u00f5es de coordena\u00e7\u00e3o entre ora\u00e7\u00f5es e entre termos da ora\u00e7\u00e3o<\/li>\n\n\n\n<li>Rela\u00e7\u00f5es de subordina\u00e7\u00e3o entre ora\u00e7\u00f5es e entre termos da ora\u00e7\u00e3o<\/li>\n\n\n\n<li>Emprego dos sinais de pontua\u00e7\u00e3o<\/li>\n\n\n\n<li>Concord\u00e2ncia verbal e nominal<\/li>\n\n\n\n<li>Reg\u00eancia verbal e nominal<\/li>\n\n\n\n<li>Emprego do sinal indicativo de crase<\/li>\n\n\n\n<li>Coloca\u00e7\u00e3o dos pronomes \u00e1tonos<\/li>\n<\/ul><\/li>\n\n\n\n<li>Reescrita de frases e par\u00e1grafos do texto\n<ul class=\"wp-block-list\"><li>Significa\u00e7\u00e3o das palavras<\/li>\n\n\n\n<li>Substitui\u00e7\u00e3o de palavras ou de trechos de texto<\/li>\n\n\n\n<li>Reorganiza\u00e7\u00e3o da estrutura de ora\u00e7\u00f5es e de per\u00edodos do texto<\/li>\n\n\n\n<li>Reescrita de textos de diferentes g\u00eaneros e n\u00edveis de formalidade<\/li>\n<\/ul><\/li>\n<\/ul><h3 class=\"wp-block-heading\">L\u00edngua Inglesa<\/h3>\n\n\n\n<ul class=\"wp-block-list\"><li>Compreens\u00e3o de textos variados\n<ul class=\"wp-block-list\"><li>Dom\u00ednio do vocabul\u00e1rio e da estrutura da l\u00edngua<\/li>\n\n\n\n<li>Ideias principais e secund\u00e1rias (expl\u00edcitas e impl\u00edcitas)<\/li>\n\n\n\n<li>Rela\u00e7\u00f5es intratextuais e intertextuais<\/li>\n<\/ul><\/li>\n\n\n\n<li>Itens gramaticais relevantes para compreens\u00e3o de conte\u00fados sem\u00e2nticos<\/li>\n\n\n\n<li>Conhecimento e uso das formas contempor\u00e2neas da linguagem inglesa<\/li>\n<\/ul><h3 class=\"wp-block-heading\">Racioc\u00ednio L\u00f3gico e No\u00e7\u00f5es de Estat\u00edstica<\/h3>\n\n\n\n<ul class=\"wp-block-list\"><li>Estruturas l\u00f3gicas<\/li>\n\n\n\n<li>L\u00f3gica de argumenta\u00e7\u00e3o: analogias, infer\u00eancias, dedu\u00e7\u00f5es e conclus\u00f5es<\/li>\n\n\n\n<li>L\u00f3gica sentencial (ou proposicional)\n<ul class=\"wp-block-list\"><li>Proposi\u00e7\u00f5es simples e compostas<\/li>\n\n\n\n<li>Tabelas verdade<\/li>\n\n\n\n<li>Equival\u00eancias<\/li>\n\n\n\n<li>Leis de Morgan<\/li>\n\n\n\n<li>Diagramas l\u00f3gicos<\/li>\n<\/ul><\/li>\n\n\n\n<li>L\u00f3gica de primeira ordem<\/li>\n\n\n\n<li>Princ\u00edpios de contagem e probabilidade<\/li>\n\n\n\n<li>Opera\u00e7\u00f5es com conjuntos<\/li>\n\n\n\n<li>Racioc\u00ednio l\u00f3gico envolvendo problemas aritm\u00e9ticos, geom\u00e9tricos e matriciais<\/li>\n\n\n\n<li>Estat\u00edstica e probabilidade b\u00e1sicas\n<ul class=\"wp-block-list\"><li>Medidas de tend\u00eancia central<\/li>\n\n\n\n<li>Medidas de dispers\u00e3o<\/li>\n\n\n\n<li>Formula\u00e7\u00e3o e valida\u00e7\u00e3o de hip\u00f3teses<\/li>\n\n\n\n<li>Amostragem, vi\u00e9s e erro<\/li>\n\n\n\n<li>Normaliza\u00e7\u00e3o e padroniza\u00e7\u00e3o<\/li>\n\n\n\n<li>Outliers<\/li>\n<\/ul><\/li>\n<\/ul><h3 class=\"wp-block-heading\">Direito Constitucional e Legisla\u00e7\u00e3o Interna da C\u00e2mara dos Deputados<\/h3>\n\n\n\n<ul class=\"wp-block-list\"><li>Constitui\u00e7\u00e3o Federal de 1988\n<ul class=\"wp-block-list\"><li>Conceito, contexto hist\u00f3rico, caracter\u00edsticas e estrutura do texto<\/li>\n<\/ul><\/li>\n\n\n\n<li>Princ\u00edpios fundamentais<\/li>\n\n\n\n<li>Direitos e garantias fundamentais\n<ul class=\"wp-block-list\"><li>Direitos e deveres individuais e coletivos<\/li>\n\n\n\n<li>Direitos sociais<\/li>\n\n\n\n<li>Nacionalidade<\/li>\n\n\n\n<li>Direitos pol\u00edticos e partidos pol\u00edticos<\/li>\n<\/ul><\/li>\n\n\n\n<li>Organiza\u00e7\u00e3o do Estado\n<ul class=\"wp-block-list\"><li>Organiza\u00e7\u00e3o pol\u00edtico-administrativa<\/li>\n\n\n\n<li>Uni\u00e3o, estados, munic\u00edpios, Distrito Federal e territ\u00f3rios<\/li>\n\n\n\n<li>Interven\u00e7\u00e3o Federal<\/li>\n<\/ul><\/li>\n\n\n\n<li>Administra\u00e7\u00e3o p\u00fablica\n<ul class=\"wp-block-list\"><li>Disposi\u00e7\u00f5es gerais<\/li>\n\n\n\n<li>Servidores p\u00fablicos civis e militares<\/li>\n<\/ul><\/li>\n\n\n\n<li>Poder Legislativo\n<ul class=\"wp-block-list\"><li>Congresso Nacional e suas Casas (atribui\u00e7\u00f5es, compet\u00eancias, reuni\u00f5es e comiss\u00f5es)<\/li>\n<\/ul><\/li>\n\n\n\n<li>Regime jur\u00eddico-constitucional dos parlamentares<\/li>\n\n\n\n<li>Processo Legislativo<\/li>\n\n\n\n<li>Defesa do Estado e das institui\u00e7\u00f5es democr\u00e1ticas<\/li>\n\n\n\n<li>For\u00e7as Armadas<\/li>\n\n\n\n<li>Seguran\u00e7a p\u00fablica\n<ul class=\"wp-block-list\"><li>Organiza\u00e7\u00e3o da seguran\u00e7a p\u00fablica<\/li>\n<\/ul><\/li>\n\n\n\n<li>Regimento Interno da C\u00e2mara dos Deputados\n<ul class=\"wp-block-list\"><li>Disposi\u00e7\u00f5es preliminares e \u00d3rg\u00e3os da C\u00e2mara (arts. 1\u00ba a 24)<\/li>\n\n\n\n<li>Sess\u00f5es da C\u00e2mara (arts. 65 a 94)<\/li>\n\n\n\n<li>Deputados (arts. 226 a 251)<\/li>\n\n\n\n<li>Administra\u00e7\u00e3o e economia interna (arts. 262 a 273)<\/li>\n<\/ul><\/li>\n\n\n\n<li>Resolu\u00e7\u00e3o da C\u00e2mara dos Deputados n\u00ba 18\/2003 e suas atualiza\u00e7\u00f5es (sem anexos)<\/li>\n\n\n\n<li>Ato da Mesa da C\u00e2mara dos Deputados n\u00ba 234\/2025 (sem anexos)<\/li>\n<\/ul><h3 class=\"wp-block-heading\">Direito Administrativo<\/h3>\n\n\n\n<ul class=\"wp-block-list\"><li>No\u00e7\u00f5es de organiza\u00e7\u00e3o administrativa\n<ul class=\"wp-block-list\"><li>Centraliza\u00e7\u00e3o, descentraliza\u00e7\u00e3o, concentra\u00e7\u00e3o e desconcentra\u00e7\u00e3o<\/li>\n\n\n\n<li>Administra\u00e7\u00e3o direta, indireta e funcional<\/li>\n\n\n\n<li>Autarquias, funda\u00e7\u00f5es, empresas p\u00fablicas e sociedades de economia mista<\/li>\n<\/ul><\/li>\n\n\n\n<li>Ato administrativo\n<ul class=\"wp-block-list\"><li>Conceito, requisitos, atributos, classifica\u00e7\u00e3o e esp\u00e9cies<\/li>\n\n\n\n<li>Extin\u00e7\u00e3o, nulidades e revoga\u00e7\u00e3o<\/li>\n\n\n\n<li>Parecer: responsabilidade do emissor do parecer<\/li>\n<\/ul><\/li>\n\n\n\n<li>Agentes p\u00fablicos\n<ul class=\"wp-block-list\"><li>Legisla\u00e7\u00e3o pertinente<\/li>\n\n\n\n<li>Disposi\u00e7\u00f5es constitucionais aplic\u00e1veis<\/li>\n\n\n\n<li>Disposi\u00e7\u00f5es doutrin\u00e1rias\n<ul class=\"wp-block-list\"><li>Conceito<\/li>\n\n\n\n<li>Esp\u00e9cies<\/li>\n\n\n\n<li>Cargo, emprego e fun\u00e7\u00e3o p\u00fablica<\/li>\n<\/ul><\/li>\n\n\n\n<li>Requisi\u00e7\u00e3o<\/li>\n\n\n\n<li>Regime jur\u00eddico dos servidores p\u00fablicos federais\n<ul class=\"wp-block-list\"><li>Admiss\u00e3o, demiss\u00e3o, concurso p\u00fablico, est\u00e1gio probat\u00f3rio, vencimento b\u00e1sico, acumula\u00e7\u00e3o, licen\u00e7a e seguridade social<\/li>\n<\/ul><\/li>\n\n\n\n<li>Direitos, deveres e responsabilidades dos servidores p\u00fablicos civis<\/li>\n<\/ul><\/li>\n\n\n\n<li>Direito administrativo disciplinar\n<ul class=\"wp-block-list\"><li>Fontes e princ\u00edpios<\/li>\n\n\n\n<li>Il\u00edcito de direito administrativo disciplinar<\/li>\n\n\n\n<li>Procedimentos disciplinares da administra\u00e7\u00e3o p\u00fablica<\/li>\n\n\n\n<li>Processo Administrativo Federal (Lei n\u00ba 9.784\/1999)<\/li>\n<\/ul><\/li>\n\n\n\n<li>Poderes administrativos\n<ul class=\"wp-block-list\"><li>Discricion\u00e1rio, hier\u00e1rquico, disciplinar, regulamentar e de pol\u00edcia<\/li>\n\n\n\n<li>Uso e abuso do poder<\/li>\n<\/ul><\/li>\n\n\n\n<li>Controle da administra\u00e7\u00e3o p\u00fablica\n<ul class=\"wp-block-list\"><li>Controle exercido pela administra\u00e7\u00e3o p\u00fablica<\/li>\n\n\n\n<li>Controle judicial<\/li>\n\n\n\n<li>Controle legislativo<\/li>\n<\/ul><\/li>\n\n\n\n<li>Responsabilidade civil do Estado\n<ul class=\"wp-block-list\"><li>Responsabilidade por ato comissivo do Estado<\/li>\n\n\n\n<li>Responsabilidade por omiss\u00e3o do Estado<\/li>\n\n\n\n<li>Requisitos para a demonstra\u00e7\u00e3o da responsabilidade do Estado<\/li>\n\n\n\n<li>Causas excludentes e atenuantes da responsabilidade do Estado<\/li>\n<\/ul><\/li>\n\n\n\n<li>Improbidade Administrativa (Lei n\u00ba 8.429\/1992)<\/li>\n\n\n\n<li>Lei de Acesso \u00e0 Informa\u00e7\u00e3o (Lei n\u00ba 12.527\/2011)<\/li>\n\n\n\n<li>Lei Geral de Prote\u00e7\u00e3o de Dados (Lei n\u00ba 13.709\/2018)<\/li>\n\n\n\n<li>Bens p\u00fablicos\n<ul class=\"wp-block-list\"><li>Classifica\u00e7\u00e3o e caracteres jur\u00eddicos<\/li>\n\n\n\n<li>Natureza jur\u00eddica do dom\u00ednio p\u00fablico<\/li>\n<\/ul><\/li>\n\n\n\n<li>Regime jur\u00eddico-administrativo na LINDB (Lei n\u00ba 4.657\/1942) e suas altera\u00e7\u00f5es<\/li>\n\n\n\n<li>No\u00e7\u00f5es de Licita\u00e7\u00f5es e Contratos (Lei n\u00ba 14.133\/2021)\n<ul class=\"wp-block-list\"><li>Licita\u00e7\u00e3o P\u00fablica: conceito, princ\u00edpios, finalidade, modalidades, dispensa e inexigibilidade<\/li>\n\n\n\n<li>Contratos administrativos\n<ul class=\"wp-block-list\"><li>Caracter\u00edsticas do contrato administrativo<\/li>\n\n\n\n<li>Formaliza\u00e7\u00e3o, gest\u00e3o e fiscaliza\u00e7\u00e3o do contrato\n<ul class=\"wp-block-list\"><li>Planejamento e fiscaliza\u00e7\u00e3o contratual<\/li>\n<\/ul><\/li>\n\n\n\n<li>Papel do fiscalizador do contrato<\/li>\n\n\n\n<li>Papel do preposto da contratada<\/li>\n\n\n\n<li>Acompanhamento da execu\u00e7\u00e3o contratual<\/li>\n\n\n\n<li>Registro e notifica\u00e7\u00e3o de irregularidades<\/li>\n<\/ul><\/li>\n\n\n\n<li>Estudo T\u00e9cnico Preliminar e Termo de Refer\u00eancia<\/li>\n\n\n\n<li>Altera\u00e7\u00e3o do objeto: acr\u00e9scimos e supress\u00f5es<\/li>\n\n\n\n<li>Prorroga\u00e7\u00e3o do prazo de vig\u00eancia e de execu\u00e7\u00e3o<\/li>\n\n\n\n<li>Riscos contratuais e gest\u00e3o econ\u00f4mico-financeira do contrato<\/li>\n\n\n\n<li>Contratos de terceiriza\u00e7\u00e3o: cautelas quanto \u00e0 responsabilidade trabalhista<\/li>\n\n\n\n<li>Responsabilidades da administra\u00e7\u00e3o e da contratada<\/li>\n<\/ul><\/li>\n\n\n\n<li>No\u00e7\u00f5es de Administra\u00e7\u00e3o Or\u00e7ament\u00e1ria e Financeira\n<ul class=\"wp-block-list\"><li>Programa\u00e7\u00e3o, execu\u00e7\u00e3o e controle de recursos or\u00e7ament\u00e1rios e financeiros<\/li>\n\n\n\n<li>Pr\u00e9-empenho, empenho, liquida\u00e7\u00e3o e pagamento da despesa<\/li>\n\n\n\n<li>Controle e pagamento de restos a pagar e de despesas de exerc\u00edcios anteriores<\/li>\n\n\n\n<li>Suprimento de fundos<\/li>\n<\/ul><\/li>\n<\/ul><h3 class=\"wp-block-heading\">Inform\u00e1tica e Dados<\/h3>\n\n\n\n<ul class=\"wp-block-list\"><li>No\u00e7\u00f5es de sistemas operacionais: Windows, Android e iOS<\/li>\n\n\n\n<li>Navegadores de Internet, webmail e ferramentas de produtividade<\/li>\n\n\n\n<li>No\u00e7\u00f5es de seguran\u00e7a da informa\u00e7\u00e3o\n<ul class=\"wp-block-list\"><li>Responsabilidades e deveres dos usu\u00e1rios de servi\u00e7os de TI<\/li>\n\n\n\n<li>Malware: v\u00edrus, worms, trojans, spyware, ransomware, backdoor, zero-day exploits e keyloggers<\/li>\n\n\n\n<li>Phishing, vishing e engenharia social: m\u00e9todos e canais utilizados<\/li>\n\n\n\n<li>Aplicativos para seguran\u00e7a: antiv\u00edrus, EDR, firewall, anti-spyware, gerenciadores de senhas<\/li>\n\n\n\n<li>Assinatura e certifica\u00e7\u00e3o digital<\/li>\n<\/ul><\/li>\n\n\n\n<li>No\u00e7\u00f5es de bancos de dados\n<ul class=\"wp-block-list\"><li>Conceitos b\u00e1sicos e caracter\u00edsticas<\/li>\n\n\n\n<li>Dados estruturados e n\u00e3o estruturados<\/li>\n\n\n\n<li>Chaves e relacionamentos<\/li>\n<\/ul><\/li>\n\n\n\n<li>No\u00e7\u00f5es de redes de computadores\n<ul class=\"wp-block-list\"><li>Tipos: LAN, MAN e WAN<\/li>\n\n\n\n<li>Internet e Intranet<\/li>\n\n\n\n<li>Arquitetura TCP\/IP, NAT<\/li>\n\n\n\n<li>Acesso remoto a computadores: VPN, RDP<\/li>\n<\/ul><\/li>\n\n\n\n<li>No\u00e7\u00f5es de aprendizado de m\u00e1quina\n<ul class=\"wp-block-list\"><li>Minera\u00e7\u00e3o de dados: conceitua\u00e7\u00e3o e caracter\u00edsticas<\/li>\n\n\n\n<li>Big data: conceito, premissas e aplica\u00e7\u00e3o<\/li>\n\n\n\n<li>IA Generativa: principais caracter\u00edsticas<\/li>\n<\/ul><\/li>\n\n\n\n<li>No\u00e7\u00f5es de forense computacional\n<ul class=\"wp-block-list\"><li>T\u00e9cnicas de recupera\u00e7\u00e3o de arquivos apagados em sistemas de arquivos<\/li>\n\n\n\n<li>Identifica\u00e7\u00e3o, isolamento, preserva\u00e7\u00e3o e coleta de vest\u00edgio cibern\u00e9tico<\/li>\n\n\n\n<li>Cadeia de cust\u00f3dia<\/li>\n\n\n\n<li>Log de eventos do Windows<\/li>\n<\/ul><\/li>\n<\/ul><h2 class=\"wp-block-heading\" id=\"materiais-preparatrios-para-o-concurso-da-pc-piau\">Materiais preparat\u00f3rios para o concurso C\u00e2mara dos Deputados Policial<\/h2>\n\n\n\n<p>Quer se destacar e conquistar sua vaga no concurso C\u00e2mara dos Deputados? Para isso, \u00e9 essencial contar com materiais de estudo de qualidade e uma rotina bem estruturada!<\/p>\n\n\n\n<p>Sabemos que a carreira policial \u00e9 altamente concorrida e almejada. Por isso, a Nova Concursos desenvolveu um\u00a0m\u00e9todo\u00a0de estudo que vai impulsionar sua prepara\u00e7\u00e3o!<\/p>\n\n\n\n<p>Somos reconhecidos por oferecer materiais pr\u00e1ticos e eficazes, contribuindo para a\u00a0<strong>aprova\u00e7\u00e3o<\/strong>\u00a0de mais de\u00a0<strong>100 mil candidatos<\/strong>\u00a0em concursos p\u00fablicos em todo o pa\u00eds.<\/p>\n\n\n\n<p>N\u00e3o perca tempo! Comece a estudar com os materiais da\u00a0<a href=\"https:\/\/www.novaconcursos.com.br\/catalogsearch\/result\/?q=Pol%C3%ADcia%20Civil%20do%20Piau%C3%AD\">Nova Concursos<\/a>\u00a0e conquiste o seu lugar no concurso C\u00e2mara dos Deputados Policial!<\/p>\n\n\n\n<h3 class=\"wp-block-heading\">Curso Online C\u00e2mara dos Deputados \u2013 Policial Legislativo Federal<\/h3>\n\n\n\n<p>O <a href=\"https:\/\/www.novaconcursos.com.br\/concurso\/camara-dos-deputados\/cursos-online\">curso online C\u00e2mara dos Deputados \u2013 Policial Legislativo Federal<\/a> foi desenvolvido para oferecer uma prepara\u00e7\u00e3o completa e totalmente alinhada ao edital do concurso C\u00e2mara dos Deputados. As aulas s\u00e3o ministradas por professores especialistas em concursos p\u00fablicos e organizadas por disciplina e assunto, seguindo a mesma ordem do conte\u00fado program\u00e1tico, o que facilita a organiza\u00e7\u00e3o dos estudos.<\/p>\n\n\n\n<p>Com acesso 100% online, o curso permite que o candidato estude no seu ritmo, de onde quiser, com materiais atualizados e foco total nos temas mais cobrados da prova.<\/p>\n\n\n\n<h3 class=\"wp-block-heading\">Apostila C\u00e2mara dos Deputados \u2013 Policial Legislativo Federal<\/h3>\n\n\n\n<p>A <a href=\"https:\/\/www.novaconcursos.com.br\/concurso\/camara-dos-deputados\/apostilas\">apostila C\u00e2mara dos Deputados \u2013 Policial Legislativo Federal<\/a> foi elaborada conforme o edital mais recente e re\u00fane o conte\u00fado essencial para uma prepara\u00e7\u00e3o completa e direcionada. Com teoria clara e bem organizada, o material facilita o estudo das disciplinas mais cobradas, al\u00e9m de incluir exerc\u00edcios de fixa\u00e7\u00e3o que ajudam a consolidar o aprendizado e refor\u00e7ar os principais t\u00f3picos exigidos na prova. <\/p>\n\n\n\n<p>\u00c9 uma op\u00e7\u00e3o pr\u00e1tica e eficiente para quem busca estudar com foco, seguran\u00e7a e alto rendimento na prepara\u00e7\u00e3o para o concurso C\u00e2mara dos Deputados.<\/p>\n\n\n\n<h3 class=\"wp-block-heading\">Mapa de Quest\u00f5es Online C\u00e2mara dos Deputados \u2013 Policial Legislativo Federal<\/h3>\n\n\n\n<p>O <a href=\"https:\/\/www.novaconcursos.com.br\/concurso\/camara-dos-deputados\/questoes\">Mapa de Quest\u00f5es Online C\u00e2mara dos Deputados \u2013 Policial Legislativo Federal<\/a>, com 11 mil quest\u00f5es, \u00e9 a ferramenta ideal para quem deseja treinar de forma estrat\u00e9gica e focada no edital do concurso C\u00e2mara dos Deputados. <\/p>\n\n\n\n<p>A plataforma re\u00fane quest\u00f5es organizadas por disciplina e assunto, permitindo acompanhar seu desempenho, identificar pontos que precisam de refor\u00e7o e direcionar os estudos com mais efici\u00eancia. Com pr\u00e1tica constante e an\u00e1lise de resultados, sua prepara\u00e7\u00e3o se torna mais objetiva e alinhada ao que realmente ser\u00e1 cobrado na prova.<\/p>\n\n\n\n<h2 class=\"wp-block-heading\" id=\"ltimo-concurso-policial-da-cmara-dos-deputados-\">\u00daltimo concurso Policial Legislativo da C\u00e2mara dos Deputados<\/h2>\n\n\n\n<p>O \u00faltimo concurso da C\u00e2mara de Deputados para Policial Legislativo foi realizado em\u00a0<strong>2014<\/strong>\u00a0pelo\u00a0<a href=\"https:\/\/www.cebraspe.org.br\/concursos\/\" target=\"_blank\" rel=\"noreferrer noopener\">Cebraspe (Cespe\/UNB)<\/a>\u00a0e ofertou 113 vagas de n\u00edvel m\u00e9dio e superior, nas especialidades a seguir:<\/p>\n\n\n\n<p><strong>N\u00edvel M\u00e9dio<\/strong><\/p>\n\n\n\n<ul class=\"wp-block-list\"><li>T\u00e9cnico Legislativo \u2013 Agente de Pol\u00edcia Legislativa (Policial Legislativo)<\/li>\n<\/ul><p><strong>N\u00edvel Superior<\/strong><\/p>\n\n\n\n<ul class=\"wp-block-list\"><li>Analista Legislativo \u2013 Consultor de Or\u00e7amento e Fiscaliza\u00e7\u00e3o Financeira; e\n<ul class=\"wp-block-list\"><li>Consultor Legislativo<\/li>\n<\/ul><\/li>\n<\/ul><h3 class=\"wp-block-heading\">\u00a0Etapas de Sele\u00e7\u00e3o<\/h3>\n\n\n\n<p>O concurso C\u00e2mara dos Deputados foi realizado nas seguintes etapas:<\/p>\n\n\n\n<ul class=\"wp-block-list\"><li>Prova objetiva (todos os cargos);<\/li>\n\n\n\n<li>Prova discursiva (todos os cargos);<\/li>\n\n\n\n<li>Avalia\u00e7\u00e3o de T\u00edtulos (Analista Legislativo); e<\/li>\n\n\n\n<li>Prova de aptid\u00e3o f\u00edsica (Policial Legislativo.<\/li>\n<\/ul><p>A\u00a0<strong>prova objetiva<\/strong>, de car\u00e1ter eliminat\u00f3rio e classificat\u00f3rio,\u00a0foi dividida entre P1 e P2, nas seguintes disciplinas:<\/p>\n\n\n\n<p><strong>N\u00edvel Superior (Analista e Consultor)<\/strong><\/p>\n\n\n\n<ul class=\"wp-block-list\"><li>Conhecimentos B\u00e1sicos\n<ul class=\"wp-block-list\"><li>L\u00edngua Portuguesa<\/li>\n\n\n\n<li>L\u00edngua Inglesa e Espanhola<\/li>\n\n\n\n<li>Processo Legislativo<\/li>\n<\/ul><\/li>\n\n\n\n<li>Conhecimentos espec\u00edficos<\/li>\n<\/ul><p><strong>N\u00edvel M\u00e9dio (T\u00e9cnico)<\/strong><\/p>\n\n\n\n<ul class=\"wp-block-list\"><li>Conhecimentos B\u00e1sicos\n<ul class=\"wp-block-list\"><li>L\u00edngua Portuguesa<\/li>\n\n\n\n<li>Legisla\u00e7\u00e3o<\/li>\n\n\n\n<li>Inform\u00e1tica e Racioc\u00ednio L\u00f3gico<\/li>\n<\/ul><\/li>\n\n\n\n<li>Conhecimentos espec\u00edficos<\/li>\n<\/ul><p>Divididas em quest\u00f5es de certo ou errado, as provas objetivas tinham as seguintes\u00a0<strong>pontua\u00e7\u00f5es<\/strong>\u00a0m\u00e1ximas:<\/p>\n\n\n\n<ul class=\"wp-block-list\"><li>Analista Legislativo \u2013 380 pontos;<\/li>\n\n\n\n<li>Consultor de Or\u00e7amento e Fiscaliza\u00e7\u00e3o Financeira \u2013 \u00a0370 pontos; e<\/li>\n\n\n\n<li>T\u00e9cnico Legislativo \u2013 240 pontos<\/li>\n<\/ul><p>J\u00e1 a<strong>\u00a0prova discursiva<\/strong>, de car\u00e1ter eliminat\u00f3rio e classificat\u00f3rio, foi aplicada em at\u00e9 duas etapas acerca de<strong>\u00a0conhecimentos espec\u00edficos<\/strong>.<\/p>","protected":false},"excerpt":{"rendered":"<p>As provas do concurso C\u00e2mara dos Deputados ser\u00e3o no dia 26 de abril e 31 mil inscritos ir\u00e3o disputar as 80 vagas! Confira! <\/p>\n","protected":false},"author":54701,"featured_media":307502,"comment_status":"closed","ping_status":"closed","sticky":false,"template":"","format":"standard","meta":{"_acf_changed":false,"footnotes":"","_wp_rev_ctl_limit":""},"categories":[44999,44996,44941],"tags":[9150],"class_list":["post-303251","post","type-post","status-publish","format-standard","has-post-thumbnail","hentry","category-concursos","category-carreira-legislativa","category-carreira-policial","tag-concurso-camara-dos-deputados"],"acf":[],"_links":{"self":[{"href":"https:\/\/www.novaconcursos.com.br\/portal\/wp-json\/wp\/v2\/posts\/303251","targetHints":{"allow":["GET"]}}],"collection":[{"href":"https:\/\/www.novaconcursos.com.br\/portal\/wp-json\/wp\/v2\/posts"}],"about":[{"href":"https:\/\/www.novaconcursos.com.br\/portal\/wp-json\/wp\/v2\/types\/post"}],"author":[{"embeddable":true,"href":"https:\/\/www.novaconcursos.com.br\/portal\/wp-json\/wp\/v2\/users\/54701"}],"replies":[{"embeddable":true,"href":"https:\/\/www.novaconcursos.com.br\/portal\/wp-json\/wp\/v2\/comments?post=303251"}],"version-history":[{"count":7,"href":"https:\/\/www.novaconcursos.com.br\/portal\/wp-json\/wp\/v2\/posts\/303251\/revisions"}],"predecessor-version":[{"id":307503,"href":"https:\/\/www.novaconcursos.com.br\/portal\/wp-json\/wp\/v2\/posts\/303251\/revisions\/307503"}],"wp:featuredmedia":[{"embeddable":true,"href":"https:\/\/www.novaconcursos.com.br\/portal\/wp-json\/wp\/v2\/media\/307502"}],"wp:attachment":[{"href":"https:\/\/www.novaconcursos.com.br\/portal\/wp-json\/wp\/v2\/media?parent=303251"}],"wp:term":[{"taxonomy":"category","embeddable":true,"href":"https:\/\/www.novaconcursos.com.br\/portal\/wp-json\/wp\/v2\/categories?post=303251"},{"taxonomy":"post_tag","embeddable":true,"href":"https:\/\/www.novaconcursos.com.br\/portal\/wp-json\/wp\/v2\/tags?post=303251"}],"curies":[{"name":"wp","href":"https:\/\/api.w.org\/{rel}","templated":true}]}}