{"id":303276,"date":"2026-01-26T10:44:19","date_gmt":"2026-01-26T13:44:19","guid":{"rendered":"https:\/\/www.novaconcursos.com.br\/portal\/?p=303276"},"modified":"2026-01-26T10:44:30","modified_gmt":"2026-01-26T13:44:30","slug":"concurso-alems-retificacao-provas","status":"publish","type":"post","link":"https:\/\/www.novaconcursos.com.br\/portal\/noticias\/concurso-alems-retificacao-provas\/","title":{"rendered":"Concurso ALEMS divulga retifica\u00e7\u00e3o do edital com mudan\u00e7as nas provas!"},"content":{"rendered":"<p>O edital do <a href=\"https:\/\/www.novaconcursos.com.br\/portal\/concursos\/alems\/\">concurso ALEMS<\/a> passou pela primeira retifica\u00e7\u00e3o. O documento foi divulgado na \u00faltima sexta-feira, dia 23 de janeiro e trouxe altera\u00e7\u00f5es importantes relacionadas \u00e0 <strong>estrutura das provas<\/strong>, aos <strong>crit\u00e9rios de avalia\u00e7\u00e3o<\/strong> e refor\u00e7ou o cronograma do certame, enquanto as <mark style=\"background-color:#8ed1fc\" class=\"has-inline-color\">inscri\u00e7\u00f5es seguem abertas<\/mark> at\u00e9 o dia <strong>2 de fevereiro<\/strong>.<\/p>\n\n\n\n<p>A sele\u00e7\u00e3o oferta <strong>80 vagas imediatas<\/strong>, al\u00e9m de cadastro reserva, para cargos de <strong>n\u00edveis m\u00e9dio e superior<\/strong>, com remunera\u00e7\u00f5es que variam entre <strong>R$ 4,9 mil e R$ 8 mil<\/strong>, al\u00e9m de benef\u00edcios.<\/p>\n\n\n\n<p>Entre as principais mudan\u00e7as, a retifica\u00e7\u00e3o incluiu os <strong>pesos <\/strong>dos conte\u00fados cobrados na prova objetiva. Para a maioria das \u00e1reas do cargo de <strong>Analista Legislativo<\/strong> a prova ser\u00e1 composta por 40 quest\u00f5es de Conhecimentos Gerais, com peso 1, e 40 quest\u00f5es de Conhecimentos Espec\u00edficos, com peso 2. <\/p>\n\n\n\n<p>J\u00e1 para o cargo de <strong>Analista Legislativo \u2013 Jur\u00eddico<\/strong>, foram estabelecidas 20 quest\u00f5es de Conhecimentos Gerais com peso 1 e 60 de Conhecimentos Espec\u00edficos com peso 4. <\/p>\n\n\n\n<p>O mesmo formato foi definido para <strong>T\u00e9cnico Legislativo \u2013 \u00c1rea Administrativa<\/strong>, que tamb\u00e9m ter\u00e1 20 quest\u00f5es de Conhecimentos Gerais com peso 1 e 60 de Conhecimentos Espec\u00edficos com peso 4.<\/p>\n\n\n\n<p>Outro ponto atualizado foi a metodologia adotada para avalia\u00e7\u00e3o das provas, com utiliza\u00e7\u00e3o do escore padronizado, por meio da chamada <strong>Nota Padronizada (NP)<\/strong>. A f\u00f3rmula fixar\u00e1 a m\u00e9dia em 50 e o desvio padr\u00e3o em 10, conforme o c\u00e1lculo:<br>$NP={[(\\frac{A-\\overline{X}}{\\sigma})\\times10]+50}$<\/p>\n\n\n\n<p>A retifica\u00e7\u00e3o tamb\u00e9m definiu crit\u00e9rios objetivos de habilita\u00e7\u00e3o com base na soma das notas padronizadas. Para os cargos de Analista Jur\u00eddico e T\u00e9cnico Administrativo, ser\u00e1 exigido m\u00ednimo de <strong>300 pontos<\/strong> no somat\u00f3rio das NP. Para os demais cargos, o m\u00ednimo estabelecido foi de <strong>180 pontos<\/strong>.<\/p>\n\n\n\n<p>Al\u00e9m disso, antes o edital do concurso ALEMS n\u00e3o detalhava a pontua\u00e7\u00e3o e crit\u00e9rios das etapas pr\u00e1ticas. Agora, o documento traz informa\u00e7\u00f5es completas sobre o <strong>TAF para Pol\u00edcia Legislativa<\/strong>, que ser\u00e1 composto por teste abdominal, flex\u00e3o de bra\u00e7os e corrida de 12 minutos, com \u00edndices m\u00ednimos diferenciados por sexo. <\/p>\n\n\n\n<p>No abdominal, ser\u00e3o exigidas <strong>35 repeti\u00e7\u00f5es para homens<\/strong> e <strong>30 para mulheres<\/strong> em um minuto. Na flex\u00e3o de bra\u00e7os, os m\u00ednimos s\u00e3o de <strong>18 repeti\u00e7\u00f5es para homens<\/strong> e <strong>10 para mulheres<\/strong>, tamb\u00e9m em um minuto. J\u00e1 na corrida de 12 minutos, ser\u00e1 necess\u00e1rio atingir <strong>2.400 metros para homens<\/strong> e <strong>2.000 metros para mulheres<\/strong>.<\/p>\n\n\n\n<p>Para a especialidade de <strong>Tradu\u00e7\u00e3o de Libras<\/strong>, a etapa pr\u00e1tica foi definida como uma avalia\u00e7\u00e3o de profici\u00eancia composta por tr\u00eas tarefas, totalizando 100 pontos, com exig\u00eancia de <strong>nota m\u00ednima de 50<\/strong> para aprova\u00e7\u00e3o.<\/p>\n\n\n\n<p>Por fim, o edital retificado refor\u00e7ou as principais datas da sele\u00e7\u00e3o e incluiu o detalhamento de conte\u00fados espec\u00edficos para cargos como T\u00e9cnico Legislativo \u2013 Audiovisual e Pol\u00edcia Legislativa, com destaque para temas como legisla\u00e7\u00e3o penal, seguran\u00e7a de dignit\u00e1rios e inform\u00e1tica aplicada.<\/p>\n\n\n\n<p>Veja o documento completo <a href=\"https:\/\/www.concursosfcc.com.br\/rybena\/web\/index.html?file=https:\/\/www.concursosfcc.com.br\/concursos\/alems125\/alems125_edital_n0_02_2026_retificacao_publicar.pdf\" target=\"_blank\" rel=\"noopener\">aqui<\/a>!<\/p>\n\n\n\n<h2 class=\"wp-block-heading\" id=\"provas-do-concurso-alems\">Provas do concurso ALEMS<\/h2>\n\n\n\n<p>O concurso ALEMS contar\u00e1 com somente etapas objetivas e pr\u00e1ticas, conforme previsto no edital. Tamb\u00e9m est\u00e1 prevista uma etapa pr\u00e1tica de Libras, aplicada exclusivamente para a especialidade de Tradu\u00e7\u00e3o de Libras.<\/p>\n\n\n\n<p>A <strong>prova objetiva<\/strong> ser\u00e1 realizada em dois turnos, com aplica\u00e7\u00e3o pela manh\u00e3 para os cargos de T\u00e9cnico e no per\u00edodo da tarde para os cargos de Analista. Todas as avalia\u00e7\u00f5es acontecer\u00e3o em <strong>Campo Grande (MS)<\/strong>, incluindo as etapas pr\u00e1ticas, conforme o cronograma do certame.<\/p>\n\n\n\n<p>A Funda\u00e7\u00e3o Carlos Chagas (FCC) enviar\u00e1 ao candidato o Cart\u00e3o Informativo por e-mail, no e-mail cadastrado no momento da inscri\u00e7\u00e3o. Nesse documento constar\u00e3o a data, os hor\u00e1rios e os locais de realiza\u00e7\u00e3o das provas, por isso \u00e9 essencial acompanhar a caixa de entrada e tamb\u00e9m as atualiza\u00e7\u00f5es oficiais na <a href=\"https:\/\/www.concursosfcc.com.br\/concursos\/alems125\/\" target=\"_blank\" rel=\"noopener\">p\u00e1gina<\/a> da banca organizadora.<\/p>\n\n\n\n<p>Para conferir todos os detalhes do concurso ALEMS, acesse o nosso <a href=\"https:\/\/www.novaconcursos.com.br\/portal\/concursos\/alems\/\">guia completo<\/a> e continue acompanhando o blog. At\u00e9 a pr\u00f3xima!<\/p>","protected":false},"excerpt":{"rendered":"<p>Retifica\u00e7\u00e3o do concurso ALEMS altera regras nas provas objetivas e pr\u00e1ticas!<\/p>\n","protected":false},"author":54693,"featured_media":303273,"comment_status":"closed","ping_status":"closed","sticky":false,"template":"","format":"standard","meta":{"_acf_changed":false,"footnotes":"","_wp_rev_ctl_limit":""},"categories":[228,44966,44996],"tags":[45068,45028],"class_list":["post-303276","post","type-post","status-publish","format-standard","has-post-thumbnail","hentry","category-noticias","category-ms","category-carreira-legislativa","tag-concurso-alems","tag-concursos-abertos-ms"],"acf":[],"_links":{"self":[{"href":"https:\/\/www.novaconcursos.com.br\/portal\/wp-json\/wp\/v2\/posts\/303276","targetHints":{"allow":["GET"]}}],"collection":[{"href":"https:\/\/www.novaconcursos.com.br\/portal\/wp-json\/wp\/v2\/posts"}],"about":[{"href":"https:\/\/www.novaconcursos.com.br\/portal\/wp-json\/wp\/v2\/types\/post"}],"author":[{"embeddable":true,"href":"https:\/\/www.novaconcursos.com.br\/portal\/wp-json\/wp\/v2\/users\/54693"}],"replies":[{"embeddable":true,"href":"https:\/\/www.novaconcursos.com.br\/portal\/wp-json\/wp\/v2\/comments?post=303276"}],"version-history":[{"count":1,"href":"https:\/\/www.novaconcursos.com.br\/portal\/wp-json\/wp\/v2\/posts\/303276\/revisions"}],"predecessor-version":[{"id":303283,"href":"https:\/\/www.novaconcursos.com.br\/portal\/wp-json\/wp\/v2\/posts\/303276\/revisions\/303283"}],"wp:featuredmedia":[{"embeddable":true,"href":"https:\/\/www.novaconcursos.com.br\/portal\/wp-json\/wp\/v2\/media\/303273"}],"wp:attachment":[{"href":"https:\/\/www.novaconcursos.com.br\/portal\/wp-json\/wp\/v2\/media?parent=303276"}],"wp:term":[{"taxonomy":"category","embeddable":true,"href":"https:\/\/www.novaconcursos.com.br\/portal\/wp-json\/wp\/v2\/categories?post=303276"},{"taxonomy":"post_tag","embeddable":true,"href":"https:\/\/www.novaconcursos.com.br\/portal\/wp-json\/wp\/v2\/tags?post=303276"}],"curies":[{"name":"wp","href":"https:\/\/api.w.org\/{rel}","templated":true}]}}