{"id":303470,"date":"2026-01-28T15:21:44","date_gmt":"2026-01-28T18:21:44","guid":{"rendered":"https:\/\/www.novaconcursos.com.br\/portal\/?p=303470"},"modified":"2026-01-28T15:21:48","modified_gmt":"2026-01-28T18:21:48","slug":"concurso-sefa-pr-data-prova","status":"publish","type":"post","link":"https:\/\/www.novaconcursos.com.br\/portal\/noticias\/concurso-sefa-pr-data-prova\/","title":{"rendered":"Concurso Sefa PR tem nova data para as provas!"},"content":{"rendered":"<p>O <a href=\"https:\/\/www.novaconcursos.com.br\/portal\/concursos\/concurso-sefaz-pr\/\">concurso Sefa PR<\/a> teve <strong>nova data definida para a reaplica\u00e7\u00e3o das provas<\/strong> ap\u00f3s a suspens\u00e3o das avalia\u00e7\u00f5es do turno da tarde no \u00faltimo domingo, em Curitiba\/PR (e demais locais de aplica\u00e7\u00e3o previstos no edital). A decis\u00e3o ocorreu por determina\u00e7\u00e3o da banca <strong><a href=\"https:\/\/www.cebraspe.org.br\/\" target=\"_blank\" rel=\"noopener\">Cebraspe<\/a><\/strong>, em conjunto com a Secretaria de Estado da Fazenda do Paran\u00e1, devido \u00e0 necessidade de ajustes nos procedimentos de aplica\u00e7\u00e3o das etapas.<\/p>\n\n\n\n<p>Com isso, os candidatos que aguardavam a sequ\u00eancia do exame ainda no mesmo dia foram surpreendidos com o adiamento das provas <strong>P2 (Conhecimentos Espec\u00edficos)<\/strong> e <strong>P3 (Discursiva)<\/strong>, que seriam realizadas ap\u00f3s a prova da manh\u00e3. A Sefa-PR informou que j\u00e1 cobrou provid\u00eancias da organizadora e confirmou que o novo cronograma seria divulgado oficialmente no site do certame.<\/p>\n\n\n\n<p>De acordo com o cronograma atualizado divulgado pelo Cebraspe, as provas remarcadas do concurso Sefa PR ser\u00e3o aplicadas em <strong>22 de fevereiro de 2026<\/strong>.<\/p>\n\n\n\n<p>Confira as principais datas:<\/p>\n\n\n\n<ul class=\"wp-block-list\"><li><strong>Aplica\u00e7\u00e3o da prova objetiva e da prova discursiva:<\/strong> 22 de fevereiro de 2026;<\/li>\n\n\n\n<li><strong>Consulta individual aos gabaritos oficiais preliminares da prova objetiva:<\/strong> 24 a 26 de fevereiro de 2026;<\/li>\n\n\n\n<li><strong>Divulga\u00e7\u00e3o do padr\u00e3o preliminar de respostas da prova discursiva (P3):<\/strong> 24 de fevereiro de 2026;<\/li>\n\n\n\n<li><strong>Prazo para recursos (P2 e P3):<\/strong> 25 e 26 de fevereiro de 2026;<\/li>\n\n\n\n<li><strong>Divulga\u00e7\u00e3o dos gabaritos oficiais preliminares da prova objetiva (P2):<\/strong> 27 de fevereiro de 2026;<\/li>\n\n\n\n<li><strong>Resultado final das objetivas e resultado provis\u00f3rio da discursiva:<\/strong> 25 de mar\u00e7o de 2026.<\/li>\n<\/ul><p><\/p>\n\n\n\n<p>Inicialmente, o concurso Sefa PR teria provas aplicadas em dois turnos, no domingo, 25 de janeiro. Entretanto, apenas a etapa do per\u00edodo da manh\u00e3 ocorreu normalmente.<\/p>\n\n\n\n<p>As avalia\u00e7\u00f5es previstas para o per\u00edodo da tarde, Conhecimentos Espec\u00edficos (P2) e Discursiva (P3), foram suspensas com justificativa de que seriam necess\u00e1rios ajustes operacionais no processo de aplica\u00e7\u00e3o, conforme comunicados oficiais.<\/p>\n\n\n\n<p>Em nota, a Secretaria da Fazenda do Paran\u00e1 explicou que o adiamento foi motivado pela necessidade de corre\u00e7\u00f5es no procedimento de execu\u00e7\u00e3o das etapas, destacando que provid\u00eancias j\u00e1 foram cobradas da banca organizadora.<\/p>\n\n\n\n<p>Na parte da manh\u00e3, os candidatos realizaram a prova <strong>P1 (Conhecimentos Gerais)<\/strong>, com <strong>80 quest\u00f5es<\/strong> distribu\u00eddas entre diversas disciplinas.<\/p>\n\n\n\n<p>Veja as mat\u00e9rias cobradas:<\/p>\n\n\n\n<ul class=\"wp-block-list\"><li>L\u00edngua Portuguesa: 10 quest\u00f5es;<\/li>\n\n\n\n<li>Direito Constitucional, Administrativo e Estatuto da Crian\u00e7a e do Adolescente: 10 quest\u00f5es;<\/li>\n\n\n\n<li>Direito Tribut\u00e1rio: 5 quest\u00f5es;<\/li>\n\n\n\n<li>Racioc\u00ednio L\u00f3gico e Matem\u00e1tico: 5 quest\u00f5es;<\/li>\n\n\n\n<li>Matem\u00e1tica Financeira: 5 quest\u00f5es;<\/li>\n\n\n\n<li>Administra\u00e7\u00e3o P\u00fablica: 5 quest\u00f5es;<\/li>\n\n\n\n<li>Administra\u00e7\u00e3o Financeira e Or\u00e7ament\u00e1ria (AFO): 10 quest\u00f5es;<\/li>\n\n\n\n<li>No\u00e7\u00f5es de Economia e No\u00e7\u00f5es de Finan\u00e7as P\u00fablicas: 10 quest\u00f5es;<\/li>\n\n\n\n<li>No\u00e7\u00f5es de Tecnologia da Informa\u00e7\u00e3o: 10 quest\u00f5es;<\/li>\n\n\n\n<li>No\u00e7\u00f5es de Contabilidade Aplicada ao Setor P\u00fablico (CASP): 10 quest\u00f5es.<\/li>\n<\/ul><p>Com a nova data definida, o candidato dever\u00e1 se preparar para as duas etapas restantes: A prova espec\u00edfica ser\u00e1 composta por <strong>50 quest\u00f5es<\/strong>, com conte\u00fados direcionados \u00e0 carreira. J\u00e1 a prova discursiva ser\u00e1 formada por <strong>uma quest\u00e3o dissertativa<\/strong>, comum para todos, sobre tema relacionado \u00e0 Gest\u00e3o P\u00fablica.<\/p>\n\n\n\n<p>O edital estabelece que as provas objetivas (P1 + P2) somam at\u00e9 <strong>155 pontos<\/strong>.<\/p>\n\n\n\n<p>Al\u00e9m disso:<\/p>\n\n\n\n<ul class=\"wp-block-list\"><li>ser\u00e1 <strong>reprovado<\/strong> o candidato que obtiver <strong>nota inferior a 78 pontos<\/strong> nas provas objetivas;<\/li>\n\n\n\n<li>para ter a discursiva corrigida, ser\u00e1 necess\u00e1rio estar <strong>classificado dentro dos limites previstos no edital<\/strong>.<\/li>\n<\/ul><p><\/p>\n\n\n\n<p>Com a retomada do cronograma, a expectativa agora \u00e9 que o concurso Sefa PR siga normalmente at\u00e9 a publica\u00e7\u00e3o dos resultados e etapas seguintes, conforme previsto pela banca organizadora.<\/p>","protected":false},"excerpt":{"rendered":"<p>As provas do concurso Sefa PR ser\u00e3o aplicadas no dia 22 de fevereiro!<\/p>\n","protected":false},"author":54696,"featured_media":303472,"comment_status":"closed","ping_status":"closed","sticky":false,"template":"","format":"standard","meta":{"_acf_changed":false,"footnotes":"","_wp_rev_ctl_limit":""},"categories":[228,44952],"tags":[45667],"class_list":["post-303470","post","type-post","status-publish","format-standard","has-post-thumbnail","hentry","category-noticias","category-pr","tag-concurso-sefa-pr"],"acf":[],"_links":{"self":[{"href":"https:\/\/www.novaconcursos.com.br\/portal\/wp-json\/wp\/v2\/posts\/303470","targetHints":{"allow":["GET"]}}],"collection":[{"href":"https:\/\/www.novaconcursos.com.br\/portal\/wp-json\/wp\/v2\/posts"}],"about":[{"href":"https:\/\/www.novaconcursos.com.br\/portal\/wp-json\/wp\/v2\/types\/post"}],"author":[{"embeddable":true,"href":"https:\/\/www.novaconcursos.com.br\/portal\/wp-json\/wp\/v2\/users\/54696"}],"replies":[{"embeddable":true,"href":"https:\/\/www.novaconcursos.com.br\/portal\/wp-json\/wp\/v2\/comments?post=303470"}],"version-history":[{"count":1,"href":"https:\/\/www.novaconcursos.com.br\/portal\/wp-json\/wp\/v2\/posts\/303470\/revisions"}],"predecessor-version":[{"id":303474,"href":"https:\/\/www.novaconcursos.com.br\/portal\/wp-json\/wp\/v2\/posts\/303470\/revisions\/303474"}],"wp:featuredmedia":[{"embeddable":true,"href":"https:\/\/www.novaconcursos.com.br\/portal\/wp-json\/wp\/v2\/media\/303472"}],"wp:attachment":[{"href":"https:\/\/www.novaconcursos.com.br\/portal\/wp-json\/wp\/v2\/media?parent=303470"}],"wp:term":[{"taxonomy":"category","embeddable":true,"href":"https:\/\/www.novaconcursos.com.br\/portal\/wp-json\/wp\/v2\/categories?post=303470"},{"taxonomy":"post_tag","embeddable":true,"href":"https:\/\/www.novaconcursos.com.br\/portal\/wp-json\/wp\/v2\/tags?post=303470"}],"curies":[{"name":"wp","href":"https:\/\/api.w.org\/{rel}","templated":true}]}}