{"id":303486,"date":"2026-01-29T08:47:02","date_gmt":"2026-01-29T11:47:02","guid":{"rendered":"https:\/\/www.novaconcursos.com.br\/portal\/?p=303486"},"modified":"2026-01-29T08:51:56","modified_gmt":"2026-01-29T11:51:56","slug":"camara-de-carapicuiba-sp","status":"publish","type":"post","link":"https:\/\/www.novaconcursos.com.br\/portal\/concursos\/camara-de-carapicuiba-sp\/","title":{"rendered":"Concurso C\u00e2mara de Carapicu\u00edba: Saiu edital para n\u00edveis fundamental e m\u00e9dio!"},"content":{"rendered":"<p>O concurso C\u00e2mara de Carapicu\u00edba \u00e9 a sele\u00e7\u00e3o realizada pela C\u00e2mara Municipal de Carapicu\u00edba (SP) para o provimento de cargos efetivos em seu quadro de servidores. O edital oferece <strong>3 vagas imediatas<\/strong>, com oportunidades para carreiras de <strong>n\u00edveis fundamental e m\u00e9dio<\/strong>, e remunera\u00e7\u00f5es iniciais que chegam a <strong>R$ 5.100,75<\/strong>.<\/p>\n\n\n\n    <div class=\"nova-resumo-edital\">\n        <h2 class=\"nova-resumo-edital-title\" id=\"resumo-edital\">Resumo Edital<\/h2>\n        <ul class=\"nova-resumo-edital-list nova-menu\"><li>\n                <img decoding=\"async\" width=\"24\" height=\"24\" loading=\"lazy\" src=\"https:\/\/www.novaconcursos.com.br\/portal\/wp-content\/themes\/nova-theme\/includes\/assets\/img\/person.svg\" aria-hidden=\"true\" alt=\"\u00edcone pessoa\" title=\"\"><span>\n                    <b>Vagas: <\/b> 3\n                <\/span>\n            <\/li>\n            <li>\n                <img decoding=\"async\" width=\"24\" height=\"24\" loading=\"lazy\" src=\"https:\/\/www.novaconcursos.com.br\/portal\/wp-content\/themes\/nova-theme\/includes\/assets\/img\/inscricoes.svg\" aria-hidden=\"true\" alt=\"\u00edcone pessoa\" title=\"\"><span>\n                    <b>Per\u00edodo de inscri\u00e7\u00f5es: <\/b> 21\/01\/2026 a 22\/02\/2026\n                <\/span>\n            <\/li>\n            <li>\n                <img decoding=\"async\" width=\"24\" height=\"24\" loading=\"lazy\" src=\"https:\/\/www.novaconcursos.com.br\/portal\/wp-content\/themes\/nova-theme\/includes\/assets\/img\/taxa-inscricao.svg\" aria-hidden=\"true\" alt=\"\u00edcone pessoa\" title=\"\"><span>\n                    <b>Taxa de inscri\u00e7\u00e3o: <\/b> R$20,00 a R$25,00\n                <\/span>\n            <\/li>\n            <li>\n                <img decoding=\"async\" width=\"24\" height=\"24\" loading=\"lazy\" src=\"https:\/\/www.novaconcursos.com.br\/portal\/wp-content\/themes\/nova-theme\/includes\/assets\/img\/prova.svg\" aria-hidden=\"true\" alt=\"\u00edcone pessoa\" title=\"\"><span>\n                    <b>Prova: <\/b> 29\/03\/2026\n                <\/span>\n            <\/li>\n            <li>\n                <img decoding=\"async\" width=\"24\" height=\"24\" loading=\"lazy\" src=\"https:\/\/www.novaconcursos.com.br\/portal\/wp-content\/themes\/nova-theme\/includes\/assets\/img\/banca.svg\" aria-hidden=\"true\" alt=\"\u00edcone pessoa\" title=\"\"><span>\n                    <b>Banca: <\/b> Instituto Omni\n                <\/span>\n            <\/li>\n        <\/ul><div class=\"nova-resumo-edital-baixar\">\n            <a href=\"https:\/\/www.novaconcursos.com.br\/portal\/wp-content\/uploads\/2026\/01\/edital-concurso-camara-de-carapicuiba.pdf\" rel=\"noopener\">\n                Baixe aqui o edital\n            <\/a>\n        <\/div>\n    <\/div>\n\n\n\n<p>As <strong>inscri\u00e7\u00f5es<\/strong> seguem abertas at\u00e9 o dia <strong>22 de janeiro<\/strong>, e a <strong>prova<\/strong> est\u00e1 marcada para o dia <strong>22 de mar\u00e7o<\/strong>. Se voc\u00ea ficou interessado(a) e quer disputar uma das vagas no Legislativo municipal, continue a leitura e confira todos os detalhes sobre cargos, requisitos, etapas e cronograma do concurso C\u00e2mara de Carapicu\u00edba.<\/p>\n\n\n\n<h2 class=\"wp-block-heading\" id=\"cronograma-do-concurso-cmara-de-carapicuba\">Cronograma do concurso C\u00e2mara de Carapicu\u00edba<\/h2>\n\n\n\n<p>Confira o cronograma do concurso C\u00e2mara de Carapicu\u00edba com as principais datas:<\/p>\n\n\n\n<ul class=\"wp-block-list\"><li><strong>Per\u00edodo de inscri\u00e7\u00f5es:<\/strong> 21 de janeiro a 22 de fevereiro de 2026<\/li>\n\n\n\n<li><strong>Solicita\u00e7\u00e3o de isen\u00e7\u00e3o da taxa de inscri\u00e7\u00e3o:<\/strong> 22 a 25 de janeiro de 2026<\/li>\n\n\n\n<li><strong>\u00daltimo dia para pagamento da taxa de inscri\u00e7\u00e3o:<\/strong> data informada no boleto<\/li>\n\n\n\n<li><strong>Aplica\u00e7\u00e3o da prova objetiva:<\/strong> 22 de mar\u00e7o de 2026<\/li>\n<\/ul><h2 class=\"wp-block-heading\" id=\"como-fazer-a-inscrio-no-concurso-cmara-de-carapicuba\">Como fazer a inscri\u00e7\u00e3o no concurso C\u00e2mara de Carapicu\u00edba?<\/h2>\n\n\n\n<p>Os interessados em participar do concurso C\u00e2mara de Carapicu\u00edba SP j\u00e1 podem se inscrever! O per\u00edodo para participar do certame teve in\u00edcio no dia 21 de janeiro. O processo deve ser realizado exclusivamente pelo site do <a href=\"https:\/\/www.omniinstituto.org.br\/informacoes\/27\/\" target=\"_blank\" rel=\"noopener\">Instituto Omni<\/a>, banca organizadora respons\u00e1vel pelo certame.<\/p>\n\n\n\n<p>As inscri\u00e7\u00f5es permanecer\u00e3o abertas at\u00e9 o dia <strong>22 de fevereiro de 2026<\/strong>. Para confirmar a participa\u00e7\u00e3o, o candidato dever\u00e1 realizar o cadastro, preencher o formul\u00e1rio de inscri\u00e7\u00e3o, imprimir o boleto banc\u00e1rio e efetuar o pagamento da taxa em qualquer ag\u00eancia banc\u00e1ria (preferencialmente na Caixa Econ\u00f4mica Federal), conforme orienta\u00e7\u00f5es da banca.<\/p>\n\n\n\n<p>O valor da taxa de inscri\u00e7\u00e3o varia de acordo com o n\u00edvel de escolaridade exigido para o cargo:<\/p>\n\n\n\n<ul class=\"wp-block-list\"><li><strong>R$ 20,00<\/strong> para cargo de <strong>n\u00edvel fundamental<\/strong>;<\/li>\n\n\n\n<li><strong>R$ 25,00<\/strong> para cargos de <strong>n\u00edvel m\u00e9dio<\/strong>.<\/li>\n<\/ul><h3 class=\"wp-block-heading\">Isen\u00e7\u00e3o da taxa de inscri\u00e7\u00e3o<\/h3>\n\n\n\n<p>O edital tamb\u00e9m previu isen\u00e7\u00e3o da taxa de inscri\u00e7\u00e3o, cujo per\u00edodo para solicita\u00e7\u00e3o j\u00e1 foi encerrado. Os pedidos foram realizados entre os dias 22 e 25 de janeiro de 2026, exclusivamente pelo site do Instituto Omni, seguindo os crit\u00e9rios e exig\u00eancias previstos no edital de abertura.<\/p>\n\n\n\n<h2 class=\"wp-block-heading\" id=\"cargos-vagas-e-salrios\">Cargos, vagas e sal\u00e1rios<\/h2>\n\n\n\n<p>O concurso C\u00e2mara de Carapicu\u00edba oferece <strong>3 vagas imediatas<\/strong>, distribu\u00eddas entre cargos de <strong>n\u00edvel fundamental<\/strong> e <strong>n\u00edvel m\u00e9dio<\/strong>. A jornada de trabalho para todos os cargos ser\u00e1 de <strong>40 horas semanais<\/strong>.<\/p>\n\n\n\n<h3 class=\"wp-block-heading\">N\u00edvel fundamental<\/h3>\n\n\n\n<ul class=\"wp-block-list\"><li>Ajudante de Servi\u00e7os Gerais: 1 vaga\n<ul class=\"wp-block-list\"><li>Sal\u00e1rio: R$ 1.645,00<\/li>\n<\/ul><\/li>\n<\/ul><h3 class=\"wp-block-heading\">N\u00edvel m\u00e9dio<\/h3>\n\n\n\n<ul class=\"wp-block-list\"><li>Agente Administrativo: 1 vaga\n<ul class=\"wp-block-list\"><li>Sal\u00e1rio: R$ 5.100,75<\/li>\n<\/ul><\/li>\n\n\n\n<li>Oficial de Manuten\u00e7\u00e3o: 1 vaga\n<ul class=\"wp-block-list\"><li>Sal\u00e1rio: R$ 1.645,00<\/li>\n<\/ul><\/li>\n<\/ul><h2 class=\"wp-block-heading\" id=\"requisitos\">Requisitos<\/h2>\n\n\n\n<p>Confira quais s\u00e3o as principais exig\u00eancias previstas no edital:<\/p>\n\n\n\n<ul class=\"wp-block-list\"><li>Ser brasileiro ou gozar das prerrogativas do Decreto Federal n\u00ba 70.436\/1972;<\/li>\n\n\n\n<li>Ser aprovado no concurso p\u00fablico;<\/li>\n\n\n\n<li>Ter idade m\u00ednima de 18 anos completos;<\/li>\n\n\n\n<li>Possuir aptid\u00e3o f\u00edsica e mental para o exerc\u00edcio das atribui\u00e7\u00f5es do cargo, comprovada por exame m\u00e9dico admissional;<\/li>\n\n\n\n<li>Estar quite com o servi\u00e7o militar, se candidato do sexo masculino;<\/li>\n\n\n\n<li>Estar no gozo dos direitos civis e pol\u00edticos;<\/li>\n\n\n\n<li>Atender \u00e0s condi\u00e7\u00f5es de escolaridade e demais requisitos exigidos para o cargo.<\/li>\n<\/ul><h2 class=\"wp-block-heading\" id=\"o-que-faz-um-agente-administrativo\">O que faz um Agente Administrativo?<\/h2>\n\n\n\n<p>O Agente Administrativo \u00e9 o profissional respons\u00e1vel por executar tarefas de suporte administrativo, sempre sob supervis\u00e3o do superior, atuando principalmente em rotinas de organiza\u00e7\u00e3o, atendimento e produ\u00e7\u00e3o de documentos.<\/p>\n\n\n\n<p>Entre as atividades do cargo, est\u00e3o:<\/p>\n\n\n\n<ul class=\"wp-block-list\"><li>Classificar, arquivar e desarquivar documentos e outros expedientes;<\/li>\n\n\n\n<li>Executar atividades de digita\u00e7\u00e3o em geral;<\/li>\n\n\n\n<li>Atender chamadas telef\u00f4nicas e realizar liga\u00e7\u00f5es locais, interurbanas e internacionais;<\/li>\n\n\n\n<li>Atender o p\u00fablico presencialmente;<\/li>\n\n\n\n<li>Receber e expedir correspond\u00eancias e demais expedientes da unidade administrativa;<\/li>\n\n\n\n<li>Redigir documentos e correspond\u00eancias;<\/li>\n\n\n\n<li>Requisitar e receber material de escrit\u00f3rio;<\/li>\n\n\n\n<li>Utilizar aplicativos de edi\u00e7\u00e3o de textos e planilhas eletr\u00f4nicas;<\/li>\n\n\n\n<li>Zelar pelo material utilizado;<\/li>\n\n\n\n<li>Executar outras atividades t\u00edpicas do cargo e\/ou do \u00f3rg\u00e3o de lota\u00e7\u00e3o.<\/li>\n<\/ul><h2 class=\"wp-block-heading\" id=\"etapas-e-provas\">Etapas e provas<\/h2>\n\n\n\n<p>Os candidatos do concurso C\u00e2mara de Carapicu\u00edba ser\u00e3o avaliados mediante etapa \u00fanica, composta por <strong>Prova Objetiva<\/strong>, de car\u00e1ter <strong>eliminat\u00f3rio e classificat\u00f3rio<\/strong>, com dura\u00e7\u00e3o de 3 horas.<\/p>\n\n\n\n<h3 class=\"wp-block-heading\">Prova Objetiva<\/h3>\n\n\n\n<p>A prova ser\u00e1 composta por <strong>40 a 50 quest\u00f5es<\/strong> de m\u00faltipla escolha, com cinco alternativas (A, B, C, D e E) e apenas uma resposta correta.<\/p>\n\n\n\n<p>Ser\u00e1 considerado <strong>habilitado<\/strong> o candidato que obtiver <strong>nota igual ou superior a 50 pontos<\/strong>.<\/p>\n\n\n\n<p><strong>Ajudante de Servi\u00e7os Gerais<\/strong><\/p>\n\n\n\n<ul class=\"wp-block-list\"><li>L\u00edngua Portuguesa: 20 quest\u00f5es<\/li>\n\n\n\n<li>Matem\u00e1tica: 10 quest\u00f5es<\/li>\n\n\n\n<li>Conhecimentos Gerais: 10 quest\u00f5es<\/li>\n<\/ul><p><strong>Agente Administrativo e Oficial de Manuten\u00e7\u00e3o<\/strong><\/p>\n\n\n\n<ul class=\"wp-block-list\"><li>L\u00edngua Portuguesa: 20 quest\u00f5es<\/li>\n\n\n\n<li>Matem\u00e1tica: 15 quest\u00f5es<\/li>\n\n\n\n<li>Conhecimentos Gerais: 15 quest\u00f5es<\/li>\n<\/ul><p>O concurso C\u00e2mara de Carapicu\u00edba ter\u00e1 validade de 2 (anos, podendo ser prorrogado por mais 2 anos, a contar da data de homologa\u00e7\u00e3o do certame, a crit\u00e9rio da C\u00e2mara Municipal de Carapicu\u00edba.<\/p>\n\n\n\n<h2 class=\"wp-block-heading\" id=\"o-que-cai-na-prova-do-concurso-cmara-de-carapicuba\">O que cai na prova do concurso C\u00e2mara de Carapicu\u00edba?<\/h2>\n\n\n\n<p>Confira quais ser\u00e3o os principais conte\u00fados cobrados na prova do concurso C\u00e2mara de Carapicu\u00edba:<\/p>\n\n\n\n<h3 class=\"wp-block-heading\">L\u00edngua Portuguesa<\/h3>\n\n\n\n<ul class=\"wp-block-list\"><li>Compreens\u00e3o e interpreta\u00e7\u00e3o de texto<\/li>\n\n\n\n<li>G\u00eaneros e modos de organiza\u00e7\u00e3o dos textos<\/li>\n\n\n\n<li>Localiza\u00e7\u00e3o de informa\u00e7\u00f5es expl\u00edcitas e impl\u00edcitas no texto<\/li>\n\n\n\n<li>Significado de voc\u00e1bulos e express\u00f5es no contexto<\/li>\n\n\n\n<li>Uso e valor das figuras de linguagem<\/li>\n\n\n\n<li>Conectores que conferem coes\u00e3o e coer\u00eancia ao texto<\/li>\n\n\n\n<li>Significa\u00e7\u00e3o das palavras: sin\u00f4nimos, ant\u00f4nimos, sentidos pr\u00f3prio e figurado<\/li>\n\n\n\n<li>Ortografia oficial<\/li>\n\n\n\n<li>Acentua\u00e7\u00e3o gr\u00e1fica<\/li>\n\n\n\n<li>Pontua\u00e7\u00e3o<\/li>\n\n\n\n<li>Emprego das classes de palavras: substantivo, adjetivo, numeral, pronome, artigo, verbo, adv\u00e9rbio, preposi\u00e7\u00e3o, conjun\u00e7\u00e3o<\/li>\n\n\n\n<li>Emprego do h\u00edfen<\/li>\n\n\n\n<li>Estrutura e forma\u00e7\u00e3o de palavras<\/li>\n\n\n\n<li>Valor sem\u00e2ntico de radicais: prefixos e sufixos<\/li>\n\n\n\n<li>Neologismos e estrangeirismos<\/li>\n\n\n\n<li>Emprego dos verbos: flex\u00e3o verbal, tempos, modos e vozes verbais<\/li>\n\n\n\n<li>Locu\u00e7\u00f5es verbais: tempos compostos e formas nominais do verbo<\/li>\n\n\n\n<li>Concord\u00e2ncia verbal<\/li>\n\n\n\n<li>Flex\u00e3o e concord\u00e2ncia nominal<\/li>\n\n\n\n<li>Reg\u00eancia nominal e verbal<\/li>\n\n\n\n<li>Varia\u00e7\u00e3o lingu\u00edstica<\/li>\n\n\n\n<li>Discursos direto e indireto<\/li>\n<\/ul><h3 class=\"wp-block-heading\">Matem\u00e1tica<\/h3>\n\n\n\n<ul class=\"wp-block-list\"><li>No\u00e7\u00f5es sobre conjuntos: defini\u00e7\u00e3o, opera\u00e7\u00f5es<\/li>\n\n\n\n<li>Conjuntos dos n\u00fameros naturais, inteiros e racionais (formas decimal e fracion\u00e1ria)<\/li>\n\n\n\n<li>Express\u00e3o num\u00e9rica, propriedades e opera\u00e7\u00f5es matem\u00e1ticas<\/li>\n\n\n\n<li>Equa\u00e7\u00f5es e sistemas de equa\u00e7\u00f5es do 1\u00ba e 2\u00ba grau<\/li>\n\n\n\n<li>Grandezas proporcionais: raz\u00e3o e propor\u00e7\u00e3o<\/li>\n\n\n\n<li>Regra de tr\u00eas simples e composta<\/li>\n\n\n\n<li>Porcentagem e juro simples<\/li>\n\n\n\n<li>Sistema Monet\u00e1rio Brasileiro<\/li>\n\n\n\n<li>Sistema de medidas: comprimento, superf\u00edcie, volume, massa, capacidade e tempo (transforma\u00e7\u00e3o de unidades)<\/li>\n\n\n\n<li>Figuras geom\u00e9tricas planas: per\u00edmetro e \u00e1reas<\/li>\n\n\n\n<li>Resolu\u00e7\u00e3o de problemas<\/li>\n<\/ul><h3 class=\"wp-block-heading\">Conhecimentos Gerais<\/h3>\n\n\n\n<ul class=\"wp-block-list\"><li>Aspectos geogr\u00e1ficos, hist\u00f3ricos, f\u00edsicos, econ\u00f4micos, sociais, pol\u00edticos e estat\u00edsticos do Brasil, do estado e do munic\u00edpio<\/li>\n\n\n\n<li>S\u00edmbolos nacionais, estaduais e municipais<\/li>\n\n\n\n<li>Atualidades (desde 2022 at\u00e9 hoje), divulgadas na m\u00eddia local e\/ou nacional, relacionadas a:\n<ul class=\"wp-block-list\"><li>Economia<\/li>\n\n\n\n<li>Hist\u00f3ria<\/li>\n\n\n\n<li>Pol\u00edtica<\/li>\n\n\n\n<li>Meio ambiente<\/li>\n\n\n\n<li>Justi\u00e7a<\/li>\n\n\n\n<li>Seguran\u00e7a p\u00fablica<\/li>\n\n\n\n<li>Sa\u00fade<\/li>\n\n\n\n<li>Cultura<\/li>\n\n\n\n<li>Religi\u00e3o<\/li>\n\n\n\n<li>Esportes<\/li>\n\n\n\n<li>Inova\u00e7\u00f5es tecnol\u00f3gicas e cient\u00edficas (Brasil, estado e munic\u00edpio)<\/li>\n<\/ul><\/li>\n\n\n\n<li>Cultura Brasileira<\/li>\n\n\n\n<li>Ecologia e Meio Ambiente<\/li>\n\n\n\n<li>Tecnologia<\/li>\n\n\n\n<li>Cidadania e consci\u00eancia ecol\u00f3gica<\/li>\n\n\n\n<li>Sa\u00fade<\/li>\n\n\n\n<li>Educa\u00e7\u00e3o<\/li>\n<\/ul><h2 class=\"wp-block-heading\" id=\"materiais-preparatrios-para-o-concurso-cmara-de-carapicuba\">Materiais preparat\u00f3rios para o concurso C\u00e2mara de Carapicu\u00edba<\/h2>\n\n\n\n<p>Para alcan\u00e7ar um desempenho competitivo no concurso C\u00e2mara de Carapicu\u00edba, \u00e9 fundamental contar com materiais de estudo atualizados e manter uma rotina de prepara\u00e7\u00e3o bem estruturada.<\/p>\n\n\n\n<p>A\u00a0<a href=\"https:\/\/www.novaconcursos.com.br\/\">Nova Concursos<\/a>\u00a0oferece um conjunto completo de recursos desenvolvidos a partir da experi\u00eancia de milhares de candidatos aprovados em sele\u00e7\u00f5es de todo o pa\u00eds. O conte\u00fado \u00e9 organizado de forma objetiva, com foco no que realmente \u00e9 cobrado nas provas, permitindo que o estudo seja mais direcionado e eficaz.<\/p>\n\n\n\n<p>Confira os materiais que podem refor\u00e7ar sua prepara\u00e7\u00e3o e dar suporte ao seu avan\u00e7o rumo \u00e0 aprova\u00e7\u00e3o no concurso C\u00e2mara de Carapicu\u00edba!<\/p>\n\n\n\n<div class=\"nova-continue-reading\">Confira: <a href=\"https:\/\/www.novaconcursos.com.br\/concurso\/camara-municipal-de-carapicuiba-sp\">Materiais preparat\u00f3rios para o concurso C\u00e2mara de Carapicu\u00edba<\/a><\/div>\n\n\n\n<h3 class=\"wp-block-heading\">Curso Online C\u00e2mara de Carapicu\u00edba<\/h3>\n\n\n\n<p>O <a href=\"https:\/\/www.novaconcursos.com.br\/concurso\/camara-municipal-de-carapicuiba-sp\/cursos-online\">curso online da C\u00e2mara de Carapicu\u00edba<\/a> foi desenvolvido para oferecer uma prepara\u00e7\u00e3o completa, pr\u00e1tica e totalmente alinhada ao edital.<\/p>\n\n\n\n<p>Com acesso 100% online e ilimitado, voc\u00ea estuda onde e quando quiser, com materiais atualizados e focados no que realmente cai na prova. Uma prepara\u00e7\u00e3o eficiente e direta para quem busca conquistar sua vaga no concurso C\u00e2mara de Carapicu\u00edba.<\/p>\n\n\n\n<h2 class=\"wp-block-heading\" id=\"ltimo-concurso-cmara-de-carapicuba\">\u00daltimo concurso C\u00e2mara de Carapicu\u00edba<\/h2>\n\n\n\n<p>O \u00faltimo concurso C\u00e2mara de Carapicu\u00edba foi realizado em <strong>2024<\/strong> e ofertou <strong>7 vagas imediatas<\/strong>, com oportunidades para candidatos de <strong>n\u00edveis fundamental, m\u00e9dio e superior<\/strong>. As remunera\u00e7\u00f5es variaram entre <strong>R$ 1.416,92 e R$ 7.757,04<\/strong>, conforme o cargo.<\/p>\n\n\n\n<p>As vagas foram distribu\u00eddas entre as seguintes fun\u00e7\u00f5es: Ajudante de Servi\u00e7os Gerais (2 vagas), Auxiliar de Servi\u00e7os Administrativos (2 vagas), Seguran\u00e7a Patrimonial (1 vaga), Contador (1 vaga) e Procurador Jur\u00eddico (1 vaga).<\/p>\n\n\n\n<p>A avalia\u00e7\u00e3o dos candidatos ocorreu por etapa \u00fanica, composta por <strong>prova objetiva<\/strong> de car\u00e1ter eliminat\u00f3rio e classificat\u00f3rio, com dura\u00e7\u00e3o entre 3 e 5 horas, dependendo do n\u00edvel do cargo. O exame foi aplicado no formato tradicional, com quest\u00f5es de m\u00faltipla escolha e cinco alternativas (A, B, C, D e E).<\/p>\n\n\n\n<p>A estrutura da prova variou conforme o n\u00edvel de escolaridade: foram 40 quest\u00f5es para n\u00edvel fundamental, 50 para n\u00edvel m\u00e9dio e 60 para n\u00edvel superior.<\/p>\n\n\n\n<p>No n\u00edvel fundamental, a prova cobrou L\u00edngua Portuguesa (20 quest\u00f5es), Matem\u00e1tica (10) e Conhecimentos Gerais (10). <\/p>\n\n\n\n<p>J\u00e1 para o n\u00edvel m\u00e9dio, foram L\u00edngua Portuguesa (20), Matem\u00e1tica (15) e Conhecimentos Gerais (15). <\/p>\n\n\n\n<p>Para o n\u00edvel superior, al\u00e9m de L\u00edngua Portuguesa (20), Matem\u00e1tica (10) e Conhecimentos Gerais (10), tamb\u00e9m houve Conhecimentos Espec\u00edficos (20 quest\u00f5es), totalizando 60 itens.<\/p>","protected":false},"excerpt":{"rendered":"<p>C\u00e2mara de Carapicu\u00edba abre concurso para cargos de n\u00edvel fundamental e m\u00e9dio!<\/p>\n","protected":false},"author":54693,"featured_media":303483,"comment_status":"closed","ping_status":"closed","sticky":false,"template":"","format":"standard","meta":{"_acf_changed":false,"footnotes":"","_wp_rev_ctl_limit":""},"categories":[44999,44939,44949],"tags":[45668,45026],"class_list":["post-303486","post","type-post","status-publish","format-standard","has-post-thumbnail","hentry","category-concursos","category-carreira-administrativa","category-sp","tag-concurso-camara-de-carapicuiba","tag-concursos-abertos-sp-2"],"acf":[],"_links":{"self":[{"href":"https:\/\/www.novaconcursos.com.br\/portal\/wp-json\/wp\/v2\/posts\/303486","targetHints":{"allow":["GET"]}}],"collection":[{"href":"https:\/\/www.novaconcursos.com.br\/portal\/wp-json\/wp\/v2\/posts"}],"about":[{"href":"https:\/\/www.novaconcursos.com.br\/portal\/wp-json\/wp\/v2\/types\/post"}],"author":[{"embeddable":true,"href":"https:\/\/www.novaconcursos.com.br\/portal\/wp-json\/wp\/v2\/users\/54693"}],"replies":[{"embeddable":true,"href":"https:\/\/www.novaconcursos.com.br\/portal\/wp-json\/wp\/v2\/comments?post=303486"}],"version-history":[{"count":4,"href":"https:\/\/www.novaconcursos.com.br\/portal\/wp-json\/wp\/v2\/posts\/303486\/revisions"}],"predecessor-version":[{"id":303493,"href":"https:\/\/www.novaconcursos.com.br\/portal\/wp-json\/wp\/v2\/posts\/303486\/revisions\/303493"}],"wp:featuredmedia":[{"embeddable":true,"href":"https:\/\/www.novaconcursos.com.br\/portal\/wp-json\/wp\/v2\/media\/303483"}],"wp:attachment":[{"href":"https:\/\/www.novaconcursos.com.br\/portal\/wp-json\/wp\/v2\/media?parent=303486"}],"wp:term":[{"taxonomy":"category","embeddable":true,"href":"https:\/\/www.novaconcursos.com.br\/portal\/wp-json\/wp\/v2\/categories?post=303486"},{"taxonomy":"post_tag","embeddable":true,"href":"https:\/\/www.novaconcursos.com.br\/portal\/wp-json\/wp\/v2\/tags?post=303486"}],"curies":[{"name":"wp","href":"https:\/\/api.w.org\/{rel}","templated":true}]}}