{"id":303489,"date":"2026-01-29T09:13:29","date_gmt":"2026-01-29T12:13:29","guid":{"rendered":"https:\/\/www.novaconcursos.com.br\/portal\/?p=303489"},"modified":"2026-01-29T09:13:34","modified_gmt":"2026-01-29T12:13:34","slug":"concurso-sedes-df-edital","status":"publish","type":"post","link":"https:\/\/www.novaconcursos.com.br\/portal\/noticias\/concurso-sedes-df-edital\/","title":{"rendered":"Concurso Sedes DF ter\u00e1 edital em 2026 com 1.197 vagas, confirma secret\u00e1ria!"},"content":{"rendered":"<p>O <a href=\"https:\/\/www.novaconcursos.com.br\/portal\/concursos\/sedes-df\/\">concurso Sedes DF<\/a> deve avan\u00e7ar oficialmente em <strong>2026<\/strong>, ap\u00f3s confirma\u00e7\u00e3o feita pela secret\u00e1ria de Desenvolvimento Social do Distrito Federal, Ana Paula Marra, durante entrevista ao programa CB Poder, na \u00faltima quarta-feira, dia 28 de janeiro. A sinaliza\u00e7\u00e3o refor\u00e7a a expectativa em torno da nova sele\u00e7\u00e3o, que \u00e9 considerada prioridade diante do <strong>d\u00e9ficit de servidores<\/strong> e da necessidade de refor\u00e7o no atendimento da rede socioassistencial do DF.<\/p>\n\n\n\n<p>Al\u00e9m disso, a secret\u00e1ria detalhou que a inten\u00e7\u00e3o \u00e9 <strong>colocar o concurso em andamento ainda em 2026<\/strong>, embora as <strong>nomea\u00e7\u00f5es fiquem para 2027<\/strong>, cen\u00e1rio compat\u00edvel com o planejamento administrativo do Governo do Distrito Federal e com o calend\u00e1rio institucional do per\u00edodo.<\/p>\n\n\n\n<p>Durante a entrevista, Ana Paula Marra comentou sobre a expectativa para o concurso e destacou que pretende iniciar o processo ainda este ano, mesmo que as convoca\u00e7\u00f5es ocorram posteriormente. Na fala, a secret\u00e1ria tamb\u00e9m mencionou que 2026 ser\u00e1 um ano eleitoral, o que costuma exigir mais cautela na condu\u00e7\u00e3o de atos administrativos, ainda assim, o objetivo \u00e9 garantir o andamento do certame.<\/p>\n\n\n\n<p>Em s\u00edntese, o recado foi claro: <strong>o concurso est\u00e1 no radar e deve caminhar em 2026<\/strong>, com proje\u00e7\u00e3o de efetiva recomposi\u00e7\u00e3o de pessoal no ano seguinte.<\/p>\n\n\n\n<p>O novo concurso <a href=\"https:\/\/www.sedes.df.gov.br\/\" target=\"_blank\" rel=\"noopener\">Sedes DF<\/a> deve ofertar <strong>1.197 vagas<\/strong>, contemplando duas carreiras estrat\u00e9gicas para a pol\u00edtica p\u00fablica de assist\u00eancia social:<\/p>\n\n\n\n<ul class=\"wp-block-list\"><li><strong>T\u00e9cnico em Assist\u00eancia Social<\/strong>: 563 vagas<\/li>\n\n\n\n<li><strong>Especialista em Assist\u00eancia Social<\/strong>: 634 vagas<\/li>\n<\/ul><p>A divis\u00e3o mostra um volume expressivo de oportunidades e indica que o objetivo do certame \u00e9 recompor quadros e fortalecer o atendimento em diferentes frentes da assist\u00eancia social do Distrito Federal.<\/p>\n\n\n\n<p>Embora as exig\u00eancias e os detalhes oficiais ainda dependam da publica\u00e7\u00e3o do edital, as remunera\u00e7\u00f5es iniciais divulgadas como refer\u00eancia para as carreiras s\u00e3o as seguintes:<\/p>\n\n\n\n<p><strong>T\u00e9cnico em Assist\u00eancia Social<\/strong><\/p>\n\n\n\n<ul class=\"wp-block-list\"><li>30 horas: R$ 4.112,20<\/li>\n\n\n\n<li>40 horas: R$ 5.482,94<\/li>\n<\/ul><p><strong>Especialista em Assist\u00eancia Social<\/strong><\/p>\n\n\n\n<ul class=\"wp-block-list\"><li>30 horas: R$ 5.778,85<\/li>\n\n\n\n<li>40 horas: R$ 7.705,13<\/li>\n<\/ul><p>Os valores refor\u00e7am a atratividade do concurso, especialmente para candidatos que buscam estabilidade e carreira no servi\u00e7o p\u00fablico do DF.<\/p>\n\n\n\n<p>Outro ponto importante \u00e9 que a lota\u00e7\u00e3o das vagas n\u00e3o deve se limitar apenas \u00e0 estrutura da secretaria. A previs\u00e3o \u00e9 que os aprovados sejam distribu\u00eddos entre \u00f3rg\u00e3os ligados ao atendimento social no DF, incluindo:<\/p>\n\n\n\n<ul class=\"wp-block-list\"><li><strong>Sedes DF<\/strong><\/li>\n\n\n\n<li><strong>Secretaria de Justi\u00e7a<\/strong><\/li>\n\n\n\n<li><strong>Secretaria da Mulher<\/strong><\/li>\n<\/ul><p>Na pr\u00e1tica, isso significa que o aprovado poder\u00e1 atuar em diferentes pol\u00edticas p\u00fablicas relacionadas \u00e0 prote\u00e7\u00e3o social e ao atendimento de p\u00fablicos vulner\u00e1veis.<\/p>\n\n\n\n<p>A expectativa pelo concurso Sedes DF tamb\u00e9m tem sido impulsionada pela atua\u00e7\u00e3o sindical. O Sindicato dos Servidores de Assist\u00eancia Social e Cultural do Governo do Distrito Federal (Sindsasc\/SindSASC) vem divulgando informa\u00e7\u00f5es e cobrando o cumprimento de acordos relacionados \u00e0 autoriza\u00e7\u00e3o do certame.<\/p>\n\n\n\n<p>Segundo as movimenta\u00e7\u00f5es do sindicato, a previs\u00e3o \u00e9 que a <strong>autoriza\u00e7\u00e3o oficial<\/strong> do concurso seja publicada <strong>at\u00e9 mar\u00e7o de 2026<\/strong>, o que vem aumentando a press\u00e3o institucional para que o GDF formalize o processo.<\/p>\n\n\n\n<p>Inclusive, a mobiliza\u00e7\u00e3o envolve n\u00e3o apenas servidores, mas tamb\u00e9m a popula\u00e7\u00e3o usu\u00e1ria dos servi\u00e7os e candidatos que j\u00e1 se preparam para as vagas.<\/p>","protected":false},"excerpt":{"rendered":"<p>O concurso Sedes DF ofertar\u00e1 1.197 vagas para cargos de n\u00edveis m\u00e9dio e superior de escolaridade!<\/p>\n","protected":false},"author":54696,"featured_media":303498,"comment_status":"closed","ping_status":"closed","sticky":false,"template":"","format":"standard","meta":{"_acf_changed":false,"footnotes":"","_wp_rev_ctl_limit":""},"categories":[228,44983],"tags":[45477],"class_list":["post-303489","post","type-post","status-publish","format-standard","has-post-thumbnail","hentry","category-noticias","category-df","tag-concurso-sedes-df"],"acf":[],"_links":{"self":[{"href":"https:\/\/www.novaconcursos.com.br\/portal\/wp-json\/wp\/v2\/posts\/303489","targetHints":{"allow":["GET"]}}],"collection":[{"href":"https:\/\/www.novaconcursos.com.br\/portal\/wp-json\/wp\/v2\/posts"}],"about":[{"href":"https:\/\/www.novaconcursos.com.br\/portal\/wp-json\/wp\/v2\/types\/post"}],"author":[{"embeddable":true,"href":"https:\/\/www.novaconcursos.com.br\/portal\/wp-json\/wp\/v2\/users\/54696"}],"replies":[{"embeddable":true,"href":"https:\/\/www.novaconcursos.com.br\/portal\/wp-json\/wp\/v2\/comments?post=303489"}],"version-history":[{"count":1,"href":"https:\/\/www.novaconcursos.com.br\/portal\/wp-json\/wp\/v2\/posts\/303489\/revisions"}],"predecessor-version":[{"id":303501,"href":"https:\/\/www.novaconcursos.com.br\/portal\/wp-json\/wp\/v2\/posts\/303489\/revisions\/303501"}],"wp:featuredmedia":[{"embeddable":true,"href":"https:\/\/www.novaconcursos.com.br\/portal\/wp-json\/wp\/v2\/media\/303498"}],"wp:attachment":[{"href":"https:\/\/www.novaconcursos.com.br\/portal\/wp-json\/wp\/v2\/media?parent=303489"}],"wp:term":[{"taxonomy":"category","embeddable":true,"href":"https:\/\/www.novaconcursos.com.br\/portal\/wp-json\/wp\/v2\/categories?post=303489"},{"taxonomy":"post_tag","embeddable":true,"href":"https:\/\/www.novaconcursos.com.br\/portal\/wp-json\/wp\/v2\/tags?post=303489"}],"curies":[{"name":"wp","href":"https:\/\/api.w.org\/{rel}","templated":true}]}}