{"id":305579,"date":"2026-03-10T08:56:40","date_gmt":"2026-03-10T11:56:40","guid":{"rendered":"https:\/\/www.novaconcursos.com.br\/portal\/?p=305579"},"modified":"2026-03-10T08:58:04","modified_gmt":"2026-03-10T11:58:04","slug":"concurso-pm-es-banca-oficializada","status":"publish","type":"post","link":"https:\/\/www.novaconcursos.com.br\/portal\/noticias\/concurso-pm-es-banca-oficializada\/","title":{"rendered":"Concurso PM ES tem banca oficializada para 1.000 vagas; edital deve sair em breve!"},"content":{"rendered":"<p>O <a href=\"https:\/\/idecan.org.br\/\" target=\"_blank\" rel=\"noopener\">concurso PM ES<\/a> j\u00e1 conta com confirma\u00e7\u00e3o na escolha da<strong> banca organizadora<\/strong>! Por meio de dispensa de licita\u00e7\u00e3o, o <strong>Instituto Idecan<\/strong> foi oficializado para conduzir o novo edital da Pol\u00edcia Militar do Esp\u00edrito Santo. A informa\u00e7\u00e3o foi divulgada nesta ter\u00e7a-feira, 10 de mar\u00e7o, no Di\u00e1rio Oficial do Estado.<\/p>\n\n\n\n<p>De acordo com as informa\u00e7\u00f5es j\u00e1 confirmadas, o certame contar\u00e1 com <strong>1.000 vagas<\/strong> para o cargo de <strong>Soldado<\/strong>, contemplando as especialidades de <strong>Soldado Combatente e Soldado M\u00fasico<\/strong>.<\/p>\n\n\n\n<p>A escolha da banca j\u00e1 era esperada, pois o processo administrativo no sistema E-Docs indicava o avan\u00e7o das tratativas. Desde dezembro, j\u00e1 constava minuta de contrato em nome do Idecan, demonstrando que o processo estava em fase avan\u00e7ada de formaliza\u00e7\u00e3o.<\/p>\n\n\n\n<p>Com a defini\u00e7\u00e3o da banca organizadora, o pr\u00f3ximo passo ser\u00e1 a assinatura do contrato entre a corpora\u00e7\u00e3o e a institui\u00e7\u00e3o, etapa que antecede a publica\u00e7\u00e3o do edital, prevista para ocorrer ainda em mar\u00e7o.<\/p>\n\n\n\n<p>Veja o documento:<\/p>\n\n\n\n<figure class=\"wp-block-image size-full\"><img decoding=\"async\" width=\"400\" height=\"462\" src=\"https:\/\/www.novaconcursos.com.br\/portal\/wp-content\/uploads\/2026\/03\/concurso-pm-es-banca-oficializada.webp\" alt=\"Concurso PM ES\" class=\"wp-image-305582\" loading=\"lazy\" title=\"\" srcset=\"https:\/\/www.novaconcursos.com.br\/portal\/wp-content\/uploads\/2026\/03\/concurso-pm-es-banca-oficializada-260x300.webp 260w, https:\/\/www.novaconcursos.com.br\/portal\/wp-content\/uploads\/2026\/03\/concurso-pm-es-banca-oficializada.webp 400w\" sizes=\"auto, (max-width: 480px) 100vw, (max-width: 768px) 100vw, (max-width: 1200px) 70vw, 768px\"><figcaption><\/figcaption><\/figure><p>Segundo as informa\u00e7\u00f5es preliminares, as provas objetivas devem ser aplicadas ainda no primeiro semestre. Al\u00e9m dessa etapa, o concurso PM ES contar\u00e1 com outras fases de avalia\u00e7\u00e3o, como Aferi\u00e7\u00e3o de Idade, Teste de Aptid\u00e3o F\u00edsica (TAF), Avalia\u00e7\u00e3o Psicol\u00f3gica e prova pr\u00e1tica (exclusiva para Soldado M\u00fasico).<\/p>\n\n\n\n<p>Para concorrer ao cargo de Soldado Combatente ou M\u00fasico, ser\u00e1 necess\u00e1rio possuir <strong>n\u00edvel m\u00e9dio completo<\/strong>, <strong>idade m\u00e1xima de 28 anos<\/strong> e <strong>Carteira Nacional de Habilita\u00e7\u00e3o (CNH) na categoria B<\/strong>. A carreira oferece sal\u00e1rio inicial de <strong>R$ 5.520,63<\/strong>.<\/p>\n\n\n\n<h2 class=\"wp-block-heading\" id=\"concurso-pm-es-perfil-da-banca\">Concurso PM ES: Perfil da banca<\/h2>\n\n\n\n<p>A banca organizadora do concurso PM ES \u00e9 o <a href=\"https:\/\/idecan.org.br\/\" target=\"_blank\" rel=\"noopener\">Instituto Idecan<\/a>, institui\u00e7\u00e3o que atua na organiza\u00e7\u00e3o de diversos concursos p\u00fablicos no pa\u00eds, principalmente em sele\u00e7\u00f5es de \u00e2mbito estadual e municipal.<\/p>\n\n\n\n<p>O estilo das provas da banca costuma ser mais t\u00e9cnico, com quest\u00f5es de <strong>m\u00faltipla escolha<\/strong> que apresentam enunciados relativamente densos e contextualizados. Por esse motivo, o candidato precisa demonstrar boa capacidade de <strong>interpreta\u00e7\u00e3o de texto e an\u00e1lise<\/strong>, j\u00e1 que muitas perguntas exigem aten\u00e7\u00e3o aos detalhes e aplica\u00e7\u00e3o pr\u00e1tica do conte\u00fado.<\/p>\n\n\n\n<p>Outro ponto caracter\u00edstico do Idecan \u00e9 a <strong>abordagem interdisciplinar<\/strong>. Em diversas provas, a banca relaciona conte\u00fados de diferentes \u00e1reas do conhecimento, cobrando n\u00e3o apenas a teoria, mas tamb\u00e9m a capacidade do candidato de aplicar conceitos a situa\u00e7\u00f5es concretas.<\/p>\n\n\n\n<p>Nas disciplinas de Direito, por exemplo, o Idecan costuma alternar entre a cobran\u00e7a <strong>literal da lei seca<\/strong> e a explora\u00e7\u00e3o de entendimentos doutrin\u00e1rios e jurisprudenciais, sobretudo em provas destinadas a cargos de n\u00edvel superior.<\/p>\n\n\n\n<p>Para o cargo de <strong>Soldado<\/strong>, embora o estilo das quest\u00f5es seja geralmente mais direto, ainda \u00e9 exigido dom\u00ednio consistente dos conte\u00fados previstos no edital, com aten\u00e7\u00e3o \u00e0 interpreta\u00e7\u00e3o e \u00e0 aplica\u00e7\u00e3o pr\u00e1tica das normas.<\/p>\n\n\n\n<p>Para entender melhor o que esperar da prova do novo concurso PM ES, vale conferir nosso <a href=\"https:\/\/www.novaconcursos.com.br\/portal\/concursos\/concurso-pm-es\/\">guia completo<\/a> da sele\u00e7\u00e3o.<\/p>\n\n\n\n<p>Continue acompanhando o blog para n\u00e3o perder nenhuma novidade sobre concursos p\u00fablicos. At\u00e9 a pr\u00f3xima!<\/p>","protected":false},"excerpt":{"rendered":"<p>O novo edital do concurso PM ES dever\u00e1 ser lan\u00e7ado em mar\u00e7o! Idecan \u00e9 a banca! <\/p>\n","protected":false},"author":54693,"featured_media":305583,"comment_status":"closed","ping_status":"closed","sticky":false,"template":"","format":"standard","meta":{"_acf_changed":false,"footnotes":"","_wp_rev_ctl_limit":""},"categories":[228,44967,44941],"tags":[37332],"class_list":["post-305579","post","type-post","status-publish","format-standard","has-post-thumbnail","hentry","category-noticias","category-es","category-carreira-policial","tag-concurso-pm-es-2"],"acf":[],"_links":{"self":[{"href":"https:\/\/www.novaconcursos.com.br\/portal\/wp-json\/wp\/v2\/posts\/305579","targetHints":{"allow":["GET"]}}],"collection":[{"href":"https:\/\/www.novaconcursos.com.br\/portal\/wp-json\/wp\/v2\/posts"}],"about":[{"href":"https:\/\/www.novaconcursos.com.br\/portal\/wp-json\/wp\/v2\/types\/post"}],"author":[{"embeddable":true,"href":"https:\/\/www.novaconcursos.com.br\/portal\/wp-json\/wp\/v2\/users\/54693"}],"replies":[{"embeddable":true,"href":"https:\/\/www.novaconcursos.com.br\/portal\/wp-json\/wp\/v2\/comments?post=305579"}],"version-history":[{"count":2,"href":"https:\/\/www.novaconcursos.com.br\/portal\/wp-json\/wp\/v2\/posts\/305579\/revisions"}],"predecessor-version":[{"id":305587,"href":"https:\/\/www.novaconcursos.com.br\/portal\/wp-json\/wp\/v2\/posts\/305579\/revisions\/305587"}],"wp:featuredmedia":[{"embeddable":true,"href":"https:\/\/www.novaconcursos.com.br\/portal\/wp-json\/wp\/v2\/media\/305583"}],"wp:attachment":[{"href":"https:\/\/www.novaconcursos.com.br\/portal\/wp-json\/wp\/v2\/media?parent=305579"}],"wp:term":[{"taxonomy":"category","embeddable":true,"href":"https:\/\/www.novaconcursos.com.br\/portal\/wp-json\/wp\/v2\/categories?post=305579"},{"taxonomy":"post_tag","embeddable":true,"href":"https:\/\/www.novaconcursos.com.br\/portal\/wp-json\/wp\/v2\/tags?post=305579"}],"curies":[{"name":"wp","href":"https:\/\/api.w.org\/{rel}","templated":true}]}}