{"id":305675,"date":"2026-03-11T11:07:04","date_gmt":"2026-03-11T14:07:04","guid":{"rendered":"https:\/\/www.novaconcursos.com.br\/portal\/?p=305675"},"modified":"2026-03-11T11:07:09","modified_gmt":"2026-03-11T14:07:09","slug":"concurso-pm-es-projeto-basico-revela","status":"publish","type":"post","link":"https:\/\/www.novaconcursos.com.br\/portal\/noticias\/concurso-pm-es-projeto-basico-revela\/","title":{"rendered":"Concurso PM ES: projeto b\u00e1sico revela como ser\u00e3o as provas; confira!"},"content":{"rendered":"<p>Boa not\u00edcia, concurseiros! O novo concurso PM ES (Pol\u00edcia Militar do Esp\u00edrito Santo) registrou mais um avan\u00e7o na organiza\u00e7\u00e3o do pr\u00f3ximo edital. Nesta ter\u00e7a-feira, <strong>10 de mar\u00e7o<\/strong>, foi publicado no Di\u00e1rio Oficial do estado o Termo de Refer\u00eancia, projeto b\u00e1sico que apresenta informa\u00e7\u00f5es sobre a estrutura do certame, quantidade de vagas, fases previstas e a estimativa de participa\u00e7\u00e3o de candidatos.<\/p>\n\n\n\n<p>Segundo o documento, o concurso ser\u00e1 realizado para recompor o efetivo da corpora\u00e7\u00e3o, que apresenta d\u00e9ficit no quadro de pra\u00e7as. A maior parte das vagas\u00a0<strong>(1.000)<\/strong>\u00a0ser\u00e1 destinada ao cargo de\u00a0<strong>Soldado Combatente<\/strong>, respons\u00e1vel pelo policiamento ostensivo e demais atividades operacionais da corpora\u00e7\u00e3o. J\u00e1 para o cargo de\u00a0<strong>Soldado M\u00fasico<\/strong>, ser\u00e3o ofertadas <strong>8 vagas<\/strong> distribu\u00eddas entre diferentes instrumentos da banda da PMES.<\/p>\n\n\n\n<p>Nesta ter\u00e7a-feira, 10, tamb\u00e9m foi publicada no Di\u00e1rio Oficial do estado a\u00a0dispensa de licita\u00e7\u00e3o para a contrata\u00e7\u00e3o da institui\u00e7\u00e3o Idecan como organizadora das primeiras etapas do processo seletivo. .J\u00e1 as fases seguintes, como exames de sa\u00fade, avalia\u00e7\u00e3o f\u00edsica e investiga\u00e7\u00e3o social, continuar\u00e3o sendo conduzidas pela pr\u00f3pria Pol\u00edcia Militar do Esp\u00edrito Santo.<\/p>\n\n\n\n<p>Segundo o Idecan, a previs\u00e3o \u00e9 de que o edital do novo concurso da PM ES seja divulgado ainda no m\u00eas de mar\u00e7o. No entanto, at\u00e9 o momento n\u00e3o foi informada uma data espec\u00edfica para a publica\u00e7\u00e3o do documento.<\/p>\n\n\n\n<h2 class=\"wp-block-heading\" id=\"estrutura-do-concurso-pm-es-\u00e9-detalhada\">Etapas do concurso PM ES <\/h2>\n\n\n\n<p>O termo de refer\u00eancia confirma as etapas iniciais da sele\u00e7\u00e3o do concurso <a href=\"https:\/\/pm.es.gov.br\/\" target=\"_blank\" data-type=\"link\" data-id=\"https:\/\/pm.es.gov.br\/\" rel=\"noreferrer noopener\">PM ES<\/a>, que ficar\u00e3o sob a responsabilidade da banca organizadora.<\/p>\n\n\n\n<p>Para o cargo de\u00a0<strong>soldado combatente<\/strong>, o concurso contar\u00e1 com quatro fases iniciais:<\/p>\n\n\n\n<ul class=\"wp-block-list\"><li>Exame intelectual (prova objetiva e reda\u00e7\u00e3o);<\/li>\n\n\n\n<li>Aferi\u00e7\u00e3o de idade;<\/li>\n\n\n\n<li>Teste de aptid\u00e3o f\u00edsica (TAF); e<\/li>\n\n\n\n<li>Avalia\u00e7\u00e3o psicol\u00f3gica.<\/li>\n<\/ul><p>J\u00e1 para\u00a0<strong>soldado m\u00fasico<\/strong>, haver\u00e1 a etapa adicional de prova pr\u00e1tica de m\u00fasica.<\/p>\n\n\n\n<h3 class=\"wp-block-heading\">Prova intelectual<\/h3>\n\n\n\n<p>A prova intelectual do concurso PM ES ter\u00e1\u00a0quest\u00f5es objetivas e reda\u00e7\u00e3o, totalizando at\u00e9\u00a0<strong>120 pontos<\/strong>, sendo <strong>80<\/strong> pontos para a prova objetiva e <strong>40<\/strong> para a reda\u00e7\u00e3o. Para continuar no concurso, o candidato dever\u00e1 atingir pelo menos\u00a0<strong>50% da pontua\u00e7\u00e3o total da prova objetiva e 30% em cada \u00e1rea de conhecimento<\/strong>.<\/p>\n\n\n\n<p>Al\u00e9m disso, \u00e9 necess\u00e1rio alcan\u00e7ar\u00a0<strong>pelo menos 50% da pontua\u00e7\u00e3o da prova discursiva (20 pontos)<\/strong>\u00a0para seguir no certame.<\/p>\n\n\n\n<h2 class=\"wp-block-heading\" id=\"cidades-de-realizao-das-provas-do-concurso-pm-es\">Cidades de realiza\u00e7\u00e3o das provas do concurso PM ES<\/h2>\n\n\n\n<p id=\"p-rc_e1c48ccb364b7d31-67\">O termo de refer\u00eancia tamb\u00e9m confirma que o candidato dever\u00e1 escolher uma dessas cidades para realizar a\u00a0primeira etapa do concurso PM ES, que \u00e9 a prova objetiva:<\/p>\n\n\n\n<ul class=\"wp-block-list\"><li>Alegre<\/li>\n\n\n\n<li>Aracruz<\/li>\n\n\n\n<li>Barra de S\u00e3o Francisco<\/li>\n\n\n\n<li>Cachoeiro de Itapemirim<\/li>\n\n\n\n<li>Colatina<\/li>\n\n\n\n<li>Linhares<\/li>\n\n\n\n<li>Nova Ven\u00e9cia<\/li>\n\n\n\n<li>S\u00e3o Mateus<\/li>\n\n\n\n<li>Venda Nova do Imigrante<\/li>\n\n\n\n<li>Regi\u00e3o Metropolitana da Grande Vit\u00f3ria (Vit\u00f3ria, Cariacica, Serra, Vila Velha, Guarapari, Fund\u00e3o e Viana)<\/li>\n<\/ul><p id=\"p-rc_e1c48ccb364b7d31-78\">As\u00a0demais etapas\u00a0(TAF, Psicol\u00f3gico e Prova Pr\u00e1tica) ser\u00e3o realizadas exclusivamente na Grande Vit\u00f3ria.<\/p>\n\n\n\n<h2 class=\"wp-block-heading\" id=\"estimativa-de-50-mil-candidatos-inscritos-no-concurso-pm-es\">Estimativa de 50 mil candidatos inscritos no concurso PM ES<\/h2>\n\n\n\n<p>O documento tamb\u00e9m apresenta uma proje\u00e7\u00e3o sobre o n\u00famero de inscritos no certame. Considerando os dados de sele\u00e7\u00f5es anteriores e o crescente interesse pelas carreiras policiais no estado, a PM ES estima que cerca de 50 mil candidatos participem do pr\u00f3ximo concurso.<\/p>\n\n\n\n<p>Nos concursos mais recentes da corpora\u00e7\u00e3o para o cargo de Soldado Combatente, foi registrada uma m\u00e9dia aproximada de 31 mil inscritos. A expectativa \u00e9 de que esse n\u00famero seja maior nesta nova sele\u00e7\u00e3o, principalmente devido \u00e0 oferta de mil vagas e \u00e0 forte demanda por cargos na \u00e1rea de seguran\u00e7a p\u00fablica.<\/p>\n\n\n\n<p>A Nova Concursos segue acompanhando de perto todas as atualiza\u00e7\u00f5es do <a href=\"https:\/\/www.novaconcursos.com.br\/portal\/concursos\/concurso-pm-es\/\" data-type=\"link\" data-id=\"https:\/\/www.novaconcursos.com.br\/portal\/concursos\/concurso-pm-es\/\">concurso PM ES<\/a>!<\/p>","protected":false},"excerpt":{"rendered":"<p>O concurso PM ES divulgou termo de refer\u00eancia que revela como ser\u00e3o as provas do novo certame! Confira! <\/p>\n","protected":false},"author":54701,"featured_media":305679,"comment_status":"closed","ping_status":"closed","sticky":false,"template":"","format":"standard","meta":{"_acf_changed":false,"footnotes":"","_wp_rev_ctl_limit":""},"categories":[228,44967,44941],"tags":[37332],"class_list":["post-305675","post","type-post","status-publish","format-standard","has-post-thumbnail","hentry","category-noticias","category-es","category-carreira-policial","tag-concurso-pm-es-2"],"acf":[],"_links":{"self":[{"href":"https:\/\/www.novaconcursos.com.br\/portal\/wp-json\/wp\/v2\/posts\/305675","targetHints":{"allow":["GET"]}}],"collection":[{"href":"https:\/\/www.novaconcursos.com.br\/portal\/wp-json\/wp\/v2\/posts"}],"about":[{"href":"https:\/\/www.novaconcursos.com.br\/portal\/wp-json\/wp\/v2\/types\/post"}],"author":[{"embeddable":true,"href":"https:\/\/www.novaconcursos.com.br\/portal\/wp-json\/wp\/v2\/users\/54701"}],"replies":[{"embeddable":true,"href":"https:\/\/www.novaconcursos.com.br\/portal\/wp-json\/wp\/v2\/comments?post=305675"}],"version-history":[{"count":2,"href":"https:\/\/www.novaconcursos.com.br\/portal\/wp-json\/wp\/v2\/posts\/305675\/revisions"}],"predecessor-version":[{"id":305680,"href":"https:\/\/www.novaconcursos.com.br\/portal\/wp-json\/wp\/v2\/posts\/305675\/revisions\/305680"}],"wp:featuredmedia":[{"embeddable":true,"href":"https:\/\/www.novaconcursos.com.br\/portal\/wp-json\/wp\/v2\/media\/305679"}],"wp:attachment":[{"href":"https:\/\/www.novaconcursos.com.br\/portal\/wp-json\/wp\/v2\/media?parent=305675"}],"wp:term":[{"taxonomy":"category","embeddable":true,"href":"https:\/\/www.novaconcursos.com.br\/portal\/wp-json\/wp\/v2\/categories?post=305675"},{"taxonomy":"post_tag","embeddable":true,"href":"https:\/\/www.novaconcursos.com.br\/portal\/wp-json\/wp\/v2\/tags?post=305675"}],"curies":[{"name":"wp","href":"https:\/\/api.w.org\/{rel}","templated":true}]}}