{"id":305816,"date":"2026-03-13T12:58:09","date_gmt":"2026-03-13T15:58:09","guid":{"rendered":"https:\/\/www.novaconcursos.com.br\/portal\/?p=305816"},"modified":"2026-03-13T12:58:27","modified_gmt":"2026-03-13T15:58:27","slug":"concurso-sedes-df-cargos-e-salarios","status":"publish","type":"post","link":"https:\/\/www.novaconcursos.com.br\/portal\/artigos\/concurso-sedes-df-cargos-e-salarios\/","title":{"rendered":"Concurso Sedes DF: Cargos, especialidades e sal\u00e1rios!"},"content":{"rendered":"<p>O <a href=\"https:\/\/www.novaconcursos.com.br\/portal\/concursos\/sedes-df\/\">concurso Sedes DF<\/a> \u00e9 a sele\u00e7\u00e3o p\u00fablica destinada ao provimento de cargos na <strong>Secretaria de Desenvolvimento Social do Distrito Federal<\/strong>. O certame ofertar\u00e1 vagas para candidatos de <strong>n\u00edvel m\u00e9dio e n\u00edvel superior<\/strong>, contemplando diversas especialidades ligadas \u00e0 \u00e1rea de assist\u00eancia social e administrativa do governo do Distrito Federal.<\/p>\n\n\n\n<p>A sele\u00e7\u00e3o deve ser ampla, com <strong>1.197 vagas imediatas<\/strong>, al\u00e9m da forma\u00e7\u00e3o de cadastro reserva. As oportunidades incluem carreiras administrativas e t\u00e9cnicas da \u00e1rea social, com remunera\u00e7\u00e3o inicial que pode chegar a <strong>mais de R$ 8 mil<\/strong>, dependendo do cargo e da carga hor\u00e1ria, al\u00e9m de benef\u00edcios e possibilidade de progress\u00e3o na carreira.<\/p>\n\n\n\n<p>O concurso j\u00e1 foi autorizado pelo Governo do Distrito Federal e atualmente est\u00e1 em fase de organiza\u00e7\u00e3o, com processo de escolha da banca organizadora em andamento. A expectativa divulgada \u00e9 que o edital seja publicado at\u00e9 junho. Se voc\u00ea quer saber o que j\u00e1 se sabe sobre o concurso Sedes DF, continue a leitura deste artigo!<\/p>\n\n\n\n<h2 class=\"wp-block-heading\" id=\"cargos-e-especialidades\">Cargos e especialidades<\/h2>\n\n\n\n<p>O concurso Sedes DF ofertar\u00e1 <strong>1.197 vagas imediatas<\/strong>, al\u00e9m da forma\u00e7\u00e3o de cadastro reserva, para cargos de <strong>n\u00edvel superior e n\u00edvel m\u00e9dio<\/strong>.<\/p>\n\n\n\n<h3 class=\"wp-block-heading\">N\u00edvel superior <\/h3>\n\n\n\n<p>As oportunidades para o cargo de <strong>Especialista<\/strong> ser\u00e3o distribu\u00eddas entre as seguintes \u00e1reas:<\/p>\n\n\n\n<ul class=\"wp-block-list\"><li>Administra\u00e7\u00e3o: 47 vagas<\/li>\n\n\n\n<li>Ci\u00eancias Cont\u00e1beis: 42 vagas<\/li>\n\n\n\n<li>Comunica\u00e7\u00e3o Social: 14 vagas<\/li>\n\n\n\n<li>Direito: 115 vagas<\/li>\n\n\n\n<li>Economia: 9 vagas<\/li>\n\n\n\n<li>Educador Social: 32 vagas<\/li>\n\n\n\n<li>Estat\u00edstica: 10 vagas<\/li>\n\n\n\n<li>Nutricionista: 41 vagas<\/li>\n\n\n\n<li>Pedagogia: 121 vagas<\/li>\n\n\n\n<li>Psicologia: 75 vagas<\/li>\n\n\n\n<li>Sociologia: 3 vagas<\/li>\n\n\n\n<li>Servi\u00e7o Social: 125 vagas<\/li>\n<\/ul><h3 class=\"wp-block-heading\">N\u00edvel m\u00e9dio<\/h3>\n\n\n\n<p>Para candidatos de <strong>n\u00edvel m\u00e9dio<\/strong>, o edital contemplar\u00e1 os seguintes cargos:<\/p>\n\n\n\n<ul class=\"wp-block-list\"><li>Cuidador Social: 32 vagas<\/li>\n\n\n\n<li>Agente Social: 133 vagas<\/li>\n\n\n\n<li>T\u00e9cnico Administrativo: 398 vagas<\/li>\n<\/ul><p>H\u00e1 ainda a possibilidade de convoca\u00e7\u00e3o de candidatos aprovados no cadastro reserva ao longo da validade do concurso.<\/p>\n\n\n\n<h2 class=\"wp-block-heading\" id=\"salrios-do-concurso-sedes-df\">Sal\u00e1rios do concurso Sedes DF<\/h2>\n\n\n\n<p>Os cargos do concurso Sedes DF contam com remunera\u00e7\u00e3o inicial que varia conforme o n\u00edvel do cargo e a carga hor\u00e1ria de trabalho.<\/p>\n\n\n\n<p>Para os cargos de <strong>n\u00edvel m\u00e9dio<\/strong>, os valores iniciais informados s\u00e3o:<\/p>\n\n\n\n<ul class=\"wp-block-list\"><li><strong>R$ 4.752<\/strong> para jornada de <strong>30 horas semanais<\/strong><\/li>\n\n\n\n<li><strong>R$ 6.336<\/strong> para jornada de <strong>40 horas semanais<\/strong><\/li>\n<\/ul><p>Com a progress\u00e3o na carreira, a remunera\u00e7\u00e3o pode chegar a aproximadamente <strong>R$ 9 mil<\/strong>.<\/p>\n\n\n\n<p>J\u00e1 para os cargos de <strong>n\u00edvel superior<\/strong>, os sal\u00e1rios iniciais s\u00e3o:<\/p>\n\n\n\n<ul class=\"wp-block-list\"><li><strong>R$ 6.678<\/strong> para jornada de <strong>30 horas semanais<\/strong><\/li>\n\n\n\n<li><strong>R$ 8.904<\/strong> para jornada de <strong>40 horas semanais<\/strong><\/li>\n<\/ul><p>Ao longo da carreira, a remunera\u00e7\u00e3o pode alcan\u00e7ar cerca de <strong>R$ 14 mil<\/strong>, considerando progress\u00f5es e benef\u00edcios.<\/p>\n\n\n\n<p>Al\u00e9m do sal\u00e1rio-base, os servidores contam com benef\u00edcios como <strong>aux\u00edlio-alimenta\u00e7\u00e3o e aux\u00edlio-transporte<\/strong>.<\/p>\n\n\n\n<h2 class=\"wp-block-heading\" id=\"panorama-do-concurso-sedes-df\">Panorama do concurso Sedes DF<\/h2>\n\n\n\n<p>O concurso Sedes DF j\u00e1 foi <strong>autorizado<\/strong> e est\u00e1 atualmente na etapa de defini\u00e7\u00e3o da banca organizadora. As institui\u00e7\u00f5es interessadas foram convidadas a apresentar propostas, que ser\u00e3o analisadas pela comiss\u00e3o respons\u00e1vel pelo certame.<\/p>\n\n\n\n<p>A expectativa divulgada \u00e9 que a banca seja definida em breve, permitindo o avan\u00e7o das pr\u00f3ximas etapas da organiza\u00e7\u00e3o do concurso. De acordo com informa\u00e7\u00f5es apresentadas, a previs\u00e3o \u00e9 que o edital seja publicado at\u00e9 junho.<\/p>\n\n\n\n<p>Sobre as etapas de avalia\u00e7\u00e3o, j\u00e1 foi informado que os candidatos dever\u00e3o realizar uma prova objetiva de m\u00faltipla escolha. Tamb\u00e9m est\u00e3o previstas avalia\u00e7\u00f5es discursivas. Para os cargos de n\u00edvel m\u00e9dio, a sele\u00e7\u00e3o deve incluir prova de reda\u00e7\u00e3o. J\u00e1 para os cargos de n\u00edvel superior, a etapa discursiva pode ocorrer na forma de discursiva ou estudo de caso, dependendo da especialidade.<\/p>\n\n\n\n<p>Outro ponto destacado \u00e9 o n\u00famero elevado de cargos vagos na estrutura da <a href=\"https:\/\/www.sedes.df.gov.br\/\" target=\"_blank\" rel=\"noopener\">secretaria<\/a>, o que pode ampliar as convoca\u00e7\u00f5es ao longo da validade do concurso Sedes DF.<\/p>\n\n\n\n<p>Para conferir todas as informa\u00e7\u00f5es sobre o certame, confira o nosso <a href=\"https:\/\/www.novaconcursos.com.br\/portal\/concursos\/sedes-df\/\">guia completo<\/a>. Continue ligado em nosso blog. At\u00e9 a pr\u00f3xima!<\/p>\n\n\n\n<figure class=\"wp-block-embed is-type-video is-provider-youtube wp-block-embed-youtube wp-embed-aspect-16-9 wp-has-aspect-ratio\"><div class=\"wp-block-embed__wrapper\">\n<iframe loading=\"lazy\" title=\"CONCURSO SEDES DF 2026 | Vagas, Sal\u00e1rios e O Que Esperar do Concurso! \ud83d\ude80\" width=\"500\" height=\"281\" src=\"https:\/\/www.youtube.com\/embed\/8zW4-fKVbeo?feature=oembed\" frameborder=\"0\" allow=\"accelerometer; autoplay; clipboard-write; encrypted-media; gyroscope; picture-in-picture; web-share\" referrerpolicy=\"strict-origin-when-cross-origin\" allowfullscreen><\/iframe>\n<\/div><\/figure>","protected":false},"excerpt":{"rendered":"<p>Concurso Sedes DF ofertar\u00e1 vagas de n\u00edveis m\u00e9dio e superior! Confira todos os detalhes!<\/p>\n","protected":false},"author":54693,"featured_media":305825,"comment_status":"closed","ping_status":"closed","sticky":false,"template":"","format":"standard","meta":{"_acf_changed":false,"footnotes":"","_wp_rev_ctl_limit":""},"categories":[33508,44983],"tags":[45477],"class_list":["post-305816","post","type-post","status-publish","format-standard","has-post-thumbnail","hentry","category-artigos","category-df","tag-concurso-sedes-df"],"acf":[],"_links":{"self":[{"href":"https:\/\/www.novaconcursos.com.br\/portal\/wp-json\/wp\/v2\/posts\/305816","targetHints":{"allow":["GET"]}}],"collection":[{"href":"https:\/\/www.novaconcursos.com.br\/portal\/wp-json\/wp\/v2\/posts"}],"about":[{"href":"https:\/\/www.novaconcursos.com.br\/portal\/wp-json\/wp\/v2\/types\/post"}],"author":[{"embeddable":true,"href":"https:\/\/www.novaconcursos.com.br\/portal\/wp-json\/wp\/v2\/users\/54693"}],"replies":[{"embeddable":true,"href":"https:\/\/www.novaconcursos.com.br\/portal\/wp-json\/wp\/v2\/comments?post=305816"}],"version-history":[{"count":2,"href":"https:\/\/www.novaconcursos.com.br\/portal\/wp-json\/wp\/v2\/posts\/305816\/revisions"}],"predecessor-version":[{"id":305830,"href":"https:\/\/www.novaconcursos.com.br\/portal\/wp-json\/wp\/v2\/posts\/305816\/revisions\/305830"}],"wp:featuredmedia":[{"embeddable":true,"href":"https:\/\/www.novaconcursos.com.br\/portal\/wp-json\/wp\/v2\/media\/305825"}],"wp:attachment":[{"href":"https:\/\/www.novaconcursos.com.br\/portal\/wp-json\/wp\/v2\/media?parent=305816"}],"wp:term":[{"taxonomy":"category","embeddable":true,"href":"https:\/\/www.novaconcursos.com.br\/portal\/wp-json\/wp\/v2\/categories?post=305816"},{"taxonomy":"post_tag","embeddable":true,"href":"https:\/\/www.novaconcursos.com.br\/portal\/wp-json\/wp\/v2\/tags?post=305816"}],"curies":[{"name":"wp","href":"https:\/\/api.w.org\/{rel}","templated":true}]}}