{"id":305884,"date":"2026-03-16T11:50:11","date_gmt":"2026-03-16T14:50:11","guid":{"rendered":"https:\/\/www.novaconcursos.com.br\/portal\/?p=305884"},"modified":"2026-04-16T09:19:24","modified_gmt":"2026-04-16T12:19:24","slug":"concurso-sedes-df-2026-tabela-salarial","status":"publish","type":"post","link":"https:\/\/www.novaconcursos.com.br\/portal\/noticias\/concurso-sedes-df-2026-tabela-salarial\/","title":{"rendered":"Concurso Sedes DF 2026 tem tabela salarial atualizada; veja os valores!"},"content":{"rendered":"<p>Boa not\u00edcia, concurseiros! O <strong>concurso Sedes DF<\/strong> <strong>2026<\/strong> chega com um cen\u00e1rio mais atrativo ap\u00f3s a recente reestrutura\u00e7\u00e3o da carreira de Assist\u00eancia Social e a atualiza\u00e7\u00e3o da tabela salarial para os servidores. Com as mudan\u00e7as, os cargos da \u00e1rea passam a contar com <strong>remunera\u00e7\u00f5es iniciais que podem chegar a R$ 8,9 mil<\/strong>, al\u00e9m de <strong>potencial de crescimento ao longo da carreira que ultrapassa R$ 14 mil<\/strong>, conforme o cargo e a jornada de trabalho.<\/p>\n\n\n\n<p>A expectativa \u00e9 que o novo concurso Sedes DF 2026 oferte\u00a0<strong>1.197 vagas<\/strong>\u00a0para cargos de <strong>T\u00e9cnico em Assist\u00eancia Social (n\u00edvel m\u00e9dio)<\/strong> e <strong>Especialista em Assist\u00eancia Social (n\u00edvel superior)<\/strong>. <\/p>\n\n\n\n<p>Os sal\u00e1rios dos servidores da Secretaria de Desenvolvimento Social do Distrito Federal foram atualizados com a publica\u00e7\u00e3o da\u00a0Lei n\u00ba 7.484, de 27 de mar\u00e7o de 2024, que reestruturou a carreira p\u00fablica de Assist\u00eancia Social no DF.<\/p>\n\n\n\n<p>Conforme a lei,\u00a0os valores brutos iniciais e o teto remunerat\u00f3rio previstos para os servidores da Secretaria de Desenvolvimento Social do Distrito Federal em 2026 s\u00e3o: <\/p>\n\n\n\n<figure class=\"wp-block-image size-full\"><a href=\"https:\/\/www.novaconcursos.com.br\/portal\/wp-content\/uploads\/2026\/03\/Captura-de-tela-2026-03-16-110303-2.webp\"><img decoding=\"async\" width=\"937\" height=\"492\" src=\"https:\/\/www.novaconcursos.com.br\/portal\/wp-content\/uploads\/2026\/03\/Captura-de-tela-2026-03-16-110303-2.webp\" alt=\"Tabela salarial do concurso Sedes DF \" class=\"wp-image-305885\" loading=\"lazy\" title=\"\" srcset=\"https:\/\/www.novaconcursos.com.br\/portal\/wp-content\/uploads\/2026\/03\/Captura-de-tela-2026-03-16-110303-2-300x158.webp 300w, https:\/\/www.novaconcursos.com.br\/portal\/wp-content\/uploads\/2026\/03\/Captura-de-tela-2026-03-16-110303-2-480x252.webp 480w, https:\/\/www.novaconcursos.com.br\/portal\/wp-content\/uploads\/2026\/03\/Captura-de-tela-2026-03-16-110303-2-768x403.webp 768w, https:\/\/www.novaconcursos.com.br\/portal\/wp-content\/uploads\/2026\/03\/Captura-de-tela-2026-03-16-110303-2.webp 937w\" sizes=\"auto, (max-width: 480px) 100vw, (max-width: 768px) 100vw, (max-width: 1200px) 70vw, 768px\"><\/a><figcaption><\/figcaption><\/figure><p>Confira o Grupo de Estudos do concurso Sedes DF da Nova Concursos e turbine sua prepara\u00e7\u00e3o!<\/p>\n\n\n\n<div class=\"nova-continue-reading\">Confira: <a href=\"https:\/\/aprovacao.novaconcursos.com.br\/concurso-sedes-df-grupo-de-estudos-youtube?&amp;utm_source=youtube&amp;utm_medium=youtube&amp;utm_campaign=youtube-vd-video-01-04-26-sedesdf-cargo-cronograma-concurso-renato-desc\">Grupo de Estudos do Concurso Sedes DF 2026<\/a><\/div>\n\n\n\n<p>Al\u00e9m do vencimento inicial competitivo, o <strong>concurso Sedes DF 2026<\/strong> tamb\u00e9m se destaca pelo conjunto de benef\u00edcios oferecidos aos servidores da carreira de Desenvolvimento e Assist\u00eancia Social, fator que amplia a atratividade do cargo dentro do funcionalismo p\u00fablico do Distrito Federal.<\/p>\n\n\n\n<ul class=\"wp-block-list\"><li><strong>Gratifica\u00e7\u00f5es de lota\u00e7\u00e3o:<\/strong> servidores que atuam em unidades da rede socioassistencial, como <strong>CRAS, CREAS e servi\u00e7os de acolhimento<\/strong>, podem receber gratifica\u00e7\u00f5es espec\u00edficas vinculadas ao local de trabalho, o que contribui para elevar a remunera\u00e7\u00e3o mensal.<\/li>\n<\/ul><ul class=\"wp-block-list\"><li><strong>Progress\u00e3o na carreira:<\/strong> a recente reestrutura\u00e7\u00e3o da carreira trouxe ajustes nos n\u00edveis e padr\u00f5es, permitindo uma evolu\u00e7\u00e3o funcional mais organizada e com intervalos definidos entre as etapas da progress\u00e3o.<\/li>\n<\/ul><ul class=\"wp-block-list\"><li><strong>Benef\u00edcios institucionais:<\/strong> os servidores tamb\u00e9m t\u00eam direito a benef\u00edcios concedidos pelo Governo do Distrito Federal, como <strong>aux\u00edlio-alimenta\u00e7\u00e3o e aux\u00edlio-transporte<\/strong>, que complementam a remunera\u00e7\u00e3o e contribuem para o suporte das atividades profissionais.<\/li>\n<\/ul><ul class=\"wp-block-list\"><li><strong>Regime estatut\u00e1rio:<\/strong> os cargos s\u00e3o regidos pelo regime estatut\u00e1rio do GDF, garantindo <strong>estabilidade ap\u00f3s o est\u00e1gio probat\u00f3rio e vincula\u00e7\u00e3o ao regime pr\u00f3prio de previd\u00eancia<\/strong>, caracter\u00edsticas que proporcionam maior seguran\u00e7a na carreira p\u00fablica.<\/li>\n<\/ul><p>Se voc\u00ea est\u00e1 esperando por essa sele\u00e7\u00e3o e segue firme nos estudos ou deseja otimizar a prepara\u00e7\u00e3o, o concurso Sedes DF tamb\u00e9m conta com <strong>curso 100% gratuito<\/strong>. Confira!<\/p>\n\n\n\n<div class=\"nova-continue-reading\">Confira: <a href=\"https:\/\/www.novaconcursos.com.br\/curso-online\/curso-gratis-sedes-df-tecnico-assistencia-social-tecnico-administrativo\">Curso Gr\u00e1tis Concurso Sedes DF 2026<\/a><\/div>\n\n\n\n<h2 class=\"wp-block-heading\" id=\"rotina-de-trabalho-do-aprovado-no-concurso-sedes-df-2026\">Rotina de trabalho do aprovado no concurso Sedes DF 2026<\/h2>\n\n\n\n<p>A rotina de trabalho do aprovado no concurso <a href=\"https:\/\/www.sedes.df.gov.br\/\" data-type=\"link\" data-id=\"https:\/\/www.sedes.df.gov.br\/\" target=\"_blank\" rel=\"noreferrer noopener\">Sedes DF<\/a> 2026 consiste em atuar em unidades da rede socioassistencial, como <strong>CRAS (Centro de Refer\u00eancia de Assist\u00eancia Social)<\/strong>, <strong>CREAS (Centro de Refer\u00eancia Especializado de Assist\u00eancia Social)<\/strong>, centros de conviv\u00eancia e unidades de acolhimento institucional. Nessas unidades, o trabalho envolve o atendimento a fam\u00edlias que buscam acesso a benef\u00edcios sociais, programas de transfer\u00eancia de renda e servi\u00e7os de prote\u00e7\u00e3o social.<\/p>\n\n\n\n<p>Uma parte importante da rotina \u00e9 o <strong>atendimento ao cidad\u00e3o<\/strong>. Os servidores realizam orienta\u00e7\u00f5es sobre programas sociais, cadastro e atualiza\u00e7\u00e3o de informa\u00e7\u00f5es em sistemas oficiais, an\u00e1lise de documentos e encaminhamento de usu\u00e1rios para servi\u00e7os p\u00fablicos adequados. Esse atendimento pode ocorrer presencialmente nas unidades ou por meio de encaminhamentos feitos por outros \u00f3rg\u00e3os da rede de prote\u00e7\u00e3o social.<\/p>\n\n\n\n<p>Outro aspecto frequente do trabalho \u00e9 o <strong>acompanhamento de fam\u00edlias e indiv\u00edduos em situa\u00e7\u00e3o de vulnerabilidade<\/strong>. Dependendo do cargo e da fun\u00e7\u00e3o exercida, os profissionais participam de atendimentos individualizados, atividades coletivas com grupos familiares, acompanhamento de casos de viola\u00e7\u00e3o de direitos e encaminhamentos para servi\u00e7os de sa\u00fade, educa\u00e7\u00e3o ou assist\u00eancia jur\u00eddica.<\/p>\n\n\n\n<p>A rotina tamb\u00e9m inclui <strong>atividades administrativas e t\u00e9cnicas<\/strong>, como registro de informa\u00e7\u00f5es em sistemas governamentais, elabora\u00e7\u00e3o de relat\u00f3rios e organiza\u00e7\u00e3o de prontu\u00e1rios dos usu\u00e1rios atendidos. Esses registros s\u00e3o essenciais para o acompanhamento das pol\u00edticas p\u00fablicas e para a presta\u00e7\u00e3o de contas dos programas sociais.<\/p>\n\n\n\n<p>A Nova Concursos segue acompanhando todos as novidades do <a href=\"https:\/\/www.novaconcursos.com.br\/portal\/concursos\/sedes-df\/\">concurso Sedes DF<\/a>! <\/p>","protected":false},"excerpt":{"rendered":"<p>O concurso Sedes DF teve tabela salarial atualizada para os cargos de T\u00e9cnico e Especialista em Assist\u00eancia Social! Confira os valores! <\/p>\n","protected":false},"author":54701,"featured_media":305886,"comment_status":"closed","ping_status":"closed","sticky":false,"template":"","format":"standard","meta":{"_acf_changed":false,"footnotes":"","_wp_rev_ctl_limit":""},"categories":[228,44983,44939],"tags":[45709],"class_list":["post-305884","post","type-post","status-publish","format-standard","has-post-thumbnail","hentry","category-noticias","category-df","category-carreira-administrativa","tag-concurso-sedes-df-2026"],"acf":[],"_links":{"self":[{"href":"https:\/\/www.novaconcursos.com.br\/portal\/wp-json\/wp\/v2\/posts\/305884","targetHints":{"allow":["GET"]}}],"collection":[{"href":"https:\/\/www.novaconcursos.com.br\/portal\/wp-json\/wp\/v2\/posts"}],"about":[{"href":"https:\/\/www.novaconcursos.com.br\/portal\/wp-json\/wp\/v2\/types\/post"}],"author":[{"embeddable":true,"href":"https:\/\/www.novaconcursos.com.br\/portal\/wp-json\/wp\/v2\/users\/54701"}],"replies":[{"embeddable":true,"href":"https:\/\/www.novaconcursos.com.br\/portal\/wp-json\/wp\/v2\/comments?post=305884"}],"version-history":[{"count":4,"href":"https:\/\/www.novaconcursos.com.br\/portal\/wp-json\/wp\/v2\/posts\/305884\/revisions"}],"predecessor-version":[{"id":307379,"href":"https:\/\/www.novaconcursos.com.br\/portal\/wp-json\/wp\/v2\/posts\/305884\/revisions\/307379"}],"wp:featuredmedia":[{"embeddable":true,"href":"https:\/\/www.novaconcursos.com.br\/portal\/wp-json\/wp\/v2\/media\/305886"}],"wp:attachment":[{"href":"https:\/\/www.novaconcursos.com.br\/portal\/wp-json\/wp\/v2\/media?parent=305884"}],"wp:term":[{"taxonomy":"category","embeddable":true,"href":"https:\/\/www.novaconcursos.com.br\/portal\/wp-json\/wp\/v2\/categories?post=305884"},{"taxonomy":"post_tag","embeddable":true,"href":"https:\/\/www.novaconcursos.com.br\/portal\/wp-json\/wp\/v2\/tags?post=305884"}],"curies":[{"name":"wp","href":"https:\/\/api.w.org\/{rel}","templated":true}]}}