{"id":305948,"date":"2026-03-17T12:50:20","date_gmt":"2026-03-17T15:50:20","guid":{"rendered":"https:\/\/www.novaconcursos.com.br\/portal\/?p=305948"},"modified":"2026-03-17T12:50:26","modified_gmt":"2026-03-17T15:50:26","slug":"concurso-alerj-consultar-local-da-prova-discursiva","status":"publish","type":"post","link":"https:\/\/www.novaconcursos.com.br\/portal\/noticias\/concurso-alerj-consultar-local-da-prova-discursiva\/","title":{"rendered":"Concurso Alerj: veja como consultar o local da prova discursiva!"},"content":{"rendered":"<p>O <a href=\"https:\/\/www.novaconcursos.com.br\/portal\/concursos\/concurso-alerj\/\">concurso Alerj<\/a> disponibilizou a <strong>consulta aos locais de prova discursiva<\/strong> para os candidatos. A informa\u00e7\u00e3o foi liberada na \u00faltima segunda-feira, 16 de mar\u00e7o, permitindo que os participantes consultem onde realizar\u00e3o a pr\u00f3xima fase do certame.<\/p>\n\n\n\n<p>A etapa discursiva ser\u00e1 aplicada no dia <strong>22 de mar\u00e7o<\/strong> e \u00e9 destinada exclusivamente aos candidatos ao cargo de <strong>Procurador Legislativo<\/strong>, carreira que exige <strong>n\u00edvel superior<\/strong> e oferece remunera\u00e7\u00e3o que pode chegar a <strong>R$ 44 mil<\/strong>. <\/p>\n\n\n\n<p>A consulta deve ser feita diretamente no site da banca organizadora, por meio da \u00e1rea de acompanhamento.<\/p>\n\n\n\n<p>Para acessar o local de prova, o candidato deve entrar na p\u00e1gina da <a href=\"https:\/\/conhecimento.fgv.br\/concursos\/alerj2025\/2\" target=\"_blank\" rel=\"noopener\">banca<\/a>, clicar na op\u00e7\u00e3o de consulta, realizar o <strong>login<\/strong> com seus dados e verificar as informa\u00e7\u00f5es completas da avalia\u00e7\u00e3o. <\/p>\n\n\n\n<figure class=\"wp-block-image size-full\"><img decoding=\"async\" width=\"854\" height=\"541\" src=\"https:\/\/www.novaconcursos.com.br\/portal\/wp-content\/uploads\/2026\/03\/concurso-alerj-consulta.webp\" alt=\"concurso alerj\" class=\"wp-image-305955\" loading=\"lazy\" title=\"\" srcset=\"https:\/\/www.novaconcursos.com.br\/portal\/wp-content\/uploads\/2026\/03\/concurso-alerj-consulta-300x190.webp 300w, https:\/\/www.novaconcursos.com.br\/portal\/wp-content\/uploads\/2026\/03\/concurso-alerj-consulta-480x304.webp 480w, https:\/\/www.novaconcursos.com.br\/portal\/wp-content\/uploads\/2026\/03\/concurso-alerj-consulta-768x487.webp 768w, https:\/\/www.novaconcursos.com.br\/portal\/wp-content\/uploads\/2026\/03\/concurso-alerj-consulta.webp 854w\" sizes=\"auto, (max-width: 480px) 100vw, (max-width: 768px) 100vw, (max-width: 1200px) 70vw, 768px\"><figcaption><\/figcaption><\/figure><p>Vale lembrar que a prova discursiva do concurso Alerj possui grande peso na classifica\u00e7\u00e3o final dos candidatos ao cargo de Procurador Legislativo.<\/p>\n\n\n\n<p>A avalia\u00e7\u00e3o vale <strong>70 pontos no total<\/strong> e ser\u00e1 composta por:<\/p>\n\n\n\n<ul class=\"wp-block-list\"><li><strong>Tr\u00eas quest\u00f5es dissertativas<\/strong>, valendo <strong>10 pontos cada<\/strong>, com limite de at\u00e9 <strong>30 linhas por resposta<\/strong>;<\/li>\n\n\n\n<li><strong>Uma pe\u00e7a pr\u00e1tico-profissional<\/strong>, valendo <strong>40 pontos<\/strong>, com limite de at\u00e9 <strong>120 linhas<\/strong>.<\/li>\n<\/ul><p>Para ser considerado aprovado nesta etapa, o candidato dever\u00e1:<\/p>\n\n\n\n<ul class=\"wp-block-list\"><li>atingir, no m\u00ednimo, <strong>60% da pontua\u00e7\u00e3o total da prova discursiva<\/strong>;<\/li>\n\n\n\n<li>n\u00e3o zerar nenhuma das quest\u00f5es propostas.<\/li>\n<\/ul><p>O n\u00e3o cumprimento desses crit\u00e9rios resultar\u00e1 na elimina\u00e7\u00e3o do candidato.<\/p>\n\n\n\n<p>Aproveite a oportunidade e confira o nosso <a href=\"https:\/\/www.novaconcursos.com.br\/eventos\/curso-gratis-alerj-blog\/\">curso 100% gr\u00e1tis<\/a> para o concurso Alerj!<\/p>\n\n\n\n<h2 class=\"wp-block-heading\" id=\"panorama-do-concurso-alerj\">Panorama do concurso Alerj<\/h2>\n\n\n\n<p>O concurso Alerj reuniu um total de <strong>87.673 inscritos<\/strong> e oferece <strong>101 vagas<\/strong> para diferentes cargos na estrutura da Assembleia Legislativa do Estado do Rio de Janeiro.As oportunidades contemplam candidatos de <strong>n\u00edvel m\u00e9dio e n\u00edvel superior<\/strong>.<\/p>\n\n\n\n<h3 class=\"wp-block-heading\">Distribui\u00e7\u00e3o de vagas<\/h3>\n\n\n\n<p><strong>Cargos de Especialista Legislativo \u2013 N\u00edvel IV (N\u00edvel Superior):<\/strong><\/p>\n\n\n\n<ul class=\"wp-block-list\"><li>Administra\u00e7\u00e3o Geral: 25 vagas<\/li>\n\n\n\n<li>Elabora\u00e7\u00e3o Legislativa: 20 vagas<\/li>\n\n\n\n<li>Recursos Humanos: 10 vagas<\/li>\n\n\n\n<li>Controle Interno e Auditoria: 5 vagas<\/li>\n\n\n\n<li>Or\u00e7amento e Finan\u00e7as: 5 vagas<\/li>\n\n\n\n<li>Sa\u00fade (Enfermagem): 3 vagas<\/li>\n\n\n\n<li>Medicina: 3 vagas<\/li>\n\n\n\n<li>Comunica\u00e7\u00e3o Social: 3 vagas<\/li>\n\n\n\n<li>Assistente Social: 2 vagas<\/li>\n\n\n\n<li>Rela\u00e7\u00f5es P\u00fablicas (Institucionais): 2 vagas<\/li>\n<\/ul><p><strong>Cargos de Especialista Legislativo \u2013 N\u00edvel III (N\u00edvel M\u00e9dio):<\/strong><\/p>\n\n\n\n<ul class=\"wp-block-list\"><li>Administra\u00e7\u00e3o Geral: 20 vagas<\/li>\n<\/ul><p><strong>Cargo de Procurador Legislativo (N\u00edvel Superior):<\/strong><\/p>\n\n\n\n<ul class=\"wp-block-list\"><li>Procurador: 3 vagas<\/li>\n<\/ul><p>As provas objetivas para os cargos de especialista foram aplicadas em fevereiro, enquanto os candidatos ao cargo de Procurador seguem nas etapas mais avan\u00e7adas da sele\u00e7\u00e3o.<\/p>\n\n\n\n<p>Os candidatos s\u00e3o avaliados por meio das seguintes fases:<\/p>\n\n\n\n<ul class=\"wp-block-list\"><li>Provas objetivas, para todos os cargos;<\/li>\n\n\n\n<li>Prova discursiva, para Especialista Legislativo \u2013 N\u00edvel IV e Procurador;<\/li>\n\n\n\n<li>Prova oral, para Procurador;<\/li>\n\n\n\n<li>Avalia\u00e7\u00e3o de t\u00edtulos, para Procurador.<\/li>\n<\/ul><p>Para mais informa\u00e7\u00f5es sobre o edital, etapas e conte\u00fados cobrados, confira o <a href=\"https:\/\/www.novaconcursos.com.br\/portal\/concursos\/concurso-alerj\/\">guia completo<\/a> sobre o concurso Alerj. Continue em nosso blog. At\u00e9 a pr\u00f3xima!<\/p>","protected":false},"excerpt":{"rendered":"<p>O concurso Alerj ter\u00e1 a aplica\u00e7\u00e3o das provas discursivas em 22 de mar\u00e7o, para o cargo de Procurador! Confira os detalhes!<\/p>\n","protected":false},"author":54693,"featured_media":305956,"comment_status":"closed","ping_status":"closed","sticky":false,"template":"","format":"standard","meta":{"_acf_changed":false,"footnotes":"","_wp_rev_ctl_limit":""},"categories":[228,44996,44965],"tags":[5087],"class_list":["post-305948","post","type-post","status-publish","format-standard","has-post-thumbnail","hentry","category-noticias","category-carreira-legislativa","category-rj","tag-concurso-alerj"],"acf":[],"_links":{"self":[{"href":"https:\/\/www.novaconcursos.com.br\/portal\/wp-json\/wp\/v2\/posts\/305948","targetHints":{"allow":["GET"]}}],"collection":[{"href":"https:\/\/www.novaconcursos.com.br\/portal\/wp-json\/wp\/v2\/posts"}],"about":[{"href":"https:\/\/www.novaconcursos.com.br\/portal\/wp-json\/wp\/v2\/types\/post"}],"author":[{"embeddable":true,"href":"https:\/\/www.novaconcursos.com.br\/portal\/wp-json\/wp\/v2\/users\/54693"}],"replies":[{"embeddable":true,"href":"https:\/\/www.novaconcursos.com.br\/portal\/wp-json\/wp\/v2\/comments?post=305948"}],"version-history":[{"count":1,"href":"https:\/\/www.novaconcursos.com.br\/portal\/wp-json\/wp\/v2\/posts\/305948\/revisions"}],"predecessor-version":[{"id":305957,"href":"https:\/\/www.novaconcursos.com.br\/portal\/wp-json\/wp\/v2\/posts\/305948\/revisions\/305957"}],"wp:featuredmedia":[{"embeddable":true,"href":"https:\/\/www.novaconcursos.com.br\/portal\/wp-json\/wp\/v2\/media\/305956"}],"wp:attachment":[{"href":"https:\/\/www.novaconcursos.com.br\/portal\/wp-json\/wp\/v2\/media?parent=305948"}],"wp:term":[{"taxonomy":"category","embeddable":true,"href":"https:\/\/www.novaconcursos.com.br\/portal\/wp-json\/wp\/v2\/categories?post=305948"},{"taxonomy":"post_tag","embeddable":true,"href":"https:\/\/www.novaconcursos.com.br\/portal\/wp-json\/wp\/v2\/tags?post=305948"}],"curies":[{"name":"wp","href":"https:\/\/api.w.org\/{rel}","templated":true}]}}