{"id":305978,"date":"2026-03-18T08:51:21","date_gmt":"2026-03-18T11:51:21","guid":{"rendered":"https:\/\/www.novaconcursos.com.br\/portal\/?p=305978"},"modified":"2026-03-18T08:51:27","modified_gmt":"2026-03-18T11:51:27","slug":"concurso-unificado-educacao-vai-ter","status":"publish","type":"post","link":"https:\/\/www.novaconcursos.com.br\/portal\/noticias\/concurso-unificado-educacao-vai-ter\/","title":{"rendered":"Vai ter Concurso Unificado da Educa\u00e7\u00e3o? Ministra comenta cen\u00e1rio atual!"},"content":{"rendered":"<p>O governo federal estuda a possibilidade de criar um novo Concurso Unificado da Educa\u00e7\u00e3o para t\u00e9cnicos de universidades e institutos federais. A informa\u00e7\u00e3o foi dada pela ministra da Gest\u00e3o e da Inova\u00e7\u00e3o em Servi\u00e7os P\u00fablicos, Esther Dweck, nesta ter\u00e7a-feira (17\/03), durante coletiva de imprensa.<\/p>\n\n\n\n<p>Na ocasi\u00e3o, para\u00a0apresenta\u00e7\u00e3o do balan\u00e7o final do CNU de 2025,\u00a0Dweck afirmou que v\u00ea uma maior chance de aplica\u00e7\u00e3o do Concurso Unificado nas\u00a0vagas para t\u00e9cnico-administrativos.<\/p>\n\n\n\n<p>A ideia \u00e9 que o certame seja parecido com o CNU (Concurso Nacional Unificado), conhecido como Enem dos concursos.<\/p>\n\n\n\n<blockquote class=\"wp-block-quote is-layout-flow wp-block-quote-is-layout-flow\"><div class=\"wp-block-image\">\n<figure class=\"aligncenter size-full\"><a href=\"https:\/\/www.novaconcursos.com.br\/portal\/wp-content\/uploads\/2026\/03\/ministra-da-Gestao-e-da-Inovacao-em-Servicos-Publicos-Esther-Dweck-620x598-1.webp\"><img decoding=\"async\" width=\"620\" height=\"598\" src=\"https:\/\/www.novaconcursos.com.br\/portal\/wp-content\/uploads\/2026\/03\/ministra-da-Gestao-e-da-Inovacao-em-Servicos-Publicos-Esther-Dweck-620x598-1.webp\" alt=\"Ministra fala sobre Concurso Unificado da Educa\u00e7\u00e3o\" class=\"wp-image-305982\" loading=\"lazy\" title=\"\" srcset=\"https:\/\/www.novaconcursos.com.br\/portal\/wp-content\/uploads\/2026\/03\/ministra-da-Gestao-e-da-Inovacao-em-Servicos-Publicos-Esther-Dweck-620x598-1-300x289.webp 300w, https:\/\/www.novaconcursos.com.br\/portal\/wp-content\/uploads\/2026\/03\/ministra-da-Gestao-e-da-Inovacao-em-Servicos-Publicos-Esther-Dweck-620x598-1-480x463.webp 480w, https:\/\/www.novaconcursos.com.br\/portal\/wp-content\/uploads\/2026\/03\/ministra-da-Gestao-e-da-Inovacao-em-Servicos-Publicos-Esther-Dweck-620x598-1.webp 620w\" sizes=\"auto, (max-width: 480px) 100vw, (max-width: 768px) 100vw, (max-width: 1200px) 70vw, 768px\"><\/a><figcaption class=\"wp-element-caption\">Fabio Rodrigues-Pozzebom\/Ag\u00eancia Brasil<\/figcaption><\/figure><\/div>\n\n\n<p>Segundo a ministra, ainda n\u00e3o h\u00e1 confirma\u00e7\u00e3o sobre a realiza\u00e7\u00e3o do certame em 2026 e a proposta ainda est\u00e1 em est\u00e1gio inicial de discuss\u00e3o, uma vez que a\u00a0decis\u00e3o\u00a0depender\u00e1 da gest\u00e3o que estar\u00e1 \u00e0 frente do governo em 2027. No entanto, ela afirmou que j\u00e1 existe estrutura para isso. De acordo com Dweck, o governo consolidou neste ano a estrutura da Escola Nacional de Administra\u00e7\u00e3o P\u00fablica (Enap), respons\u00e1vel pela gest\u00e3o do concurso. <em>\u201cQuem estiver no pr\u00f3ximo governo vai ter ali tudo registrado\u201d<\/em>, afirmou.<\/p>\n\n\n\n<p>Al\u00e9m disso, ela afirmou que o<a href=\"https:\/\/portal.mec.gov.br\/\" target=\"_blank\" data-type=\"link\" data-id=\"https:\/\/portal.mec.gov.br\/\" rel=\"noreferrer noopener\"> Minist\u00e9rio da Educa\u00e7\u00e3o (MEC)<\/a> j\u00e1 procurou o Minist\u00e9rio da Gest\u00e3o e da Inova\u00e7\u00e3o (MGI) e a Escola Nacional de Administra\u00e7\u00e3o P\u00fablica (Enap) para fazer essa media\u00e7\u00e3o.<\/p>\n\n\n\n<p><em>\u201cPara t\u00e9cnicos universit\u00e1rios, houve uma conversa com o MEC sobre a possibilidade de ser feito de forma mais unificada. Mas isso ainda n\u00e3o avan\u00e7ou\u201d<\/em>, disse a Ministra.<\/p>\n\n\n\n<p>Quando questionada a respeito da possibilidade de um concurso unificado para professores universit\u00e1rios, a ministra afirmou que considera mais complexa a implementa\u00e7\u00e3o devido \u00e0 diversidade de \u00e1reas e \u00e0s particularidades envolvidas.<\/p>\n\n\n\n<p>Desse modo, o Concurso Unificado da Educa\u00e7\u00e3o ainda se encontra em fase de articula\u00e7\u00e3o, com estudos e alinhamentos em andamento para viabilizar sua implementa\u00e7\u00e3o de forma estruturada e eficiente.<\/p>\n<\/blockquote>\n\n\n\n<h2 class=\"wp-block-heading\" id=\"criao-de-novas-vagas-para-o-concurso-unificado-da-educao\">Cria\u00e7\u00e3o de novas vagas para o Concurso Unificado da Educa\u00e7\u00e3o<\/h2>\n\n\n\n<p>Mesmo com o Concurso Unificado da Educa\u00e7\u00e3o ainda em an\u00e1lise, novas movimenta\u00e7\u00f5es j\u00e1 ocorrem no cen\u00e1rio educacional. No dia 10 de fevereiro de 2026, o Senado Federal\u00a0aprovou o Projeto de Lei (PL) 5.874\/2025, que cria\u00a024 mil novos cargos efetivos para preenchimento por\u00a0concursos federais.<\/p>\n\n\n\n<p>Desse total de vagas, grande parte \u00e9 para Educa\u00e7\u00e3o. Confira:<\/p>\n\n\n\n<ul class=\"wp-block-list\"><li><strong>3.800<\/strong> novos cargos de Professor do Magist\u00e9rio Superior e 2.200 de Analista em Educa\u00e7\u00e3o para as\u00a0universidades federais; e<\/li>\n\n\n\n<li><strong>9.587<\/strong> novos cargos de Professor do Ensino B\u00e1sico, T\u00e9cnico e Tecnol\u00f3gico, <strong>4.286<\/strong> de T\u00e9cnico em Educa\u00e7\u00e3o e <strong>2.490<\/strong> de Analista em Educa\u00e7\u00e3o para as institui\u00e7\u00f5es de ensino da Rede Federal de Educa\u00e7\u00e3o Profissional, Cient\u00edfica e Tecnol\u00f3gica.<\/li>\n<\/ul><p>J\u00e1 houve aprova\u00e7\u00e3o pela C\u00e2mara dos Deputados\u00a0no in\u00edcio de fevereiro e segue agora para san\u00e7\u00e3o presidencial.<\/p>\n\n\n\n<p>A Nova Concursos segue acompanhando de perto todas as novidades do Concurso Unificado da Educa\u00e7\u00e3o! Confira detalhes sobre os <a href=\"https:\/\/www.novaconcursos.com.br\/portal\/concursos-abertos\/\" data-type=\"link\" data-id=\"https:\/\/www.novaconcursos.com.br\/portal\/concursos-abertos\/\">Concursos Abertos em 2026<\/a>! <\/p>","protected":false},"excerpt":{"rendered":"<p>Ministra d\u00e1 detalhes sobre o Concurso Unificado da Educa\u00e7\u00e3o para 2026! <\/p>\n","protected":false},"author":54701,"featured_media":305986,"comment_status":"closed","ping_status":"closed","sticky":false,"template":"","format":"standard","meta":{"_acf_changed":false,"footnotes":"","_wp_rev_ctl_limit":""},"categories":[228,44978,44944],"tags":[45714],"class_list":["post-305978","post","type-post","status-publish","format-standard","has-post-thumbnail","hentry","category-noticias","category-nacional","category-carreira-educacao","tag-concurso-unificado-da-educacao"],"acf":[],"_links":{"self":[{"href":"https:\/\/www.novaconcursos.com.br\/portal\/wp-json\/wp\/v2\/posts\/305978","targetHints":{"allow":["GET"]}}],"collection":[{"href":"https:\/\/www.novaconcursos.com.br\/portal\/wp-json\/wp\/v2\/posts"}],"about":[{"href":"https:\/\/www.novaconcursos.com.br\/portal\/wp-json\/wp\/v2\/types\/post"}],"author":[{"embeddable":true,"href":"https:\/\/www.novaconcursos.com.br\/portal\/wp-json\/wp\/v2\/users\/54701"}],"replies":[{"embeddable":true,"href":"https:\/\/www.novaconcursos.com.br\/portal\/wp-json\/wp\/v2\/comments?post=305978"}],"version-history":[{"count":1,"href":"https:\/\/www.novaconcursos.com.br\/portal\/wp-json\/wp\/v2\/posts\/305978\/revisions"}],"predecessor-version":[{"id":305987,"href":"https:\/\/www.novaconcursos.com.br\/portal\/wp-json\/wp\/v2\/posts\/305978\/revisions\/305987"}],"wp:featuredmedia":[{"embeddable":true,"href":"https:\/\/www.novaconcursos.com.br\/portal\/wp-json\/wp\/v2\/media\/305986"}],"wp:attachment":[{"href":"https:\/\/www.novaconcursos.com.br\/portal\/wp-json\/wp\/v2\/media?parent=305978"}],"wp:term":[{"taxonomy":"category","embeddable":true,"href":"https:\/\/www.novaconcursos.com.br\/portal\/wp-json\/wp\/v2\/categories?post=305978"},{"taxonomy":"post_tag","embeddable":true,"href":"https:\/\/www.novaconcursos.com.br\/portal\/wp-json\/wp\/v2\/tags?post=305978"}],"curies":[{"name":"wp","href":"https:\/\/api.w.org\/{rel}","templated":true}]}}