{"id":305995,"date":"2026-03-18T09:49:16","date_gmt":"2026-03-18T12:49:16","guid":{"rendered":"https:\/\/www.novaconcursos.com.br\/portal\/?p=305995"},"modified":"2026-03-18T09:49:22","modified_gmt":"2026-03-18T12:49:22","slug":"concurso-pm-es-edital-abril","status":"publish","type":"post","link":"https:\/\/www.novaconcursos.com.br\/portal\/noticias\/concurso-pm-es-edital-abril\/","title":{"rendered":"Concurso PM ES: edital previsto para abril e provas em junho; veja cronograma!"},"content":{"rendered":"<p>Boa not\u00edcia, concurseiros! O novo edital do <strong>concurso PM ES<\/strong> (Pol\u00edcia Militar do Esp\u00edrito Santo) para o provimento de<strong> 1.000 vagas<\/strong>\u00a0para Soldado Combatente e <strong>8<\/strong> <strong>vagas<\/strong> para Soldado M\u00fasico est\u00e1 previsto para abril e provas para junho de 2026! Nesta ter\u00e7a-feira, 17 de mar\u00e7o, foi publicado, no Portal Nacional de Contrata\u00e7\u00f5es P\u00fablicas do Governo Federal, o documento que ratifica a contrata\u00e7\u00e3o do Instituto Idecan como banca organizadora e detalha o cronograma previsto da sele\u00e7\u00e3o.\u00a0Com isso, o edital pode sair a qualquer momento. <\/p>\n\n\n\n<p>De acordo com o documento, a assinatura do contrato ocorreu no dia 13 de mar\u00e7o, com validade a partir desta quarta, dia 18, at\u00e9 18 de mar\u00e7o de 2028, prazo necess\u00e1rio para a realiza\u00e7\u00e3o de todos os procedimentos da sele\u00e7\u00e3o, incluindo a publica\u00e7\u00e3o do edital, recebimento de inscri\u00e7\u00f5es, aplica\u00e7\u00e3o das provas e divulga\u00e7\u00e3o dos resultados.<\/p>\n\n\n\n<p>O documento tamb\u00e9m traz uma estimativa do n\u00famero de inscritos. Com base em concursos anteriores e no interesse recente em carreiras policiais no estado, a PM ES aguarda cerca de\u00a0<strong>50 mil candidatos no pr\u00f3ximo certame<\/strong>.<\/p>\n\n\n\n<p>Nos \u00faltimos concursos da corpora\u00e7\u00e3o para Soldado Combatente, a m\u00e9dia foi de aproximadamente\u00a0<strong>31 mil inscritos<\/strong>, n\u00famero que pode crescer diante da oferta de mil vagas e da alta procura por carreiras na seguran\u00e7a p\u00fablica.<\/p>\n\n\n\n<p>Al\u00e9m disso, segundo o contrato, o concurso PM ES ser\u00e1 realizado para recompor o efetivo da corpora\u00e7\u00e3o, que apresenta d\u00e9ficit no quadro de pra\u00e7as.<\/p>\n\n\n\n<p>Agora, com a banca organizadora contratada e o cronograma definido, os pr\u00f3ximos passos s\u00e3o a elabora\u00e7\u00e3o do edital e a articula\u00e7\u00e3o dos tr\u00e2mites necess\u00e1rios para que ele seja publicado em abril.<\/p>\n\n\n\n<h2 class=\"wp-block-heading\" id=\"cronograma-do-concurso-pm-es\">Cronograma do concurso PM ES<\/h2>\n\n\n\n<p id=\"p-rc_cdaa8e9956dfb89f-45\">De acordo com o contrato publicado, o cronograma do concurso<a href=\"https:\/\/pm.es.gov.br\/\" target=\"_blank\" data-type=\"link\" data-id=\"https:\/\/pm.es.gov.br\/\" rel=\"noreferrer noopener\"> PM ES<\/a> ser\u00e1 o seguinte:<\/p>\n\n\n\n<ul class=\"wp-block-list\"><li><strong>Publica\u00e7\u00e3o do Edital:<\/strong>\u00a0Abril de 2026;<\/li>\n\n\n\n<li><strong>Inscri\u00e7\u00f5es:<\/strong>\u00a0Maio de 2026;<\/li>\n\n\n\n<li><strong>Realiza\u00e7\u00e3o da Prova Objetiva\/Reda\u00e7\u00e3o:<\/strong>\u00a0Junho de 2026;<\/li>\n\n\n\n<li><strong>Teste de Aptid\u00e3o F\u00edsica (TAF):<\/strong>\u00a0Outubro de 2026;<\/li>\n\n\n\n<li><strong>Resultado Final (Etapas da Banca):<\/strong>\u00a0Dezembro de 2026.<\/li>\n<\/ul><p>A primeira etapa que \u00e9 a Prova Objetiva deve ser realizada nas cidades de: Alegre, Aracruz, Barra de S\u00e3o Francisco, Cachoeiro de Itapemirim, Venda Nova do Imigrante, Colatina, Linhares, Nova Ven\u00e9cia, S\u00e3o Mateus, Venda Nova do Imigrante e Regi\u00e3o Metropolitana da Grande Vit\u00f3ria\/ES (Vit\u00f3ria, Cariacica, Serra, Vila Velha, Guarapari, Fund\u00e3o e Viana).<\/p>\n\n\n\n<h2 class=\"wp-block-heading\" id=\"projeto-de-edital-confirma-estrutura-das-provas\">Projeto de edital confirma estrutura das provas do concurso PM ES<\/h2>\n\n\n\n<p>Usado no processo de escolha da banca, o projeto b\u00e1sico do concurso PM ES tamb\u00e9m confirmou as etapas de sele\u00e7\u00e3o. Para o cargo de<strong>\u00a0Soldado Combatente<\/strong>, o concurso contar\u00e1 com quatro fases iniciais:<\/p>\n\n\n\n<ul class=\"wp-block-list\"><li>Exame Intelectual (prova objetiva e reda\u00e7\u00e3o);<\/li>\n\n\n\n<li>Aferi\u00e7\u00e3o de Idade;<\/li>\n\n\n\n<li>Teste de Aptid\u00e3o F\u00edsica (TAF); e<\/li>\n\n\n\n<li>Avalia\u00e7\u00e3o Psicol\u00f3gica.<\/li>\n<\/ul><p>J\u00e1 para\u00a0<strong>Soldado M\u00fasico<\/strong>, haver\u00e1 uma etapa adicional de Prova Pr\u00e1tica de M\u00fasica.<\/p>\n\n\n\n<p>Outras fases do concurso, como investiga\u00e7\u00e3o social, exames de sa\u00fade e matr\u00edcula no curso de forma\u00e7\u00e3o, ficar\u00e3o sob responsabilidade da pr\u00f3pria Pol\u00edcia Militar do Esp\u00edrito Santo.<\/p>\n\n\n\n<p>A Nova Concursos segue acompanhando de perto todas as novidades do <a href=\"https:\/\/www.novaconcursos.com.br\/portal\/concursos\/concurso-pm-es\/\">concurso PM ES<\/a>! <\/p>","protected":false},"excerpt":{"rendered":"<p>O concurso PM ES est\u00e1 previsto para 2026! Edital deve sair em abril! Confira o cronograma!<\/p>\n","protected":false},"author":54701,"featured_media":305998,"comment_status":"closed","ping_status":"closed","sticky":false,"template":"","format":"standard","meta":{"_acf_changed":false,"footnotes":"","_wp_rev_ctl_limit":""},"categories":[228,44967,44943],"tags":[37332],"class_list":["post-305995","post","type-post","status-publish","format-standard","has-post-thumbnail","hentry","category-noticias","category-es","category-carreira-militar","tag-concurso-pm-es-2"],"acf":[],"_links":{"self":[{"href":"https:\/\/www.novaconcursos.com.br\/portal\/wp-json\/wp\/v2\/posts\/305995","targetHints":{"allow":["GET"]}}],"collection":[{"href":"https:\/\/www.novaconcursos.com.br\/portal\/wp-json\/wp\/v2\/posts"}],"about":[{"href":"https:\/\/www.novaconcursos.com.br\/portal\/wp-json\/wp\/v2\/types\/post"}],"author":[{"embeddable":true,"href":"https:\/\/www.novaconcursos.com.br\/portal\/wp-json\/wp\/v2\/users\/54701"}],"replies":[{"embeddable":true,"href":"https:\/\/www.novaconcursos.com.br\/portal\/wp-json\/wp\/v2\/comments?post=305995"}],"version-history":[{"count":2,"href":"https:\/\/www.novaconcursos.com.br\/portal\/wp-json\/wp\/v2\/posts\/305995\/revisions"}],"predecessor-version":[{"id":305999,"href":"https:\/\/www.novaconcursos.com.br\/portal\/wp-json\/wp\/v2\/posts\/305995\/revisions\/305999"}],"wp:featuredmedia":[{"embeddable":true,"href":"https:\/\/www.novaconcursos.com.br\/portal\/wp-json\/wp\/v2\/media\/305998"}],"wp:attachment":[{"href":"https:\/\/www.novaconcursos.com.br\/portal\/wp-json\/wp\/v2\/media?parent=305995"}],"wp:term":[{"taxonomy":"category","embeddable":true,"href":"https:\/\/www.novaconcursos.com.br\/portal\/wp-json\/wp\/v2\/categories?post=305995"},{"taxonomy":"post_tag","embeddable":true,"href":"https:\/\/www.novaconcursos.com.br\/portal\/wp-json\/wp\/v2\/tags?post=305995"}],"curies":[{"name":"wp","href":"https:\/\/api.w.org\/{rel}","templated":true}]}}