{"id":30709,"date":"2015-12-03T15:19:53","date_gmt":"2015-12-03T17:19:53","guid":{"rendered":"http:\/\/www.novaconcursos.com.br\/portal\/?p=30709"},"modified":"2025-03-05T15:42:46","modified_gmt":"2025-03-05T18:42:46","slug":"praia-grande-sp-realiza-concurso-com-20-vagas-inscricoes-abertas-2015-12","status":"publish","type":"post","link":"https:\/\/www.novaconcursos.com.br\/portal\/noticias\/praia-grande-sp-realiza-concurso-com-20-vagas-inscricoes-abertas-2015-12\/","title":{"rendered":"Praia Grande (SP) realiza concurso com 20 vagas; inscri\u00e7\u00f5es abertas"},"content":{"rendered":"<p>No litoral sul de S\u00e3o Paulo, a Prefeitura da Praia Grande publicou mais um edital em 2015. O documento de agora tem 20 oportunidades imediatas e as inscri\u00e7\u00f5es j\u00e1 est\u00e3o abertas desde a \u00faltima segunda-feira (30).<\/p>\n\n\n\n<p><strong>Cargos<\/strong><\/p>\n\n\n\n<p>Das 20 vagas disponibilizadas, dez s\u00e3o para cuidador social, que cobra dos candidatos\u00a0ensino m\u00e9dio completo; e as outras dez s\u00e3o para educador f\u00edsico, que exige\u00a0n\u00edvel superior. Os sal\u00e1rios\u00a0s\u00e3o de R$ 1.500,00 e de R$ 1.811,88 respectivamente. A carga hor\u00e1ria\u00a0de trabalho pode ser de 20 ou 40 horas semanais.<\/p>\n\n\n\n<p><strong>Cronograma<\/strong><\/p>\n\n\n\n<p>O per\u00edodo para se cadastrar j\u00e1 est\u00e3o abertas e as inscri\u00e7\u00f5es \u2013 que devem ser feitas atrav\u00e9s do site da organizadora podem ser feitas at\u00e9 4 de janeiro do ano que vem. A taxa cobrada depende da carreira pretendida, podendo ser de 57 ou 88 reais.<\/p>\n\n\n\n<p>O processo de avalia\u00e7\u00e3o conta com prova objetiva, que est\u00e1 agendada para o dia 24 de janeiro. Os detalhes, como local e hor\u00e1rio, ser\u00e3o divulgados em dez dias antes.<\/p>\n\n\n\n<p><\/p>","protected":false},"excerpt":{"rendered":"<p>No litoral sul de S\u00e3o Paulo, a Prefeitura da Praia Grande publicou mais um edital em 2015. O documento de agora tem 20 oportunidades imediatas e as inscri\u00e7\u00f5es j\u00e1 est\u00e3o abertas desde a \u00faltima segunda-feira (30). Cargos Das 20 vagas disponibilizadas, dez s\u00e3o para cuidador social, que cobra dos candidatos\u00a0ensino m\u00e9dio completo; e as outras [&hellip;]<\/p>\n","protected":false},"author":16,"featured_media":28428,"comment_status":"closed","ping_status":"closed","sticky":false,"template":"","format":"standard","meta":{"_acf_changed":false,"footnotes":"","_wp_rev_ctl_limit":""},"categories":[228],"tags":[15782,15783],"class_list":["post-30709","post","type-post","status-publish","format-standard","has-post-thumbnail","hentry","category-noticias","tag-concurso-prefeitura-da-praia-grande","tag-praia-grande-cuidador-social"],"acf":[],"_links":{"self":[{"href":"https:\/\/www.novaconcursos.com.br\/portal\/wp-json\/wp\/v2\/posts\/30709","targetHints":{"allow":["GET"]}}],"collection":[{"href":"https:\/\/www.novaconcursos.com.br\/portal\/wp-json\/wp\/v2\/posts"}],"about":[{"href":"https:\/\/www.novaconcursos.com.br\/portal\/wp-json\/wp\/v2\/types\/post"}],"author":[{"embeddable":true,"href":"https:\/\/www.novaconcursos.com.br\/portal\/wp-json\/wp\/v2\/users\/16"}],"replies":[{"embeddable":true,"href":"https:\/\/www.novaconcursos.com.br\/portal\/wp-json\/wp\/v2\/comments?post=30709"}],"version-history":[{"count":6,"href":"https:\/\/www.novaconcursos.com.br\/portal\/wp-json\/wp\/v2\/posts\/30709\/revisions"}],"predecessor-version":[{"id":274088,"href":"https:\/\/www.novaconcursos.com.br\/portal\/wp-json\/wp\/v2\/posts\/30709\/revisions\/274088"}],"wp:featuredmedia":[{"embeddable":true,"href":"https:\/\/www.novaconcursos.com.br\/portal\/wp-json\/wp\/v2\/media\/28428"}],"wp:attachment":[{"href":"https:\/\/www.novaconcursos.com.br\/portal\/wp-json\/wp\/v2\/media?parent=30709"}],"wp:term":[{"taxonomy":"category","embeddable":true,"href":"https:\/\/www.novaconcursos.com.br\/portal\/wp-json\/wp\/v2\/categories?post=30709"},{"taxonomy":"post_tag","embeddable":true,"href":"https:\/\/www.novaconcursos.com.br\/portal\/wp-json\/wp\/v2\/tags?post=30709"}],"curies":[{"name":"wp","href":"https:\/\/api.w.org\/{rel}","templated":true}]}}