{"id":307718,"date":"2026-04-24T12:18:12","date_gmt":"2026-04-24T15:18:12","guid":{"rendered":"https:\/\/www.novaconcursos.com.br\/portal\/?p=307718"},"modified":"2026-04-24T12:18:20","modified_gmt":"2026-04-24T15:18:20","slug":"camara-de-presidente-prudente-sp","status":"publish","type":"post","link":"https:\/\/www.novaconcursos.com.br\/portal\/concursos\/camara-de-presidente-prudente-sp\/","title":{"rendered":"Concurso C\u00e2mara de Presidente Prudente: Inscri\u00e7\u00f5es abertas! Iniciais de R$22mil!"},"content":{"rendered":"<p>O <strong>concurso C\u00e2mara de Presidente Prudente SP<\/strong> teve edital publicado e oferta oportunidades para o provimento de <strong>4 vagas imediatas<\/strong>, al\u00e9m de forma\u00e7\u00e3o de cadastro reserva. As chances s\u00e3o destinadas a candidatos de n\u00edveis m\u00e9dio e superior, contemplando cargos nas \u00e1reas administrativa, cont\u00e1bil e de controle interno, com atua\u00e7\u00e3o no legislativo municipal. Os sal\u00e1rios iniciais s\u00e3o bastante atrativos, variando entre <strong>R$ 5,3 mil e R$ 22 mil<\/strong>, conforme o cargo pretendido. <\/p>\n\n\n\n    <div class=\"nova-resumo-edital\">\n        <h2 class=\"nova-resumo-edital-title\" id=\"resumo-edital\">Resumo Edital<\/h2>\n        <ul class=\"nova-resumo-edital-list nova-menu\"><li>\n                <img decoding=\"async\" width=\"24\" height=\"24\" loading=\"lazy\" src=\"https:\/\/www.novaconcursos.com.br\/portal\/wp-content\/themes\/nova-theme\/includes\/assets\/img\/person.svg\" aria-hidden=\"true\" alt=\"\u00edcone pessoa\" title=\"\"><span>\n                    <b>Vagas: <\/b> 4 + CR\n                <\/span>\n            <\/li>\n            <li>\n                <img decoding=\"async\" width=\"24\" height=\"24\" loading=\"lazy\" src=\"https:\/\/www.novaconcursos.com.br\/portal\/wp-content\/themes\/nova-theme\/includes\/assets\/img\/inscricoes.svg\" aria-hidden=\"true\" alt=\"\u00edcone pessoa\" title=\"\"><span>\n                    <b>Per\u00edodo de inscri\u00e7\u00f5es: <\/b> 22\/04\/2026 a 21\/05\/2026\n                <\/span>\n            <\/li>\n            <li>\n                <img decoding=\"async\" width=\"24\" height=\"24\" loading=\"lazy\" src=\"https:\/\/www.novaconcursos.com.br\/portal\/wp-content\/themes\/nova-theme\/includes\/assets\/img\/taxa-inscricao.svg\" aria-hidden=\"true\" alt=\"\u00edcone pessoa\" title=\"\"><span>\n                    <b>Taxa de inscri\u00e7\u00e3o: <\/b> R$100,00 a R$150,00\n                <\/span>\n            <\/li>\n            <li>\n                <img decoding=\"async\" width=\"24\" height=\"24\" loading=\"lazy\" src=\"https:\/\/www.novaconcursos.com.br\/portal\/wp-content\/themes\/nova-theme\/includes\/assets\/img\/prova.svg\" aria-hidden=\"true\" alt=\"\u00edcone pessoa\" title=\"\"><span>\n                    <b>Prova: <\/b> 12\/07\/2026\n                <\/span>\n            <\/li>\n            <li>\n                <img decoding=\"async\" width=\"24\" height=\"24\" loading=\"lazy\" src=\"https:\/\/www.novaconcursos.com.br\/portal\/wp-content\/themes\/nova-theme\/includes\/assets\/img\/banca.svg\" aria-hidden=\"true\" alt=\"\u00edcone pessoa\" title=\"\"><span>\n                    <b>Banca: <\/b> FCC\n                <\/span>\n            <\/li>\n        <\/ul><div class=\"nova-resumo-edital-baixar\">\n            <a href=\"https:\/\/www.novaconcursos.com.br\/portal\/wp-content\/uploads\/2026\/04\/cmprp126_edital_de_abertura_de_inscricoes.pdf\" rel=\"noopener\">\n                Baixe aqui o edital\n            <\/a>\n        <\/div>\n    <\/div>\n\n\n\n<p>As <strong>inscri\u00e7\u00f5es do concurso C\u00e2mara de Presidente Prudente<\/strong> estar\u00e3o abertas a partir do dia <strong>22 de abril de 2026<\/strong> e seguem at\u00e9 <strong>21 de maio de 2026<\/strong>, por meio do site da banca organizadora, a Funda\u00e7\u00e3o Carlos Chagas (FCC).  As provas j\u00e1 est\u00e3o <strong>marcadas para o dia 12 de julho de 2026<\/strong>, sendo esta a principal etapa de sele\u00e7\u00e3o do concurso. Siga comigo e confira todos os detalhes do concurso C\u00e2mara de Presidente Prudente!<\/p>\n\n\n\n<h2 class=\"wp-block-heading\" id=\"cronograma-do-concurso-cmara-de-presidente-prudente\">Cronograma do concurso C\u00e2mara de Presidente Prudente<\/h2>\n\n\n\n<p>Confira o cronograma do concurso C\u00e2mara de Presidente Prudente com as principais datas:<\/p>\n\n\n\n<ul class=\"wp-block-list\"><li>Per\u00edodo de inscri\u00e7\u00f5es: <strong>22 de abril de 2026 a 21 de maio de 2026<\/strong><\/li>\n\n\n\n<li>Solicita\u00e7\u00e3o de isen\u00e7\u00e3o da taxa: <strong>22 de abril a 26 de abril de 2026<\/strong><\/li>\n\n\n\n<li>\u00daltimo dia para pagamento do boleto: <strong>22 de maio de 2026<\/strong><\/li>\n\n\n\n<li>Aplica\u00e7\u00e3o das provas objetivas e discursiva: <strong>12 de julho de 2026<\/strong><\/li>\n<\/ul><h2 class=\"wp-block-heading\" id=\"como-se-inscrever-no-concurso-cmara-de-presidente-prudente\">Como se inscrever no concurso C\u00e2mara de Presidente Prudente?<\/h2>\n\n\n\n<p>As inscri\u00e7\u00f5es do concurso C\u00e2mara de Presidente Prudente devem ser realizadas exclusivamente pela internet, no per\u00edodo de <strong>22 de abril de 2026 (a partir das 10h) at\u00e9 21 de maio de 2026 (\u00e0s 23h59)<\/strong>, por meio do site da banca organizadora, a Funda\u00e7\u00e3o Carlos Chagas, no endere\u00e7o eletr\u00f4nico <strong><a href=\"http:\/\/www.concursosfcc.com.br\" target=\"_blank\" rel=\"noreferrer noopener\">www.concursosfcc.com.br<\/a><\/strong><\/p>\n\n\n\n<p>Para se inscrever, o candidato deve acessar o site da FCC, preencher o formul\u00e1rio com os dados solicitados, anexar uma foto recente conforme as exig\u00eancias do sistema, selecionar o cargo desejado e, ao final, gerar o boleto banc\u00e1rio para pagamento da taxa de inscri\u00e7\u00e3o. Ap\u00f3s a quita\u00e7\u00e3o, a inscri\u00e7\u00e3o ser\u00e1 confirmada.<\/p>\n\n\n\n<p>O valor da taxa de inscri\u00e7\u00e3o \u00e9 de <strong>R$ 100,00 para cargos de n\u00edvel m\u00e9dio<\/strong> e <strong>R$ 150,00 para n\u00edvel superior<\/strong>, e o pagamento deve ser efetuado at\u00e9 o dia <strong>22 de maio de 2026<\/strong>, respeitando o hor\u00e1rio banc\u00e1rio<\/p>\n\n\n\n<h3 class=\"wp-block-heading\">Isen\u00e7\u00e3o da taxa de inscri\u00e7\u00e3o<\/h3>\n\n\n\n<p>O per\u00edodo para solicita\u00e7\u00e3o de isen\u00e7\u00e3o da taxa ser\u00e1 de <strong>22 de abril a 26 de abril de 2026<\/strong>, tamb\u00e9m pelo site da FCC<\/p>\n\n\n\n<p>Podem solicitar a isen\u00e7\u00e3o candidatos que se enquadram em crit\u00e9rios previstos em lei municipal, como:<\/p>\n\n\n\n<ul class=\"wp-block-list\"><li>Doadores de sangue;<\/li>\n\n\n\n<li>Doadores de \u00f3rg\u00e3os e tecidos;<\/li>\n\n\n\n<li>Doadoras de leite materno;<\/li>\n\n\n\n<li>Pessoas transplantadas ou doadoras de rim;<\/li>\n\n\n\n<li>Eleitores convocados pela Justi\u00e7a Eleitoral;<\/li>\n\n\n\n<li>Candidatos desempregados;<\/li>\n\n\n\n<li>Inscritos no Cad\u00danico.<\/li>\n<\/ul><h2 class=\"wp-block-heading\" id=\"cargos-vagas-e-salrios-do-concurso-cmara-de-presidente-prude\">Cargos, vagas e sal\u00e1rios do concurso C\u00e2mara de Presidente Prudente<\/h2>\n\n\n\n<p>O concurso C\u00e2mara de Presidente Prudente oferta <strong>4 vagas imediatas<\/strong>, al\u00e9m de cadastro reserva, distribu\u00eddas entre cargos de n\u00edveis m\u00e9dio e superior. Os sal\u00e1rios s\u00e3o considerados atrativos, variando de <strong>R$ 5.311,00 a R$ 22.010,63<\/strong>, conforme a fun\u00e7\u00e3o exercida<\/p>\n\n\n\n<p><strong>N\u00edvel m\u00e9dio<\/strong><\/p>\n\n\n\n<ul class=\"wp-block-list\"><li>Assistente Legislativo de Contabilidade: 1 vaga \u2014 R$ 5.311,00<\/li>\n\n\n\n<li>T\u00e9cnico Legislativo: 2 vagas \u2014 R$ 5.940,53<\/li>\n<\/ul><p><strong>N\u00edvel superior<\/strong><\/p>\n\n\n\n<ul class=\"wp-block-list\"><li>Controlador Interno: 1 vaga \u2014 R$ 22.010,63<\/li>\n<\/ul><p>Os cargos possuem jornada de trabalho de aproximadamente 40 horas semanais e seguem regime estatut\u00e1rio, garantindo estabilidade ao servidor ap\u00f3s a aprova\u00e7\u00e3o no est\u00e1gio probat\u00f3rio<\/p>\n\n\n\n<p>A sele\u00e7\u00e3o contempla \u00e1reas administrativa, cont\u00e1bil e de controle interno, sendo uma oportunidade para candidatos com diferentes n\u00edveis de escolaridade que buscam ingressar no servi\u00e7o p\u00fablico municipal.<\/p>\n\n\n\n<h2 class=\"wp-block-heading\" id=\"requisitos-do-concurso-cmara-de-presidente-prudente\">Requisitos do concurso C\u00e2mara de Presidente Prudente<\/h2>\n\n\n\n<p>Para tomar posse em um dos cargos do concurso C\u00e2mara de Presidente Prudente, o candidato dever\u00e1 atender aos seguintes requisitos:<\/p>\n\n\n\n<ul class=\"wp-block-list\"><li>Ser brasileiro nato, naturalizado ou portugu\u00eas com direitos equivalentes;<\/li>\n\n\n\n<li>Ter idade m\u00ednima de 18 anos;<\/li>\n\n\n\n<li>Estar em pleno gozo dos direitos pol\u00edticos;<\/li>\n\n\n\n<li>Estar quite com as obriga\u00e7\u00f5es eleitorais;<\/li>\n\n\n\n<li>Estar em dia com o servi\u00e7o militar (para candidatos do sexo masculino);<\/li>\n\n\n\n<li>Apresentar certid\u00f5es negativas de antecedentes criminais;<\/li>\n\n\n\n<li>Possuir a escolaridade e os requisitos exigidos para o cargo pretendido;<\/li>\n\n\n\n<li>Apresentar os documentos exigidos no edital no momento da posse;<\/li>\n\n\n\n<li>Ter aptid\u00e3o f\u00edsica e mental para o exerc\u00edcio das fun\u00e7\u00f5es;<\/li>\n\n\n\n<li>Cumprir demais exig\u00eancias previstas no edital.<\/li>\n<\/ul><p>O n\u00e3o atendimento a qualquer um desses requisitos no momento da posse impedir\u00e1 a nomea\u00e7\u00e3o do candidato aprovado.<\/p>\n\n\n\n<h2 class=\"wp-block-heading\" id=\"etapas-e-provas-do-concurso-cmara-de-presidente-prudente\">Etapas e provas do concurso C\u00e2mara de Presidente Prudente<\/h2>\n\n\n\n<p>O concurso<strong> C\u00e2mara de Presidente Prudente <\/strong>ser\u00e1 composto por etapas de avalia\u00e7\u00e3o de car\u00e1ter eliminat\u00f3rio e classificat\u00f3rio. A principal fase do certame ser\u00e1 a aplica\u00e7\u00e3o das provas, prevista para o dia <strong>12 de julho de 2026<\/strong>, no per\u00edodo da manh\u00e3, para todos os cargos<\/p>\n\n\n\n<p>A sele\u00e7\u00e3o ser\u00e1 composta por at\u00e9 <strong>duas etapas<\/strong>, conforme o cargo pretendido, sendo prova objetiva para todos os candidatos e prova discursiva apenas para o cargo de n\u00edvel superior.<\/p>\n\n\n\n<h3 class=\"wp-block-heading\">Prova objetiva<\/h3>\n\n\n\n<p>A prova objetiva ser\u00e1 aplicada para todos os cargos e ser\u00e1 composta por <strong>60 quest\u00f5es de m\u00faltipla escolha<\/strong>, distribu\u00eddas da seguinte forma:<\/p>\n\n\n\n<ul class=\"wp-block-list\"><li>20 quest\u00f5es de conhecimentos gerais<\/li>\n\n\n\n<li>40 quest\u00f5es de conhecimentos espec\u00edficos<\/li>\n<\/ul><p>Cada quest\u00e3o contar\u00e1 com cinco alternativas e apenas uma correta. A prova ter\u00e1 dura\u00e7\u00e3o de <strong>3 horas<\/strong> para n\u00edvel m\u00e9dio e <strong>4h30<\/strong> para o cargo de Controlador Interno, que tamb\u00e9m realiza discursiva<\/p>\n\n\n\n<p><strong>Crit\u00e9rios de aprova\u00e7\u00e3o:<\/strong><br>Ser\u00e1 considerado aprovado o candidato que obtiver <strong>pontua\u00e7\u00e3o igual ou superior a 150 pontos<\/strong> no somat\u00f3rio das notas padronizadas das provas de conhecimentos gerais e espec\u00edficos<\/p>\n\n\n\n<h3 class=\"wp-block-heading\">Prova discursiva (Controlador Interno)<\/h3>\n\n\n\n<p>A prova discursiva ser\u00e1 aplicada apenas para o cargo de <strong>Controlador Interno<\/strong>, no mesmo dia da prova objetiva. Essa etapa consistir\u00e1 em um <strong>estudo de caso<\/strong>, com uma quest\u00e3o pr\u00e1tica relacionada aos conhecimentos espec\u00edficos do cargo<\/p>\n\n\n\n<p>A avalia\u00e7\u00e3o ter\u00e1 pontua\u00e7\u00e3o de <strong>0 a 100 pontos<\/strong> e analisar\u00e1 dom\u00ednio do conte\u00fado, capacidade de argumenta\u00e7\u00e3o e adequa\u00e7\u00e3o t\u00e9cnica do candidato.<\/p>\n\n\n\n<p><strong>Crit\u00e9rios de aprova\u00e7\u00e3o:<\/strong><br>Ser\u00e1 considerado aprovado o candidato que obtiver <strong>nota m\u00ednima de 50 pontos<\/strong> na prova discursiva<\/p>\n\n\n\n<p>Apenas ter\u00e3o a prova discursiva corrigida os candidatos habilitados na prova objetiva dentro do limite de classifica\u00e7\u00e3o estabelecido no edital.<\/p>\n\n\n\n<h2 class=\"wp-block-heading\" id=\"o-que-cai-na-prova-do-concurso-cmara-de-presidente-prudente\">O que cai na prova do concurso C\u00e2mara de Presidente Prudente<\/h2>\n\n\n\n<p>O conte\u00fado program\u00e1tico do concurso C\u00e2mara de Presidente Prudente varia conforme o cargo, mas h\u00e1 disciplinas comuns e espec\u00edficas que devem ser estudadas com aten\u00e7\u00e3o. A seguir, confira os principais conte\u00fados cobrados:<\/p>\n\n\n\n<h3 class=\"wp-block-heading\">L\u00edngua Portuguesa<\/h3>\n\n\n\n<ul class=\"wp-block-list\"><li>Reda\u00e7\u00e3o oficial<\/li>\n\n\n\n<li>Ortografia e acentua\u00e7\u00e3o<\/li>\n\n\n\n<li>Emprego da crase<\/li>\n\n\n\n<li>Interpreta\u00e7\u00e3o de textos de diferentes g\u00eaneros<\/li>\n\n\n\n<li>Denota\u00e7\u00e3o e conota\u00e7\u00e3o<\/li>\n\n\n\n<li>Discurso direto, indireto e indireto livre<\/li>\n\n\n\n<li>Intertextualidade<\/li>\n\n\n\n<li>Figuras de linguagem<\/li>\n\n\n\n<li>Morfossintaxe<\/li>\n\n\n\n<li>Forma\u00e7\u00e3o de palavras<\/li>\n\n\n\n<li>Sinon\u00edmia e anton\u00edmia<\/li>\n\n\n\n<li>Pontua\u00e7\u00e3o<\/li>\n\n\n\n<li>Pronomes<\/li>\n\n\n\n<li>Concord\u00e2ncia nominal e verbal<\/li>\n\n\n\n<li>Reg\u00eancia nominal e verbal<\/li>\n\n\n\n<li>Coordena\u00e7\u00e3o e subordina\u00e7\u00e3o<\/li>\n\n\n\n<li>Conectivos<\/li>\n\n\n\n<li>Estrutura\u00e7\u00e3o e reescrita de frases<\/li>\n<\/ul><h3 class=\"wp-block-heading\">Matem\u00e1tica e Racioc\u00ednio L\u00f3gico<\/h3>\n\n\n\n<ul class=\"wp-block-list\"><li>Opera\u00e7\u00f5es com n\u00fameros inteiros e racionais<\/li>\n\n\n\n<li>Express\u00f5es num\u00e9ricas<\/li>\n\n\n\n<li>M\u00faltiplos e divisores<\/li>\n\n\n\n<li>Fra\u00e7\u00f5es e opera\u00e7\u00f5es<\/li>\n\n\n\n<li>Raz\u00f5es e propor\u00e7\u00f5es<\/li>\n\n\n\n<li>Regra de tr\u00eas simples<\/li>\n\n\n\n<li>Porcentagem<\/li>\n\n\n\n<li>Problemas envolvendo acr\u00e9scimos e descontos<\/li>\n\n\n\n<li>Racioc\u00ednio l\u00f3gico verbal e matem\u00e1tico<\/li>\n\n\n\n<li>Sequ\u00eancias l\u00f3gicas<\/li>\n\n\n\n<li>Orienta\u00e7\u00e3o espacial e temporal<\/li>\n\n\n\n<li>Forma\u00e7\u00e3o de conceitos<\/li>\n\n\n\n<li>Estrutura l\u00f3gica e dedu\u00e7\u00e3o de informa\u00e7\u00f5es<\/li>\n\n\n\n<li>An\u00e1lise de situa\u00e7\u00f5es-problema<\/li>\n<\/ul><h3 class=\"wp-block-heading\">No\u00e7\u00f5es de Direito Constitucional<\/h3>\n\n\n\n<ul class=\"wp-block-list\"><li>Aplicabilidade das normas constitucionais<\/li>\n\n\n\n<li>Princ\u00edpios fundamentais<\/li>\n\n\n\n<li>Direitos e garantias fundamentais<\/li>\n\n\n\n<li>Direitos sociais, pol\u00edticos e de nacionalidade<\/li>\n\n\n\n<li>Organiza\u00e7\u00e3o do Estado (Uni\u00e3o, Estados e Munic\u00edpios)<\/li>\n\n\n\n<li>Administra\u00e7\u00e3o P\u00fablica<\/li>\n\n\n\n<li>Organiza\u00e7\u00e3o dos Poderes<\/li>\n\n\n\n<li>Poder Legislativo, Executivo e Judici\u00e1rio<\/li>\n\n\n\n<li>Processo legislativo<\/li>\n\n\n\n<li>Fiscaliza\u00e7\u00e3o cont\u00e1bil e or\u00e7ament\u00e1ria<\/li>\n\n\n\n<li>Fun\u00e7\u00f5es essenciais \u00e0 Justi\u00e7a<\/li>\n<\/ul><h3 class=\"wp-block-heading\">No\u00e7\u00f5es de Direito Administrativo<\/h3>\n\n\n\n<ul class=\"wp-block-list\"><li>Administra\u00e7\u00e3o p\u00fablica e regime jur\u00eddico<\/li>\n\n\n\n<li>Princ\u00edpios administrativos<\/li>\n\n\n\n<li>Lei de Introdu\u00e7\u00e3o \u00e0s Normas do Direito Brasileiro<\/li>\n\n\n\n<li>Poderes da Administra\u00e7\u00e3o<\/li>\n\n\n\n<li>Ato administrativo (conceito, elementos, validade)<\/li>\n\n\n\n<li>Classifica\u00e7\u00e3o e extin\u00e7\u00e3o dos atos administrativos<\/li>\n\n\n\n<li>Processo administrativo (Lei n\u00ba 9.784\/1999)<\/li>\n\n\n\n<li>Controle da Administra\u00e7\u00e3o P\u00fablica<\/li>\n\n\n\n<li>Lei de Improbidade Administrativa<\/li>\n\n\n\n<li>Licita\u00e7\u00f5es e contratos (Lei n\u00ba 14.133\/2021)<\/li>\n\n\n\n<li>Lei de acesso \u00e0 informa\u00e7\u00e3o<\/li>\n\n\n\n<li>Abuso de autoridade<\/li>\n<\/ul><h3 class=\"wp-block-heading\">Administra\u00e7\u00e3o P\u00fablica<\/h3>\n\n\n\n<ul class=\"wp-block-list\"><li>Estrutura organizacional<\/li>\n\n\n\n<li>Planejamento, dire\u00e7\u00e3o e controle<\/li>\n\n\n\n<li>Comunica\u00e7\u00e3o e coordena\u00e7\u00e3o<\/li>\n\n\n\n<li>Gest\u00e3o da qualidade no servi\u00e7o p\u00fablico<\/li>\n\n\n\n<li>Simplifica\u00e7\u00e3o de processos (Decreto n\u00ba 9.094\/2017)<\/li>\n\n\n\n<li>Planejamento estrat\u00e9gico (BSC)<\/li>\n\n\n\n<li>Gest\u00e3o de projetos e processos<\/li>\n\n\n\n<li>Indicadores de desempenho<\/li>\n\n\n\n<li>Governan\u00e7a e transpar\u00eancia<\/li>\n\n\n\n<li>Gest\u00e3o por compet\u00eancias<\/li>\n\n\n\n<li>Processo decis\u00f3rio<\/li>\n\n\n\n<li>Administra\u00e7\u00e3o gerencial<\/li>\n<\/ul><h3 class=\"wp-block-heading\">Administra\u00e7\u00e3o Financeira e Or\u00e7ament\u00e1ria<\/h3>\n\n\n\n<ul class=\"wp-block-list\"><li>Or\u00e7amento p\u00fablico e princ\u00edpios<\/li>\n\n\n\n<li>Ciclo or\u00e7ament\u00e1rio<\/li>\n\n\n\n<li>Plano Plurianual (PPA)<\/li>\n\n\n\n<li>Lei de Diretrizes Or\u00e7ament\u00e1rias (LDO)<\/li>\n\n\n\n<li>Lei Or\u00e7ament\u00e1ria Anual (LOA)<\/li>\n\n\n\n<li>Receita e despesa p\u00fablica<\/li>\n\n\n\n<li>Classifica\u00e7\u00f5es or\u00e7ament\u00e1rias<\/li>\n\n\n\n<li>Restos a pagar<\/li>\n\n\n\n<li>Cr\u00e9ditos adicionais<\/li>\n\n\n\n<li>Lei de Responsabilidade Fiscal<\/li>\n\n\n\n<li>Constitui\u00e7\u00e3o Federal (arts. 165 a 169)<\/li>\n\n\n\n<li>MCASP (procedimentos cont\u00e1beis)<\/li>\n<\/ul><h3 class=\"wp-block-heading\">Contabilidade P\u00fablica e Geral<\/h3>\n\n\n\n<ul class=\"wp-block-list\"><li>Normas Brasileiras de Contabilidade aplicadas ao setor p\u00fablico<\/li>\n\n\n\n<li>Estrutura conceitual da contabilidade<\/li>\n\n\n\n<li>Plano de contas aplicado ao setor p\u00fablico<\/li>\n\n\n\n<li>Demonstra\u00e7\u00f5es cont\u00e1beis<\/li>\n\n\n\n<li>Receitas e despesas p\u00fablicas<\/li>\n\n\n\n<li>Ativo, passivo e patrim\u00f4nio l\u00edquido<\/li>\n\n\n\n<li>Estoques e imobilizado<\/li>\n\n\n\n<li>Intang\u00edvel<\/li>\n\n\n\n<li>Provis\u00f5es e conting\u00eancias<\/li>\n\n\n\n<li>Redu\u00e7\u00e3o ao valor recuper\u00e1vel<\/li>\n\n\n\n<li>SPED cont\u00e1bil<\/li>\n\n\n\n<li>Presta\u00e7\u00e3o de contas ao Tribunal de Contas<\/li>\n<\/ul><h3 class=\"wp-block-heading\">Auditoria (para Controlador Interno)<\/h3>\n\n\n\n<ul class=\"wp-block-list\"><li>Conceito e tipos de auditoria<\/li>\n\n\n\n<li>Auditoria interna e externa<\/li>\n\n\n\n<li>Planejamento e execu\u00e7\u00e3o de auditoria<\/li>\n\n\n\n<li>Pap\u00e9is de trabalho<\/li>\n\n\n\n<li>T\u00e9cnicas de auditoria<\/li>\n\n\n\n<li>Evid\u00eancias e achados<\/li>\n\n\n\n<li>Relat\u00f3rios de auditoria<\/li>\n\n\n\n<li>Controle interno no setor p\u00fablico<\/li>\n\n\n\n<li>Auditoria em licita\u00e7\u00f5es e contratos<\/li>\n\n\n\n<li>Auditoria em despesas p\u00fablicas<\/li>\n\n\n\n<li>Fiscaliza\u00e7\u00e3o or\u00e7ament\u00e1ria e financeira<\/li>\n<\/ul><h2 class=\"wp-block-heading\" id=\"materiais-preparatrios-para-o-concurso-cau-sp\">Materiais preparat\u00f3rios para o concurso C\u00e2mara de Presidente Prudente\u00a0<\/h2>\n\n\n\n<p>A prepara\u00e7\u00e3o para o concurso C\u00e2mara de Presidente Prudente requer organiza\u00e7\u00e3o, regularidade nos estudos e utiliza\u00e7\u00e3o de materiais compat\u00edveis com o conte\u00fado previsto no edital. Contar com um material bem estruturado e atualizado \u00e9 um fator decisivo para acompanhar todas as etapas da prepara\u00e7\u00e3o com mais seguran\u00e7a.<\/p>\n\n\n\n<p>Nesse contexto, a\u00a0<a href=\"https:\/\/www.novaconcursos.com.br\/?promo_creative=Nova+Concursos&amp;promo_name=concurso&amp;promo_id=%2Fportal%2Fconcursos%2Fimasul&amp;promo_position=corpo-texto\">Nova Concursos<\/a>\u00a0elabora conte\u00fados voltados exclusivamente para concursos p\u00fablicos, desenvolvidos a partir dos temas mais recorrentes nas provas, com aten\u00e7\u00e3o \u00e0 atualiza\u00e7\u00e3o normativa, \u00e0 objetividade das explica\u00e7\u00f5es e \u00e0 did\u00e1tica adequada ao perfil do candidato.<\/p>\n\n\n\n<p>Com ampla atua\u00e7\u00e3o no segmento educacional voltado a concursos, a Nova Concursos j\u00e1 contribuiu para a aprova\u00e7\u00e3o de mais de 100 mil candidatos em sele\u00e7\u00f5es realizadas em diferentes regi\u00f5es do pa\u00eds, oferecendo cursos e apostilas produzidos por docentes com experi\u00eancia na \u00e1rea.<\/p>\n\n\n\n<h3 class=\"wp-block-heading\">Cursos Online<\/h3>\n\n\n\n<p>O\u00a0<a href=\"https:\/\/www.novaconcursos.com.br\/concurso\/camara-municipal-de-presidente-prudente-sp\/cursos-online\">curso preparat\u00f3rio para o concurso C\u00e2mara de Presidente Prudente<\/a>\u00a0foi desenvolvido com base no edital mais recente e re\u00fane aulas atualizadas, organizadas por disciplinas e conte\u00fados na mesma sequ\u00eancia do programa oficial. Com formato 100% on-line, o curso oferece videoaulas de alta qualidade, acesso ilimitado por um ano e recursos que permitem otimizar o tempo de estudo. As aulas s\u00e3o ministradas por professores especializados em concursos p\u00fablicos, garantindo uma prepara\u00e7\u00e3o estruturada, flex\u00edvel e alinhada \u00e0s exig\u00eancias do certame.<\/p>\n\n\n\n<h2 class=\"wp-block-heading\" id=\"ltimo-concurso-cmara-de-presidente-prudente\">\u00daltimo concurso C\u00e2mara de Presidente Prudente<\/h2>\n\n\n\n<p>Antes do edital atual de 2026, o \u00faltimo concurso C\u00e2mara de Presidente Prudente ocorreu em <strong>2015<\/strong>, ap\u00f3s um longo per\u00edodo sem novas sele\u00e7\u00f5es. Na ocasi\u00e3o, o certame foi organizado pela banca <strong>GL Consultoria<\/strong> e ofertou um n\u00famero reduzido de oportunidades, com foco em cargos essenciais do Legislativo municipal.<\/p>\n\n\n\n<p>O edital de 2015 disponibilizou <strong>2 vagas imediatas<\/strong>, sendo para os cargos de <strong>Controlador Interno (n\u00edvel superior)<\/strong> e <strong>Auxiliar de Reprografia (n\u00edvel m\u00e9dio)<\/strong>. As oportunidades contemplavam \u00e1reas administrativa e de controle, com exig\u00eancia de escolaridade compat\u00edvel com cada fun\u00e7\u00e3o.<\/p>\n\n\n\n<p>A sele\u00e7\u00e3o seguiu o modelo tradicional de concursos municipais, com avalia\u00e7\u00e3o por meio de prova objetiva, cobrando conte\u00fados b\u00e1sicos e espec\u00edficos conforme o cargo. O concurso teve resultado final previsto para 2016 e marcou o \u00faltimo certame antes do novo edital de 2026, evidenciando um intervalo de aproximadamente <strong>11 anos sem novas sele\u00e7\u00f5es<\/strong> para a C\u00e2mara Municipal.<\/p>\n\n\n\n<p>Esse hist\u00f3rico mostra que o concurso atual representa uma oportunidade rara, j\u00e1 que o \u00f3rg\u00e3o n\u00e3o costuma realizar sele\u00e7\u00f5es com frequ\u00eancia.<\/p>","protected":false},"excerpt":{"rendered":"<p>O concurso C\u00e2mara de Presidente Prudente est\u00e1 com edital publicado e oferta 4 vagas imediatas mais cadastro de reserva para os cargos de Assistente e T\u00e9cnico Legislativo e Controlador!<\/p>\n","protected":false},"author":54701,"featured_media":307735,"comment_status":"closed","ping_status":"closed","sticky":false,"template":"","format":"standard","meta":{"_acf_changed":false,"footnotes":"","_wp_rev_ctl_limit":""},"categories":[44999,44996,44949],"tags":[45779],"class_list":["post-307718","post","type-post","status-publish","format-standard","has-post-thumbnail","hentry","category-concursos","category-carreira-legislativa","category-sp","tag-concurso-camara-de-presidente-prudente"],"acf":[],"_links":{"self":[{"href":"https:\/\/www.novaconcursos.com.br\/portal\/wp-json\/wp\/v2\/posts\/307718","targetHints":{"allow":["GET"]}}],"collection":[{"href":"https:\/\/www.novaconcursos.com.br\/portal\/wp-json\/wp\/v2\/posts"}],"about":[{"href":"https:\/\/www.novaconcursos.com.br\/portal\/wp-json\/wp\/v2\/types\/post"}],"author":[{"embeddable":true,"href":"https:\/\/www.novaconcursos.com.br\/portal\/wp-json\/wp\/v2\/users\/54701"}],"replies":[{"embeddable":true,"href":"https:\/\/www.novaconcursos.com.br\/portal\/wp-json\/wp\/v2\/comments?post=307718"}],"version-history":[{"count":5,"href":"https:\/\/www.novaconcursos.com.br\/portal\/wp-json\/wp\/v2\/posts\/307718\/revisions"}],"predecessor-version":[{"id":307736,"href":"https:\/\/www.novaconcursos.com.br\/portal\/wp-json\/wp\/v2\/posts\/307718\/revisions\/307736"}],"wp:featuredmedia":[{"embeddable":true,"href":"https:\/\/www.novaconcursos.com.br\/portal\/wp-json\/wp\/v2\/media\/307735"}],"wp:attachment":[{"href":"https:\/\/www.novaconcursos.com.br\/portal\/wp-json\/wp\/v2\/media?parent=307718"}],"wp:term":[{"taxonomy":"category","embeddable":true,"href":"https:\/\/www.novaconcursos.com.br\/portal\/wp-json\/wp\/v2\/categories?post=307718"},{"taxonomy":"post_tag","embeddable":true,"href":"https:\/\/www.novaconcursos.com.br\/portal\/wp-json\/wp\/v2\/tags?post=307718"}],"curies":[{"name":"wp","href":"https:\/\/api.w.org\/{rel}","templated":true}]}}