{"id":307778,"date":"2026-04-27T09:31:01","date_gmt":"2026-04-27T12:31:01","guid":{"rendered":"https:\/\/www.novaconcursos.com.br\/portal\/?p=307778"},"modified":"2026-04-27T09:31:44","modified_gmt":"2026-04-27T12:31:44","slug":"concurso-sedes-df-lotacao","status":"publish","type":"post","link":"https:\/\/www.novaconcursos.com.br\/portal\/artigos\/concurso-sedes-df-lotacao\/","title":{"rendered":"Concurso Sedes DF: Qual ser\u00e1 a lota\u00e7\u00e3o dos aprovados?"},"content":{"rendered":"<p>O <strong>concurso Sedes DF<\/strong> <strong>(Secretaria de Desenvolvimento Social)<\/strong> j\u00e1 est\u00e1 confirmado e figura entre as sele\u00e7\u00f5es mais aguardadas no Distrito Federal, especialmente para candidatos interessados em atuar na \u00e1rea de <strong>desenvolvimento e assist\u00eancia social.<\/strong> O certame tem como objetivo o provimento de vagas para refor\u00e7ar o quadro de servidores da Secretaria de Desenvolvimento Social (Sedes DF), \u00f3rg\u00e3o respons\u00e1vel pela execu\u00e7\u00e3o de pol\u00edticas p\u00fablicas voltadas \u00e0 prote\u00e7\u00e3o social, atendimento a fam\u00edlias em situa\u00e7\u00e3o de vulnerabilidade e gest\u00e3o de programas sociais no DF.<\/p>\n\n\n\n<p>Com a banca <strong>Quadrix<\/strong> definida e o edital previsto para os pr\u00f3ximos meses, a sele\u00e7\u00e3o deve ofertar <strong>1.197 vagas<\/strong> para candidatos de <strong>n\u00edveis m\u00e9dio e superior,<\/strong> distribu\u00eddas entre tr\u00eas importantes \u00f3rg\u00e3os do Governo do Distrito Federal: a pr\u00f3pria <strong>Sedes DF, a Secretaria da Mulher (SMDF) e a Secretaria de Justi\u00e7a e Cidadania (Sejus DF). <\/strong>A expectativa \u00e9 de elevada concorr\u00eancia, impulsionada pela estabilidade da carreira p\u00fablica, pelos sal\u00e1rios iniciais atrativos e pela relev\u00e2ncia das atividades desempenhadas pelos servidores nessas \u00e1reas.<\/p>\n\n\n\n<p>Entre os pontos que mais geram d\u00favidas est\u00e1 justamente a <strong>lota\u00e7\u00e3o dos aprovados<\/strong>, al\u00e9m da possibilidade de influ\u00eancia das unidades de trabalho na rotina e na remunera\u00e7\u00e3o dos servidores. A seguir, confira como funciona a <strong>lota\u00e7\u00e3o no concurso Sedes DF<\/strong> e veja se esse fator pode impactar os ganhos e a escolha do cargo.<\/p>\n\n\n\n<p>Confira o Grupo de Estudos do concurso Sedes DF da Nova Concursos e turbine sua prepara\u00e7\u00e3o!<\/p>\n\n\n\n<div class=\"nova-continue-reading\">Confira: <a href=\"https:\/\/aprovacao.novaconcursos.com.br\/concurso-sedes-df-grupo-de-estudos-youtube?&amp;utm_source=youtube&amp;utm_medium=youtube&amp;utm_campaign=youtube-vd-video-01-04-26-sedesdf-cargo-cronograma-concurso-renato-desc\">Grupo de Estudos do Concurso Sedes DF 2026<\/a><\/div>\n\n\n\n<h2 class=\"wp-block-heading\" id=\"qual-ser-a-lotao-dos-aprovados-do-concurso-sedes-df\">Qual ser\u00e1 a lota\u00e7\u00e3o dos aprovados do concurso Sedes DF?<\/h2>\n\n\n\n<p>Apesar de ser conhecido como <strong>concurso <\/strong><a href=\"https:\/\/www.sedes.df.gov.br\/\" target=\"_blank\" rel=\"noreferrer noopener\"><strong>Sedes DF<\/strong>,<\/a> \u00e9 importante destacar que a lota\u00e7\u00e3o dos aprovados n\u00e3o se limita apenas \u00e0 Secretaria de Desenvolvimento Social. De acordo com a distribui\u00e7\u00e3o das vagas imediatas, os candidatos ser\u00e3o direcionados para tr\u00eas \u00f3rg\u00e3os do Governo do Distrito Federal:<\/p>\n\n\n\n<ul class=\"wp-block-list\"><li><strong>529 vagas<\/strong> para a Secretaria de Desenvolvimento Social (Sedes DF)<\/li>\n\n\n\n<li><strong>368 vagas<\/strong> para a Secretaria da Mulher (SMDF)<\/li>\n\n\n\n<li><strong>300 vagas<\/strong> para a Secretaria de Justi\u00e7a e Cidadania (Sejus DF)<\/li>\n<\/ul><p>Ou seja, a depender da classifica\u00e7\u00e3o e da necessidade da administra\u00e7\u00e3o p\u00fablica, o servidor poder\u00e1 atuar em diferentes estruturas e \u00e1reas de atendimento.<\/p>\n\n\n\n<p>Outro ponto essencial \u00e9 que a lota\u00e7\u00e3o est\u00e1 diretamente ligada ao <strong>grupo de atua\u00e7\u00e3o (Grupo I, II ou III)<\/strong> e \u00e0 <strong>jornada de trabalho (30h ou 40h semanais)<\/strong>. Esses fatores impactam n\u00e3o apenas o local de trabalho, mas tamb\u00e9m a remunera\u00e7\u00e3o inicial. Na pr\u00e1tica, isso significa que candidatos aprovados para o mesmo cargo podem ter sal\u00e1rios diferentes, conforme a unidade onde forem lotados.<\/p>\n\n\n\n<h3 class=\"wp-block-heading\">Grupo I \u2013 \u00c1rea Meio (atividades administrativas)<\/h3>\n\n\n\n<p>O <strong>Grupo I<\/strong> re\u00fane fun\u00e7\u00f5es administrativas e de supervis\u00e3o de servi\u00e7os. Veja onde os aprovados podem atuar:<\/p>\n\n\n\n<ul class=\"wp-block-list\"><li><strong>Sedes DF:<\/strong>\n<ul class=\"wp-block-list\"><li>Sede na Quadra 515 da Asa Norte;<\/li>\n\n\n\n<li>Unidades no Setor de Ind\u00fastria e Abastecimento (SIA);<\/li>\n\n\n\n<li>Setor de Garagens.<\/li>\n<\/ul><\/li>\n\n\n\n<li><strong>Sejus DF:<\/strong>\n<ul class=\"wp-block-list\"><li>Setor de Armazenagem e Abastecimento Norte (SAAN);<\/li>\n\n\n\n<li>Antiga Rodoferrovi\u00e1ria;<\/li>\n\n\n\n<li>8\u00ba andar do Anexo do Buriti.<\/li>\n<\/ul><\/li>\n\n\n\n<li><strong>SMDF:<\/strong>\n<ul class=\"wp-block-list\"><li>8\u00ba andar do Anexo do Buriti;<\/li>\n\n\n\n<li>Sede no Setor Banc\u00e1rio Norte.<\/li>\n<\/ul><\/li>\n<\/ul><h3 class=\"wp-block-heading\">Grupo II \u2013 Prote\u00e7\u00e3o Social B\u00e1sica e Especial (atendimento direto)<\/h3>\n\n\n\n<p>O <strong>Grupo II<\/strong> concentra os cargos com atua\u00e7\u00e3o direta nas pol\u00edticas p\u00fablicas e no atendimento \u00e0 popula\u00e7\u00e3o:<\/p>\n\n\n\n<ul class=\"wp-block-list\"><li><strong>Sedes DF:<\/strong>\n<ul class=\"wp-block-list\"><li>CRAS (Centros de Refer\u00eancia de Assist\u00eancia Social);<\/li>\n\n\n\n<li>CREAS (Centros de Refer\u00eancia Especializado);<\/li>\n\n\n\n<li>Cecons;<\/li>\n\n\n\n<li>Restaurantes Comunit\u00e1rios;<\/li>\n\n\n\n<li>Unidades distribu\u00eddas em praticamente todo o DF.<\/li>\n<\/ul><\/li>\n\n\n\n<li><strong>Sejus DF:<\/strong>\n<ul class=\"wp-block-list\"><li>N\u00facleos do programa Direito Delas:\n<ul class=\"wp-block-list\"><li>Ceil\u00e2ndia;<\/li>\n\n\n\n<li>Estrutural;<\/li>\n\n\n\n<li>Guar\u00e1;<\/li>\n\n\n\n<li>Itapo\u00e3;<\/li>\n\n\n\n<li>Parano\u00e1;<\/li>\n\n\n\n<li>Gama;<\/li>\n\n\n\n<li>S\u00e3o Sebasti\u00e3o;<\/li>\n\n\n\n<li>Planaltina;<\/li>\n\n\n\n<li>Plano Piloto;<\/li>\n\n\n\n<li>Recanto das Emas;<\/li>\n\n\n\n<li>Samambaia.<\/li>\n<\/ul><\/li>\n<\/ul><\/li>\n\n\n\n<li><strong>SMDF:<\/strong>\n<ul class=\"wp-block-list\"><li>CEAMs (Centros Especializados de Atendimento \u00e0 Mulher)<\/li>\n\n\n\n<li>Espa\u00e7o Acolher<\/li>\n\n\n\n<li>Unidades como:\n<ul class=\"wp-block-list\"><li>102 Sul<\/li>\n\n\n\n<li>Planaltina<\/li>\n\n\n\n<li>Casa da Mulher Brasileira<\/li>\n\n\n\n<li>Plano Piloto (CIOB)<\/li>\n<\/ul><\/li>\n<\/ul><\/li>\n<\/ul><h3 class=\"wp-block-heading\">Grupo III \u2013 M\u00e9dia e Alta Complexidade<\/h3>\n\n\n\n<p>O <strong>Grupo III<\/strong> envolve atividades mais especializadas e servi\u00e7os de maior complexidade:<\/p>\n\n\n\n<ul class=\"wp-block-list\"><li><strong>Sedes DF:<\/strong>\n<ul class=\"wp-block-list\"><li>Unidades de acolhimento;<\/li>\n\n\n\n<li>Centros POP;<\/li>\n\n\n\n<li>Servi\u00e7o funer\u00e1rio.<\/li>\n<\/ul><\/li>\n\n\n\n<li><strong>Sejus DF:<\/strong>\n<ul class=\"wp-block-list\"><li>Subed e Suaf (na Rodoferrovi\u00e1ria);<\/li>\n\n\n\n<li>Unidade 18 de Maio (Asa Sul).<\/li>\n<\/ul><\/li>\n\n\n\n<li><strong>SMDF:<\/strong>\n<ul class=\"wp-block-list\"><li>Casa Abrigo;<\/li>\n\n\n\n<li>Casa da Mulher Brasileira (Ceil\u00e2ndia).<\/li>\n<\/ul><\/li>\n<\/ul><h3 class=\"wp-block-heading\">A lota\u00e7\u00e3o influencia no sal\u00e1rio?<\/h3>\n\n\n\n<p>Sim. A lota\u00e7\u00e3o, junto com o grupo e a jornada de trabalho, impacta diretamente a remunera\u00e7\u00e3o.<\/p>\n\n\n\n<p>Considerando o cargo de <strong>T\u00e9cnico em Desenvolvimento e Assist\u00eancia Social (n\u00edvel m\u00e9dio)<\/strong> como exemplo, os valores iniciais s\u00e3o:<\/p>\n\n\n\n<p><strong>Jornada de 30 horas:<\/strong><\/p>\n\n\n\n<ul class=\"wp-block-list\"><li>Grupo I: R$ 6.117,41<\/li>\n\n\n\n<li>Grupo II: R$ 6.593,71<\/li>\n\n\n\n<li>Grupo III: R$ 6.831,86<\/li>\n<\/ul><p><strong>Jornada de 40 horas:<\/strong><\/p>\n\n\n\n<ul class=\"wp-block-list\"><li>Grupo I: R$ 7.943,23<\/li>\n\n\n\n<li>Grupo II: R$ 8.578,29<\/li>\n\n\n\n<li>Grupo III: R$ 8.895,82<\/li>\n<\/ul><p>Esses valores s\u00e3o iniciais e podem aumentar ao longo da carreira, com acr\u00e9scimos como:<\/p>\n\n\n\n<ul class=\"wp-block-list\"><li>Gratifica\u00e7\u00f5es<\/li>\n\n\n\n<li>Progress\u00e3o por tempo de servi\u00e7o<\/li>\n\n\n\n<li>Titula\u00e7\u00e3o<\/li>\n\n\n\n<li>Aux\u00edlio-alimenta\u00e7\u00e3o<\/li>\n<\/ul><p>Portanto, al\u00e9m de definir onde o servidor ir\u00e1 trabalhar, a lota\u00e7\u00e3o tamb\u00e9m tem impacto direto nos ganhos ao longo da carreira, sendo um fator importante a ser considerado pelos candidatos.<\/p>\n\n\n\n<p>Se voc\u00ea est\u00e1 esperando por essa sele\u00e7\u00e3o e segue firme nos estudos ou deseja otimizar a prepara\u00e7\u00e3o, o concurso Sedes DF tamb\u00e9m conta com <strong>curso 100% gratuito<\/strong>. Confira!<\/p>\n\n\n\n<div class=\"nova-continue-reading\">Confira: <a href=\"https:\/\/www.novaconcursos.com.br\/curso-online\/curso-gratis-sedes-df-tecnico-assistencia-social-tecnico-administrativo\">Curso Gr\u00e1tis Concurso Sedes DF 2026<\/a><\/div>\n\n\n\n<h2 class=\"wp-block-heading\" id=\"como-morar-em-braslia\">Como \u00e9 morar em Bras\u00edlia?<\/h2>\n\n\n\n<p>Se voc\u00ea tem interesse em ocupar uma vaga no <strong>concurso Sedes DF<\/strong> e planeja morar em Bras\u00edlia (DF), \u00e9 importante entender como \u00e9 a vida na capital federal antes de tomar essa decis\u00e3o. A cidade \u00e9 conhecida pela organiza\u00e7\u00e3o urbana, qualidade de vida e boas oportunidades no servi\u00e7o p\u00fablico, o que a torna um destino comum para servidores aprovados em concursos.<\/p>\n\n\n<div class=\"wp-block-image\">\n<figure class=\"aligncenter size-full is-resized\"><a href=\"https:\/\/www.novaconcursos.com.br\/portal\/wp-content\/uploads\/2026\/04\/brasilia-1.webp\"><img decoding=\"async\" width=\"600\" height=\"398\" src=\"https:\/\/www.novaconcursos.com.br\/portal\/wp-content\/uploads\/2026\/04\/brasilia-1.webp\" alt=\"concurso sedes df\" class=\"wp-image-307781\" style=\"width:840px;height:auto\" loading=\"lazy\" title=\"\" srcset=\"https:\/\/www.novaconcursos.com.br\/portal\/wp-content\/uploads\/2026\/04\/brasilia-1-300x199.webp 300w, https:\/\/www.novaconcursos.com.br\/portal\/wp-content\/uploads\/2026\/04\/brasilia-1-480x318.webp 480w, https:\/\/www.novaconcursos.com.br\/portal\/wp-content\/uploads\/2026\/04\/brasilia-1.webp 600w\" sizes=\"auto, (max-width: 480px) 100vw, (max-width: 768px) 100vw, (max-width: 1200px) 70vw, 768px\"><\/a><\/figure><\/div>\n\n\n<p>O custo de vida em Bras\u00edlia pode ser considerado <strong>alto em compara\u00e7\u00e3o com outras capitais<\/strong>, especialmente em regi\u00f5es mais centrais, como o Plano Piloto (Asa Norte e Asa Sul). Aluguel, alimenta\u00e7\u00e3o e transporte tendem a ter valores elevados, mas h\u00e1 alternativas mais acess\u00edveis em regi\u00f5es administrativas pr\u00f3ximas, como \u00c1guas Claras, Taguatinga e Ceil\u00e2ndia, que contam com boa infraestrutura e acesso ao transporte p\u00fablico. Para quem ser\u00e1 lotado em unidades descentralizadas, morar fora do centro pode ser, inclusive, uma escolha estrat\u00e9gica.<\/p>\n\n\n\n<p>Em rela\u00e7\u00e3o ao lazer, Bras\u00edlia oferece diversas op\u00e7\u00f5es ao ar livre, como parques, lagos e espa\u00e7os culturais. O <strong>Parque da Cidade<\/strong>, o <strong>Lago Parano\u00e1<\/strong> e a <strong>Esplanada dos Minist\u00e9rios<\/strong> s\u00e3o alguns dos pontos mais frequentados por moradores. Al\u00e9m disso, a cidade possui boa oferta de bares, restaurantes e eventos culturais, o que contribui para uma rotina equilibrada entre trabalho e vida pessoal.<\/p>\n\n\n\n<p>Outro ponto relevante \u00e9 a mobilidade. Bras\u00edlia foi planejada para o uso de carros, o que faz com que muitos moradores dependam de ve\u00edculo pr\u00f3prio no dia a dia. Ainda assim, o transporte p\u00fablico atende boa parte das regi\u00f5es, especialmente por meio de \u00f4nibus e metr\u00f4, embora possa apresentar limita\u00e7\u00f5es dependendo do trajeto e do hor\u00e1rio.<\/p>\n\n\n\n<p>De forma geral, morar em Bras\u00edlia pode ser uma experi\u00eancia positiva, especialmente para quem busca estabilidade e qualidade de vida no servi\u00e7o p\u00fablico. No entanto, \u00e9 fundamental considerar fatores como localiza\u00e7\u00e3o da lota\u00e7\u00e3o no concurso Sedes DF, custo de moradia e deslocamento di\u00e1rio, j\u00e1 que esses elementos impactam diretamente na rotina e no or\u00e7amento do servidor aprovado.<\/p>\n\n\n\n<p>Confira todos os detalhes sobre a nova sele\u00e7\u00e3o no <a href=\"https:\/\/www.novaconcursos.com.br\/portal\/concursos\/sedes-df\/\">guia completo do concurso Sedes DF 2026<\/a>! At\u00e9 mais!<\/p>\n\n\n\n<figure class=\"wp-block-embed is-type-video is-provider-youtube wp-block-embed-youtube wp-embed-aspect-16-9 wp-has-aspect-ratio\"><div class=\"wp-block-embed__wrapper\">\n<iframe loading=\"lazy\" title=\"Concurso SEDES DF 2026 | Lota\u00e7\u00f5es influenciam no sal\u00e1rio? An\u00e1lise Completa \ud83d\udd0d\" width=\"500\" height=\"281\" src=\"https:\/\/www.youtube.com\/embed\/sFp09TkNRK8?feature=oembed\" frameborder=\"0\" allow=\"accelerometer; autoplay; clipboard-write; encrypted-media; gyroscope; picture-in-picture; web-share\" referrerpolicy=\"strict-origin-when-cross-origin\" allowfullscreen><\/iframe>\n<\/div><\/figure>","protected":false},"excerpt":{"rendered":"<p>O concurso Sedes DF ter\u00e1 1.197 oportunidades para tr\u00eas institui\u00e7\u00f5es! Confira a lota\u00e7\u00e3o dos aprovados! <\/p>\n","protected":false},"author":54701,"featured_media":307784,"comment_status":"closed","ping_status":"closed","sticky":false,"template":"","format":"standard","meta":{"_acf_changed":false,"footnotes":"","_wp_rev_ctl_limit":""},"categories":[33508,44983,44939],"tags":[45477],"class_list":["post-307778","post","type-post","status-publish","format-standard","has-post-thumbnail","hentry","category-artigos","category-df","category-carreira-administrativa","tag-concurso-sedes-df"],"acf":[],"_links":{"self":[{"href":"https:\/\/www.novaconcursos.com.br\/portal\/wp-json\/wp\/v2\/posts\/307778","targetHints":{"allow":["GET"]}}],"collection":[{"href":"https:\/\/www.novaconcursos.com.br\/portal\/wp-json\/wp\/v2\/posts"}],"about":[{"href":"https:\/\/www.novaconcursos.com.br\/portal\/wp-json\/wp\/v2\/types\/post"}],"author":[{"embeddable":true,"href":"https:\/\/www.novaconcursos.com.br\/portal\/wp-json\/wp\/v2\/users\/54701"}],"replies":[{"embeddable":true,"href":"https:\/\/www.novaconcursos.com.br\/portal\/wp-json\/wp\/v2\/comments?post=307778"}],"version-history":[{"count":7,"href":"https:\/\/www.novaconcursos.com.br\/portal\/wp-json\/wp\/v2\/posts\/307778\/revisions"}],"predecessor-version":[{"id":307790,"href":"https:\/\/www.novaconcursos.com.br\/portal\/wp-json\/wp\/v2\/posts\/307778\/revisions\/307790"}],"wp:featuredmedia":[{"embeddable":true,"href":"https:\/\/www.novaconcursos.com.br\/portal\/wp-json\/wp\/v2\/media\/307784"}],"wp:attachment":[{"href":"https:\/\/www.novaconcursos.com.br\/portal\/wp-json\/wp\/v2\/media?parent=307778"}],"wp:term":[{"taxonomy":"category","embeddable":true,"href":"https:\/\/www.novaconcursos.com.br\/portal\/wp-json\/wp\/v2\/categories?post=307778"},{"taxonomy":"post_tag","embeddable":true,"href":"https:\/\/www.novaconcursos.com.br\/portal\/wp-json\/wp\/v2\/tags?post=307778"}],"curies":[{"name":"wp","href":"https:\/\/api.w.org\/{rel}","templated":true}]}}