{"id":307791,"date":"2026-04-27T10:23:37","date_gmt":"2026-04-27T13:23:37","guid":{"rendered":"https:\/\/www.novaconcursos.com.br\/portal\/?p=307791"},"modified":"2026-04-27T10:23:43","modified_gmt":"2026-04-27T13:23:43","slug":"concurso-unificado-para-tae","status":"publish","type":"post","link":"https:\/\/www.novaconcursos.com.br\/portal\/concursos\/concurso-unificado-para-tae\/","title":{"rendered":"Concurso Unificado para TAE: Edital em estudos!"},"content":{"rendered":"<p>O <strong>Concurso Unificado para TAE (T\u00e9cnico-Administrativo em Educa\u00e7\u00e3o)<\/strong> <strong>est\u00e1 em fase de estudos pelo Governo Federal <\/strong>e pode representar uma nova forma de ingresso nas institui\u00e7\u00f5es federais de ensino. A proposta prev\u00ea a realiza\u00e7\u00e3o de uma sele\u00e7\u00e3o centralizada para atender <strong>universidades, institutos federais e demais \u00f3rg\u00e3os da \u00e1rea da educa\u00e7\u00e3o<\/strong>, com oferta de vagas para diferentes n\u00edveis de escolaridade.<\/p>\n\n\n\n<p>A ideia \u00e9 que o certame siga um modelo semelhante ao <strong>Concurso Nacional Unificado<\/strong>, reunindo diversos \u00f3rg\u00e3os em um \u00fanico edital e padronizando as etapas de avalia\u00e7\u00e3o. A sele\u00e7\u00e3o deve contar, de forma geral, com provas objetivas e, dependendo do cargo, outras fases como prova discursiva e avalia\u00e7\u00e3o de t\u00edtulos, ampliando as oportunidades para candidatos em todo o pa\u00eds.<\/p>\n\n\n\n<p>At\u00e9 o momento, o edital ainda n\u00e3o foi publicado e segue em fase de an\u00e1lise e estrutura\u00e7\u00e3o pelos \u00f3rg\u00e3os respons\u00e1veis. A expectativa \u00e9 que a <strong>iniciativa avance nos pr\u00f3ximos meses<\/strong>, diante da necessidade de reposi\u00e7\u00e3o de servidores nas institui\u00e7\u00f5es federais, o que torna o concurso unificado para TAE uma oportunidade relevante a ser acompanhada pelos candidatos. Siga comigo e confira todos os detalhes! <\/p>\n\n\n\n<h2 class=\"wp-block-heading\" id=\"concurso-unificado-para-tae-situao-atual\">Concurso Unificado para TAE: Situa\u00e7\u00e3o atual<\/h2>\n\n\n\n<p>O cen\u00e1rio para a realiza\u00e7\u00e3o do <strong>concurso unificado para TAE<\/strong> \u00e9 considerado bastante promissor. Isso porque o <a href=\"https:\/\/www.gov.br\/pt-br\" target=\"_blank\" rel=\"noreferrer noopener\">Governo Federal <\/a>j\u00e1 sancionou a cria\u00e7\u00e3o de aproximadamente <strong>24,9 mil novos cargos<\/strong> destinados \u00e0s institui\u00e7\u00f5es federais de ensino, contemplando tanto a carreira docente quanto os cargos t\u00e9cnico-administrativos em educa\u00e7\u00e3o. A medida refor\u00e7a a necessidade de novos concursos p\u00fablicos e abre caminho para a ado\u00e7\u00e3o de um modelo unificado de sele\u00e7\u00e3o.<\/p>\n\n\n\n<p>No caso das <strong>Universidades Federais, <\/strong>est\u00e3o previstos:<\/p>\n\n\n\n<ul class=\"wp-block-list\"><li>3.800 cargos de Professor do Magist\u00e9rio Superior;<\/li>\n\n\n\n<li>2.000 vagas para T\u00e9cnico em Educa\u00e7\u00e3o (n\u00edvel m\u00e9dio);<\/li>\n\n\n\n<li>2.800 vagas para Analista em Educa\u00e7\u00e3o (n\u00edvel superior).<\/li>\n<\/ul><p>J\u00e1 para a <strong>Rede Federal de Educa\u00e7\u00e3o Profissional, Cient\u00edfica e Tecnol\u00f3gica<\/strong>, a distribui\u00e7\u00e3o contempla:<\/p>\n\n\n\n<ul class=\"wp-block-list\"><li>9.587 cargos de Professor do Ensino B\u00e1sico, T\u00e9cnico e Tecnol\u00f3gico;<\/li>\n\n\n\n<li>4.286 vagas para T\u00e9cnico em Educa\u00e7\u00e3o;<\/li>\n\n\n\n<li>2.490 vagas para Analista em Educa\u00e7\u00e3o.<\/li>\n<\/ul><p>Esse volume expressivo de vagas fortalece a expectativa de que o <strong>concurso unificado para TAE<\/strong> seja utilizado como estrat\u00e9gia para otimizar o preenchimento desses cargos em todo o pa\u00eds. A centraliza\u00e7\u00e3o em um \u00fanico edital \u00e9 vista como uma alternativa eficiente para agilizar contrata\u00e7\u00f5es e padronizar o processo seletivo.<\/p>\n\n\n\n<p>A proposta foi mencionada pela <strong>ministra da Gest\u00e3o e da Inova\u00e7\u00e3o em Servi\u00e7os P\u00fablicos, Esther Dweck, <\/strong>durante coletiva realizada no dia 17 de abril, indicando que o tema j\u00e1 est\u00e1 no radar do governo. Segundo a ministra, o projeto ainda se encontra em fase inicial de discuss\u00e3o, envolvendo o Minist\u00e9rio da Educa\u00e7\u00e3o (MEC) e a Escola Nacional de Administra\u00e7\u00e3o P\u00fablica (Enap).<\/p>\n\n\n<div class=\"wp-block-image\">\n<figure class=\"aligncenter size-large is-resized\"><a href=\"https:\/\/www.novaconcursos.com.br\/portal\/wp-content\/uploads\/2026\/04\/esther-dweck-reforma-administrativa-scaled-1.webp\"><img decoding=\"async\" width=\"1024\" height=\"721\" src=\"https:\/\/www.novaconcursos.com.br\/portal\/wp-content\/uploads\/2026\/04\/esther-dweck-reforma-administrativa-scaled-1-1024x721.webp\" alt=\"concurso unificado para tae\" class=\"wp-image-307797\" style=\"width:555px;height:auto\" loading=\"lazy\" title=\"\" srcset=\"https:\/\/www.novaconcursos.com.br\/portal\/wp-content\/uploads\/2026\/04\/esther-dweck-reforma-administrativa-scaled-1-300x211.webp 300w, https:\/\/www.novaconcursos.com.br\/portal\/wp-content\/uploads\/2026\/04\/esther-dweck-reforma-administrativa-scaled-1-480x338.webp 480w, https:\/\/www.novaconcursos.com.br\/portal\/wp-content\/uploads\/2026\/04\/esther-dweck-reforma-administrativa-scaled-1-768x541.webp 768w, https:\/\/www.novaconcursos.com.br\/portal\/wp-content\/uploads\/2026\/04\/esther-dweck-reforma-administrativa-scaled-1-1024x721.webp 1024w, https:\/\/www.novaconcursos.com.br\/portal\/wp-content\/uploads\/2026\/04\/esther-dweck-reforma-administrativa-scaled-1-1536x1082.webp 1536w, https:\/\/www.novaconcursos.com.br\/portal\/wp-content\/uploads\/2026\/04\/esther-dweck-reforma-administrativa-scaled-1.webp 2048w\" sizes=\"auto, (max-width: 480px) 100vw, (max-width: 768px) 100vw, (max-width: 1200px) 70vw, 768px\"><\/a><figcaption class=\"wp-element-caption\">Fonte: Fabio Rodrigues-Pozzebom\/ Ag\u00eancia Brasil<\/figcaption><\/figure><\/div>\n\n\n<p>A <strong>presidente da Enap, Bet\u00e2nia Lemos,<\/strong> tamb\u00e9m destacou que o modelo ainda est\u00e1 em constru\u00e7\u00e3o e que h\u00e1 poucos detalhes definidos at\u00e9 o momento. Dessa forma, o <strong>concurso unificado para TAE<\/strong> segue em <strong>est\u00e1gio preliminar<\/strong>, mas com indicativos concretos de avan\u00e7o, especialmente diante da<strong> necessidade urgente de recomposi\u00e7\u00e3o do quadro de servidores<\/strong> nas institui\u00e7\u00f5es federais de ensino.<\/p>\n\n\n\n<h2 class=\"wp-block-heading\" id=\"concurso-unificado-para-tae-salrios\">Concurso unificado para TAE: Sal\u00e1rios<\/h2>\n\n\n\n<p>Os sal\u00e1rios do <strong>concurso unificado para TAE<\/strong> seguem a estrutura do Plano de Carreira dos Cargos T\u00e9cnico-Administrativos em Educa\u00e7\u00e3o (PCCTAE), com remunera\u00e7\u00e3o padronizada em todo o pa\u00eds e possibilidade de progress\u00e3o ao longo da carreira. Confira:<\/p>\n\n\n\n<p><strong>N\u00edvel m\u00e9dio (Classe C):<\/strong><\/p>\n\n\n\n<ul class=\"wp-block-list\"><li>Cargos: Assistente em Administra\u00e7\u00e3o, Auxiliar em Administra\u00e7\u00e3o, entre outros<\/li>\n\n\n\n<li>Inicial: cerca de R$ 2.000 a R$ 3.000<\/li>\n\n\n\n<li>Com progress\u00f5es: pode ultrapassar R$ 3.500<\/li>\n<\/ul><p><strong>N\u00edvel t\u00e9cnico (Classe D):<\/strong><\/p>\n\n\n\n<ul class=\"wp-block-list\"><li>Cargos: T\u00e9cnico em Administra\u00e7\u00e3o, T\u00e9cnico de Laborat\u00f3rio, T\u00e9cnico em Tecnologia da Informa\u00e7\u00e3o (TI), T\u00e9cnico em Contabilidade, entre outros<\/li>\n\n\n\n<li>Inicial: cerca de R$ 3.000<\/li>\n\n\n\n<li>Final de carreira: pode ultrapassar R$ 6.000<\/li>\n<\/ul><p><strong>N\u00edvel superior (Classe E):<\/strong><\/p>\n\n\n\n<ul class=\"wp-block-list\"><li>Cargos: Administrador, Analista de TI, Contador, Psic\u00f3logo, Assistente Social, Bibliotec\u00e1rio, entre outros<\/li>\n\n\n\n<li>Inicial: cerca de R$ 5.000<\/li>\n\n\n\n<li>Final de carreira: pode ultrapassar R$ 10.000<\/li>\n<\/ul><p>Al\u00e9m do vencimento b\u00e1sico, os aprovados no <strong>concurso unificado para TAE<\/strong> contam com benef\u00edcios que aumentam a remunera\u00e7\u00e3o total:<\/p>\n\n\n\n<ul class=\"wp-block-list\"><li>Aux\u00edlio-alimenta\u00e7\u00e3o;<\/li>\n\n\n\n<li>Incentivo \u00e0 qualifica\u00e7\u00e3o;<\/li>\n\n\n\n<li>Progress\u00e3o por m\u00e9rito e capacita\u00e7\u00e3o;<\/li>\n\n\n\n<li>Aux\u00edlio-transporte e outros adicionais previstos em lei.<\/li>\n<\/ul><p>A remunera\u00e7\u00e3o no <strong>concurso unificado para TAE<\/strong> pode aumentar significativamente ao longo da carreira, especialmente com a evolu\u00e7\u00e3o funcional e a obten\u00e7\u00e3o de t\u00edtulos acad\u00eamicos.<\/p>\n\n\n\n<h2 class=\"wp-block-heading\" id=\"concurso-unificado-para-tae-requisitos\">Concurso unificado para TAE: Requisitos<\/h2>\n\n\n\n<p>Para participar do <strong>concurso unificado para TAE<\/strong>, os candidatos dever\u00e3o atender aos requisitos gerais exigidos em editais de concursos p\u00fablicos federais, conforme a legisla\u00e7\u00e3o vigente.<\/p>\n\n\n\n<ul class=\"wp-block-list\"><li>Ter sido aprovado e classificado no concurso p\u00fablico<\/li>\n\n\n\n<li>Ter nacionalidade brasileira ou portuguesa (com amparo legal)<\/li>\n\n\n\n<li>Ter idade m\u00ednima de 18 anos na data da posse<\/li>\n\n\n\n<li>Estar em dia com as obriga\u00e7\u00f5es eleitorais<\/li>\n\n\n\n<li>Estar em dia com as obriga\u00e7\u00f5es militares (para candidatos do sexo masculino)<\/li>\n\n\n\n<li>Possuir a escolaridade exigida para o cargo, conforme previsto no edital<\/li>\n\n\n\n<li>Ter aptid\u00e3o f\u00edsica e mental para o exerc\u00edcio das atribui\u00e7\u00f5es do cargo<\/li>\n\n\n\n<li>N\u00e3o acumular cargos p\u00fablicos de forma ilegal<\/li>\n\n\n\n<li>N\u00e3o ter sido demitido do servi\u00e7o p\u00fablico por infra\u00e7\u00e3o disciplinar, salvo reabilita\u00e7\u00e3o<\/li>\n\n\n\n<li>Apresentar os documentos exigidos no momento da posse<\/li>\n<\/ul><p>Os requisitos espec\u00edficos, como forma\u00e7\u00e3o e registro profissional, ser\u00e3o definidos de acordo com cada cargo previsto no <strong>concurso unificado para TAE<\/strong>, conforme detalhado no edital quando publicado.<\/p>\n\n\n\n<h2 class=\"wp-block-heading\" id=\"o-que-faz-um-tcnicoadministrativo-em-educao\">O que faz um T\u00e9cnico-Administrativo em Educa\u00e7\u00e3o?<\/h2>\n\n\n\n<p>O servidor aprovado no <strong>concurso unificado para TAE<\/strong> atua no suporte administrativo e t\u00e9cnico das institui\u00e7\u00f5es federais de ensino, como universidades e institutos federais. Esses profissionais s\u00e3o essenciais para o funcionamento das atividades acad\u00eamicas, administrativas e de gest\u00e3o.<\/p>\n\n\n\n<p>De forma geral, as atribui\u00e7\u00f5es incluem:<\/p>\n\n\n\n<ul class=\"wp-block-list\"><li>Execu\u00e7\u00e3o de atividades administrativas, como atendimento ao p\u00fablico, organiza\u00e7\u00e3o de documentos e controle de processos<\/li>\n\n\n\n<li>Apoio \u00e0s \u00e1reas acad\u00eamicas, auxiliando em matr\u00edculas, registros escolares e rotinas institucionais<\/li>\n\n\n\n<li>Atua\u00e7\u00e3o em setores como recursos humanos, finan\u00e7as, compras e patrim\u00f4nio<\/li>\n\n\n\n<li>Elabora\u00e7\u00e3o de relat\u00f3rios, planilhas e documentos oficiais<\/li>\n\n\n\n<li>Utiliza\u00e7\u00e3o de sistemas informatizados para gest\u00e3o acad\u00eamica e administrativa<\/li>\n<\/ul><p>Dependendo do cargo, o profissional tamb\u00e9m pode exercer fun\u00e7\u00f5es mais espec\u00edficas:<\/p>\n\n\n\n<ul class=\"wp-block-list\"><li><strong>T\u00e9cnico em Administra\u00e7\u00e3o:<\/strong> atua diretamente na gest\u00e3o administrativa, financeira e organizacional<\/li>\n\n\n\n<li><strong>T\u00e9cnico de Laborat\u00f3rio:<\/strong> presta suporte em atividades pr\u00e1ticas, manuten\u00e7\u00e3o de equipamentos e organiza\u00e7\u00e3o de materiais<\/li>\n\n\n\n<li><strong>T\u00e9cnico em Tecnologia da Informa\u00e7\u00e3o (TI):<\/strong> trabalha com suporte t\u00e9cnico, redes, sistemas e manuten\u00e7\u00e3o de computadores<\/li>\n<\/ul><p>As atividades podem variar conforme o setor de lota\u00e7\u00e3o, mas, em geral, o T\u00e9cnico-Administrativo em Educa\u00e7\u00e3o tem papel fundamental na estrutura e no funcionamento das institui\u00e7\u00f5es p\u00fablicas de ensino.<\/p>\n\n\n\n<h2 class=\"wp-block-heading\" id=\"concurso-unificado-para-tae-etapas-e-provas\">Concurso unificado para TAE: Etapas e provas<\/h2>\n\n\n\n<p>O <strong>concurso unificado para TAE<\/strong> deve seguir o padr\u00e3o dos concursos federais para a carreira t\u00e9cnico-administrativa em educa\u00e7\u00e3o, com etapas objetivas e, em alguns casos, fases complementares, conforme o cargo escolhido.<\/p>\n\n\n\n<h3 class=\"wp-block-heading\">Prova objetiva<\/h3>\n\n\n\n<p>A prova objetiva \u00e9 a principal etapa do <strong>concurso unificado para TAE<\/strong> e possui car\u00e1ter eliminat\u00f3rio e classificat\u00f3rio. Geralmente, \u00e9 composta por quest\u00f5es de m\u00faltipla escolha, com cinco alternativas cada.<\/p>\n\n\n\n<p>Os conte\u00fados mais comuns incluem:<\/p>\n\n\n\n<ul class=\"wp-block-list\"><li>L\u00edngua Portuguesa<\/li>\n\n\n\n<li>Racioc\u00ednio L\u00f3gico<\/li>\n\n\n\n<li>Inform\u00e1tica<\/li>\n\n\n\n<li>Legisla\u00e7\u00e3o (como Lei n\u00ba 8.112\/90 e \u00e9tica no servi\u00e7o p\u00fablico)<\/li>\n\n\n\n<li>Conhecimentos espec\u00edficos (de acordo com o cargo)<\/li>\n<\/ul><h3 class=\"wp-block-heading\">Prova discursiva<\/h3>\n\n\n\n<p>A prova discursiva pode ser aplicada para alguns cargos, especialmente de n\u00edvel superior, e tamb\u00e9m possui car\u00e1ter eliminat\u00f3rio e classificat\u00f3rio.<\/p>\n\n\n\n<p>Nessa etapa, o candidato pode ser avaliado por meio de:<\/p>\n\n\n\n<ul class=\"wp-block-list\"><li>Reda\u00e7\u00e3o dissertativa<\/li>\n\n\n\n<li>Estudo de caso<\/li>\n\n\n\n<li>Quest\u00f5es abertas sobre conhecimentos espec\u00edficos<\/li>\n<\/ul><p>O objetivo \u00e9 verificar a capacidade de argumenta\u00e7\u00e3o, dom\u00ednio do conte\u00fado e clareza na escrita.<\/p>\n\n\n\n<h3 class=\"wp-block-heading\">Prova de t\u00edtulos<\/h3>\n\n\n\n<p>A avalia\u00e7\u00e3o de t\u00edtulos \u00e9 comum para cargos de n\u00edvel superior e possui car\u00e1ter classificat\u00f3rio.<\/p>\n\n\n\n<p>S\u00e3o considerados, por exemplo:<\/p>\n\n\n\n<ul class=\"wp-block-list\"><li>Diplomas de p\u00f3s-gradua\u00e7\u00e3o (especializa\u00e7\u00e3o, mestrado e doutorado)<\/li>\n\n\n\n<li>Experi\u00eancia profissional na \u00e1rea<\/li>\n\n\n\n<li>Cursos de aperfei\u00e7oamento<\/li>\n<\/ul><p>Essa etapa n\u00e3o elimina o candidato, mas pode melhorar sua posi\u00e7\u00e3o na classifica\u00e7\u00e3o final.<\/p>\n\n\n\n<h3 class=\"wp-block-heading\">Prova pr\u00e1tica (quando houver)<\/h3>\n\n\n\n<p>Para alguns cargos espec\u00edficos, pode haver prova pr\u00e1tica, com car\u00e1ter eliminat\u00f3rio e classificat\u00f3rio.<\/p>\n\n\n\n<p>Exemplos:<\/p>\n\n\n\n<ul class=\"wp-block-list\"><li>Testes em laborat\u00f3rio (para T\u00e9cnico de Laborat\u00f3rio)<\/li>\n\n\n\n<li>Atividades operacionais ou t\u00e9cnicas (dependendo da fun\u00e7\u00e3o)<\/li>\n<\/ul><p>Essa fase avalia a habilidade do candidato na execu\u00e7\u00e3o de tarefas diretamente relacionadas ao cargo.<\/p>\n\n\n\n<p>As etapas do <strong>concurso unificado para TAE<\/strong> podem variar conforme o edital, mas, de forma geral, seguem esse modelo adotado pelas universidades e institutos federais.<\/p>\n\n\n\n<h2 class=\"wp-block-heading\" id=\"concurso-unificado-para-tae-o-que-cai-na-prova\">Concurso unificado para TAE: O que cai na prova?<\/h2>\n\n\n\n<p>O conte\u00fado program\u00e1tico do <strong>concurso unificado para TAE<\/strong> costuma seguir o padr\u00e3o dos editais recentes de universidades e institutos federais, com disciplinas b\u00e1sicas comuns a diversos cargos e conte\u00fados espec\u00edficos conforme a \u00e1rea escolhida.<\/p>\n\n\n\n<h3 class=\"wp-block-heading\">L\u00edngua Portuguesa<\/h3>\n\n\n\n<ul class=\"wp-block-list\"><li>Compreens\u00e3o e interpreta\u00e7\u00e3o de textos<\/li>\n\n\n\n<li>Tipologia e g\u00eaneros textuais<\/li>\n\n\n\n<li>Ortografia oficial<\/li>\n\n\n\n<li>Acentua\u00e7\u00e3o gr\u00e1fica<\/li>\n\n\n\n<li>Emprego das classes de palavras<\/li>\n\n\n\n<li>Concord\u00e2ncia nominal e verbal<\/li>\n\n\n\n<li>Reg\u00eancia nominal e verbal<\/li>\n\n\n\n<li>Crase<\/li>\n\n\n\n<li>Pontua\u00e7\u00e3o<\/li>\n\n\n\n<li>Coes\u00e3o e coer\u00eancia textual<\/li>\n\n\n\n<li>Fun\u00e7\u00f5es da linguagem<\/li>\n<\/ul><h3 class=\"wp-block-heading\">Racioc\u00ednio L\u00f3gico<\/h3>\n\n\n\n<ul class=\"wp-block-list\"><li>Estruturas l\u00f3gicas<\/li>\n\n\n\n<li>L\u00f3gica de argumenta\u00e7\u00e3o<\/li>\n\n\n\n<li>Proposi\u00e7\u00f5es e conectivos<\/li>\n\n\n\n<li>Tabelas-verdade<\/li>\n\n\n\n<li>Equival\u00eancias e nega\u00e7\u00f5es<\/li>\n\n\n\n<li>Problemas com sequ\u00eancias l\u00f3gicas<\/li>\n\n\n\n<li>An\u00e1lise combinat\u00f3ria<\/li>\n\n\n\n<li>Probabilidade b\u00e1sica<\/li>\n\n\n\n<li>Racioc\u00ednio matem\u00e1tico aplicado<\/li>\n<\/ul><h3 class=\"wp-block-heading\">Inform\u00e1tica<\/h3>\n\n\n\n<ul class=\"wp-block-list\"><li>Conceitos b\u00e1sicos de inform\u00e1tica<\/li>\n\n\n\n<li>Sistemas operacionais (Windows e\/ou Linux)<\/li>\n\n\n\n<li>Pacote Office (Word, Excel, PowerPoint)<\/li>\n\n\n\n<li>Internet e navega\u00e7\u00e3o<\/li>\n\n\n\n<li>Correio eletr\u00f4nico<\/li>\n\n\n\n<li>Seguran\u00e7a da informa\u00e7\u00e3o<\/li>\n\n\n\n<li>No\u00e7\u00f5es de redes de computadores<\/li>\n<\/ul><h3 class=\"wp-block-heading\">Legisla\u00e7\u00e3o<\/h3>\n\n\n\n<ul class=\"wp-block-list\"><li>Constitui\u00e7\u00e3o Federal (artigos relacionados \u00e0 Administra\u00e7\u00e3o P\u00fablica)<\/li>\n\n\n\n<li>Lei n\u00ba 8.112\/90 (Regime Jur\u00eddico dos Servidores P\u00fablicos Federais)<\/li>\n\n\n\n<li>C\u00f3digo de \u00c9tica do Servidor P\u00fablico<\/li>\n\n\n\n<li>Lei de Acesso \u00e0 Informa\u00e7\u00e3o (Lei n\u00ba 12.527\/2011)<\/li>\n\n\n\n<li>No\u00e7\u00f5es de administra\u00e7\u00e3o p\u00fablica<\/li>\n\n\n\n<li>Princ\u00edpios da administra\u00e7\u00e3o p\u00fablica<\/li>\n<\/ul><h3 class=\"wp-block-heading\">Conhecimentos espec\u00edficos<\/h3>\n\n\n\n<p>Os conte\u00fados espec\u00edficos variam conforme o cargo no <strong>concurso unificado para TAE<\/strong>, mas seguem padr\u00f5es recorrentes:<\/p>\n\n\n\n<ul class=\"wp-block-list\"><li><strong>T\u00e9cnico em Administra\u00e7\u00e3o:<\/strong>\n<ul class=\"wp-block-list\"><li>No\u00e7\u00f5es de administra\u00e7\u00e3o geral<\/li>\n\n\n\n<li>Administra\u00e7\u00e3o de recursos humanos<\/li>\n\n\n\n<li>Arquivologia<\/li>\n\n\n\n<li>Gest\u00e3o de materiais e patrim\u00f4nio<\/li>\n\n\n\n<li>Reda\u00e7\u00e3o oficial<\/li>\n<\/ul><\/li>\n\n\n\n<li><strong>T\u00e9cnico em Tecnologia da Informa\u00e7\u00e3o (TI):<\/strong>\n<ul class=\"wp-block-list\"><li>Hardware e software<\/li>\n\n\n\n<li>Sistemas operacionais<\/li>\n\n\n\n<li>Redes de computadores<\/li>\n\n\n\n<li>Banco de dados<\/li>\n\n\n\n<li>Seguran\u00e7a da informa\u00e7\u00e3o<\/li>\n\n\n\n<li>L\u00f3gica de programa\u00e7\u00e3o<\/li>\n<\/ul><\/li>\n\n\n\n<li><strong>T\u00e9cnico de Laborat\u00f3rio:<\/strong>\n<ul class=\"wp-block-list\"><li>Normas de seguran\u00e7a em laborat\u00f3rio<\/li>\n\n\n\n<li>Manipula\u00e7\u00e3o de materiais e equipamentos<\/li>\n\n\n\n<li>Procedimentos t\u00e9cnicos da \u00e1rea espec\u00edfica<\/li>\n\n\n\n<li>Controle e organiza\u00e7\u00e3o de laborat\u00f3rio<\/li>\n<\/ul><\/li>\n<\/ul><h2 class=\"wp-block-heading\" id=\"materiais-preparatrios\">Materiais preparat\u00f3rios<\/h2>\n\n\n\n<p>Se voc\u00ea est\u00e1 de olho em uma vaga no Concurso Unificado para TAE, o primeiro passo \u00e9 garantir materiais atualizados e confi\u00e1veis. Ter uma rotina de estudos bem estruturada e focada nos conte\u00fados mais relevantes \u00e9 essencial para conquistar a t\u00e3o sonhada aprova\u00e7\u00e3o.<\/p>\n\n\n\n<p>Na\u00a0<a href=\"https:\/\/www.novaconcursos.com.br\/\">Nova Concursos<\/a>, voc\u00ea encontra os melhores recursos para acelerar sua prepara\u00e7\u00e3o. Com mais de 100 mil aprovados em todo o pa\u00eds, nossa metodologia exclusiva oferece conte\u00fados claros, objetivos e alinhados ao perfil das principais bancas organizadoras.<\/p>\n\n\n\n<p>Confira os materiais ideais para se preparar com efici\u00eancia e aumentar suas chances de sucesso no Concurso Unificado para TAE!<\/p>\n\n\n\n<h3 class=\"wp-block-heading\">Assinatura Nova Concursos<\/h3>\n\n\n\n<p>Na Nova Concursos, voc\u00ea tem acesso a uma metodologia pr\u00e1tica, objetiva e focada no que realmente importa para a sua aprova\u00e7\u00e3o, sem distra\u00e7\u00f5es com conte\u00fados desnecess\u00e1rios. Com o exclusivo\u00a0<a href=\"https:\/\/aprovacao.novaconcursos.com.br\/assinatura\/?_gl=1*1vqy2f5*_gcl_aw*R0NMLjE3NTUwMTEwNjguQ2owS0NRand6T3ZFQmhEVkFSSXNBREhmSkpTby1CeVpCRHpsYVRMQVNsbGpfMFdpdUV1THRRbzM0SGNfWWsyLTVnelBPTjcxWG4yYmpDMGFBck9yRUFMd193Y0I.*_gcl_au*NDE2NTU0ODc1LjE3NTMxODIzNTU.\">Plano do Especialista<\/a>, voc\u00ea segue uma trilha de estudos personalizada, organizada em ciclos estrat\u00e9gicos que funcionam como a orienta\u00e7\u00e3o de um verdadeiro Professor ao seu lado.<\/p>\n\n\n\n<p>Al\u00e9m disso, oferecemos um atendimento pr\u00f3ximo e humanizado, com tutores preparados para apoiar voc\u00ea em cada etapa da sua prepara\u00e7\u00e3o. Assine agora e descubra como \u00e9 estudar com quem j\u00e1 ajudou milhares de candidatos a conquistar a aprova\u00e7\u00e3o!<\/p>","protected":false},"excerpt":{"rendered":"<p>O concurso Unificado para TAE est\u00e1 com edital em estudos! Confira todos os detalhes! <\/p>\n","protected":false},"author":54701,"featured_media":307799,"comment_status":"closed","ping_status":"closed","sticky":false,"template":"","format":"standard","meta":{"_acf_changed":false,"footnotes":"","_wp_rev_ctl_limit":""},"categories":[44999,44978,44939,44944],"tags":[45782],"class_list":["post-307791","post","type-post","status-publish","format-standard","has-post-thumbnail","hentry","category-concursos","category-nacional","category-carreira-administrativa","category-carreira-educacao","tag-concurso-unificado-para-tae"],"acf":[],"_links":{"self":[{"href":"https:\/\/www.novaconcursos.com.br\/portal\/wp-json\/wp\/v2\/posts\/307791","targetHints":{"allow":["GET"]}}],"collection":[{"href":"https:\/\/www.novaconcursos.com.br\/portal\/wp-json\/wp\/v2\/posts"}],"about":[{"href":"https:\/\/www.novaconcursos.com.br\/portal\/wp-json\/wp\/v2\/types\/post"}],"author":[{"embeddable":true,"href":"https:\/\/www.novaconcursos.com.br\/portal\/wp-json\/wp\/v2\/users\/54701"}],"replies":[{"embeddable":true,"href":"https:\/\/www.novaconcursos.com.br\/portal\/wp-json\/wp\/v2\/comments?post=307791"}],"version-history":[{"count":4,"href":"https:\/\/www.novaconcursos.com.br\/portal\/wp-json\/wp\/v2\/posts\/307791\/revisions"}],"predecessor-version":[{"id":307800,"href":"https:\/\/www.novaconcursos.com.br\/portal\/wp-json\/wp\/v2\/posts\/307791\/revisions\/307800"}],"wp:featuredmedia":[{"embeddable":true,"href":"https:\/\/www.novaconcursos.com.br\/portal\/wp-json\/wp\/v2\/media\/307799"}],"wp:attachment":[{"href":"https:\/\/www.novaconcursos.com.br\/portal\/wp-json\/wp\/v2\/media?parent=307791"}],"wp:term":[{"taxonomy":"category","embeddable":true,"href":"https:\/\/www.novaconcursos.com.br\/portal\/wp-json\/wp\/v2\/categories?post=307791"},{"taxonomy":"post_tag","embeddable":true,"href":"https:\/\/www.novaconcursos.com.br\/portal\/wp-json\/wp\/v2\/tags?post=307791"}],"curies":[{"name":"wp","href":"https:\/\/api.w.org\/{rel}","templated":true}]}}