{"id":307903,"date":"2026-04-28T17:24:30","date_gmt":"2026-04-28T20:24:30","guid":{"rendered":"https:\/\/www.novaconcursos.com.br\/portal\/?p=307903"},"modified":"2026-04-28T17:24:36","modified_gmt":"2026-04-28T20:24:36","slug":"smed-bh","status":"publish","type":"post","link":"https:\/\/www.novaconcursos.com.br\/portal\/concursos\/smed-bh\/","title":{"rendered":"Concurso SMED BH: Banca em defini\u00e7\u00e3o! Edital at\u00e9 junho!"},"content":{"rendered":"<p>O <strong>concurso SMED BH<\/strong> \u00e9 a sele\u00e7\u00e3o p\u00fablica destinada ao preenchimento de vagas na <strong>Secretaria Municipal de Educa\u00e7\u00e3o de Belo Horizonte<\/strong>, contemplando cargos da \u00e1rea educacional. A expectativa \u00e9 que o novo certame ofere\u00e7a oportunidades, principalmente, para o cargo de Professor, al\u00e9m de outras fun\u00e7\u00f5es de apoio \u00e0 educa\u00e7\u00e3o, com exig\u00eancia de n\u00edveis m\u00e9dio e superior.<\/p>\n\n\n\n<p>Atualmente, o concurso encontra-se em fase preparat\u00f3ria, com a <strong>banca organizadora ainda em processo de defini\u00e7\u00e3o<\/strong>. Essa etapa \u00e9 fundamental, pois a escolha da institui\u00e7\u00e3o respons\u00e1vel pela execu\u00e7\u00e3o do certame antecede a publica\u00e7\u00e3o do edital e define o perfil das provas e o cronograma oficial.<\/p>\n\n\n\n<p>De acordo com as previs\u00f5es mais recentes, o <strong>edital do concurso SMED BH deve ser publicado at\u00e9 junho de 2026<\/strong>. Com isso, a expectativa \u00e9 que as inscri\u00e7\u00f5es sejam abertas logo ap\u00f3s a divulga\u00e7\u00e3o do documento, com aplica\u00e7\u00e3o das provas prevista para o segundo semestre do ano. Siga comigo e confira todas os detalhes do concurso SMED BH!<\/p>\n\n\n\n<h2 class=\"wp-block-heading\" id=\"concurso-smed-bh-situao-atual\">Concurso SMED BH: Situa\u00e7\u00e3o atual<\/h2>\n\n\n\n<p>Boas novidades sobre o <strong>concurso <a href=\"https:\/\/prefeitura.pbh.gov.br\/educacao\" target=\"_blank\" rel=\"noreferrer noopener\">SMED BH<\/a><\/strong>! A Secretaria Municipal de Educa\u00e7\u00e3o de Belo Horizonte informou, via Lei de Acesso \u00e0 Informa\u00e7\u00e3o (LAI), que o processo seletivo est\u00e1 atualmente na <strong>fase preparat\u00f3ria para a contrata\u00e7\u00e3o da banca organizadora<\/strong>.<\/p>\n\n\n\n<p>Segundo o \u00f3rg\u00e3o, enquanto a banca n\u00e3o for oficialmente definida, apenas a comiss\u00e3o respons\u00e1vel pelo concurso ter\u00e1 acesso aos documentos internos, como o projeto b\u00e1sico e o termo de refer\u00eancia, que orientam toda a estrutura do certame.<\/p>\n\n\n\n<p>A previs\u00e3o \u00e9 de que o <strong>edital seja divulgado ainda no primeiro semestre de 2026<\/strong>, com oferta de vagas para o cargo de Professor Municipal, contemplando as \u00e1reas de 1\u00ba e 2\u00ba Ciclo, Educa\u00e7\u00e3o F\u00edsica, Geografia, L\u00edngua Estrangeira (Ingl\u00eas) e Matem\u00e1tica. At\u00e9 o momento, n\u00e3o h\u00e1 confirma\u00e7\u00e3o sobre o n\u00famero de vagas nem se haver\u00e1 utiliza\u00e7\u00e3o da Prova Nacional Docente como uma das etapas da sele\u00e7\u00e3o.<\/p>\n\n\n\n<h2 class=\"wp-block-heading\" id=\"cargos-vagas-e-salrios-do-concurso-smed-bh\">Cargos, vagas e sal\u00e1rios do concurso SMED BH<\/h2>\n\n\n\n<p>O \u00faltimo edital do concurso SMED BH foi publicado em 2023 e contou com <strong>512 vagas<\/strong>\u00a0imediatas para os cargos de Professor e Assistente Administrativo Educacional. Confira a distribui\u00e7\u00e3o e a remunera\u00e7\u00e3o:<\/p>\n\n\n\n<p><strong>N\u00edvel m\u00e9dio<\/strong><\/p>\n\n\n\n<ul class=\"wp-block-list\"><li>Assistente Administrativo Educacional \u2013 15 vagas \u2013 R$ 2.355,59<\/li>\n<\/ul><p><strong>N\u00edvel superior<\/strong><\/p>\n\n\n\n<ul class=\"wp-block-list\"><li>Professor para a Educa\u00e7\u00e3o Infantil \u2013 200 vagas \u2013 R$ 3.228,66<\/li>\n\n\n\n<li>Professor Municipal \u2013 1\u00ba e 2\u00ba Ciclos \u2013 200 vagas \u2013 R$ 3.228,66<\/li>\n\n\n\n<li>Professor Municipal \u2013 Arte \u2013 12 vagas \u2013 R$ 3.228,66<\/li>\n\n\n\n<li>Professor Municipal \u2013 Ci\u00eancias \u2013 25 vagas \u2013 R$ 3.228,66<\/li>\n\n\n\n<li>Professor Municipal \u2013 Hist\u00f3ria \u2013 25 vagas \u2013 R$ 3.228,66<\/li>\n\n\n\n<li>Professor Municipal \u2013 L\u00edngua Portuguesa \u2013 35 vagas \u2013 R$ 3.228,66<\/li>\n<\/ul><h2 class=\"wp-block-heading\" id=\"requisitos-do-concurso-smed-bh\">Requisitos do concurso SMED BH<\/h2>\n\n\n\n<p>De acordo com o \u00faltimo edital do <strong>concurso SMED BH<\/strong>, para tomar posse no cargo, o candidato deveria atender aos seguintes requisitos:<\/p>\n\n\n\n<ul class=\"wp-block-list\"><li>Ser aprovado no concurso p\u00fablico;<\/li>\n\n\n\n<li>Ter nacionalidade brasileira ou portuguesa (com reconhecimento de direitos pol\u00edticos, quando aplic\u00e1vel);<\/li>\n\n\n\n<li>Estar em pleno gozo dos direitos pol\u00edticos;<\/li>\n\n\n\n<li>Estar quite com as obriga\u00e7\u00f5es militares (para candidatos do sexo masculino);<\/li>\n\n\n\n<li>Estar em dia com as obriga\u00e7\u00f5es eleitorais;<\/li>\n\n\n\n<li>Possuir a escolaridade e habilita\u00e7\u00e3o exigidas para o cargo pretendido;<\/li>\n\n\n\n<li>Ter idade m\u00ednima de 18 anos completos na data da posse;<\/li>\n\n\n\n<li>Ser considerado apto f\u00edsica e mentalmente em inspe\u00e7\u00e3o m\u00e9dica oficial;<\/li>\n\n\n\n<li>Cumprir todas as exig\u00eancias estabelecidas no edital.<\/li>\n<\/ul><h2 class=\"wp-block-heading\" id=\"etapas-e-provas-do-concurso-smed-bh\">Etapas e provas do concurso SMED BH<\/h2>\n\n\n\n<p>O \u00faltimo <strong>concurso SMED BH<\/strong>, realizado em <strong>2023<\/strong>, teve como banca organizadora a <strong>Funda\u00e7\u00e3o Getulio Vargas (FGV)<\/strong>. O certame foi composto por <strong>tr\u00eas etapas principais<\/strong>, com provas aplicadas na cidade de <strong>Belo Horizonte (MG)<\/strong>.<\/p>\n\n\n\n<h3 class=\"wp-block-heading\">Prova objetiva<\/h3>\n\n\n\n<p>A prova objetiva teve car\u00e1ter <strong>eliminat\u00f3rio e classificat\u00f3rio<\/strong> e foi aplicada para todos os cargos. A avalia\u00e7\u00e3o contou com:<\/p>\n\n\n\n<ul class=\"wp-block-list\"><li><strong>50 quest\u00f5es<\/strong> para os cargos de Professor (todas as \u00e1reas);<\/li>\n\n\n\n<li><strong>40 quest\u00f5es<\/strong> para o cargo de Assistente Administrativo Educacional;<\/li>\n<\/ul><p>Cada quest\u00e3o possu\u00eda <strong>4 alternativas<\/strong>, com apenas uma correta. A pontua\u00e7\u00e3o total foi de at\u00e9 <strong>100 pontos<\/strong>.<\/p>\n\n\n\n<p><strong>Crit\u00e9rios de aprova\u00e7\u00e3o:<\/strong><\/p>\n\n\n\n<ul class=\"wp-block-list\"><li>Professores: m\u00ednimo de <strong>20 acertos<\/strong>;<\/li>\n\n\n\n<li>Assistente Administrativo: m\u00ednimo de <strong>16 acertos<\/strong>;<\/li>\n<\/ul><p>As disciplinas variaram conforme o cargo, incluindo L\u00edngua Portuguesa, Inform\u00e1tica, Legisla\u00e7\u00e3o Educacional, conhecimentos pedag\u00f3gicos e espec\u00edficos.<\/p>\n\n\n\n<h3 class=\"wp-block-heading\">Prova discursiva<\/h3>\n\n\n\n<p>A prova discursiva tamb\u00e9m teve car\u00e1ter <strong>eliminat\u00f3rio e classificat\u00f3rio<\/strong> e foi aplicada para todos os cargos.<\/p>\n\n\n\n<ul class=\"wp-block-list\"><li>Para professores: composta por <strong>2 quest\u00f5es te\u00f3ricas<\/strong>, com respostas de at\u00e9 15 linhas cada;<\/li>\n\n\n\n<li>Para Assistente Administrativo: <strong>1 reda\u00e7\u00e3o<\/strong>, entre 15 e 20 linhas;<\/li>\n<\/ul><p><strong>Crit\u00e9rio de aprova\u00e7\u00e3o:<\/strong><\/p>\n\n\n\n<ul class=\"wp-block-list\"><li>Nota m\u00ednima de <strong>60% do total de pontos<\/strong>;<\/li>\n<\/ul><p>A corre\u00e7\u00e3o respeitou crit\u00e9rios de dom\u00ednio do conte\u00fado, organiza\u00e7\u00e3o textual, clareza e adequa\u00e7\u00e3o \u00e0 norma padr\u00e3o da l\u00edngua portuguesa.<\/p>\n\n\n\n<h3 class=\"wp-block-heading\">Prova de t\u00edtulos<\/h3>\n\n\n\n<p>A prova de t\u00edtulos teve car\u00e1ter <strong>apenas classificat\u00f3rio<\/strong>, sendo aplicada exclusivamente para os cargos de Professor.<\/p>\n\n\n\n<p>Foram considerados:<\/p>\n\n\n\n<ul class=\"wp-block-list\"><li>Doutorado: at\u00e9 <strong>3 pontos<\/strong>;<\/li>\n\n\n\n<li>Mestrado: at\u00e9 <strong>2,5 pontos<\/strong>;<\/li>\n\n\n\n<li>Especializa\u00e7\u00e3o: at\u00e9 <strong>1,5 ponto<\/strong>;<\/li>\n<\/ul><p><strong>Pontua\u00e7\u00e3o m\u00e1xima:<\/strong> <strong>7 pontos<\/strong><\/p>\n\n\n\n<p>Somente participaram dessa etapa os candidatos classificados nas etapas anteriores dentro do limite estabelecido em edital.<\/p>\n\n\n\n<h2 class=\"wp-block-heading\" id=\"o-que-cai-na-prova-do-concurso-smed-bh\">O que cai na prova do concurso SMED BH<\/h2>\n\n\n\n<p>Com base no \u00faltimo edital do <strong>concurso SMED BH<\/strong>, o conte\u00fado program\u00e1tico foi dividido entre disciplinas b\u00e1sicas, pedag\u00f3gicas e espec\u00edficas, variando conforme o cargo. Confira os principais t\u00f3picos:<\/p>\n\n\n\n<h3 class=\"wp-block-heading\">L\u00edngua Portuguesa<\/h3>\n\n\n\n<ul class=\"wp-block-list\"><li>Interpreta\u00e7\u00e3o e compreens\u00e3o de textos<\/li>\n\n\n\n<li>Tipologia e g\u00eaneros textuais<\/li>\n\n\n\n<li>Ortografia oficial<\/li>\n\n\n\n<li>Acentua\u00e7\u00e3o gr\u00e1fica<\/li>\n\n\n\n<li>Emprego das classes de palavras<\/li>\n\n\n\n<li>Concord\u00e2ncia nominal e verbal<\/li>\n\n\n\n<li>Reg\u00eancia nominal e verbal<\/li>\n\n\n\n<li>Crase<\/li>\n\n\n\n<li>Pontua\u00e7\u00e3o<\/li>\n\n\n\n<li>Coes\u00e3o e coer\u00eancia textual<\/li>\n\n\n\n<li>Sem\u00e2ntica (sin\u00f4nimos, ant\u00f4nimos, ambiguidade)<\/li>\n<\/ul><h3 class=\"wp-block-heading\">Inform\u00e1tica B\u00e1sica<\/h3>\n\n\n\n<ul class=\"wp-block-list\"><li>Conceitos de inform\u00e1tica<\/li>\n\n\n\n<li>Sistema operacional (Windows)<\/li>\n\n\n\n<li>Pacote Office (Word, Excel e PowerPoint)<\/li>\n\n\n\n<li>Internet e navega\u00e7\u00e3o<\/li>\n\n\n\n<li>Correio eletr\u00f4nico<\/li>\n\n\n\n<li>Seguran\u00e7a da informa\u00e7\u00e3o<\/li>\n\n\n\n<li>No\u00e7\u00f5es de armazenamento em nuvem<\/li>\n<\/ul><h3 class=\"wp-block-heading\">Legisla\u00e7\u00e3o Educacional<\/h3>\n\n\n\n<ul class=\"wp-block-list\"><li>Constitui\u00e7\u00e3o Federal (educa\u00e7\u00e3o)<\/li>\n\n\n\n<li>Lei de Diretrizes e Bases da Educa\u00e7\u00e3o Nacional (LDB)<\/li>\n\n\n\n<li>Estatuto da Crian\u00e7a e do Adolescente (ECA)<\/li>\n\n\n\n<li>Plano Nacional de Educa\u00e7\u00e3o (PNE)<\/li>\n\n\n\n<li>Diretrizes Curriculares Nacionais<\/li>\n\n\n\n<li>Legisla\u00e7\u00e3o municipal da educa\u00e7\u00e3o de Belo Horizonte<\/li>\n<\/ul><h3 class=\"wp-block-heading\">Fundamentos da Educa\u00e7\u00e3o<\/h3>\n\n\n\n<ul class=\"wp-block-list\"><li>Hist\u00f3ria da educa\u00e7\u00e3o brasileira<\/li>\n\n\n\n<li>Tend\u00eancias pedag\u00f3gicas<\/li>\n\n\n\n<li>Teorias da aprendizagem<\/li>\n\n\n\n<li>Fun\u00e7\u00e3o social da escola<\/li>\n\n\n\n<li>Rela\u00e7\u00e3o escola, sociedade e cultura<\/li>\n\n\n\n<li>Avalia\u00e7\u00e3o educacional<\/li>\n\n\n\n<li>Inclus\u00e3o e diversidade<\/li>\n<\/ul><h3 class=\"wp-block-heading\">Processos de Ensinar e Aprender<\/h3>\n\n\n\n<ul class=\"wp-block-list\"><li>Planejamento educacional<\/li>\n\n\n\n<li>Metodologias de ensino<\/li>\n\n\n\n<li>Pr\u00e1ticas pedag\u00f3gicas<\/li>\n\n\n\n<li>Avalia\u00e7\u00e3o da aprendizagem<\/li>\n\n\n\n<li>Desenvolvimento cognitivo e socioemocional<\/li>\n\n\n\n<li>Organiza\u00e7\u00e3o do trabalho pedag\u00f3gico<\/li>\n\n\n\n<li>Interdisciplinaridade<\/li>\n<\/ul><h3 class=\"wp-block-heading\">Educa\u00e7\u00e3o Infantil (quando aplic\u00e1vel)<\/h3>\n\n\n\n<ul class=\"wp-block-list\"><li>Desenvolvimento infantil<\/li>\n\n\n\n<li>Organiza\u00e7\u00e3o do espa\u00e7o e tempo na educa\u00e7\u00e3o infantil<\/li>\n\n\n\n<li>Brincar e aprendizagem<\/li>\n\n\n\n<li>Cuidar e educar<\/li>\n\n\n\n<li>BNCC na educa\u00e7\u00e3o infantil<\/li>\n\n\n\n<li>Intera\u00e7\u00e3o e linguagem<\/li>\n<\/ul><h3 class=\"wp-block-heading\">Conhecimentos Espec\u00edficos (por \u00e1rea)<\/h3>\n\n\n\n<p><strong>Exemplo para Professor Municipal (varia conforme disciplina):<\/strong><\/p>\n\n\n\n<ul class=\"wp-block-list\"><li>Linguagens e c\u00f3digos<\/li>\n\n\n\n<li>Matem\u00e1tica e suas tecnologias<\/li>\n\n\n\n<li>Ci\u00eancias da natureza<\/li>\n\n\n\n<li>Ci\u00eancias humanas<\/li>\n\n\n\n<li>Conte\u00fados espec\u00edficos da disciplina (Arte, Ci\u00eancias, Hist\u00f3ria, L\u00edngua Portuguesa etc.)<\/li>\n<\/ul><h3 class=\"wp-block-heading\">No\u00e7\u00f5es de Administra\u00e7\u00e3o \/ Administra\u00e7\u00e3o Escolar (Assistente Administrativo)<\/h3>\n\n\n\n<ul class=\"wp-block-list\"><li>Princ\u00edpios da administra\u00e7\u00e3o<\/li>\n\n\n\n<li>Organiza\u00e7\u00e3o e gest\u00e3o escolar<\/li>\n\n\n\n<li>Rotinas administrativas<\/li>\n\n\n\n<li>Arquivamento e documenta\u00e7\u00e3o<\/li>\n\n\n\n<li>Atendimento ao p\u00fablico<\/li>\n\n\n\n<li>Gest\u00e3o de materiais e patrim\u00f4nio<\/li>\n<\/ul><h3 class=\"wp-block-heading\">T\u00e9cnicas Secretariais (Assistente Administrativo)<\/h3>\n\n\n\n<ul class=\"wp-block-list\"><li>Reda\u00e7\u00e3o oficial<\/li>\n\n\n\n<li>Organiza\u00e7\u00e3o de documentos<\/li>\n\n\n\n<li>Protocolo e tramita\u00e7\u00e3o<\/li>\n\n\n\n<li>Comunica\u00e7\u00e3o institucional<\/li>\n\n\n\n<li>Atendimento e recep\u00e7\u00e3o<\/li>\n<\/ul><h2 class=\"wp-block-heading\" id=\"materiais-para-o-concurso-sefin-ro\">Materiais para o concurso SMED BH<\/h2>\n\n\n\n<p>Quer alcan\u00e7ar a aprova\u00e7\u00e3o no concurso SMED BH? Ent\u00e3o \u00e9 fundamental contar com\u00a0<strong>materiais<\/strong>\u00a0de estudo pr\u00e1ticos e estabelecer uma\u00a0<strong>rotina<\/strong>\u00a0eficiente de estudos.<\/p>\n\n\n\n<p>A\u00a0<a href=\"https:\/\/www.novaconcursos.com.br\/portal\/concursos-abertos\/\">Nova Concursos<\/a>\u00a0\u00e9 refer\u00eancia na prepara\u00e7\u00e3o para concursos p\u00fablicos, com mais de\u00a0<strong>100 mil alunos aprovados<\/strong>! Com um\u00a0<a href=\"https:\/\/www.novaconcursos.com.br\/\">m\u00e9todo<\/a>\u00a0de estudo de alta qualidade e materiais completos, pode fazer toda a diferen\u00e7a na sua prepara\u00e7\u00e3o.<\/p>\n\n\n\n<p>Confira quais s\u00e3o esses materiais e garanta a vaga dos seus sonhos!<\/p>\n\n\n\n<h3 class=\"wp-block-heading\">Assinatura Nova Concursos<\/h3>\n\n\n\n<p>Na Nova Concursos, voc\u00ea n\u00e3o estuda sozinho. Com o nosso exclusivo\u00a0<a href=\"https:\/\/aprovacao.novaconcursos.com.br\/assinatura\/\">Plano do Especialista<\/a>, voc\u00ea segue um caminho guiado, estrat\u00e9gico e personalizado, com tutores prontos para te ajudar em cada etapa da jornada!<\/p>\n\n\n\n<p>Voc\u00ea ter\u00e1 acesso a materiais direcionados, cronogramas inteligentes, conte\u00fados otimizados e a experi\u00eancia de quem j\u00e1 ajudou mais de\u00a0<strong>100 mil alunos a conquistar a t\u00e3o sonhada vaga<\/strong>\u00a0e acelerar os resultados. Prepare-se para o concurso SMED BH com intelig\u00eancia!<\/p>","protected":false},"excerpt":{"rendered":"<p>O concurso SMED BH est\u00e1 em processo de defini\u00e7\u00e3o da banca organizadora e deve ter edital publicado at\u00e9 junho de 2026! Confira! <\/p>\n","protected":false},"author":54701,"featured_media":307905,"comment_status":"closed","ping_status":"closed","sticky":false,"template":"","format":"standard","meta":{"_acf_changed":false,"footnotes":"","_wp_rev_ctl_limit":""},"categories":[44999,44948,44944],"tags":[45787],"class_list":["post-307903","post","type-post","status-publish","format-standard","has-post-thumbnail","hentry","category-concursos","category-mg","category-carreira-educacao","tag-concurso-smed-bh"],"acf":[],"_links":{"self":[{"href":"https:\/\/www.novaconcursos.com.br\/portal\/wp-json\/wp\/v2\/posts\/307903","targetHints":{"allow":["GET"]}}],"collection":[{"href":"https:\/\/www.novaconcursos.com.br\/portal\/wp-json\/wp\/v2\/posts"}],"about":[{"href":"https:\/\/www.novaconcursos.com.br\/portal\/wp-json\/wp\/v2\/types\/post"}],"author":[{"embeddable":true,"href":"https:\/\/www.novaconcursos.com.br\/portal\/wp-json\/wp\/v2\/users\/54701"}],"replies":[{"embeddable":true,"href":"https:\/\/www.novaconcursos.com.br\/portal\/wp-json\/wp\/v2\/comments?post=307903"}],"version-history":[{"count":3,"href":"https:\/\/www.novaconcursos.com.br\/portal\/wp-json\/wp\/v2\/posts\/307903\/revisions"}],"predecessor-version":[{"id":307909,"href":"https:\/\/www.novaconcursos.com.br\/portal\/wp-json\/wp\/v2\/posts\/307903\/revisions\/307909"}],"wp:featuredmedia":[{"embeddable":true,"href":"https:\/\/www.novaconcursos.com.br\/portal\/wp-json\/wp\/v2\/media\/307905"}],"wp:attachment":[{"href":"https:\/\/www.novaconcursos.com.br\/portal\/wp-json\/wp\/v2\/media?parent=307903"}],"wp:term":[{"taxonomy":"category","embeddable":true,"href":"https:\/\/www.novaconcursos.com.br\/portal\/wp-json\/wp\/v2\/categories?post=307903"},{"taxonomy":"post_tag","embeddable":true,"href":"https:\/\/www.novaconcursos.com.br\/portal\/wp-json\/wp\/v2\/tags?post=307903"}],"curies":[{"name":"wp","href":"https:\/\/api.w.org\/{rel}","templated":true}]}}