{"id":307996,"date":"2026-04-30T14:39:01","date_gmt":"2026-04-30T17:39:01","guid":{"rendered":"https:\/\/www.novaconcursos.com.br\/portal\/?p=307996"},"modified":"2026-04-30T14:39:09","modified_gmt":"2026-04-30T17:39:09","slug":"inema","status":"publish","type":"post","link":"https:\/\/www.novaconcursos.com.br\/portal\/concursos\/inema\/","title":{"rendered":"Concurso Inema: Novo edital tem comiss\u00e3o formada!"},"content":{"rendered":"<p>O <strong>concurso Inema<\/strong> \u00e9 a sele\u00e7\u00e3o prevista pelo Instituto do Meio Ambiente e Recursos H\u00eddricos, \u00f3rg\u00e3o respons\u00e1vel pela gest\u00e3o ambiental no estado. O certame tem como objetivo refor\u00e7ar o quadro de servidores que atuam na fiscaliza\u00e7\u00e3o, licenciamento e preserva\u00e7\u00e3o dos recursos naturais, sendo uma oportunidade relevante para quem deseja seguir carreira na \u00e1rea ambiental.<\/p>\n\n\n\n<p>A sele\u00e7\u00e3o j\u00e1 conta com <strong>comiss\u00e3o organizadora formada<\/strong>, o que indica avan\u00e7o nos preparativos e aproxima a publica\u00e7\u00e3o do edital. A expectativa \u00e9 de que o concurso contemple vagas para os cargos de <strong>Especialista e T\u00e9cnico<\/strong>, fun\u00e7\u00f5es essenciais para o desenvolvimento das atividades do \u00f3rg\u00e3o.<\/p>\n\n\n\n<p>Com os tr\u00e2mites em andamento, novos detalhes sobre n\u00famero de vagas, etapas e cronograma devem ser divulgados em breve. Se voc\u00ea ficou interessado(a), continue a leitura e confira todas as atualiza\u00e7\u00f5es sobre o concurso Inema.<\/p>\n\n\n\n<h2 class=\"wp-block-heading\" id=\"concurso-inema-situao-atual\">Concurso Inema: Situa\u00e7\u00e3o atual<\/h2>\n\n\n\n<p>O concurso Inema deve ser realizado em breve e j\u00e1 avan\u00e7ou com uma das etapas iniciais. No dia 29 de abril de 2026, foi publicada no Di\u00e1rio Oficial uma portaria conjunta que institui a <strong>comiss\u00e3o organizadora<\/strong> do certame.<\/p>\n\n\n\n<p>O grupo \u00e9 formado por servidores da Secretaria do Meio Ambiente da Bahia (Sema BA) e do <a href=\"https:\/\/www.ba.gov.br\/inema\/\" target=\"_blank\" rel=\"noopener\">Instituto do Meio Ambiente e Recursos H\u00eddricos<\/a> (Inema), sendo respons\u00e1vel por conduzir todos os preparativos at\u00e9 a publica\u00e7\u00e3o do edital, incluindo o processo de contrata\u00e7\u00e3o da banca organizadora.<\/p>\n\n\n\n<p>O concurso integra um pacote de sele\u00e7\u00f5es anunciado pelo governador Jer\u00f4nimo Rodrigues em outubro de 2025 e dever\u00e1 ofertar 110 vagas.<\/p>\n\n\n\n<p>As oportunidades ser\u00e3o distribu\u00eddas entre duas carreiras do Grupo Ocupacional de Fiscaliza\u00e7\u00e3o e Regula\u00e7\u00e3o:<\/p>\n\n\n\n<ul class=\"wp-block-list\"><li>T\u00e9cnico em Meio Ambiente e Recursos H\u00eddricos \u2013 50 vagas (n\u00edvel m\u00e9dio\/t\u00e9cnico);<\/li>\n\n\n\n<li>Especialista em Meio Ambiente e Recursos H\u00eddricos \u2013 60 vagas (n\u00edvel superior).<\/li>\n<\/ul><p>A realiza\u00e7\u00e3o do concurso Inema est\u00e1 prevista na Lei Or\u00e7ament\u00e1ria Anual (LOA) de 2026, o que refor\u00e7a a expectativa de publica\u00e7\u00e3o do edital ainda este ano.<\/p>\n\n\n\n<h2 class=\"wp-block-heading\" id=\"carreiras-do-concurso-inema\">Carreiras do concurso Inema<\/h2>\n\n\n\n<p>Com base na legisla\u00e7\u00e3o vigente, o concurso Inema contempla duas carreiras principais, com exig\u00eancia de <strong>n\u00edvel m\u00e9dio\/t\u00e9cnico e superior<\/strong>, abrangendo diversas \u00e1reas do conhecimento.<\/p>\n\n\n\n<h3 class=\"wp-block-heading\">Especialista em Meio Ambiente e Recursos H\u00eddricos<\/h3>\n\n\n\n<ul class=\"wp-block-list\"><li>Escolaridade: n\u00edvel superior<\/li>\n\n\n\n<li>Forma\u00e7\u00f5es aceitas: Agronomia, Arquitetura e Urbanismo, Biologia, Ecologia, Engenharias (Agron\u00f4mica, Civil, de Minas, Florestal, H\u00eddrica, Qu\u00edmica, Sanit\u00e1ria\/Ambiental, entre outras), Geografia, Geologia, Meteorologia, Qu\u00edmica, Medicina Veterin\u00e1ria, Direito, Economia, Ci\u00eancias Sociais, Tecnologia da Informa\u00e7\u00e3o, entre outras<\/li>\n<\/ul><p><strong>Principais atribui\u00e7\u00f5es:<\/strong><\/p>\n\n\n\n<ul class=\"wp-block-list\"><li>Emitir laudos e pareceres t\u00e9cnicos para licenciamento e outorgas<\/li>\n\n\n\n<li>Analisar projetos e estudos de impacto ambiental<\/li>\n\n\n\n<li>Exercer o controle e fiscaliza\u00e7\u00e3o de atividades poluidoras ou degradadoras<\/li>\n\n\n\n<li>Realizar estudos para cria\u00e7\u00e3o e gest\u00e3o de Unidades de Conserva\u00e7\u00e3o<\/li>\n<\/ul><h3 class=\"wp-block-heading\">T\u00e9cnico em Meio Ambiente e Recursos H\u00eddricos<\/h3>\n\n\n\n<ul class=\"wp-block-list\"><li>Escolaridade: n\u00edvel m\u00e9dio\/t\u00e9cnico<\/li>\n\n\n\n<li>Forma\u00e7\u00f5es aceitas: T\u00e9cnico em Meio Ambiente, Agrimensura, Agroecologia, Agropecu\u00e1ria, Biotecnologia, Controle Ambiental, Geologia, Florestal, Qu\u00edmica, Hidrometria\/Hidrologia, entre outros cursos previstos nas Diretrizes Curriculares Nacionais<\/li>\n<\/ul><p><strong>Principais atribui\u00e7\u00f5es:<\/strong><\/p>\n\n\n\n<ul class=\"wp-block-list\"><li>Executar a\u00e7\u00f5es de inspe\u00e7\u00e3o, autua\u00e7\u00e3o e controle ambiental<\/li>\n\n\n\n<li>Desenvolver a\u00e7\u00f5es de fiscaliza\u00e7\u00e3o do cumprimento das leis ambientais e florestais<\/li>\n\n\n\n<li>Participar de a\u00e7\u00f5es de educa\u00e7\u00e3o ambiental<\/li>\n<\/ul><p>As carreiras abrangem atividades t\u00e9cnicas e estrat\u00e9gicas voltadas \u00e0 gest\u00e3o, fiscaliza\u00e7\u00e3o e preserva\u00e7\u00e3o ambiental no estado da Bahia.<\/p>\n\n\n\n<h2 class=\"wp-block-heading\" id=\"salrios-do-concurso-inema\">Sal\u00e1rios do concurso Inema<\/h2>\n\n\n\n<p>A nova estrutura remunerat\u00f3ria do Instituto do Meio Ambiente e Recursos H\u00eddricos da Bahia (Inema BA), sancionada em <strong>setembro de 2025<\/strong>, j\u00e1 estabelece os vencimentos previstos para o ano do concurso (2026). Os valores apresentados referem-se ao <strong>vencimento b\u00e1sico<\/strong>, podendo ser ampliados com gratifica\u00e7\u00f5es e benef\u00edcios.<\/p>\n\n\n\n<p>Para o cargo de <strong>Especialista (Classe 1)<\/strong>, o vencimento inicial \u00e9 de <strong>R$ 3.441,64<\/strong>, com possibilidade de crescimento at\u00e9 <strong>R$ 8.812,03<\/strong> no topo da carreira.<\/p>\n\n\n\n<p>J\u00e1 para o cargo de <strong>T\u00e9cnico (Classe 1)<\/strong>, o sal\u00e1rio inicial \u00e9 de <strong>R$ 1.600,72<\/strong>, podendo alcan\u00e7ar <strong>R$ 3.038,62<\/strong> ao final da carreira.<\/p>\n\n\n\n<p>\u00c9 importante destacar que esses valores correspondem apenas ao vencimento b\u00e1sico. Na pr\u00e1tica, os servidores do estado da Bahia costumam receber <strong>gratifica\u00e7\u00f5es<\/strong>, como a <strong>Gratifica\u00e7\u00e3o de Incentivo ao Desempenho (GID)<\/strong>, al\u00e9m de outros benef\u00edcios, o que pode elevar significativamente a remunera\u00e7\u00e3o final ao longo da carreira.<\/p>\n\n\n\n<h2 class=\"wp-block-heading\" id=\"requisitos\">Requisitos<\/h2>\n\n\n\n<p>Confira quais foram os requisitos exigidos no \u00faltimo edital:<\/p>\n\n\n\n<ul class=\"wp-block-list\"><li>Ter nacionalidade brasileira ou portuguesa;\n<ul class=\"wp-block-list\"><li>No caso de nacionalidade portuguesa, estar amparado pelo Estatuto de Igualdade entre Brasileiros e Portugueses, com reconhecimento do gozo dos direitos pol\u00edticos;<\/li>\n<\/ul><\/li>\n\n\n\n<li>Possuir a escolaridade ou forma\u00e7\u00e3o exigida para o cargo;<\/li>\n\n\n\n<li>Ter idade m\u00ednima de 18 anos;<\/li>\n\n\n\n<li>Estar em pleno gozo dos direitos pol\u00edticos;<\/li>\n\n\n\n<li>Estar em dia com as obriga\u00e7\u00f5es eleitorais;<\/li>\n\n\n\n<li>Estar em dia com o servi\u00e7o militar, quando candidato do sexo masculino;<\/li>\n\n\n\n<li>Possuir aptid\u00e3o f\u00edsica e mental para o exerc\u00edcio da fun\u00e7\u00e3o;<\/li>\n\n\n\n<li>Possuir idoneidade moral, comprovada por certid\u00f5es negativas de antecedentes criminais;<\/li>\n\n\n\n<li>N\u00e3o ter perdido cargo eletivo (governador, vice, prefeito ou vice) por infra\u00e7\u00e3o legal nos \u00faltimos 8 anos;<\/li>\n\n\n\n<li>N\u00e3o ter contra si decis\u00e3o da Justi\u00e7a Eleitoral por abuso de poder econ\u00f4mico ou pol\u00edtico nos \u00faltimos 8 anos;<\/li>\n\n\n\n<li>N\u00e3o possuir condena\u00e7\u00e3o criminal (transitada em julgado ou por \u00f3rg\u00e3o colegiado) nos \u00faltimos 8 anos ap\u00f3s cumprimento da pena, especialmente por crimes:\n<ul class=\"wp-block-list\"><li>Contra a administra\u00e7\u00e3o p\u00fablica, patrim\u00f4nio p\u00fablico ou economia popular;<\/li>\n\n\n\n<li>Contra o sistema financeiro, mercado de capitais ou fal\u00eancia;<\/li>\n\n\n\n<li>Contra o meio ambiente e a sa\u00fade p\u00fablica;<\/li>\n\n\n\n<li>Eleitorais com pena privativa de liberdade;<\/li>\n\n\n\n<li>De abuso de autoridade com perda do cargo;<\/li>\n\n\n\n<li>Lavagem de dinheiro;<\/li>\n\n\n\n<li>Tr\u00e1fico de drogas, racismo, tortura, terrorismo e crimes hediondos;<\/li>\n\n\n\n<li>Redu\u00e7\u00e3o \u00e0 condi\u00e7\u00e3o an\u00e1loga \u00e0 escravid\u00e3o;<\/li>\n\n\n\n<li>Contra a vida e dignidade sexual;<\/li>\n\n\n\n<li>Praticados por organiza\u00e7\u00e3o criminosa;<\/li>\n<\/ul><\/li>\n\n\n\n<li>N\u00e3o ter suspens\u00e3o dos direitos pol\u00edticos por improbidade administrativa nos \u00faltimos 8 anos;<\/li>\n\n\n\n<li>N\u00e3o ter sido exclu\u00eddo do exerc\u00edcio profissional por infra\u00e7\u00e3o \u00e9tica nos \u00faltimos 8 anos (salvo decis\u00e3o judicial contr\u00e1ria);<\/li>\n\n\n\n<li>N\u00e3o ter sido demitido do servi\u00e7o p\u00fablico nos \u00faltimos 8 anos (salvo decis\u00e3o anulada ou suspensa);<\/li>\n\n\n\n<li>No caso de magistrados ou membros do Minist\u00e9rio P\u00fablico, n\u00e3o ter sofrido penalidades impeditivas nos \u00faltimos 8 anos;<\/li>\n\n\n\n<li>Apresentar os documentos comprobat\u00f3rios de escolaridade e pr\u00e9-requisitos exigidos;<\/li>\n\n\n\n<li>Cumprir todas as determina\u00e7\u00f5es do edital;<\/li>\n\n\n\n<li>N\u00e3o ter tido contrato REDA anterior com o Poder Executivo do Estado por per\u00edodo igual ou superior a 72 meses, salvo exce\u00e7\u00f5es legais.<\/li>\n<\/ul><h2 class=\"wp-block-heading\" id=\"materiais-para-o-concurso-inema\">Materiais para o concurso Inema<\/h2>\n\n\n\n<p>Quer alcan\u00e7ar a aprova\u00e7\u00e3o no concurso Inema? Ent\u00e3o \u00e9 fundamental contar com\u00a0<strong>materiais<\/strong>\u00a0de estudo pr\u00e1ticos e estabelecer uma\u00a0<strong>rotina<\/strong>\u00a0eficiente de estudos.<\/p>\n\n\n\n<p>A\u00a0<a href=\"https:\/\/www.novaconcursos.com.br\/portal\/concursos-abertos\/\">Nova Concursos<\/a>\u00a0\u00e9 refer\u00eancia na prepara\u00e7\u00e3o para concursos p\u00fablicos, com mais de\u00a0<strong>100 mil alunos aprovados<\/strong>! Com um\u00a0<a href=\"https:\/\/www.novaconcursos.com.br\/\">m\u00e9todo<\/a>\u00a0de estudo de alta qualidade e materiais completos, pode fazer toda a diferen\u00e7a na sua prepara\u00e7\u00e3o.<\/p>\n\n\n\n<p>Confira quais s\u00e3o esses materiais e garanta a vaga dos seus sonhos!<\/p>\n\n\n\n<h3 class=\"wp-block-heading\">Assinatura Nova Concursos<\/h3>\n\n\n\n<p>Na Nova Concursos, voc\u00ea n\u00e3o estuda sozinho. Com o nosso exclusivo\u00a0<a href=\"https:\/\/aprovacao.novaconcursos.com.br\/assinatura\/\">Plano do Especialista<\/a>, voc\u00ea segue um caminho guiado, estrat\u00e9gico e personalizado, com tutores prontos para te ajudar em cada etapa da jornada!<\/p>\n\n\n\n<p>Voc\u00ea ter\u00e1 acesso a materiais direcionados, cronogramas inteligentes, conte\u00fados otimizados e a experi\u00eancia de quem j\u00e1 ajudou mais de\u00a0<strong>100 mil alunos a conquistar a t\u00e3o sonhada vaga<\/strong>.<\/p>\n\n\n\n<h2 class=\"wp-block-heading\" id=\"ltimo-concurso-inema\">\u00daltimo concurso Inema<\/h2>\n\n\n\n<p>O \u00faltimo processo seletivo do Instituto do Meio Ambiente e Recursos H\u00eddricos (Inema) foi realizado por meio do Edital n\u00ba 001\/2024, na modalidade de Processo Seletivo Simplificado (PSS).<\/p>\n\n\n\n<p>A sele\u00e7\u00e3o ofertou 55 vagas para contrata\u00e7\u00e3o tempor\u00e1ria sob o Regime Especial de Direito Administrativo (REDA).<\/p>\n\n\n\n<p>O prazo de contrata\u00e7\u00e3o foi de at\u00e9 36 meses (3 anos), com possibilidade de renova\u00e7\u00e3o uma \u00fanica vez por igual per\u00edodo.<\/p>\n\n\n\n<p><strong>Remunera\u00e7\u00e3o<\/strong><\/p>\n\n\n\n<p>A remunera\u00e7\u00e3o total para a fun\u00e7\u00e3o de T\u00e9cnico de N\u00edvel Superior foi de <strong>R$ 3.373,21<\/strong>, composta por:<\/p>\n\n\n\n<ul class=\"wp-block-list\"><li>Vencimento b\u00e1sico: R$ 1.583,65<\/li>\n\n\n\n<li>Gratifica\u00e7\u00e3o de Fun\u00e7\u00e3o Tempor\u00e1ria: R$ 1.789,56<\/li>\n<\/ul><p>Al\u00e9m disso, os contratados tiveram direito aos seguintes benef\u00edcios:<\/p>\n\n\n\n<ul class=\"wp-block-list\"><li>Aux\u00edlio-transporte<\/li>\n\n\n\n<li>Aux\u00edlio-refei\u00e7\u00e3o no valor de R$ 20,00 por dia \u00fatil trabalhado<\/li>\n<\/ul><p>A jornada de trabalho foi de 40 horas semanais.<\/p>","protected":false},"excerpt":{"rendered":"<p>O novo concurso Inema contar\u00e1 com vagas para Especialista e T\u00e9cnico na \u00e1rea ambiental. Confira todos os detalhes! <\/p>\n","protected":false},"author":54693,"featured_media":307997,"comment_status":"closed","ping_status":"closed","sticky":false,"template":"","format":"standard","meta":{"_acf_changed":false,"footnotes":"","_wp_rev_ctl_limit":""},"categories":[44999,44951,44994],"tags":[],"class_list":["post-307996","post","type-post","status-publish","format-standard","has-post-thumbnail","hentry","category-concursos","category-ba","category-carreira-ambiental"],"acf":[],"_links":{"self":[{"href":"https:\/\/www.novaconcursos.com.br\/portal\/wp-json\/wp\/v2\/posts\/307996","targetHints":{"allow":["GET"]}}],"collection":[{"href":"https:\/\/www.novaconcursos.com.br\/portal\/wp-json\/wp\/v2\/posts"}],"about":[{"href":"https:\/\/www.novaconcursos.com.br\/portal\/wp-json\/wp\/v2\/types\/post"}],"author":[{"embeddable":true,"href":"https:\/\/www.novaconcursos.com.br\/portal\/wp-json\/wp\/v2\/users\/54693"}],"replies":[{"embeddable":true,"href":"https:\/\/www.novaconcursos.com.br\/portal\/wp-json\/wp\/v2\/comments?post=307996"}],"version-history":[{"count":2,"href":"https:\/\/www.novaconcursos.com.br\/portal\/wp-json\/wp\/v2\/posts\/307996\/revisions"}],"predecessor-version":[{"id":307999,"href":"https:\/\/www.novaconcursos.com.br\/portal\/wp-json\/wp\/v2\/posts\/307996\/revisions\/307999"}],"wp:featuredmedia":[{"embeddable":true,"href":"https:\/\/www.novaconcursos.com.br\/portal\/wp-json\/wp\/v2\/media\/307997"}],"wp:attachment":[{"href":"https:\/\/www.novaconcursos.com.br\/portal\/wp-json\/wp\/v2\/media?parent=307996"}],"wp:term":[{"taxonomy":"category","embeddable":true,"href":"https:\/\/www.novaconcursos.com.br\/portal\/wp-json\/wp\/v2\/categories?post=307996"},{"taxonomy":"post_tag","embeddable":true,"href":"https:\/\/www.novaconcursos.com.br\/portal\/wp-json\/wp\/v2\/tags?post=307996"}],"curies":[{"name":"wp","href":"https:\/\/api.w.org\/{rel}","templated":true}]}}