{"id":30885,"date":"2026-04-22T09:09:10","date_gmt":"2026-04-22T12:09:10","guid":{"rendered":"http:\/\/www.novaconcursos.com.br\/portal\/?post_type=nc-public-tender&#038;p=30885"},"modified":"2026-04-22T09:09:16","modified_gmt":"2026-04-22T12:09:16","slug":"concurso-saeb","status":"publish","type":"post","link":"https:\/\/www.novaconcursos.com.br\/portal\/concursos\/concurso-saeb\/","title":{"rendered":"Concurso Saeb: Comiss\u00e3o formada! Edital em breve!"},"content":{"rendered":"<p>O concurso Saeb \u00e9 a sele\u00e7\u00e3o prevista pela Secretaria da Administra\u00e7\u00e3o do Estado da Bahia para o provimento de cargos em \u00e1reas t\u00e9cnicas do servi\u00e7o p\u00fablico estadual. O certame \u00e9 aguardado por candidatos interessados em carreiras ligadas \u00e0 infraestrutura e gest\u00e3o p\u00fablica, com oportunidades em fun\u00e7\u00f5es estrat\u00e9gicas dentro da administra\u00e7\u00e3o.<\/p>\n\n\n\n<p>O novo edital j\u00e1 conta com <strong>comiss\u00e3o organizadora formada<\/strong>, o que representa um avan\u00e7o importante nos preparativos. A previs\u00e3o \u00e9 de que o concurso contemple vagas para as carreiras de <strong>Especialista em Obras P\u00fablicas<\/strong> e <strong>T\u00e9cnico em Obras P\u00fablicas<\/strong>, destinadas a candidatos de <strong>n\u00edveis superior e m\u00e9dio<\/strong>, respectivamente. Al\u00e9m disso, um outro edital tamb\u00e9m est\u00e1 previsto, ampliando as possibilidades de ingresso no servi\u00e7o p\u00fablico baiano.<\/p>\n\n\n\n<p>Com os preparativos em andamento, a expectativa \u00e9 de que novas informa\u00e7\u00f5es sobre vagas, etapas e cronograma sejam divulgadas em breve. Se voc\u00ea ficou interessado(a), continue a leitura e confira todos os detalhes e atualiza\u00e7\u00f5es sobre o concurso Saeb.<\/p>\n\n\n\n<h2 class=\"wp-block-heading\" id=\"concurso-saeb-ba-situao-atual\">Concurso SAEB BA: Situa\u00e7\u00e3o atual<\/h2>\n\n\n\n<p>O novo concurso SAEB BA (<a href=\"https:\/\/www.ba.gov.br\/administracao\/\" target=\"_blank\" rel=\"noopener\">Secretaria da Administra\u00e7\u00e3o do Estado da Bahia<\/a>) avan\u00e7ou e est\u00e1 mais pr\u00f3ximo da publica\u00e7\u00e3o do edital ap\u00f3s a forma\u00e7\u00e3o da <strong>comiss\u00e3o organizadora<\/strong>.<\/p>\n\n\n\n<p>A medida foi oficializada por meio de portaria conjunta entre a Saeb e outros \u00f3rg\u00e3os estaduais, que designou seis servidores respons\u00e1veis por conduzir os preparativos do certame. <\/p>\n\n\n\n<p>Confira o documento:<\/p>\n\n\n\n<figure class=\"wp-block-image size-full\"><img decoding=\"async\" width=\"522\" height=\"643\" src=\"https:\/\/www.novaconcursos.com.br\/portal\/wp-content\/uploads\/2026\/04\/comissao-concurso-saeb.webp\" alt=\"Concurso Saeb\" class=\"wp-image-307556\" loading=\"lazy\" title=\"\" srcset=\"https:\/\/www.novaconcursos.com.br\/portal\/wp-content\/uploads\/2026\/04\/comissao-concurso-saeb-244x300.webp 244w, https:\/\/www.novaconcursos.com.br\/portal\/wp-content\/uploads\/2026\/04\/comissao-concurso-saeb-480x591.webp 480w, https:\/\/www.novaconcursos.com.br\/portal\/wp-content\/uploads\/2026\/04\/comissao-concurso-saeb.webp 522w\" sizes=\"auto, (max-width: 480px) 100vw, (max-width: 768px) 100vw, (max-width: 1200px) 70vw, 768px\"><figcaption><\/figcaption><\/figure><p>A sele\u00e7\u00e3o contemplar\u00e1 os cargos de <strong>Especialista em Obras P\u00fablicas <\/strong>e <strong>T\u00e9cnico em Obras P\u00fablicas.<\/strong><\/p>\n\n\n\n<p>O concurso Saeb BA j\u00e1 havia sido anunciado em 2025 pelo governador Jer\u00f4nimo Rodrigues. A previs\u00e3o inclui a oferta de <strong>40 vagas<\/strong> destinadas \u00e0 Secretaria da Administra\u00e7\u00e3o.<\/p>\n\n\n\n<p>Al\u00e9m desse edital, tamb\u00e9m h\u00e1 a expectativa de um novo concurso para o cargo de Especialista em Pol\u00edticas P\u00fablicas e Gest\u00e3o Governamental (EPPGG), ampliando as oportunidades no estado.<\/p>\n\n\n\n<p>A previs\u00e3o \u00e9 de que os certames sejam realizados ao longo de 2026, com nomea\u00e7\u00f5es previstas para 2027, em raz\u00e3o das restri\u00e7\u00f5es do per\u00edodo eleitoral.<\/p>\n\n\n\n<p>Vale destacar que a realiza\u00e7\u00e3o do concurso SAEB j\u00e1 estava prevista na Lei Or\u00e7ament\u00e1ria Anual (PLOA) de 2026, refor\u00e7ando o planejamento do governo para a reposi\u00e7\u00e3o de pessoal.<\/p>\n\n\n\n<h2 class=\"wp-block-heading\" id=\"requisitos\">Requisitos<\/h2>\n\n\n\n<p>Confira quais foram os requisitos exigidos no \u00faltimo edital:<\/p>\n\n\n\n<ul class=\"wp-block-list\"><li>Ter nacionalidade brasileira ou portuguesa;\n<ul class=\"wp-block-list\"><li>No caso de nacionalidade portuguesa, estar amparado pelo Estatuto de Igualdade entre Brasileiros e Portugueses, com reconhecimento do gozo dos direitos pol\u00edticos, conforme o \u00a71\u00ba do art. 12 da Constitui\u00e7\u00e3o Federal;<\/li>\n<\/ul><\/li>\n\n\n\n<li>Ter idade m\u00ednima de 18 anos;<\/li>\n\n\n\n<li>Estar em pleno gozo dos direitos pol\u00edticos;<\/li>\n\n\n\n<li>Estar em dia com as obriga\u00e7\u00f5es eleitorais;<\/li>\n\n\n\n<li>Estar em dia com o servi\u00e7o militar, para candidatos do sexo masculino;<\/li>\n\n\n\n<li>Possuir aptid\u00e3o f\u00edsica e mental para o exerc\u00edcio do cargo\/\u00e1rea;<\/li>\n\n\n\n<li>Possuir idoneidade moral, comprovada pela inexist\u00eancia de antecedentes criminais, mediante certid\u00f5es negativas de \u00f3rg\u00e3os policiais e judiciais;<\/li>\n\n\n\n<li>N\u00e3o ter perdido cargo eletivo (governador, vice, prefeito ou vice) por infra\u00e7\u00e3o constitucional ou legal nos \u00faltimos 8 anos;<\/li>\n\n\n\n<li>N\u00e3o ter contra si decis\u00e3o da Justi\u00e7a Eleitoral transitada em julgado por abuso de poder econ\u00f4mico ou pol\u00edtico nos \u00faltimos 8 anos;<\/li>\n\n\n\n<li>N\u00e3o possuir condena\u00e7\u00e3o criminal (transitada em julgado ou por \u00f3rg\u00e3o colegiado) nos \u00faltimos 8 anos ap\u00f3s cumprimento da pena, especialmente por crimes:\n<ul class=\"wp-block-list\"><li>Contra a administra\u00e7\u00e3o p\u00fablica, patrim\u00f4nio p\u00fablico ou economia popular;<\/li>\n\n\n\n<li>Contra o sistema financeiro, mercado de capitais ou fal\u00eancia;<\/li>\n\n\n\n<li>Contra o meio ambiente e a sa\u00fade p\u00fablica;<\/li>\n\n\n\n<li>Eleitorais com pena privativa de liberdade;<\/li>\n\n\n\n<li>De abuso de autoridade com perda do cargo;<\/li>\n\n\n\n<li>Lavagem de dinheiro;<\/li>\n\n\n\n<li>Tr\u00e1fico de drogas, racismo, tortura, terrorismo e crimes hediondos;<\/li>\n\n\n\n<li>Redu\u00e7\u00e3o \u00e0 condi\u00e7\u00e3o an\u00e1loga \u00e0 escravid\u00e3o;<\/li>\n\n\n\n<li>Contra a vida e dignidade sexual;<\/li>\n\n\n\n<li>Praticados por organiza\u00e7\u00e3o criminosa;<\/li>\n<\/ul><\/li>\n\n\n\n<li>N\u00e3o ter suspens\u00e3o dos direitos pol\u00edticos por improbidade administrativa com decis\u00e3o transitada em julgado nos \u00faltimos 8 anos;<\/li>\n\n\n\n<li>N\u00e3o ter sido exclu\u00eddo do exerc\u00edcio profissional por infra\u00e7\u00e3o \u00e9tico-profissional nos \u00faltimos 8 anos (salvo decis\u00e3o judicial contr\u00e1ria);<\/li>\n\n\n\n<li>N\u00e3o ter sido demitido do servi\u00e7o p\u00fablico por processo administrativo ou judicial nos \u00faltimos 8 anos (salvo decis\u00e3o anulada ou suspensa);<\/li>\n\n\n\n<li>No caso de magistrados ou membros do Minist\u00e9rio P\u00fablico, n\u00e3o ter sido aposentado compulsoriamente ou perdido o cargo por san\u00e7\u00e3o nos \u00faltimos 8 anos;<\/li>\n\n\n\n<li>Apresentar os documentos comprobat\u00f3rios de escolaridade e demais pr\u00e9-requisitos exigidos no edital.<\/li>\n<\/ul><h2 class=\"wp-block-heading\" id=\"o-que-cai-na-prova-do-concurso-saeb\">O que cai na prova do concurso Saeb?<\/h2>\n\n\n\n<p>Confira o que caiu na prova do concurso Saeb, de acordo com o \u00faltimo edital publicado:<\/p>\n\n\n\n<h3 class=\"wp-block-heading\">L\u00edngua Portuguesa<\/h3>\n\n\n\n<ul class=\"wp-block-list\"><li>G\u00eaneros textuais: liter\u00e1rio e n\u00e3o liter\u00e1rio (narrativo, descritivo e argumentativo)<\/li>\n\n\n\n<li>Interpreta\u00e7\u00e3o de textos e organiza\u00e7\u00e3o interna<\/li>\n\n\n\n<li>Sem\u00e2ntica\n<ul class=\"wp-block-list\"><li>Sentido e emprego dos voc\u00e1bulos<\/li>\n\n\n\n<li>Campos sem\u00e2nticos<\/li>\n\n\n\n<li>Tempos e modos verbais<\/li>\n<\/ul><\/li>\n\n\n\n<li>Morfologia\n<ul class=\"wp-block-list\"><li>Classes gramaticais<\/li>\n\n\n\n<li>Forma\u00e7\u00e3o de palavras<\/li>\n\n\n\n<li>Flex\u00e3o nominal e verbal<\/li>\n<\/ul><\/li>\n\n\n\n<li>Sintaxe\n<ul class=\"wp-block-list\"><li>Frase, ora\u00e7\u00e3o e per\u00edodo<\/li>\n\n\n\n<li>Termos da ora\u00e7\u00e3o<\/li>\n\n\n\n<li>Coordena\u00e7\u00e3o e subordina\u00e7\u00e3o<\/li>\n\n\n\n<li>Concord\u00e2ncia nominal e verbal<\/li>\n\n\n\n<li>Reg\u00eancia nominal e verbal<\/li>\n\n\n\n<li>Coloca\u00e7\u00e3o pronominal<\/li>\n\n\n\n<li>Coes\u00e3o textual<\/li>\n<\/ul><\/li>\n\n\n\n<li>Ortografia<\/li>\n\n\n\n<li>Acentua\u00e7\u00e3o gr\u00e1fica<\/li>\n\n\n\n<li>Crase<\/li>\n\n\n\n<li>Pontua\u00e7\u00e3o<\/li>\n\n\n\n<li>Reescrita de frases\n<ul class=\"wp-block-list\"><li>Substitui\u00e7\u00e3o<\/li>\n\n\n\n<li>Deslocamento<\/li>\n\n\n\n<li>Paralelismo<\/li>\n<\/ul><\/li>\n\n\n\n<li>Varia\u00e7\u00e3o lingu\u00edstica (norma culta)<\/li>\n<\/ul><h3 class=\"wp-block-heading\">Direito Constitucional<\/h3>\n\n\n\n<ul class=\"wp-block-list\"><li>Direitos e garantias fundamentais<\/li>\n\n\n\n<li>Direitos individuais e coletivos<\/li>\n\n\n\n<li>Direitos sociais<\/li>\n\n\n\n<li>Rem\u00e9dios constitucionais (mandado de seguran\u00e7a, habeas corpus, habeas data, mandado de injun\u00e7\u00e3o, a\u00e7\u00e3o popular)<\/li>\n\n\n\n<li>Nacionalidade, cidadania e direitos pol\u00edticos<\/li>\n\n\n\n<li>Partidos pol\u00edticos<\/li>\n\n\n\n<li>Organiza\u00e7\u00e3o do Estado\n<ul class=\"wp-block-list\"><li>Uni\u00e3o, Estados, DF e Munic\u00edpios<\/li>\n\n\n\n<li>Compet\u00eancias<\/li>\n<\/ul><\/li>\n\n\n\n<li>Administra\u00e7\u00e3o P\u00fablica e servidores p\u00fablicos<\/li>\n\n\n\n<li>Poder Executivo<\/li>\n\n\n\n<li>Formas e sistemas de governo<\/li>\n\n\n\n<li>Minist\u00e9rio P\u00fablico<\/li>\n\n\n\n<li>Seguran\u00e7a p\u00fablica<\/li>\n\n\n\n<li>Ordem social: seguridade social, meio ambiente, fam\u00edlia, crian\u00e7a, adolescente, jovem e idoso<\/li>\n<\/ul><h3 class=\"wp-block-heading\">Direito Administrativo<\/h3>\n\n\n\n<ul class=\"wp-block-list\"><li>Conceito, fontes e princ\u00edpios<\/li>\n\n\n\n<li>Administra\u00e7\u00e3o p\u00fablica: organiza\u00e7\u00e3o direta e indireta<\/li>\n\n\n\n<li>Centraliza\u00e7\u00e3o, descentraliza\u00e7\u00e3o, concentra\u00e7\u00e3o e desconcentra\u00e7\u00e3o<\/li>\n\n\n\n<li>Agentes p\u00fablicos\n<ul class=\"wp-block-list\"><li>Esp\u00e9cies<\/li>\n\n\n\n<li>Direitos e deveres<\/li>\n\n\n\n<li>Regime jur\u00eddico<\/li>\n\n\n\n<li>Responsabilidades<\/li>\n<\/ul><\/li>\n\n\n\n<li>Poderes administrativos\n<ul class=\"wp-block-list\"><li>Vinculado, discricion\u00e1rio, hier\u00e1rquico, disciplinar, regulamentar e de pol\u00edcia<\/li>\n<\/ul><\/li>\n\n\n\n<li>Atos administrativos\n<ul class=\"wp-block-list\"><li>Conceito, requisitos, atributos<\/li>\n\n\n\n<li>Classifica\u00e7\u00e3o e extin\u00e7\u00e3o<\/li>\n<\/ul><\/li>\n\n\n\n<li>Servi\u00e7os p\u00fablicos\n<ul class=\"wp-block-list\"><li>Conceito, classifica\u00e7\u00e3o e delega\u00e7\u00e3o<\/li>\n<\/ul><\/li>\n\n\n\n<li>Controle da Administra\u00e7\u00e3o P\u00fablica\n<ul class=\"wp-block-list\"><li>Administrativo, judicial e legislativo<\/li>\n<\/ul><\/li>\n\n\n\n<li>Responsabilidade civil do Estado<\/li>\n\n\n\n<li>Improbidade administrativa<\/li>\n\n\n\n<li>Bens p\u00fablicos<\/li>\n\n\n\n<li>Interven\u00e7\u00e3o do Estado na propriedade<\/li>\n<\/ul><h3 class=\"wp-block-heading\">Direito Tribut\u00e1rio<\/h3>\n\n\n\n<ul class=\"wp-block-list\"><li>Conceito e esp\u00e9cies de tributos\n<ul class=\"wp-block-list\"><li>Impostos, taxas, contribui\u00e7\u00f5es, empr\u00e9stimos compuls\u00f3rios<\/li>\n<\/ul><\/li>\n\n\n\n<li>Legisla\u00e7\u00e3o tribut\u00e1ria\n<ul class=\"wp-block-list\"><li>Constitui\u00e7\u00e3o, leis, decretos e normas complementares<\/li>\n<\/ul><\/li>\n\n\n\n<li>Vig\u00eancia, aplica\u00e7\u00e3o, interpreta\u00e7\u00e3o e integra\u00e7\u00e3o da legisla\u00e7\u00e3o<\/li>\n\n\n\n<li>Obriga\u00e7\u00e3o tribut\u00e1ria\n<ul class=\"wp-block-list\"><li>Principal e acess\u00f3ria<\/li>\n\n\n\n<li>Fato gerador<\/li>\n\n\n\n<li>Sujeitos ativo e passivo<\/li>\n<\/ul><\/li>\n\n\n\n<li>Capacidade tribut\u00e1ria e domic\u00edlio tribut\u00e1rio<\/li>\n\n\n\n<li>Sistema Tribut\u00e1rio Nacional<\/li>\n\n\n\n<li>Limita\u00e7\u00f5es ao poder de tributar<\/li>\n\n\n\n<li>Compet\u00eancia tribut\u00e1ria\n<ul class=\"wp-block-list\"><li>Uni\u00e3o<\/li>\n\n\n\n<li>Estados e DF<\/li>\n\n\n\n<li>Munic\u00edpios<\/li>\n<\/ul><\/li>\n\n\n\n<li>Reparti\u00e7\u00e3o de receitas tribut\u00e1rias<\/li>\n<\/ul><h3 class=\"wp-block-heading\">Contabilidade Geral<\/h3>\n\n\n\n<ul class=\"wp-block-list\"><li>Conceitos, objetivos e finalidades<\/li>\n\n\n\n<li>Patrim\u00f4nio e equa\u00e7\u00e3o patrimonial<\/li>\n\n\n\n<li>Atos e fatos administrativos<\/li>\n\n\n\n<li>Contas\n<ul class=\"wp-block-list\"><li>D\u00e9bito, cr\u00e9dito e saldo<\/li>\n\n\n\n<li>Plano de contas<\/li>\n<\/ul><\/li>\n\n\n\n<li>Escritura\u00e7\u00e3o cont\u00e1bil\n<ul class=\"wp-block-list\"><li>Lan\u00e7amentos<\/li>\n\n\n\n<li>Regime de compet\u00eancia e de caixa<\/li>\n<\/ul><\/li>\n\n\n\n<li>Opera\u00e7\u00f5es cont\u00e1beis\n<ul class=\"wp-block-list\"><li>Juros, tributos, folha, compras, vendas, deprecia\u00e7\u00e3o<\/li>\n<\/ul><\/li>\n\n\n\n<li>Balancete de verifica\u00e7\u00e3o<\/li>\n\n\n\n<li>Balan\u00e7o patrimonial<\/li>\n\n\n\n<li>Demonstra\u00e7\u00e3o do resultado do exerc\u00edcio<\/li>\n\n\n\n<li>Lei n\u00ba 6.404\/1976<\/li>\n\n\n\n<li>Normas do CPC e NBC TSP<\/li>\n<\/ul><h3 class=\"wp-block-heading\">Estat\u00edstica<\/h3>\n\n\n\n<ul class=\"wp-block-list\"><li>Vari\u00e1veis qualitativas e quantitativas<\/li>\n\n\n\n<li>S\u00e9ries estat\u00edsticas<\/li>\n\n\n\n<li>Organiza\u00e7\u00e3o e apresenta\u00e7\u00e3o de dados<\/li>\n\n\n\n<li>Medidas de posi\u00e7\u00e3o\n<ul class=\"wp-block-list\"><li>M\u00e9dia, moda, mediana, quartis<\/li>\n<\/ul><\/li>\n\n\n\n<li>Medidas de dispers\u00e3o\n<ul class=\"wp-block-list\"><li>Amplitude, vari\u00e2ncia, desvio padr\u00e3o<\/li>\n<\/ul><\/li>\n\n\n\n<li>Distribui\u00e7\u00f5es de probabilidade\n<ul class=\"wp-block-list\"><li>Binomial e normal<\/li>\n<\/ul><\/li>\n\n\n\n<li>Infer\u00eancia estat\u00edstica\n<ul class=\"wp-block-list\"><li>Estima\u00e7\u00e3o<\/li>\n\n\n\n<li>Intervalos de confian\u00e7a<\/li>\n\n\n\n<li>Testes de hip\u00f3teses<\/li>\n<\/ul><\/li>\n\n\n\n<li>Regress\u00e3o linear<\/li>\n\n\n\n<li>Amostragem<\/li>\n\n\n\n<li>An\u00e1lise multivariada<\/li>\n\n\n\n<li>S\u00e9ries temporais<\/li>\n<\/ul><h3 class=\"wp-block-heading\">No\u00e7\u00f5es de Igualdade Racial e de G\u00eanero<\/h3>\n\n\n\n<ul class=\"wp-block-list\"><li>Constitui\u00e7\u00e3o Federal (arts. 1\u00ba ao 5\u00ba)<\/li>\n\n\n\n<li>Constitui\u00e7\u00e3o do Estado da Bahia (cap\u00edtulo sobre o negro)<\/li>\n\n\n\n<li>Estatuto da Igualdade Racial (Lei n\u00ba 12.288\/2010)<\/li>\n\n\n\n<li>Crimes de preconceito racial (Leis n\u00ba 7.716\/1989 e n\u00ba 9.459\/1997)<\/li>\n\n\n\n<li>Conven\u00e7\u00f5es internacionais\n<ul class=\"wp-block-list\"><li>Elimina\u00e7\u00e3o da discrimina\u00e7\u00e3o racial<\/li>\n\n\n\n<li>Elimina\u00e7\u00e3o da discrimina\u00e7\u00e3o contra a mulher<\/li>\n<\/ul><\/li>\n\n\n\n<li>Lei Maria da Penha (Lei n\u00ba 11.340\/2006)<\/li>\n\n\n\n<li>Crime de tortura (Lei n\u00ba 9.455\/1997)<\/li>\n\n\n\n<li>Crime de genoc\u00eddio (Lei n\u00ba 2.889\/1956)<\/li>\n\n\n\n<li>Lei Ca\u00f3 (Lei n\u00ba 7.437\/1985)<\/li>\n\n\n\n<li>Legisla\u00e7\u00e3o estadual e federal sobre promo\u00e7\u00e3o da igualdade racial<\/li>\n\n\n\n<li>Pol\u00edticas p\u00fablicas de igualdade racial e de g\u00eanero<\/li>\n<\/ul><h2 class=\"wp-block-heading\" id=\"materiais-preparatrios-para-o-concurso-sefaz-rj\">Materiais para o concurso Saeb<\/h2>\n\n\n\n<p>Quer alcan\u00e7ar a aprova\u00e7\u00e3o no concurso Saeb? Ent\u00e3o \u00e9 fundamental contar com\u00a0<strong>materiais<\/strong>\u00a0de estudo pr\u00e1ticos e estabelecer uma\u00a0<strong>rotina<\/strong>\u00a0eficiente de estudos.<\/p>\n\n\n\n<p>A\u00a0<a href=\"https:\/\/www.novaconcursos.com.br\/portal\/concursos-abertos\/\">Nova Concursos<\/a>\u00a0\u00e9 refer\u00eancia na prepara\u00e7\u00e3o para concursos p\u00fablicos, com mais de\u00a0<strong>100 mil alunos aprovados<\/strong>! Com um\u00a0<a href=\"https:\/\/www.novaconcursos.com.br\/\">m\u00e9todo<\/a>\u00a0de estudo de alta qualidade e materiais completos, pode fazer toda a diferen\u00e7a na sua prepara\u00e7\u00e3o.<\/p>\n\n\n\n<p>Confira quais s\u00e3o esses materiais e garanta a vaga dos seus sonhos!<\/p>\n\n\n\n<h3 class=\"wp-block-heading\">Assinatura Nova Concursos<\/h3>\n\n\n\n<p>Na Nova Concursos, voc\u00ea n\u00e3o estuda sozinho. Com o nosso exclusivo\u00a0<a href=\"https:\/\/aprovacao.novaconcursos.com.br\/assinatura\/\">Plano do Especialista<\/a>, voc\u00ea segue um caminho guiado, estrat\u00e9gico e personalizado, com tutores prontos para te ajudar em cada etapa da jornada!<\/p>\n\n\n\n<p>Voc\u00ea ter\u00e1 acesso a materiais direcionados, cronogramas inteligentes, conte\u00fados otimizados e a experi\u00eancia de quem j\u00e1 ajudou mais de\u00a0<strong>100 mil alunos a conquistar a t\u00e3o sonhada vaga<\/strong><\/p>","protected":false},"excerpt":{"rendered":"<p>Concurso Saeb ofertar\u00e1 vagas de n\u00edveis m\u00e9dio e superior! Comiss\u00e3o formada! Confira os detalhes.<\/p>\n","protected":false},"author":54693,"featured_media":307557,"comment_status":"closed","ping_status":"closed","sticky":false,"template":"","format":"standard","meta":{"_acf_changed":false,"footnotes":"","_wp_rev_ctl_limit":""},"categories":[44999,44951,44939],"tags":[45774],"class_list":["post-30885","post","type-post","status-publish","format-standard","has-post-thumbnail","hentry","category-concursos","category-ba","category-carreira-administrativa","tag-concurso-saeb"],"acf":[],"_links":{"self":[{"href":"https:\/\/www.novaconcursos.com.br\/portal\/wp-json\/wp\/v2\/posts\/30885","targetHints":{"allow":["GET"]}}],"collection":[{"href":"https:\/\/www.novaconcursos.com.br\/portal\/wp-json\/wp\/v2\/posts"}],"about":[{"href":"https:\/\/www.novaconcursos.com.br\/portal\/wp-json\/wp\/v2\/types\/post"}],"author":[{"embeddable":true,"href":"https:\/\/www.novaconcursos.com.br\/portal\/wp-json\/wp\/v2\/users\/54693"}],"replies":[{"embeddable":true,"href":"https:\/\/www.novaconcursos.com.br\/portal\/wp-json\/wp\/v2\/comments?post=30885"}],"version-history":[{"count":3,"href":"https:\/\/www.novaconcursos.com.br\/portal\/wp-json\/wp\/v2\/posts\/30885\/revisions"}],"predecessor-version":[{"id":307563,"href":"https:\/\/www.novaconcursos.com.br\/portal\/wp-json\/wp\/v2\/posts\/30885\/revisions\/307563"}],"wp:featuredmedia":[{"embeddable":true,"href":"https:\/\/www.novaconcursos.com.br\/portal\/wp-json\/wp\/v2\/media\/307557"}],"wp:attachment":[{"href":"https:\/\/www.novaconcursos.com.br\/portal\/wp-json\/wp\/v2\/media?parent=30885"}],"wp:term":[{"taxonomy":"category","embeddable":true,"href":"https:\/\/www.novaconcursos.com.br\/portal\/wp-json\/wp\/v2\/categories?post=30885"},{"taxonomy":"post_tag","embeddable":true,"href":"https:\/\/www.novaconcursos.com.br\/portal\/wp-json\/wp\/v2\/tags?post=30885"}],"curies":[{"name":"wp","href":"https:\/\/api.w.org\/{rel}","templated":true}]}}