{"id":30997,"date":"2015-12-07T17:15:32","date_gmt":"2015-12-07T19:15:32","guid":{"rendered":"http:\/\/www.novaconcursos.com.br\/portal\/?post_type=nc-public-tender&#038;p=30997"},"modified":"2025-04-23T17:22:20","modified_gmt":"2025-04-23T20:22:20","slug":"concurso-prefeitura-de-rio-acima-mg","status":"publish","type":"post","link":"https:\/\/www.novaconcursos.com.br\/portal\/concursos\/concurso-prefeitura-de-rio-acima-mg\/","title":{"rendered":"Concurso Prefeitura de Rio Acima &#8211; MG"},"content":{"rendered":"<p><a href=\"https:\/\/www.novaconcursos.com.br\/portal\/wp-content\/uploads\/2015\/12\/prefeitura-de-rio-acima-logo.jpg\"><img decoding=\"async\" class=\" size-full wp-image-30989 alignleft\" src=\"https:\/\/www.novaconcursos.com.br\/portal\/wp-content\/uploads\/2015\/12\/prefeitura-de-rio-acima-logo.jpg\" alt=\"prefeitura de rio acima logo\" width=\"143\" height=\"122\" loading=\"lazy\" title=\"\"><\/a>A Prefeitura de <strong>Rio Acima<\/strong> \u2013 MG publicou <strong>dois editais de concurso<\/strong> que somam, ao todo, <strong>262 vagas<\/strong> para candidatos de todos os n\u00edveis de escolaridade, com sal\u00e1rios que variam de <strong>R$ 550,56 a R$9.868,86<\/strong>.<\/p>\n<p><strong>Adiante seus estudos para esta prova!<\/strong><br><span style=\"text-decoration: underline; color: #0000ff;\"><strong><a style=\"color: #0000ff; text-decoration: underline;\" href=\"https:\/\/www.novaconcursos.com.br\/apostila-concurso\/completao-dos-concursos\" target=\"_blank\" rel=\"noopener\">Compre aqui: Apostila Complet\u00e3o dos Concursos<\/a><\/strong><\/span><\/p>\n<p><strong>Vagas<\/strong><\/p>\n<p>As oportunidades s\u00e3o para:<\/p>\n<p><strong>N\u00edvel fundamental:<\/strong> Almoxarife (1), Assistente de Se\u00e7\u00e3o (14), Encarregado de Secretaria (4), Guarda Municipal (9), Recepcionista (5), Auxiliar de Servi\u00e7os Gerais (28), Eletricista (1), Jardineiro (2), Lavadeira (1), Motorista II (4), Operador de M\u00e1quinas pesadas (2), Porteiro (Assis. Apoio Escolar) (4), Servente Escolar (9), Vigia (3), Vigia (Ass. Apoio Escolar) (13).<\/p>\n<p><strong>N\u00edvel m\u00e9dio:<\/strong> Assistente Administrativo (4), Assistente de Atividades Escolares (9), Auxiliar Administrativo (2), Auxiliar de Biblioteca Escolar (3), Fiscal de Posturas (1), Secret\u00e1rio Escolar (3).<\/p>\n<p><strong>N\u00edvel T\u00e9cnico:<\/strong> Professor I \u2013 Educa\u00e7\u00e3o Infantil (49), Professor de Inform\u00e1tica (3), T\u00e9cnico de Enfermagem PSF (5),T\u00e9cnico em Seguran\u00e7a do Trabalho (1), T\u00e9cnico em Contabilidade (1), T\u00e9cnico em Farm\u00e1cia (2), T\u00e9cnico em Laborat\u00f3rio (2).<\/p>\n<p><strong>N\u00edvel superior:<\/strong><\/p>\n<p><em>\u00c1rea da sa\u00fade:<\/em> Bioqu\u00edmico (1), Cirurgi\u00e3o Dentista (1), Enfermeiro (4), Farmac\u00eautico (1), Fonoaudi\u00f3logo (1), M\u00e9dico do Trabalho (1), M\u00e9dico Plantonista (9), Psic\u00f3logo (2), Terapeuta Ocupacional (1), Enfermeiro PSF (3), M\u00e9dico PSF (3)<br><em>\u00c1rea da educa\u00e7\u00e3o:<\/em> Pedagogo (6), Professor de diversas s\u00e9ries (18)<br><em>Demais \u00e1reas:<\/em> Assistente Social (6), Seguran\u00e7a do Trabalho (1)<\/p>\n<p><strong>Cronograma<\/strong><\/p>\n<p>Os interessados em participar das sele\u00e7\u00f5es devem se inscrever das 14h <strong>do dia 3 de fevereiro at\u00e9 o dia 3 de mar\u00e7o de 2016<\/strong>, pelo <em>site<\/em> da organizadora Idecan. As taxas de inscri\u00e7\u00e3o variam de R$45 a R$95, de acordo com o cargo.<\/p>\n<p>As inscri\u00e7\u00f5es podem ser feitas tamb\u00e9m pessoalmente na sede da Prefeitura Municipal de Rio Acima, na Rua Ant\u00f4nio Carlos, s\/n, Centro, Rio Acima\/MG, no hor\u00e1rio de 12h \u00e0s 17h.<\/p>\n<p>As provas est\u00e3o previstas para acontecer no dia <strong>10 de abril de 2016.<\/strong><\/p>\n<p><strong>Concurso anterior<\/strong><\/p>\n<p>O \u00faltimo concurso realizado pela Prefeitura do munic\u00edpio aconteceu em setembro de 2013 para selecionar 6 novos profissionais para o cargo de Agente Comunit\u00e1rio de Sa\u00fade, de n\u00edvel fundamental. A organizadora das provas, na \u00e9poca, foi a Seap Concursos.<\/p>","protected":false},"excerpt":{"rendered":"<p>Prefeitura de Rio Acima &#8211; MG abre em 2016 inscri\u00e7\u00f5es para concurso com 262 vagas pra todos os n\u00edveis de escolaridade. Sal\u00e1rios chegam a R$9,8 mil. Confira!<\/p>\n","protected":false},"author":16,"featured_media":30989,"comment_status":"closed","ping_status":"closed","sticky":false,"template":"","format":"standard","meta":{"_acf_changed":false,"footnotes":"","_wp_rev_ctl_limit":""},"categories":[44999],"tags":[],"class_list":["post-30997","post","type-post","status-publish","format-standard","has-post-thumbnail","hentry","category-concursos"],"acf":[],"_links":{"self":[{"href":"https:\/\/www.novaconcursos.com.br\/portal\/wp-json\/wp\/v2\/posts\/30997","targetHints":{"allow":["GET"]}}],"collection":[{"href":"https:\/\/www.novaconcursos.com.br\/portal\/wp-json\/wp\/v2\/posts"}],"about":[{"href":"https:\/\/www.novaconcursos.com.br\/portal\/wp-json\/wp\/v2\/types\/post"}],"author":[{"embeddable":true,"href":"https:\/\/www.novaconcursos.com.br\/portal\/wp-json\/wp\/v2\/users\/16"}],"replies":[{"embeddable":true,"href":"https:\/\/www.novaconcursos.com.br\/portal\/wp-json\/wp\/v2\/comments?post=30997"}],"version-history":[{"count":2,"href":"https:\/\/www.novaconcursos.com.br\/portal\/wp-json\/wp\/v2\/posts\/30997\/revisions"}],"predecessor-version":[{"id":280452,"href":"https:\/\/www.novaconcursos.com.br\/portal\/wp-json\/wp\/v2\/posts\/30997\/revisions\/280452"}],"wp:featuredmedia":[{"embeddable":true,"href":"https:\/\/www.novaconcursos.com.br\/portal\/wp-json\/wp\/v2\/media\/30989"}],"wp:attachment":[{"href":"https:\/\/www.novaconcursos.com.br\/portal\/wp-json\/wp\/v2\/media?parent=30997"}],"wp:term":[{"taxonomy":"category","embeddable":true,"href":"https:\/\/www.novaconcursos.com.br\/portal\/wp-json\/wp\/v2\/categories?post=30997"},{"taxonomy":"post_tag","embeddable":true,"href":"https:\/\/www.novaconcursos.com.br\/portal\/wp-json\/wp\/v2\/tags?post=30997"}],"curies":[{"name":"wp","href":"https:\/\/api.w.org\/{rel}","templated":true}]}}