{"id":31127,"date":"2026-07-15T10:17:40","date_gmt":"2026-07-15T13:17:40","guid":{"rendered":"http:\/\/www.novaconcursos.com.br\/portal\/?post_type=nc-public-tender&#038;p=31127"},"modified":"2026-07-15T10:17:46","modified_gmt":"2026-07-15T13:17:46","slug":"concurso-abin","status":"publish","type":"post","link":"https:\/\/www.novaconcursos.com.br\/portal\/concursos\/concurso-abin\/","title":{"rendered":"Concurso Abin: MGI nega solicita\u00e7\u00e3o de novo edital!"},"content":{"rendered":"<p class=\"wp-block-paragraph\">O<strong> concurso Abin<\/strong> \u00e9 a sele\u00e7\u00e3o realizada pela Ag\u00eancia Brasileira de Intelig\u00eancia (Abin), destinada ao provimento de cargos efetivos para refor\u00e7ar o quadro de servidores do \u00f3rg\u00e3o. Um novo edital para a Abin era aguardado, por\u00e9m, o pedido de autoriza\u00e7\u00e3o foi <strong>negado<\/strong> pelo Governo Federal neste momento.<\/p>\n\n\n\n<p class=\"wp-block-paragraph\">A solicita\u00e7\u00e3o encaminhada ao Minist\u00e9rio da Gest\u00e3o e da Inova\u00e7\u00e3o em Servi\u00e7os P\u00fablicos (MGI) previa 301 vagas para cargos de n\u00edvel superior, mas foi indeferida em raz\u00e3o das limita\u00e7\u00f5es or\u00e7ament\u00e1rias previstas na Lei Or\u00e7ament\u00e1ria Anual (LOA) de 2026.<\/p>\n\n\n\n<p class=\"wp-block-paragraph\">Mesmo com a negativa, a Abin continua apresentando um elevado d\u00e9ficit de servidores, o que mant\u00e9m a expectativa pela abertura de um novo certame futuramente. Confira, a seguir, mais detalhes sobre a decis\u00e3o do governo, as vagas solicitadas, remunera\u00e7\u00f5es, requisitos e o panorama atual da sele\u00e7\u00e3o da Ag\u00eancia Brasileira de Intelig\u00eancia.<\/p>\n\n\n\n<h2 class=\"wp-block-heading\" id=\"concurso-abin-situao-atual\">Concurso Abin: Situa\u00e7\u00e3o atual!<\/h2>\n\n\n\n<p class=\"wp-block-paragraph\">O Minist\u00e9rio da Gest\u00e3o e da Inova\u00e7\u00e3o em Servi\u00e7os P\u00fablicos (MGI) <strong>negou<\/strong> o pedido de autoriza\u00e7\u00e3o encaminhado pela Ag\u00eancia Brasileira de Intelig\u00eancia (Abin) para a realiza\u00e7\u00e3o de um novo concurso p\u00fablico.<\/p>\n\n\n\n<p class=\"wp-block-paragraph\">A decis\u00e3o foi comunicada por meio de of\u00edcio enviado ao diretor-geral da Ag\u00eancia, Luiz Fernando Corr\u00eaa. No documento, a Secretaria de Gest\u00e3o de Pessoas informa que a solicita\u00e7\u00e3o n\u00e3o p\u00f4de ser atendida devido \u00e0s limita\u00e7\u00f5es or\u00e7ament\u00e1rias previstas na Lei Or\u00e7ament\u00e1ria Anual (LOA) de 2026.<\/p>\n\n\n\n<p class=\"wp-block-paragraph\">Segundo o MGI, a dota\u00e7\u00e3o or\u00e7ament\u00e1ria dispon\u00edvel para o pr\u00f3ximo exerc\u00edcio n\u00e3o comporta todas as demandas apresentadas pelos \u00f3rg\u00e3os da Administra\u00e7\u00e3o P\u00fablica Federal. Apesar disso, a pasta destacou que continua trabalhando para recompor a for\u00e7a de trabalho dos \u00f3rg\u00e3os federais, observando a disponibilidade de recursos e os crit\u00e9rios legais vigentes.<\/p>\n\n\n\n<p class=\"wp-block-paragraph\">O pedido encaminhado pela Ag\u00eancia previa o preenchimento de <strong>301 cargos efetivos de n\u00edvel superior<\/strong>, distribu\u00eddos entre duas carreiras estrat\u00e9gicas:<\/p>\n\n\n\n<ul class=\"wp-block-list\"><li>Oficial de Intelig\u00eancia (OI): 205 vagas;<\/li>\n\n\n\n<li>Oficial T\u00e9cnico de Intelig\u00eancia (OTI): 96 vagas.<\/li>\n<\/ul><p class=\"wp-block-paragraph\">Confira, abaixo, a imagem com os detalhes do pedido encaminhado pela Ag\u00eancia ao governo federal:<\/p>\n\n\n\n<figure class=\"wp-block-image size-full is-resized\"><a href=\"https:\/\/www.novaconcursos.com.br\/portal\/wp-content\/uploads\/2025\/12\/captura-de-tela-2026-06-02-as-17-56-03-2.webp\"><img decoding=\"async\" width=\"705\" height=\"222\" src=\"https:\/\/www.novaconcursos.com.br\/portal\/wp-content\/uploads\/2025\/12\/captura-de-tela-2026-06-02-as-17-56-03-2.webp\" alt=\"concurso abin\" class=\"wp-image-309581\" style=\"width:840px;height:auto\" loading=\"lazy\" title=\"\" srcset=\"https:\/\/www.novaconcursos.com.br\/portal\/wp-content\/uploads\/2025\/12\/captura-de-tela-2026-06-02-as-17-56-03-2-300x94.webp 300w, https:\/\/www.novaconcursos.com.br\/portal\/wp-content\/uploads\/2025\/12\/captura-de-tela-2026-06-02-as-17-56-03-2-480x151.webp 480w, https:\/\/www.novaconcursos.com.br\/portal\/wp-content\/uploads\/2025\/12\/captura-de-tela-2026-06-02-as-17-56-03-2.webp 705w\" sizes=\"auto, (max-width: 480px) 100vw, (max-width: 768px) 100vw, (max-width: 1200px) 70vw, 768px\"><\/a><figcaption><\/figcaption><\/figure><p class=\"wp-block-paragraph\">De acordo com os estudos apresentados pela pr\u00f3pria Abin, esse quantitativo foi definido com base no dimensionamento da for\u00e7a de trabalho e buscava iniciar a recomposi\u00e7\u00e3o do quadro de servidores em \u00e1reas consideradas essenciais para as atividades de Intelig\u00eancia de Estado.<\/p>\n\n\n\n<p class=\"wp-block-paragraph\">Na documenta\u00e7\u00e3o enviada ao Governo Federal, a Ag\u00eancia tamb\u00e9m informou que optou por concentrar, neste primeiro momento, a reposi\u00e7\u00e3o dos cargos de n\u00edvel superior, sem solicitar vagas para as carreiras de n\u00edvel m\u00e9dio. A medida faz parte de um planejamento de recomposi\u00e7\u00e3o gradual do quadro funcional nos pr\u00f3ximos anos.<\/p>\n\n\n\n<h3 class=\"wp-block-heading\">Governo j\u00e1 indicava dificuldades para autorizar novo edital<\/h3>\n\n\n\n<p class=\"wp-block-paragraph\">A decis\u00e3o do MGI confirma um cen\u00e1rio que j\u00e1 vinha sendo sinalizado pelo Governo Federal. Anteriormente, a Casa Civil havia informado que o pedido da Abin permanecia em an\u00e1lise e que n\u00e3o era poss\u00edvel assegurar a autoriza\u00e7\u00e3o de um novo concurso Abin nos dois anos seguintes.<\/p>\n\n\n\n<p class=\"wp-block-paragraph\">Na ocasi\u00e3o, a ministra da Gest\u00e3o e da Inova\u00e7\u00e3o, Esther Dweck, explicou que a previs\u00e3o or\u00e7ament\u00e1ria para 2026 priorizaria a convoca\u00e7\u00e3o de aprovados e excedentes de concursos j\u00e1 realizados, reduzindo o espa\u00e7o para novas autoriza\u00e7\u00f5es de concursos p\u00fablicos.<\/p>\n\n\n\n<h2 class=\"wp-block-heading\" id=\"concurso-abin-estudo-aponta-necessidade-de-reforo-no-quadro-\">Concurso Abin: estudo aponta necessidade de refor\u00e7o no quadro de servidores<\/h2>\n\n\n\n<p class=\"wp-block-paragraph\">Mesmo ap\u00f3s a negativa do pedido de autoriza\u00e7\u00e3o, a Ag\u00eancia Brasileira de Intelig\u00eancia continua enfrentando um expressivo d\u00e9ficit de pessoal.<\/p>\n\n\n\n<p class=\"wp-block-paragraph\">Levantamento aponta que a Abin possui 4.577 cargos autorizados, dos quais apenas 1.060 est\u00e3o ocupados. Com isso, o \u00f3rg\u00e3o acumula 3.517 cargos vagos, o equivalente a aproximadamente 76,8% do quadro, percentual pr\u00f3ximo aos 80% mencionados em relat\u00f3rio da CPI do Crime Organizado.<\/p>\n\n\n\n<p class=\"wp-block-paragraph\">As vac\u00e2ncias atingem todas as carreiras da Ag\u00eancia, com destaque para os seguintes cargos:<\/p>\n\n\n\n<ul class=\"wp-block-list\"><li><strong>Oficial de Intelig\u00eancia:<\/strong> 1.398 cargos vagos;<\/li>\n\n\n\n<li><strong>Oficial T\u00e9cnico de Intelig\u00eancia:<\/strong> 346 cargos vagos;<\/li>\n\n\n\n<li><strong>Agente de Intelig\u00eancia:<\/strong> 886 cargos vagos;<\/li>\n\n\n\n<li><strong>Agente T\u00e9cnico de Intelig\u00eancia:<\/strong> 215 cargos vagos.<\/li>\n<\/ul><p class=\"wp-block-paragraph\">Os n\u00fameros refor\u00e7am a necessidade de recomposi\u00e7\u00e3o do quadro funcional, especialmente em \u00e1reas estrat\u00e9gicas para as atividades de Intelig\u00eancia e seguran\u00e7a do Estado brasileiro.<\/p>\n\n\n\n<h2 class=\"wp-block-heading\" id=\"concurso-abin-plano-prev-selees-peridicas-at-2030\">Concurso Abin: plano prev\u00ea sele\u00e7\u00f5es peri\u00f3dicas at\u00e9 2030<\/h2>\n\n\n\n<p class=\"wp-block-paragraph\">Para suprir essa necessidade sem comprometer a estrutura de forma\u00e7\u00e3o e integra\u00e7\u00e3o dos futuros servidores, a Abin prop\u00f4s um planejamento de longo prazo baseado na realiza\u00e7\u00e3o de concursos p\u00fablicos a cada dois anos. A estrat\u00e9gia prev\u00ea a reposi\u00e7\u00e3o gradual do efetivo, permitindo que a Ag\u00eancia absorva os novos profissionais de forma organizada.<\/p>\n\n\n\n<p class=\"wp-block-paragraph\">A proposta divide as 903 vagas necess\u00e1rias em tr\u00eas concursos distintos, distribu\u00eddos ao longo de seis anos:<\/p>\n\n\n\n<ul class=\"wp-block-list\"><li>2026: 301 vagas;<\/li>\n\n\n\n<li>2028: 301 vagas;<\/li>\n\n\n\n<li>2030: 301 vagas.<\/li>\n<\/ul><p class=\"wp-block-paragraph\">Ao final desse ciclo, a expectativa \u00e9 recompor integralmente a for\u00e7a de trabalho estimada pelos estudos t\u00e9cnicos, fortalecendo a atua\u00e7\u00e3o da Ag\u00eancia Brasileira de Intelig\u00eancia nas \u00e1reas de intelig\u00eancia e seguran\u00e7a institucional.<\/p>\n\n\n\n<h2 class=\"wp-block-heading\" id=\"salrios-do-concurso-abin\">Sal\u00e1rios do concurso Abin<\/h2>\n\n\n\n<p class=\"wp-block-paragraph\">As carreiras de Oficial de Intelig\u00eancia e Oficial T\u00e9cnico de Intelig\u00eancia est\u00e3o entre as mais bem remuneradas da Administra\u00e7\u00e3o P\u00fablica Federal. Ap\u00f3s a reestrutura\u00e7\u00e3o remunerat\u00f3ria prevista no Termo de Acordo n\u00ba 20\/2024, os vencimentos passaram por reajustes em duas etapas, sendo a \u00faltima implementada em abril de 2026.<\/p>\n\n\n\n<p class=\"wp-block-paragraph\">De acordo com as tabelas remunerat\u00f3rias atualizadas e os dados disponibilizados pelo governo federal, os sal\u00e1rios iniciais das carreiras contempladas no novo pedido de concurso Abin s\u00e3o os seguintes:<\/p>\n\n\n\n<ul class=\"wp-block-list\"><li><strong>Oficial de Intelig\u00eancia:<\/strong> R$ 19.022,12;<\/li>\n\n\n\n<li><strong>Oficial T\u00e9cnico de Intelig\u00eancia:<\/strong> R$ 17.525,44.<\/li>\n<\/ul><p class=\"wp-block-paragraph\">Al\u00e9m da remunera\u00e7\u00e3o b\u00e1sica, os servidores federais recebem benef\u00edcios, como o aux\u00edlio-alimenta\u00e7\u00e3o de R$ 1.000, elevando a remunera\u00e7\u00e3o mensal total dos cargos.<\/p>\n\n\n\n<p class=\"wp-block-paragraph\">As carreiras tamb\u00e9m oferecem progress\u00e3o funcional ao longo dos anos. Conforme as tabelas vigentes, a remunera\u00e7\u00e3o pode ultrapassar <strong>R$ 28 mil no cargo de Oficial de Intelig\u00eancia<\/strong> e <strong>R$ 25 mil no cargo de Oficial T\u00e9cnico de Intelig\u00eancia<\/strong> nos n\u00edveis mais elevados da carreira.<\/p>\n\n\n\n<h2 class=\"wp-block-heading\" id=\"requisitos-do-concurso-abin\">Requisitos do concurso Abin<\/h2>\n\n\n\n<p class=\"wp-block-paragraph\">De acordo com o \u00faltimo edital, os profissionais dever\u00e3o comprovar as seguintes exig\u00eancias b\u00e1sicas: <\/p>\n\n\n\n<ul class=\"wp-block-list\"><li>Ter nacionalidade brasileira ou portuguesa, e, no caso de nacionalidade portuguesa, estar amparado pelo Estatuto de Igualdade entre Brasileiros e Portugueses;<\/li>\n\n\n\n<li>Estar em gozo dos direitos pol\u00edticos;<\/li>\n\n\n\n<li>Estar quite com as obriga\u00e7\u00f5es militares, em caso de candidato do sexo masculino;<\/li>\n\n\n\n<li>Estar quite com as obriga\u00e7\u00f5es eleitorais;<\/li>\n\n\n\n<li>Possuir carteira de identidade civil;<\/li>\n\n\n\n<li>Apresentar declara\u00e7\u00e3o quanto ao exerc\u00edcio ou n\u00e3o de outro cargo, emprego ou fun\u00e7\u00e3o p\u00fablica e sobre o recebimento de provento decorrente de aposentadoria e pens\u00e3o;<\/li>\n\n\n\n<li>Apresentar declara\u00e7\u00e3o de bens e valores que constituam patrim\u00f4nio e, se casado, a do c\u00f4njuge;<\/li>\n\n\n\n<li>Ter idade m\u00ednima de 18 anos completos na data da posse; e<\/li>\n\n\n\n<li>Ter aptid\u00e3o f\u00edsica e mental para o exerc\u00edcio das atribui\u00e7\u00f5es do cargo.<\/li>\n<\/ul><h2 class=\"wp-block-heading\" id=\"atribuies-da-abin\">Atribui\u00e7\u00f5es da Abin<\/h2>\n\n\n\n<p class=\"wp-block-paragraph\">Segundo informa\u00e7\u00f5es do \u00faltimo edital, o Oficial de Intelig\u00eancia \u00e9 respons\u00e1vel por planejar, executar, coordenar, supervisionar e controlar a produ\u00e7\u00e3o de conhecimentos de intelig\u00eancia, realizar a\u00e7\u00f5es de salvaguarda de assuntos sens\u00edveis, efetuar opera\u00e7\u00f5es de intelig\u00eancia, executar atividades de pesquisa e desenvolvimento cient\u00edfico ou tecnol\u00f3gico direcionadas \u00e0 obten\u00e7\u00e3o e \u00e0 an\u00e1lise de dados e \u00e0 seguran\u00e7a da informa\u00e7\u00e3o e realizar o desenvolvimento de recursos humanos para a atividade de intelig\u00eancia.<\/p>\n\n\n\n<p class=\"wp-block-paragraph\">Finalmente, o Oficial T\u00e9cnico de Intelig\u00eancia fica encarregado de planejar, executar, coordenar, supervisionar e controlar as atividades de gest\u00e3o t\u00e9cnico-administrativas, bem como suporte e apoio log\u00edstico \u00e0 produ\u00e7\u00e3o de conhecimento de intelig\u00eancia, a\u00e7\u00f5es de salvaguarda de assuntos sens\u00edveis, opera\u00e7\u00f5es de intelig\u00eancia, atividades de pesquisa e desenvolvimento cient\u00edfico ou tecnol\u00f3gico, direcionadas \u00e0 obten\u00e7\u00e3o e an\u00e1lise de dados e \u00e0 seguran\u00e7a da informa\u00e7\u00e3o, entre outras. <\/p>\n\n\n\n<h2 class=\"wp-block-heading\" id=\"etapas-do-concurso-abin\">Etapas do concurso Abin<\/h2>\n\n\n\n<p class=\"wp-block-paragraph\">O concurso Abin pode contar com diversas fases, dependendo do cargo pretendido. No \u00faltimo edital, as etapas foram as seguintes:<\/p>\n\n\n\n<ul class=\"wp-block-list\"><li>Prova objetiva: Avalia\u00e7\u00e3o de conhecimentos por meio de quest\u00f5es de m\u00faltipla escolha.<\/li>\n\n\n\n<li>Prova discursiva: Reda\u00e7\u00e3o ou quest\u00f5es abertas para analisar a capacidade de argumenta\u00e7\u00e3o e escrita do candidato.<\/li>\n\n\n\n<li>Avalia\u00e7\u00e3o m\u00e9dica: Exames para verificar se o candidato possui condi\u00e7\u00f5es de sa\u00fade compat\u00edveis com o cargo.<\/li>\n\n\n\n<li>Avalia\u00e7\u00e3o psicol\u00f3gica: Testes para identificar caracter\u00edsticas psicol\u00f3gicas adequadas ao desempenho das fun\u00e7\u00f5es.<\/li>\n\n\n\n<li>Teste de aptid\u00e3o f\u00edsica: Exames f\u00edsicos para avaliar a resist\u00eancia e a capacidade f\u00edsica do candidato.<\/li>\n\n\n\n<li>Curso de forma\u00e7\u00e3o: Etapa final com treinamento espec\u00edfico para preparar o candidato para o exerc\u00edcio do cargo.<\/li>\n<\/ul><h3 class=\"wp-block-heading\">Provas objetivas<\/h3>\n\n\n\n<p class=\"wp-block-paragraph\">A primeira fase contou com provas objetivas de car\u00e1ter eliminat\u00f3rio e classificat\u00f3rio. Para os cargos de Oficial de Intelig\u00eancia e Oficial T\u00e9cnico de Intelig\u00eancia, a avalia\u00e7\u00e3o foi composta por 150 quest\u00f5es, sendo 60 de conhecimentos gerais e 90 de conhecimentos espec\u00edficos. J\u00e1 para Agente de Intelig\u00eancia, foram cobradas 120 quest\u00f5es, divididas entre conhecimentos b\u00e1sicos e espec\u00edficos. As provas seguiram o modelo \u201cCerto\u201d ou \u201cErrado\u201d, tradicional da banca Cebraspe.<\/p>\n\n\n\n<h3 class=\"wp-block-heading\">Prova discursiva<\/h3>\n\n\n\n<p class=\"wp-block-paragraph\">Tamb\u00e9m integrante da primeira etapa, a prova discursiva teve car\u00e1ter eliminat\u00f3rio e classificat\u00f3rio. Para os cargos de Oficial de Intelig\u00eancia e Oficial T\u00e9cnico de Intelig\u00eancia, a avalia\u00e7\u00e3o incluiu disserta\u00e7\u00f5es e quest\u00f5es discursivas relacionadas aos conte\u00fados previstos no edital. Para Agente de Intelig\u00eancia, foi exigida uma reda\u00e7\u00e3o dissertativa sobre temas de conhecimentos gerais e espec\u00edficos.<\/p>\n\n\n\n<h3 class=\"wp-block-heading\">Teste de Aptid\u00e3o F\u00edsica (TAF)<\/h3>\n\n\n\n<p class=\"wp-block-paragraph\">A prova de capacidade f\u00edsica foi aplicada exclusivamente aos candidatos aos cargos de Oficial de Intelig\u00eancia e Agente de Intelig\u00eancia. A etapa consistiu em testes de nata\u00e7\u00e3o e corrida de 12 minutos, ambos de car\u00e1ter eliminat\u00f3rio.<\/p>\n\n\n\n<h3 class=\"wp-block-heading\">Avalia\u00e7\u00e3o m\u00e9dica<\/h3>\n\n\n\n<p class=\"wp-block-paragraph\">Os candidatos habilitados nas etapas anteriores passaram por avalia\u00e7\u00e3o m\u00e9dica, destinada a verificar as condi\u00e7\u00f5es f\u00edsicas e de sa\u00fade necess\u00e1rias para o exerc\u00edcio das atividades da Ag\u00eancia. A fase incluiu exame cl\u00ednico, exames laboratoriais e exames complementares previstos em norma espec\u00edfica da Abin.<\/p>\n\n\n\n<h3 class=\"wp-block-heading\">Investiga\u00e7\u00e3o social e funcional<\/h3>\n\n\n\n<p class=\"wp-block-paragraph\">A investiga\u00e7\u00e3o social e funcional teve como objetivo analisar a idoneidade moral e a conduta dos candidatos. Nessa fase, foram exigidas certid\u00f5es, documentos e informa\u00e7\u00f5es pessoais para verificar antecedentes e a compatibilidade do perfil do candidato com as atribui\u00e7\u00f5es da carreira de Intelig\u00eancia.<\/p>\n\n\n\n<h3 class=\"wp-block-heading\">Avalia\u00e7\u00e3o psicol\u00f3gica<\/h3>\n\n\n\n<p class=\"wp-block-paragraph\">A avalia\u00e7\u00e3o psicol\u00f3gica foi obrigat\u00f3ria para todos os cargos e teve car\u00e1ter eliminat\u00f3rio. O procedimento avaliou caracter\u00edsticas relacionadas \u00e0 personalidade, racioc\u00ednio l\u00f3gico e habilidades espec\u00edficas consideradas essenciais para o desempenho das fun\u00e7\u00f5es exercidas na Ag\u00eancia Brasileira de Intelig\u00eancia.<\/p>\n\n\n\n<h3 class=\"wp-block-heading\">Curso de Forma\u00e7\u00e3o em Intelig\u00eancia<\/h3>\n\n\n\n<p class=\"wp-block-paragraph\">A \u00faltima fase do concurso foi o Curso de Forma\u00e7\u00e3o em Intelig\u00eancia (CFI), realizado pela Escola de Intelig\u00eancia (Esint), em Bras\u00edlia. De car\u00e1ter eliminat\u00f3rio e classificat\u00f3rio, o curso teve carga hor\u00e1ria vari\u00e1vel conforme o cargo e foi destinado \u00e0 prepara\u00e7\u00e3o t\u00e9cnica dos futuros servidores da Ag\u00eancia.<\/p>\n\n\n\n<h2 class=\"wp-block-heading\" id=\"o-que-estudar-para-prova-do-concurso-abin\">O que estudar para prova do concurso Abin?<\/h2>\n\n\n\n<p class=\"wp-block-paragraph\">Confira o que estudar para prova do concurso Abin, com base no \u00faltimo edital:<\/p>\n\n\n\n<h3 class=\"wp-block-heading\">L\u00edngua Portuguesa<\/h3>\n\n\n\n<ul class=\"wp-block-list\"><li>Compreens\u00e3o e interpreta\u00e7\u00e3o de textos de g\u00eaneros variados. <\/li>\n\n\n\n<li>Reconhecimento de tipos e g\u00eaneros textuais. <\/li>\n\n\n\n<li>Dom\u00ednio da ortografia oficial. <\/li>\n\n\n\n<li>Dom\u00ednio dos mecanismos de coes\u00e3o textual.<\/li>\n\n\n\n<li>Dom\u00ednio da estrutura morfossint\u00e1tica do per\u00edodo.<\/li>\n\n\n\n<li>Reescrita de frases e par\u00e1grafos do texto.<\/li>\n<\/ul><h3 class=\"wp-block-heading\">Atividade de Intelig\u00eancia e Legisla\u00e7\u00e3o Correlata<\/h3>\n\n\n\n<ul class=\"wp-block-list\"><li>Conceitos de Intelig\u00eancia: escopo e categorias de Intelig\u00eancia (Intelig\u00eancia, Contraintelig\u00eancia e opera\u00e7\u00f5es de Intelig\u00eancia); fun\u00e7\u00f5es da atividade de Intelig\u00eancia. <\/li>\n\n\n\n<li>Decreto n\u00ba 8.793\/2016 (Pol\u00edtica Nacional de Intelig\u00eancia): pressupostos da atividade de Intelig\u00eancia; o Estado, a sociedade e a Intelig\u00eancia; os ambientes internacional e nacional; instrumentos da atividade de Intelig\u00eancia; principais amea\u00e7as; objetivos da Intelig\u00eancia nacional e diretrizes de Intelig\u00eancia.<\/li>\n\n\n\n<li>Estrat\u00e9gia Nacional de Intelig\u00eancia. <\/li>\n\n\n\n<li>Controle da atividade de Intelig\u00eancia: Intelig\u00eancia, democracia e controle; o controle parlamentar da atividade de Intelig\u00eancia; mecanismos n\u00e3o parlamentares de controle; o controle da atividade de Intelig\u00eancia no Brasil. <\/li>\n\n\n\n<li>Lei n\u00ba 9.883\/1999 e suas altera\u00e7\u00f5es (institui o Sistema Brasileiro de Intelig\u00eancia, cria a Ag\u00eancia Brasileira de Intelig\u00eancia \u2013 ABIN e d\u00e1 outras provid\u00eancias).<\/li>\n<\/ul><h3 class=\"wp-block-heading\">Direito Administrativo<\/h3>\n\n\n\n<ul class=\"wp-block-list\"><li>Introdu\u00e7\u00e3o ao direito administrativo. <\/li>\n\n\n\n<li>Administra\u00e7\u00e3o p\u00fablica. <\/li>\n\n\n\n<li>Atos administrativos. <\/li>\n\n\n\n<li>Poderes da administra\u00e7\u00e3o p\u00fablica. <\/li>\n\n\n\n<li>Controle da administra\u00e7\u00e3o p\u00fablica. <\/li>\n\n\n\n<li>Agentes p\u00fablicos e servidores p\u00fablicos. <\/li>\n\n\n\n<li>Bens p\u00fablicos. <\/li>\n\n\n\n<li>Responsabilidade civil do Estado. <\/li>\n\n\n\n<li>Direito administrativo disciplinar. <\/li>\n<\/ul><h3 class=\"wp-block-heading\">Direito Constitucional<\/h3>\n\n\n\n<ul class=\"wp-block-list\"><li>Princ\u00edpios fundamentais da Constitui\u00e7\u00e3o Federal de 1988. <\/li>\n\n\n\n<li>Direitos e garantias fundamentais, nacionalidade, cidadania e direitos pol\u00edticos. <\/li>\n\n\n\n<li>Organiza\u00e7\u00e3o do Estado: Uni\u00e3o e Administra\u00e7\u00e3o P\u00fablica. <\/li>\n\n\n\n<li>Poder Executivo. <\/li>\n\n\n\n<li>Poder Legislativo. <\/li>\n\n\n\n<li>O controle externo e os sistemas de controle interno.<\/li>\n\n\n\n<li>Defesa do Estado e das institui\u00e7\u00f5es democr\u00e1ticas: estado de defesa, estado de s\u00edtio, For\u00e7as Armadas e seguran\u00e7a p\u00fablica. <\/li>\n\n\n\n<li>Ordem social: ci\u00eancia e tecnologia; meio ambiente; e \u00edndios.<\/li>\n<\/ul><h3 class=\"wp-block-heading\">L\u00edngua Inglesa e(ou) Espanhola<\/h3>\n\n\n\n<ul class=\"wp-block-list\"><li>L\u00edngua Inglesa\n<ul class=\"wp-block-list\"><li>Compreens\u00e3o de texto escrito em l\u00edngua inglesa. <\/li>\n\n\n\n<li>Itens gramaticais relevantes para a compreens\u00e3o dos conte\u00fados sem\u00e2nticos.<\/li>\n<\/ul><\/li>\n\n\n\n<li>L\u00edngua Espanhola \n<ul class=\"wp-block-list\"><li>Compreens\u00e3o de texto escrito em l\u00edngua espanhola. <\/li>\n\n\n\n<li>Itens gramaticais relevantes para a compreens\u00e3o dos conte\u00fados sem\u00e2nticos.<\/li>\n<\/ul><\/li>\n<\/ul><h3 class=\"wp-block-heading\">Racioc\u00ednio L\u00f3gico<\/h3>\n\n\n\n<ul class=\"wp-block-list\"><li>Estruturas l\u00f3gicas. <\/li>\n\n\n\n<li>L\u00f3gica de argumenta\u00e7\u00e3o: analogias, infer\u00eancias, dedu\u00e7\u00f5es e conclus\u00f5es. <\/li>\n\n\n\n<li>L\u00f3gica sentencial (ou proposicional). <\/li>\n\n\n\n<li>L\u00f3gica de primeira ordem.<\/li>\n\n\n\n<li>Princ\u00edpios de contagem e probabilidade.<\/li>\n\n\n\n<li>Opera\u00e7\u00f5es com conjuntos. <\/li>\n\n\n\n<li>Racioc\u00ednio l\u00f3gico envolvendo problemas aritm\u00e9ticos, geom\u00e9tricos e matriciais.<\/li>\n<\/ul><p class=\"wp-block-paragraph\"><\/p><div class=\"nova-continue-reading\">Confira: <a href=\"https:\/\/www.novaconcursos.com.br\/portal\/concursos-abertos\/\">Oportunidades do ano: concursos abertos!<\/a><\/div>\n\n\n\n<h2 class=\"wp-block-heading\" id=\"materiais-preparatrios-para-o-concurso-abin-\">Materiais preparat\u00f3rios para o concurso Abin <\/h2>\n\n\n\n<p class=\"wp-block-paragraph\">Se preparar para o concurso Abin exige foco e os materiais certos ao seu lado. Com a <a href=\"https:\/\/www.novaconcursos.com.br\/\" data-type=\"link\" data-id=\"https:\/\/www.novaconcursos.com.br\/\">Nova Concursos<\/a>, voc\u00ea estuda com conte\u00fados atualizados, objetivos e desenvolvidos para te levar direto ao que mais importa: a aprova\u00e7\u00e3o.<\/p>\n\n\n\n<p class=\"wp-block-paragraph\">J\u00e1 s\u00e3o mais de <strong>100 mil candidatos aprovados<\/strong> com a nossa ajuda. Muitos deles compartilharam suas conquistas com a gente e mostram como os materiais da Nova fizeram a diferen\u00e7a na prepara\u00e7\u00e3o.<\/p>\n\n\n\n<p class=\"wp-block-paragraph\">Quer ser o pr\u00f3ximo? Confira os <a href=\"https:\/\/resultados.novaconcursos.com.br\/leticia-ramos-de-menezes-aprovada-na-pc-sp\" data-type=\"link\" data-id=\"https:\/\/resultados.novaconcursos.com.br\/leticia-ramos-de-menezes-aprovada-na-pc-sp\">relatos<\/a> de quem j\u00e1 usou e aprovou e descubra o que pode transformar seus estudos!<\/p>\n\n\n\n<p class=\"wp-block-paragraph\"><\/p><div class=\"nova-continue-reading\">Confira: <a href=\"https:\/\/www.novaconcursos.com.br\/concurso\/abin-agencia-brasileira-de-inteligencia\/\">Materiais preparat\u00f3rios para o concurso Abin<\/a><\/div>\n\n\n\n<h3 class=\"wp-block-heading\">Curso Online Abin \u2013 Comum a Todos os Cargos<\/h3>\n\n\n\n<p class=\"wp-block-paragraph\">Com acesso 100% online, professores experientes e trilha estrat\u00e9gica, esse curso foi feito para te preparar com profundidade para as disciplinas cobradas em todos os cargos da Abin. Ele est\u00e1 de acordo com o \u00faltimo edital e foi elaborado, visando uma prepara\u00e7\u00e3o objetiva e de forma eficiente ao candidato. Confira!<\/p>\n\n\n\n<p class=\"wp-block-paragraph\"><\/p><div class=\"nova-continue-reading\">Adquira aqui: <a href=\"https:\/\/www.novaconcursos.com.br\/concurso\/abin-agencia-brasileira-de-inteligencia\/\">Curso Online Abin<\/a><\/div>\n\n\n\n<h3 class=\"wp-block-heading\">Apostila Abin \u2013 Agente de Intelig\u00eancia<\/h3>\n\n\n\n<p class=\"wp-block-paragraph\">Conte\u00fado atualizado, exerc\u00edcios direcionados e abordagem pr\u00e1tica: essa <a href=\"https:\/\/www.novaconcursos.com.br\/concurso\/abin-agencia-brasileira-de-inteligencia\/apostilas\">apostila<\/a> \u00e9 ideal para quem busca um material completo e eficiente para o cargo de Agente de Intelig\u00eancia. Ela \u00e9 baseada nos itens mais relevantes do \u00faltimo edital e principais atualiza\u00e7\u00f5es. N\u00e3o deixe para depois, impulsione a sua prepara\u00e7\u00e3o!<\/p>\n\n\n\n<h2 class=\"wp-block-heading\" id=\"como-foi-o-ltimo-concurso-abin\">Como foi o \u00faltimo concurso Abin?<\/h2>\n\n\n\n<p class=\"wp-block-paragraph\">O \u00faltimo concurso da <a href=\"https:\/\/www.gov.br\/abin\/pt-br\" target=\"_blank\" rel=\"noreferrer noopener\">Ag\u00eancia Brasileira de Intelig\u00eancia<\/a> aconteceu em 2018 sob organiza\u00e7\u00e3o do CESPE\/UnB (atual Cebraspe).<\/p>\n\n\n\n<p class=\"wp-block-paragraph\">Foram ofertadas 300\u00a0vagas de n\u00edveis m\u00e9dio e superior para os cargos de Agente de Intelig\u00eancia, Oficial de Intelig\u00eancia e Oficial T\u00e9cnico e Intelig\u00eancia. <\/p>\n\n\n\n<p class=\"wp-block-paragraph\">A remunera\u00e7\u00e3o inicial dos profissionais foi de R$6.302,23 para n\u00edvel m\u00e9dio e R$16.620,46 para n\u00edvel superior.<\/p>\n\n\n\n<p class=\"wp-block-paragraph\">Vale mencionar que todos os cargos de n\u00edvel superior exigiam gradua\u00e7\u00e3o em qualquer curso de ensino superior, com exce\u00e7\u00e3o das seguintes \u00e1reas do cargo de Oficial T\u00e9cnico de Intelig\u00eancia:<\/p>\n\n\n\n<ul class=\"wp-block-list\"><li><em>\u00c1rea 1<\/em>\n<ul class=\"wp-block-list\"><li>gradua\u00e7\u00e3o em Administra\u00e7\u00e3o, Economia e\/ou Contabilidade; e<\/li>\n\n\n\n<li>registro no conselho de classe, se existente.<\/li>\n<\/ul><\/li>\n\n\n\n<li><em>\u00c1rea 2<\/em>\n<ul class=\"wp-block-list\"><li>gradua\u00e7\u00e3o em Direito.<\/li>\n<\/ul><\/li>\n\n\n\n<li><em>\u00c1rea 3<\/em>\n<ul class=\"wp-block-list\"><li>gradua\u00e7\u00e3o em Psicologia; e<\/li>\n\n\n\n<li>registro no conselho de classe.<\/li>\n<\/ul><\/li>\n\n\n\n<li><em>\u00c1rea 4<\/em>\n<ul class=\"wp-block-list\"><li>gradua\u00e7\u00e3o em Pedagogia.<\/li>\n<\/ul><\/li>\n\n\n\n<li><em>\u00c1rea 5<\/em>\n<ul class=\"wp-block-list\"><li>gradua\u00e7\u00e3o em Engenharia Civil; e <\/li>\n\n\n\n<li>registro no conselho de classe.<\/li>\n<\/ul><\/li>\n\n\n\n<li><em>\u00c1rea 6<\/em>\n<ul class=\"wp-block-list\"><li>gradua\u00e7\u00e3o em Engenharia Eletr\u00f4nica e\/ou em Engenharia El\u00e9trica; <\/li>\n\n\n\n<li>p\u00f3s-gradua\u00e7\u00e3o stricto sensu na \u00e1rea de Engenharia Eletr\u00f4nica; e<\/li>\n\n\n\n<li>registro no \u00f3rg\u00e3o de classe.<\/li>\n<\/ul><\/li>\n\n\n\n<li><em>\u00c1rea 7<\/em>\n<ul class=\"wp-block-list\"><li>gradua\u00e7\u00e3o em Matem\u00e1tica e\/ou em Estat\u00edstica; <\/li>\n\n\n\n<li>p\u00f3s-gradua\u00e7\u00e3o stricto sensu nas \u00e1reas de Matem\u00e1tica ou Estat\u00edstica; e<\/li>\n\n\n\n<li>registro no \u00f3rg\u00e3o de classe, se existente.<\/li>\n<\/ul><\/li>\n\n\n\n<li><em>\u00c1reas 8 e 9<\/em>\n<ul class=\"wp-block-list\"><li>gradua\u00e7\u00e3o em Tecnologia da Informa\u00e7\u00e3o e\/ou em Engenharia com \u00eanfase em Tecnologia da Informa\u00e7\u00e3o; e<\/li>\n\n\n\n<li>registro no conselho de classe, se existente.<\/li>\n<\/ul><\/li>\n\n\n\n<li><em>\u00c1rea 10<\/em>\n<ul class=\"wp-block-list\"><li>gradua\u00e7\u00e3o em Arquivologia e\/ou em Biblioteconomia; e<\/li>\n\n\n\n<li>registro no conselho de classe, se existente<\/li>\n<\/ul><\/li>\n<\/ul>","protected":false},"excerpt":{"rendered":"<p>Concurso Abin contava com pedido para 301 vagas. D\u00e9ficit de servidores \u00e9 elevado. Confira as atualiza\u00e7\u00f5es!<\/p>\n","protected":false},"author":54693,"featured_media":311368,"comment_status":"closed","ping_status":"closed","sticky":false,"template":"","format":"standard","meta":{"_acf_changed":false,"footnotes":"","_wp_rev_ctl_limit":""},"categories":[44999,44978,44939],"tags":[117],"class_list":["post-31127","post","type-post","status-publish","format-standard","has-post-thumbnail","hentry","category-concursos","category-nacional","category-carreira-administrativa","tag-concurso-abin"],"acf":[],"_links":{"self":[{"href":"https:\/\/www.novaconcursos.com.br\/portal\/wp-json\/wp\/v2\/posts\/31127","targetHints":{"allow":["GET"]}}],"collection":[{"href":"https:\/\/www.novaconcursos.com.br\/portal\/wp-json\/wp\/v2\/posts"}],"about":[{"href":"https:\/\/www.novaconcursos.com.br\/portal\/wp-json\/wp\/v2\/types\/post"}],"author":[{"embeddable":true,"href":"https:\/\/www.novaconcursos.com.br\/portal\/wp-json\/wp\/v2\/users\/54693"}],"replies":[{"embeddable":true,"href":"https:\/\/www.novaconcursos.com.br\/portal\/wp-json\/wp\/v2\/comments?post=31127"}],"version-history":[{"count":28,"href":"https:\/\/www.novaconcursos.com.br\/portal\/wp-json\/wp\/v2\/posts\/31127\/revisions"}],"predecessor-version":[{"id":311373,"href":"https:\/\/www.novaconcursos.com.br\/portal\/wp-json\/wp\/v2\/posts\/31127\/revisions\/311373"}],"wp:featuredmedia":[{"embeddable":true,"href":"https:\/\/www.novaconcursos.com.br\/portal\/wp-json\/wp\/v2\/media\/311368"}],"wp:attachment":[{"href":"https:\/\/www.novaconcursos.com.br\/portal\/wp-json\/wp\/v2\/media?parent=31127"}],"wp:term":[{"taxonomy":"category","embeddable":true,"href":"https:\/\/www.novaconcursos.com.br\/portal\/wp-json\/wp\/v2\/categories?post=31127"},{"taxonomy":"post_tag","embeddable":true,"href":"https:\/\/www.novaconcursos.com.br\/portal\/wp-json\/wp\/v2\/tags?post=31127"}],"curies":[{"name":"wp","href":"https:\/\/api.w.org\/{rel}","templated":true}]}}