{"id":311624,"date":"2026-08-28T16:40:13","date_gmt":"2026-08-28T19:40:13","guid":{"rendered":"https:\/\/www.novaconcursos.com.br\/portal\/?p=311624"},"modified":"2026-08-28T16:40:20","modified_gmt":"2026-08-28T19:40:20","slug":"see-sp-agente-tecnico","status":"publish","type":"post","link":"https:\/\/www.novaconcursos.com.br\/portal\/concursos\/see-sp-agente-tecnico\/","title":{"rendered":"Concurso SEE SP: Edital autorizado para Nutricionista! 37 vagas!"},"content":{"rendered":"<p class=\"wp-block-paragraph\">O <strong>concurso SEE SP<\/strong> \u00e9 a sele\u00e7\u00e3o prevista para a Secretaria da Educa\u00e7\u00e3o do Estado de S\u00e3o Paulo, destinada ao preenchimento de vagas na carreira de <strong>Agente T\u00e9cnico de Assist\u00eancia \u00e0 Sa\u00fade (ATAS)<\/strong>, na especialidade de Nutricionista. O novo certame est\u00e1 <strong>autorizado<\/strong> e contar\u00e1 com <strong>37 oportunidades de n\u00edvel superior<\/strong>.<\/p>\n\n\n\n<p class=\"wp-block-paragraph\">A autoriza\u00e7\u00e3o foi publicada no Di\u00e1rio Oficial do Estado de S\u00e3o Paulo em 20 de julho de 2026. De acordo com o despacho governamental, os aprovados dever\u00e3o ser nomeados durante o exerc\u00edcio de 2027.<\/p>\n\n\n\n<p class=\"wp-block-paragraph\">Com o aval concedido, a Secretaria da Educa\u00e7\u00e3o poder\u00e1 iniciar os procedimentos para formar a comiss\u00e3o organizadora, definir as lota\u00e7\u00f5es e contratar a banca respons\u00e1vel pela sele\u00e7\u00e3o. Se voc\u00ea ficou interessado, continue a leitura e confira todas as informa\u00e7\u00f5es dispon\u00edveis sobre o concurso SEE SP.<\/p>\n\n\n\n<h2 class=\"wp-block-heading\" id=\"concurso-see-sp-situao-atual\">Concurso SEE SP: Situa\u00e7\u00e3o atual<\/h2>\n\n\n\n<p class=\"wp-block-paragraph\">O concurso SEE SP est\u00e1 oficialmente <strong>autorizado<\/strong> para o provimento de <strong>37 cargos de Agente T\u00e9cnico de Assist\u00eancia \u00e0 Sa\u00fade<\/strong>, na especialidade de <strong>Nutricionista<\/strong>.<\/p>\n\n\n\n<p class=\"wp-block-paragraph\">O despacho autorizativo foi assinado em 17 de julho de 2026 e publicado na edi\u00e7\u00e3o de 20 de julho de 2026 do Di\u00e1rio Oficial do Estado de S\u00e3o Paulo, no Caderno Executivo, na se\u00e7\u00e3o de Atos Normativos.<\/p>\n\n\n\n<p class=\"wp-block-paragraph\">O documento permite que a Secretaria da Educa\u00e7\u00e3o adote as provid\u00eancias necess\u00e1rias para a realiza\u00e7\u00e3o do concurso p\u00fablico. O provimento dos candidatos aprovados est\u00e1 previsto para ocorrer em 2027.<\/p>\n\n\n\n<p class=\"wp-block-paragraph\">A autoriza\u00e7\u00e3o representa o in\u00edcio formal dos preparativos. At\u00e9 o momento, ainda n\u00e3o foram divulgadas informa\u00e7\u00f5es sobre banca organizadora, per\u00edodo de inscri\u00e7\u00f5es, taxa de participa\u00e7\u00e3o ou data das provas.<\/p>\n\n\n\n<p class=\"wp-block-paragraph\">Confira o documento:<\/p>\n\n\n\n<figure class=\"wp-block-image size-full\"><img decoding=\"async\" width=\"650\" height=\"580\" src=\"https:\/\/www.novaconcursos.com.br\/portal\/wp-content\/uploads\/2026\/07\/Concurso-SEE-SP-Autorizacao.webp\" alt=\"Concurso SEE SP\" class=\"wp-image-311631\" loading=\"lazy\" title=\"\" srcset=\"https:\/\/www.novaconcursos.com.br\/portal\/wp-content\/uploads\/2026\/07\/Concurso-SEE-SP-Autorizacao-300x268.webp 300w, https:\/\/www.novaconcursos.com.br\/portal\/wp-content\/uploads\/2026\/07\/Concurso-SEE-SP-Autorizacao-480x428.webp 480w, https:\/\/www.novaconcursos.com.br\/portal\/wp-content\/uploads\/2026\/07\/Concurso-SEE-SP-Autorizacao.webp 650w\" sizes=\"auto, (max-width: 480px) 100vw, (max-width: 768px) 100vw, (max-width: 1200px) 70vw, 768px\"><figcaption><\/figcaption><\/figure><p class=\"wp-block-paragraph\">Ap\u00f3s a autoriza\u00e7\u00e3o, a Secretaria da Educa\u00e7\u00e3o dever\u00e1 avan\u00e7ar nos procedimentos administrativos necess\u00e1rios para a abertura da sele\u00e7\u00e3o.<\/p>\n\n\n\n<h2 class=\"wp-block-heading\" id=\"concurso-see-sp-para-professores-autorizado-com-5-mil-vagas\">Concurso SEE SP para Professores \u00e9 autorizado com 5 mil vagas<\/h2>\n\n\n\n<p class=\"wp-block-paragraph\">Al\u00e9m das oportunidades para outras \u00e1reas da Secretaria de Educa\u00e7\u00e3o, um novo concurso SEE SP para Professores foi oficialmente autorizado pelo Governo do Estado de S\u00e3o Paulo. O aval prev\u00ea a oferta de <strong>5 mil vagas efetivas<\/strong> exclusivamente para o cargo de <strong>Professor de Ensino Fundamental e M\u00e9dio<\/strong>, que exige forma\u00e7\u00e3o de <strong>n\u00edvel superior<\/strong>.<\/p>\n\n\n\n<p class=\"wp-block-paragraph\">Com a autoriza\u00e7\u00e3o assinada pelo governador Tarc\u00edsio de Freitas, a expectativa \u00e9 que a Secretaria de Educa\u00e7\u00e3o avance agora para as pr\u00f3ximas etapas do certame, incluindo a forma\u00e7\u00e3o da comiss\u00e3o organizadora e, posteriormente, a contrata\u00e7\u00e3o da banca respons\u00e1vel.<\/p>\n\n\n\n<p class=\"wp-block-paragraph\">Os candidatos interessados especificamente na carreira docente devem acompanhar as informa\u00e7\u00f5es do concurso voltado \u00e0 \u00e1rea de educa\u00e7\u00e3o.<\/p>\n\n\n\n<p class=\"wp-block-paragraph\"><\/p><div class=\"nova-continue-reading\">Confira todos os detalhes sobre o <a href=\"https:\/\/www.novaconcursos.com.br\/portal\/concursos\/concurso-see-sp\/\">Concurso SEE SP para Professores<\/a>!<\/div>\n\n\n\n<h2 class=\"wp-block-heading\" id=\"cargos-vagas-e-salrios-do-concurso-see-sp\">Cargos, vagas e sal\u00e1rios do concurso SEE SP<\/h2>\n\n\n\n<p class=\"wp-block-paragraph\">O concurso SEE SP foi autorizado exclusivamente para o cargo de <strong>Agente T\u00e9cnico de Assist\u00eancia \u00e0 Sa\u00fade<\/strong>, na especialidade de Nutricionista.<\/p>\n\n\n\n<h3 class=\"wp-block-heading\">N\u00edvel superior<\/h3>\n\n\n\n<ul class=\"wp-block-list\"><li>Agente T\u00e9cnico de Assist\u00eancia \u00e0 Sa\u00fade \u2013 Nutricionista: 37 vagas.<\/li>\n<\/ul><p class=\"wp-block-paragraph\">As oportunidades ter\u00e3o jornada de trabalho de 30 horas semanais. A distribui\u00e7\u00e3o das vagas entre as unidades escolares e regi\u00f5es do estado ainda dever\u00e1 ser definida pela Secretaria da Educa\u00e7\u00e3o.<\/p>\n\n\n\n<p class=\"wp-block-paragraph\">O sal\u00e1rio inicial informado para o cargo de Agente T\u00e9cnico de Assist\u00eancia \u00e0 Sa\u00fade \u2013 Nutricionista \u00e9 de <strong>R$ 1.804,00<\/strong>.<\/p>\n\n\n\n<h2 class=\"wp-block-heading\" id=\"requisitos-do-concurso-see-sp\">Requisitos do concurso SEE SP<\/h2>\n\n\n\n<p class=\"wp-block-paragraph\">O cargo de Agente T\u00e9cnico de Assist\u00eancia \u00e0 Sa\u00fade \u2013 Nutricionista exige forma\u00e7\u00e3o de n\u00edvel superior em Nutri\u00e7\u00e3o.<\/p>\n\n\n\n<p class=\"wp-block-paragraph\">As condi\u00e7\u00f5es completas para ingresso na carreira ainda ser\u00e3o apresentadas no edital. Como refer\u00eancia, os concursos estaduais recentes exigiram que os candidatos atendessem a requisitos gerais relacionados \u00e0 nacionalidade, idade, regularidade eleitoral e aptid\u00e3o para exercer a fun\u00e7\u00e3o.<\/p>\n\n\n\n<h3 class=\"wp-block-heading\">Requisitos gerais<\/h3>\n\n\n\n<p class=\"wp-block-paragraph\">Com base nas exig\u00eancias de editais anteriores, os candidatos dever\u00e3o observar requisitos como:<\/p>\n\n\n\n<ul class=\"wp-block-list\"><li>ser brasileiro nato ou naturalizado;<\/li>\n\n\n\n<li>no caso de nacionalidade portuguesa, estar amparado pelo estatuto de igualdade entre brasileiros e portugueses;<\/li>\n\n\n\n<li>ter idade m\u00ednima de 18 anos completos;<\/li>\n\n\n\n<li>estar em dia com a Justi\u00e7a Eleitoral;<\/li>\n\n\n\n<li>estar em pleno exerc\u00edcio dos direitos civis e pol\u00edticos;<\/li>\n\n\n\n<li>n\u00e3o possuir antecedentes criminais incompat\u00edveis com o exerc\u00edcio do cargo;<\/li>\n\n\n\n<li>apresentar a documenta\u00e7\u00e3o exigida para a posse;<\/li>\n\n\n\n<li>estar em dia com as obriga\u00e7\u00f5es militares, para candidatos do sexo masculino;<\/li>\n\n\n\n<li>possuir aptid\u00e3o f\u00edsica e mental para exercer as atribui\u00e7\u00f5es da carreira;<\/li>\n\n\n\n<li>cumprir as demais condi\u00e7\u00f5es estabelecidas no edital.<\/li>\n<\/ul><h3 class=\"wp-block-heading\">Requisitos espec\u00edficos para Nutricionista<\/h3>\n\n\n\n<ul class=\"wp-block-list\"><li>Diploma de gradua\u00e7\u00e3o em Nutri\u00e7\u00e3o, expedido por institui\u00e7\u00e3o de ensino superior reconhecida pelo Minist\u00e9rio da Educa\u00e7\u00e3o;<\/li>\n\n\n\n<li>atendimento \u00e0s demais exig\u00eancias profissionais que forem determinadas no edital.<\/li>\n<\/ul><p class=\"wp-block-paragraph\">A necessidade de registro ativo no respectivo conselho profissional dever\u00e1 ser confirmada quando o edital for publicado.<\/p>\n\n\n\n<h2 class=\"wp-block-heading\" id=\"atribuies-do-nutricionista-da-see-sp\">Atribui\u00e7\u00f5es do Nutricionista da SEE SP<\/h2>\n\n\n\n<p class=\"wp-block-paragraph\">Os nutricionistas da Secretaria da Educa\u00e7\u00e3o de S\u00e3o Paulo atuam no planejamento, na coordena\u00e7\u00e3o e na supervis\u00e3o das a\u00e7\u00f5es relacionadas \u00e0 alimenta\u00e7\u00e3o dos estudantes da rede estadual.<\/p>\n\n\n\n<p class=\"wp-block-paragraph\">Entre as principais atribui\u00e7\u00f5es da carreira est\u00e3o:<\/p>\n\n\n\n<ul class=\"wp-block-list\"><li>elaborar card\u00e1pios adequados \u00e0s necessidades nutricionais dos alunos;<\/li>\n\n\n\n<li>planejar a\u00e7\u00f5es de alimenta\u00e7\u00e3o e nutri\u00e7\u00e3o nas unidades escolares;<\/li>\n\n\n\n<li>acompanhar a qualidade dos alimentos oferecidos;<\/li>\n\n\n\n<li>verificar as condi\u00e7\u00f5es de armazenamento e preparo das refei\u00e7\u00f5es;<\/li>\n\n\n\n<li>orientar as equipes respons\u00e1veis pela alimenta\u00e7\u00e3o escolar;<\/li>\n\n\n\n<li>fiscalizar o cumprimento das normas sanit\u00e1rias;<\/li>\n\n\n\n<li>acompanhar a seguran\u00e7a alimentar nas unidades;<\/li>\n\n\n\n<li>desenvolver atividades de educa\u00e7\u00e3o alimentar e nutricional;<\/li>\n\n\n\n<li>contribuir para a promo\u00e7\u00e3o de h\u00e1bitos alimentares saud\u00e1veis;<\/li>\n\n\n\n<li>avaliar a execu\u00e7\u00e3o dos programas de alimenta\u00e7\u00e3o escolar.<\/li>\n<\/ul><p class=\"wp-block-paragraph\">As atribui\u00e7\u00f5es completas dever\u00e3o ser detalhadas no edital e na legisla\u00e7\u00e3o que regulamenta a carreira.<\/p>\n\n\n\n<h2 class=\"wp-block-heading\" id=\"o-que-cai-na-prova-do-concurso-see-sp\">O que cai na prova do concurso SEE SP?<\/h2>\n\n\n\n<p class=\"wp-block-paragraph\">Enquanto o documento n\u00e3o \u00e9 publicado, os candidatos podem utilizar como refer\u00eancia as disciplinas cobradas em concursos recentes para a carreira de Agente T\u00e9cnico de Assist\u00eancia \u00e0 Sa\u00fade.<\/p>\n\n\n\n<p class=\"wp-block-paragraph\">Confira os principais conte\u00fados gerais:<\/p>\n\n\n\n<h3 class=\"wp-block-heading\">L\u00edngua Portuguesa<\/h3>\n\n\n\n<ul class=\"wp-block-list\"><li>Interpreta\u00e7\u00e3o de textos;<\/li>\n\n\n\n<li>ortografia oficial;<\/li>\n\n\n\n<li>acentua\u00e7\u00e3o gr\u00e1fica;<\/li>\n\n\n\n<li>crase;<\/li>\n\n\n\n<li>pontua\u00e7\u00e3o;<\/li>\n\n\n\n<li>concord\u00e2ncia verbal e nominal;<\/li>\n\n\n\n<li>reg\u00eancia verbal e nominal.<\/li>\n<\/ul><h3 class=\"wp-block-heading\">Inform\u00e1tica<\/h3>\n\n\n\n<ul class=\"wp-block-list\"><li>Conceitos de pastas, diret\u00f3rios, arquivos e atalhos;<\/li>\n\n\n\n<li>\u00e1rea de trabalho;<\/li>\n\n\n\n<li>\u00e1rea de transfer\u00eancia;<\/li>\n\n\n\n<li>manipula\u00e7\u00e3o de arquivos e pastas;<\/li>\n\n\n\n<li>menus, programas e aplicativos do Windows;<\/li>\n\n\n\n<li>integra\u00e7\u00e3o entre os aplicativos do Microsoft Office;<\/li>\n\n\n\n<li>estrutura, edi\u00e7\u00e3o e formata\u00e7\u00e3o de documentos no Microsoft Word;<\/li>\n\n\n\n<li>cabe\u00e7alhos, par\u00e1grafos, fontes e colunas;<\/li>\n\n\n\n<li>marcadores num\u00e9ricos e simb\u00f3licos;<\/li>\n\n\n\n<li>cria\u00e7\u00e3o e formata\u00e7\u00e3o de tabelas;<\/li>\n\n\n\n<li>impress\u00e3o e numera\u00e7\u00e3o de p\u00e1ginas;<\/li>\n\n\n\n<li>inser\u00e7\u00e3o de objetos, \u00edndices, legendas e caixas de texto;<\/li>\n\n\n\n<li>estrutura de planilhas no Microsoft Excel;<\/li>\n\n\n\n<li>c\u00e9lulas, linhas, colunas, pastas e gr\u00e1ficos;<\/li>\n\n\n\n<li>elabora\u00e7\u00e3o de tabelas e gr\u00e1ficos;<\/li>\n\n\n\n<li>f\u00f3rmulas, fun\u00e7\u00f5es e macros;<\/li>\n\n\n\n<li>classifica\u00e7\u00e3o e obten\u00e7\u00e3o de dados externos;<\/li>\n\n\n\n<li>envio e recebimento de mensagens por correio eletr\u00f4nico;<\/li>\n\n\n\n<li>anexa\u00e7\u00e3o de arquivos;<\/li>\n\n\n\n<li>encaminhamento e resposta de e-mails;<\/li>\n\n\n\n<li>navega\u00e7\u00e3o na internet;<\/li>\n\n\n\n<li>conceitos de URL, links e sites;<\/li>\n\n\n\n<li>busca e impress\u00e3o de p\u00e1ginas.<\/li>\n<\/ul><h3 class=\"wp-block-heading\">Administra\u00e7\u00e3o P\u00fablica<\/h3>\n\n\n\n<ul class=\"wp-block-list\"><li>Constitui\u00e7\u00e3o do Estado de S\u00e3o Paulo;<\/li>\n\n\n\n<li>organiza\u00e7\u00e3o da Administra\u00e7\u00e3o P\u00fablica estadual;<\/li>\n\n\n\n<li>disposi\u00e7\u00f5es sobre os servidores p\u00fablicos civis;<\/li>\n\n\n\n<li>normas estaduais relacionadas \u00e0 sa\u00fade;<\/li>\n\n\n\n<li>Estatuto dos Servidores P\u00fablicos Civis do Estado de S\u00e3o Paulo;<\/li>\n\n\n\n<li>Lei de Acesso \u00e0 Informa\u00e7\u00e3o;<\/li>\n\n\n\n<li>Decreto Estadual n\u00ba 58.052\/2012;<\/li>\n\n\n\n<li>C\u00f3digo de \u00c9tica da Administra\u00e7\u00e3o P\u00fablica Estadual;<\/li>\n\n\n\n<li>princ\u00edpios da Administra\u00e7\u00e3o P\u00fablica;<\/li>\n\n\n\n<li>modelos de gest\u00e3o p\u00fablica;<\/li>\n\n\n\n<li>qualidade no servi\u00e7o p\u00fablico;<\/li>\n\n\n\n<li>conceitos de efici\u00eancia, efic\u00e1cia e efetividade.<\/li>\n<\/ul><h3 class=\"wp-block-heading\">Sa\u00fade P\u00fablica<\/h3>\n\n\n\n<ul class=\"wp-block-list\"><li>Programas do Sistema \u00danico de Sa\u00fade;<\/li>\n\n\n\n<li>atendimento aos pacientes e usu\u00e1rios;<\/li>\n\n\n\n<li>Lei n\u00ba 8.080\/1990;<\/li>\n\n\n\n<li>promo\u00e7\u00e3o, prote\u00e7\u00e3o e recupera\u00e7\u00e3o da sa\u00fade;<\/li>\n\n\n\n<li>organiza\u00e7\u00e3o e funcionamento dos servi\u00e7os de sa\u00fade;<\/li>\n\n\n\n<li>Lei n\u00ba 8.142\/1990;<\/li>\n\n\n\n<li>participa\u00e7\u00e3o da comunidade na gest\u00e3o do SUS;<\/li>\n\n\n\n<li>transfer\u00eancias intergovernamentais de recursos;<\/li>\n\n\n\n<li>Decreto n\u00ba 7.508\/2011;<\/li>\n\n\n\n<li>organiza\u00e7\u00e3o e planejamento do SUS;<\/li>\n\n\n\n<li>assist\u00eancia \u00e0 sa\u00fade;<\/li>\n\n\n\n<li>articula\u00e7\u00e3o interfederativa;<\/li>\n\n\n\n<li>epidemiologia;<\/li>\n\n\n\n<li>indicadores de sa\u00fade da popula\u00e7\u00e3o;<\/li>\n\n\n\n<li>sistemas de informa\u00e7\u00e3o em sa\u00fade;<\/li>\n\n\n\n<li>promo\u00e7\u00e3o da sa\u00fade;<\/li>\n\n\n\n<li>preven\u00e7\u00e3o de doen\u00e7as;<\/li>\n\n\n\n<li>vigil\u00e2ncia em sa\u00fade;<\/li>\n\n\n\n<li>processos de trabalho em sa\u00fade;<\/li>\n\n\n\n<li>gest\u00e3o do sistema de sa\u00fade;<\/li>\n\n\n\n<li>forma\u00e7\u00e3o e educa\u00e7\u00e3o em sa\u00fade;<\/li>\n\n\n\n<li>educa\u00e7\u00e3o permanente em sa\u00fade;<\/li>\n\n\n\n<li>organiza\u00e7\u00e3o social e comunit\u00e1ria;<\/li>\n\n\n\n<li>conselhos de sa\u00fade;<\/li>\n\n\n\n<li>Pacto pela Sa\u00fade.<\/li>\n<\/ul><h3 class=\"wp-block-heading\">Conhecimentos Espec\u00edficos<\/h3>\n\n\n\n<p class=\"wp-block-paragraph\">Os conhecimentos espec\u00edficos dever\u00e3o abordar conte\u00fados diretamente relacionados \u00e0 forma\u00e7\u00e3o e \u00e0s atividades profissionais do Nutricionista.<\/p>\n\n\n\n<p class=\"wp-block-paragraph\">O programa oficial poder\u00e1 incluir temas relacionados \u00e0 alimenta\u00e7\u00e3o escolar, avalia\u00e7\u00e3o nutricional, seguran\u00e7a dos alimentos, elabora\u00e7\u00e3o de card\u00e1pios, educa\u00e7\u00e3o alimentar e legisla\u00e7\u00e3o profissional. Os t\u00f3picos exatos, entretanto, somente ser\u00e3o conhecidos ap\u00f3s a publica\u00e7\u00e3o do edital.<\/p>\n\n\n\n<h2 class=\"wp-block-heading\" id=\"materiais-preparatrios-para-o-concurso-see-sp\">Materiais preparat\u00f3rios para o concurso SEE SP<\/h2>\n\n\n\n<p class=\"wp-block-paragraph\">Estudar para o\u00a0<strong>concurso SEE SP<\/strong>\u00a0exige comprometimento, disciplina e um planejamento bem estruturado. A const\u00e2ncia nos estudos e a aplica\u00e7\u00e3o de m\u00e9todos eficazes s\u00e3o fundamentais para manter o foco e evitar o desgaste durante a prepara\u00e7\u00e3o.<\/p>\n\n\n\n<p class=\"wp-block-paragraph\">A\u00a0<a href=\"https:\/\/www.novaconcursos.com.br\/\">Nova Concursos<\/a>\u00a0oferece materiais atualizados e estrat\u00e9gias eficientes, ideais para quem precisa equilibrar rotina e estudos. Aproveitar esses recursos pode ser o diferencial na sua caminhada rumo \u00e0 aprova\u00e7\u00e3o.<\/p>\n\n\n\n<p class=\"wp-block-paragraph\">Cada dia sem estudar \u00e9 um obst\u00e1culo a mais entre voc\u00ea e a sua vaga. Inicie agora sua prepara\u00e7\u00e3o com materiais que j\u00e1 ajudaram mais de 100 mil de candidatos a conquistar um lugar no servi\u00e7o p\u00fablico. N\u00e3o deixe para depois!<\/p>\n\n\n\n<p class=\"wp-block-paragraph\"><\/p><div class=\"nova-continue-reading\">Estude com os materiais da <a href=\"https:\/\/www.novaconcursos.com.br\/\">Nova Concursos<\/a>!<\/div>\n\n\n\n<h2 class=\"wp-block-heading\" id=\"ltimo-concurso-see-sp\">\u00daltimo concurso SEE SP<\/h2>\n\n\n\n<p class=\"wp-block-paragraph\">Para a carreira de Agente T\u00e9cnico de Assist\u00eancia \u00e0 Sa\u00fade, a \u00faltima sele\u00e7\u00e3o foi realizada em 2025 pela Secretaria de Estado da Sa\u00fade de S\u00e3o Paulo.<\/p>\n\n\n\n<p class=\"wp-block-paragraph\">O concurso SEE SP foi organizado pela <a href=\"https:\/\/portal.editais.legalleconcursos.com.br\/edital\/ver\/2413\" target=\"_blank\" rel=\"noopener\">Legalle Concursos<\/a> e ofertou oito vagas, distribu\u00eddas entre os cargos de Agente T\u00e9cnico de Assist\u00eancia \u00e0 Sa\u00fade \u2013 Terapeuta Ocupacional e M\u00e9dico I \u2013 Psiquiatria.<\/p>\n\n\n\n<p class=\"wp-block-paragraph\">As remunera\u00e7\u00f5es iniciais variaram de R$ 3.221,60 a R$ 7.900,60, al\u00e9m das vantagens previstas para cada carreira.<\/p>\n\n\n\n<h3 class=\"wp-block-heading\">Cargos e vagas<\/h3>\n\n\n\n<ul class=\"wp-block-list\"><li>Agente T\u00e9cnico de Assist\u00eancia \u00e0 Sa\u00fade \u2013 Terapeuta Ocupacional: quatro vagas;<\/li>\n\n\n\n<li>M\u00e9dico I \u2013 Psiquiatria: quatro vagas.<\/li>\n<\/ul><h3 class=\"wp-block-heading\">Etapas<\/h3>\n\n\n\n<p class=\"wp-block-paragraph\">Os candidatos foram avaliados pelas seguintes etapas:<\/p>\n\n\n\n<ul class=\"wp-block-list\"><li>prova objetiva, de car\u00e1ter eliminat\u00f3rio e classificat\u00f3rio;<\/li>\n\n\n\n<li>prova dissertativa, de car\u00e1ter eliminat\u00f3rio e classificat\u00f3rio.<\/li>\n<\/ul><p class=\"wp-block-paragraph\">A prova objetiva contou com 55 quest\u00f5es de m\u00faltipla escolha.<\/p>\n\n\n\n<p class=\"wp-block-paragraph\">A avalia\u00e7\u00e3o foi distribu\u00edda da seguinte forma:<\/p>\n\n\n\n<ul class=\"wp-block-list\"><li>L\u00edngua Portuguesa: dez quest\u00f5es;<\/li>\n\n\n\n<li>Inform\u00e1tica: dez quest\u00f5es;<\/li>\n\n\n\n<li>Administra\u00e7\u00e3o P\u00fablica e Sa\u00fade P\u00fablica: dez quest\u00f5es;<\/li>\n\n\n\n<li>Conhecimentos Espec\u00edficos: 25 quest\u00f5es.<\/li>\n<\/ul><p class=\"wp-block-paragraph\">A sele\u00e7\u00e3o de refer\u00eancia tamb\u00e9m contou com prova dissertativa, composta por uma reda\u00e7\u00e3o sobre tema relacionado ao conte\u00fado previsto no edital.<\/p>\n\n\n\n<p class=\"wp-block-paragraph\">A reda\u00e7\u00e3o valeu 20 pontos e deveria apresentar entre 30 e 50 linhas. A avalia\u00e7\u00e3o teve car\u00e1ter eliminat\u00f3rio e classificat\u00f3rio.<\/p>\n\n\n\n<p class=\"wp-block-paragraph\">Ainda n\u00e3o h\u00e1 confirma\u00e7\u00e3o de que o novo concurso SEE SP seguir\u00e1 exatamente esse modelo.<\/p>","protected":false},"excerpt":{"rendered":"<p>O concurso SEE SP est\u00e1 autorizado com 37 vagas de n\u00edvel superior para Nutricionista! Provimento ocorrer\u00e1 em 2027. Saiba mais.<\/p>\n","protected":false},"author":54693,"featured_media":311632,"comment_status":"closed","ping_status":"closed","sticky":false,"template":"","format":"standard","meta":{"_acf_changed":false,"footnotes":"","_wp_rev_ctl_limit":""},"categories":[44999,44944,44945,44949],"tags":[225],"class_list":["post-311624","post","type-post","status-publish","format-standard","has-post-thumbnail","hentry","category-concursos","category-carreira-educacao","category-carreira-saude","category-sp","tag-concurso-see-sp"],"acf":[],"_links":{"self":[{"href":"https:\/\/www.novaconcursos.com.br\/portal\/wp-json\/wp\/v2\/posts\/311624","targetHints":{"allow":["GET"]}}],"collection":[{"href":"https:\/\/www.novaconcursos.com.br\/portal\/wp-json\/wp\/v2\/posts"}],"about":[{"href":"https:\/\/www.novaconcursos.com.br\/portal\/wp-json\/wp\/v2\/types\/post"}],"author":[{"embeddable":true,"href":"https:\/\/www.novaconcursos.com.br\/portal\/wp-json\/wp\/v2\/users\/54693"}],"replies":[{"embeddable":true,"href":"https:\/\/www.novaconcursos.com.br\/portal\/wp-json\/wp\/v2\/comments?post=311624"}],"version-history":[{"count":3,"href":"https:\/\/www.novaconcursos.com.br\/portal\/wp-json\/wp\/v2\/posts\/311624\/revisions"}],"predecessor-version":[{"id":314185,"href":"https:\/\/www.novaconcursos.com.br\/portal\/wp-json\/wp\/v2\/posts\/311624\/revisions\/314185"}],"wp:featuredmedia":[{"embeddable":true,"href":"https:\/\/www.novaconcursos.com.br\/portal\/wp-json\/wp\/v2\/media\/311632"}],"wp:attachment":[{"href":"https:\/\/www.novaconcursos.com.br\/portal\/wp-json\/wp\/v2\/media?parent=311624"}],"wp:term":[{"taxonomy":"category","embeddable":true,"href":"https:\/\/www.novaconcursos.com.br\/portal\/wp-json\/wp\/v2\/categories?post=311624"},{"taxonomy":"post_tag","embeddable":true,"href":"https:\/\/www.novaconcursos.com.br\/portal\/wp-json\/wp\/v2\/tags?post=311624"}],"curies":[{"name":"wp","href":"https:\/\/api.w.org\/{rel}","templated":true}]}}