{"id":311639,"date":"2026-07-21T10:32:24","date_gmt":"2026-07-21T13:32:24","guid":{"rendered":"https:\/\/www.novaconcursos.com.br\/portal\/?p=311639"},"modified":"2026-07-21T10:32:29","modified_gmt":"2026-07-21T13:32:29","slug":"coren-sp","status":"publish","type":"post","link":"https:\/\/www.novaconcursos.com.br\/portal\/concursos\/coren-sp\/","title":{"rendered":"Concurso Coren SP: Banca definida para novo edital com 76 vagas!"},"content":{"rendered":"<p class=\"wp-block-paragraph\">O <strong>concurso Coren SP<\/strong> \u00e9 a sele\u00e7\u00e3o do <strong>Conselho Regional de Enfermagem de S\u00e3o Paulo<\/strong>, destinada ao preenchimento de vagas efetivas e \u00e0 forma\u00e7\u00e3o de cadastro de reserva para cargos de n\u00edveis m\u00e9dio e superior. A nova sele\u00e7\u00e3o contar\u00e1 com oportunidades em diferentes \u00e1reas administrativas e t\u00e9cnicas, com remunera\u00e7\u00f5es que podem chegar a <strong>R$ 12 mil<\/strong>, conforme o cargo.<\/p>\n\n\n\n<p class=\"wp-block-paragraph\">O certame deu um importante passo rumo \u00e0 publica\u00e7\u00e3o do edital. Segundo publica\u00e7\u00e3o no Portal Nacional de Contrata\u00e7\u00f5es P\u00fablicas (PNCP), o <strong>Instituto Quadrix<\/strong> foi definido como banca organizadora do concurso. Com a escolha da empresa respons\u00e1vel, os pr\u00f3ximos tr\u00e2mites incluem a assinatura do contrato e, posteriormente, a divulga\u00e7\u00e3o do edital com o cronograma oficial da sele\u00e7\u00e3o.<\/p>\n\n\n\n<p class=\"wp-block-paragraph\">A expectativa \u00e9 que o concurso ofere\u00e7a <strong>76 vagas imediatas<\/strong>, al\u00e9m de forma\u00e7\u00e3o de cadastro de reserva, contemplando cargos de n\u00edveis m\u00e9dio e superior. Confira, a seguir, todos os detalhes sobre a defini\u00e7\u00e3o da banca, os cargos previstos, as vagas e as pr\u00f3ximas etapas do concurso Coren SP.<\/p>\n\n\n\n<h2 class=\"wp-block-heading\" id=\"concurso-coren-sp-situao-atual\">Concurso Coren SP: Situa\u00e7\u00e3o atual<\/h2>\n\n\n\n<p class=\"wp-block-paragraph\">O <strong>concurso <\/strong><a href=\"https:\/\/portal.coren-sp.gov.br\/\" target=\"_blank\" rel=\"noreferrer noopener\"><strong>Coren SP<\/strong> <\/a>avan\u00e7ou mais uma etapa rumo \u00e0 publica\u00e7\u00e3o do edital. Nesta segunda-feira, 20 de julho, foi publicado no Portal Nacional de Contrata\u00e7\u00f5es P\u00fablicas (PNCP) o documento que <strong>ratifica a escolha do Instituto Quadrix como banca organizadora<\/strong> da sele\u00e7\u00e3o do Conselho Regional de Enfermagem de S\u00e3o Paulo. Veja:<\/p>\n\n\n\n<figure class=\"wp-block-image size-full\"><a href=\"https:\/\/www.novaconcursos.com.br\/portal\/wp-content\/uploads\/2026\/07\/image-92-1024x360-1.webp\"><img decoding=\"async\" width=\"1024\" height=\"360\" src=\"https:\/\/www.novaconcursos.com.br\/portal\/wp-content\/uploads\/2026\/07\/image-92-1024x360-1.webp\" alt=\"concurso coren sp\" class=\"wp-image-311644\" loading=\"lazy\" title=\"\" srcset=\"https:\/\/www.novaconcursos.com.br\/portal\/wp-content\/uploads\/2026\/07\/image-92-1024x360-1-300x105.webp 300w, https:\/\/www.novaconcursos.com.br\/portal\/wp-content\/uploads\/2026\/07\/image-92-1024x360-1-480x169.webp 480w, https:\/\/www.novaconcursos.com.br\/portal\/wp-content\/uploads\/2026\/07\/image-92-1024x360-1-768x270.webp 768w, https:\/\/www.novaconcursos.com.br\/portal\/wp-content\/uploads\/2026\/07\/image-92-1024x360-1.webp 1024w\" sizes=\"auto, (max-width: 480px) 100vw, (max-width: 768px) 100vw, (max-width: 1200px) 70vw, 768px\"><\/a><figcaption><\/figcaption><\/figure><p class=\"wp-block-paragraph\">A defini\u00e7\u00e3o da banca representa um dos principais marcos do cronograma de um concurso p\u00fablico. O nome do Instituto Quadrix j\u00e1 havia sido divulgado anteriormente como vencedor do processo de contrata\u00e7\u00e3o, e a ratifica\u00e7\u00e3o no PNCP oficializa essa escolha. Com isso, o pr\u00f3ximo passo ser\u00e1 a assinatura do contrato entre o Coren SP e a organizadora, etapa que antecede a publica\u00e7\u00e3o do edital.<\/p>\n\n\n\n<p class=\"wp-block-paragraph\">Ap\u00f3s a formaliza\u00e7\u00e3o do contrato, o Instituto Quadrix ficar\u00e1 respons\u00e1vel por conduzir todas as fases do certame, incluindo a elabora\u00e7\u00e3o e publica\u00e7\u00e3o do edital, o recebimento das inscri\u00e7\u00f5es, a aplica\u00e7\u00e3o das provas e a divulga\u00e7\u00e3o dos resultados. A expectativa \u00e9 de que essas etapas sejam iniciadas nos pr\u00f3ximos meses.<\/p>\n\n\n\n<h2 class=\"wp-block-heading\" id=\"cargos-vagas-e-salrios-do-concurso-coren-sp\">Cargos, vagas e sal\u00e1rios do concurso Coren SP<\/h2>\n\n\n\n<p class=\"wp-block-paragraph\">O concurso Coren SP ofertar\u00e1 <strong>76 vagas imediatas<\/strong>, al\u00e9m de forma\u00e7\u00e3o de cadastro de reserva, para cargos de n\u00edveis m\u00e9dio e superior. Ao todo, a sele\u00e7\u00e3o contempla nove cargos, com remunera\u00e7\u00f5es iniciais que variam de <strong>R$ 4.850,00 a R$ 12.190,00<\/strong>.<\/p>\n\n\n\n<p class=\"wp-block-paragraph\">Confira a distribui\u00e7\u00e3o das oportunidades:<\/p>\n\n\n\n<h3 class=\"wp-block-heading\">N\u00edvel m\u00e9dio<\/h3>\n\n\n\n<ul class=\"wp-block-list\"><li>Assistente Administrativo: 29 vagas \u2013 sal\u00e1rio inicial de R$ 4.850,00<\/li>\n<\/ul><h3 class=\"wp-block-heading\">N\u00edvel superior<\/h3>\n\n\n\n<ul class=\"wp-block-list\"><li>Enfermeiro Fiscal: 30 vagas \u2013 sal\u00e1rio inicial de R$ 12.190,00<\/li>\n\n\n\n<li>Analista de Suporte \u00e0 Gest\u00e3o: 12 vagas \u2013 sal\u00e1rio inicial de R$ 7.598,00<\/li>\n\n\n\n<li>Enfermeiro Apoio \u00e0 Atividade Final\u00edstica: 3 vagas \u2013 sal\u00e1rio inicial de R$ 7.598,00<\/li>\n\n\n\n<li>Analista T\u00e9cnico: 1 vaga \u2013 sal\u00e1rio inicial de R$ 7.598,00<\/li>\n\n\n\n<li>Auditor: 1 vaga \u2013 sal\u00e1rio inicial de R$ 7.598<strong>,<\/strong>00<\/li>\n\n\n\n<li>Contador: cadastro de reserva \u2013 sal\u00e1rio inicial de R$ 7.598,00<\/li>\n\n\n\n<li>Analista de Ci\u00eancia de Dados e IA: cadastro de reserva \u2013 sal\u00e1rio inicial de R$ 7.598,00<\/li>\n\n\n\n<li>Analista de Desenvolvimento de Sistemas: cadastro de reserva \u2013 sal\u00e1rio inicial de R$ 7.598,00<\/li>\n<\/ul><p class=\"wp-block-paragraph\">A lota\u00e7\u00e3o ser\u00e1 na capital paulista, com possibilidade de remanejamento para os seguintes munic\u00edpios:<\/p>\n\n\n\n<ul class=\"wp-block-list\"><li>Bauru<\/li>\n\n\n\n<li>Campinas<\/li>\n\n\n\n<li>Guarulhos<\/li>\n\n\n\n<li>Itapetininga<\/li>\n\n\n\n<li>Mar\u00edlia<\/li>\n\n\n\n<li>Osasco<\/li>\n\n\n\n<li>Presidente Prudente<\/li>\n\n\n\n<li>Ribeir\u00e3o Preto<\/li>\n\n\n\n<li>Santo Andr\u00e9<\/li>\n\n\n\n<li>Santos<\/li>\n\n\n\n<li>S\u00e3o Jos\u00e9 do Rio Preto<\/li>\n\n\n\n<li>S\u00e3o Jos\u00e9 dos Campos<\/li>\n<\/ul><h3 class=\"wp-block-heading\">Benef\u00edcios<\/h3>\n\n\n\n<p class=\"wp-block-paragraph\">Al\u00e9m da remunera\u00e7\u00e3o, os aprovados contar\u00e3o com os seguintes benef\u00edcios:<\/p>\n\n\n\n<ul class=\"wp-block-list\"><li>Vale-refei\u00e7\u00e3o<\/li>\n\n\n\n<li>Vale-alimenta\u00e7\u00e3o<\/li>\n\n\n\n<li>Assist\u00eancia m\u00e9dica<\/li>\n\n\n\n<li>Assist\u00eancia odontol\u00f3gica<\/li>\n\n\n\n<li>Reembolso creche<\/li>\n\n\n\n<li>Aux\u00edlio ao filho com defici\u00eancia<\/li>\n\n\n\n<li>Vale transporte<\/li>\n\n\n\n<li>Aux\u00edlio funeral<\/li>\n<\/ul><h2 class=\"wp-block-heading\" id=\"requisitos-do-concurso-coren-sp\">Requisitos do concurso Coren SP<\/h2>\n\n\n\n<p class=\"wp-block-paragraph\">Confira os requisitos exigidos para investidura nos cargos, segundo o \u00faltimo edital:<\/p>\n\n\n\n<ul class=\"wp-block-list\"><li>Ter nacionalidade brasileira ou portuguesa, amparada pelo Estatuto da Igualdade entre Brasileiros e Portugueses, ou ser estrangeiro naturalizado em situa\u00e7\u00e3o regular no pa\u00eds;<\/li>\n\n\n\n<li>Ter, na data da convoca\u00e7\u00e3o, idade m\u00ednima de 18 anos;<\/li>\n\n\n\n<li>Estar em dia com as obriga\u00e7\u00f5es militares, quando do sexo masculino;<\/li>\n\n\n\n<li>Estar quite com as obriga\u00e7\u00f5es eleitorais;<\/li>\n\n\n\n<li>Comprovar a escolaridade e os demais requisitos exigidos para o cargo pretendido;<\/li>\n\n\n\n<li>N\u00e3o possuir antecedentes criminais;<\/li>\n\n\n\n<li>Ter aptid\u00e3o f\u00edsica e mental para o exerc\u00edcio das atribui\u00e7\u00f5es do cargo, comprovada em exame m\u00e9dico admissional;<\/li>\n\n\n\n<li>N\u00e3o ter sido demitido por justa causa ou condenado em processo administrativo transitado em julgado no \u00e2mbito do Coren SP;<\/li>\n\n\n\n<li>N\u00e3o receber proventos de aposentadoria ou remunera\u00e7\u00e3o de cargo, emprego ou fun\u00e7\u00e3o p\u00fablica, exceto nos casos de acumula\u00e7\u00e3o permitidos pela Constitui\u00e7\u00e3o Federal.<\/li>\n<\/ul><h2 class=\"wp-block-heading\" id=\"concurso-coren-sp-etapas-e-provas\">Concurso Coren SP: etapas e provas<\/h2>\n\n\n\n<p class=\"wp-block-paragraph\">De acordo com o Termo de Refer\u00eancia, o concurso Coren SP ser\u00e1 realizado em um \u00fanico dia, com aplica\u00e7\u00e3o das provas em dois turnos. Os exames ocorrer\u00e3o nas cidades de S\u00e3o Paulo, Mar\u00edlia, S\u00e3o Jos\u00e9 dos Campos, Ribeir\u00e3o Preto e S\u00e3o Jos\u00e9 do Rio Preto. Ap\u00f3s as provas, o certame ainda contar\u00e1 com etapas destinadas aos candidatos que concorrerem \u00e0s vagas reservadas.<\/p>\n\n\n\n<h3 class=\"wp-block-heading\">Prova objetiva<\/h3>\n\n\n\n<p class=\"wp-block-paragraph\">A prova objetiva ser\u00e1 aplicada no modelo <strong>certo ou errado<\/strong> e ser\u00e1 composta por <strong>120 itens<\/strong>, distribu\u00eddos da seguinte forma:<\/p>\n\n\n\n<ul class=\"wp-block-list\"><li>40 itens de conhecimentos b\u00e1sicos;<\/li>\n\n\n\n<li>30 itens de conhecimentos complementares;<\/li>\n\n\n\n<li>50 itens de conhecimentos espec\u00edficos.<\/li>\n<\/ul><h3 class=\"wp-block-heading\">Prova discursiva<\/h3>\n\n\n\n<p class=\"wp-block-paragraph\">Al\u00e9m da prova objetiva, os candidatos realizar\u00e3o uma <strong>prova discursiva<\/strong>, composta por uma quest\u00e3o de natureza t\u00e9cnica ou estudo de caso.<\/p>\n\n\n\n<p class=\"wp-block-paragraph\">Entretanto, a discursiva ser\u00e1 corrigida apenas para os candidatos que obtiverem <strong>mais de 70% de acertos na prova objetiva<\/strong>.<\/p>\n\n\n\n<h3 class=\"wp-block-heading\">Avalia\u00e7\u00e3o biopsicossocial<\/h3>\n\n\n\n<p class=\"wp-block-paragraph\">Os candidatos que concorrerem \u00e0s vagas reservadas para pessoas com defici\u00eancia (PcD) ser\u00e3o convocados para a avalia\u00e7\u00e3o biopsicossocial, etapa destinada \u00e0 verifica\u00e7\u00e3o da condi\u00e7\u00e3o declarada no ato da inscri\u00e7\u00e3o.<\/p>\n\n\n\n<h3 class=\"wp-block-heading\">Procedimento de heteroidentifica\u00e7\u00e3o<\/h3>\n\n\n\n<p class=\"wp-block-paragraph\">Os candidatos inscritos para as vagas destinadas a pessoas pretas, pardas e ind\u00edgenas passar\u00e3o pelo procedimento de heteroidentifica\u00e7\u00e3o, conforme as regras que ser\u00e3o detalhadas no edital de abertura.<\/p>\n\n\n\n<h2 class=\"wp-block-heading\" id=\"o-que-cai-na-prova-do-concurso-coren-sp\">O que cai na prova do concurso Coren SP?<\/h2>\n\n\n\n<p class=\"wp-block-paragraph\">Confira o que estudar para o concurso Coren SP, segundo o \u00faltimo edital:<\/p>\n\n\n\n<h3 class=\"wp-block-heading\">L\u00edngua Portuguesa<\/h3>\n\n\n\n<ul class=\"wp-block-list\"><li>Compreens\u00e3o e interpreta\u00e7\u00e3o de textos;<\/li>\n\n\n\n<li>Ortografia oficial;<\/li>\n\n\n\n<li>Acentua\u00e7\u00e3o gr\u00e1fica;<\/li>\n\n\n\n<li>Classes de palavras;<\/li>\n\n\n\n<li>Emprego e flex\u00e3o das palavras;<\/li>\n\n\n\n<li>Concord\u00e2ncia verbal e nominal;<\/li>\n\n\n\n<li>Reg\u00eancia verbal e nominal;<\/li>\n\n\n\n<li>Crase;<\/li>\n\n\n\n<li>Coloca\u00e7\u00e3o pronominal;<\/li>\n\n\n\n<li>Pontua\u00e7\u00e3o;<\/li>\n\n\n\n<li>Sintaxe da ora\u00e7\u00e3o e do per\u00edodo;<\/li>\n\n\n\n<li>Significa\u00e7\u00e3o das palavras;<\/li>\n\n\n\n<li>Reda\u00e7\u00e3o oficial.<\/li>\n<\/ul><h3 class=\"wp-block-heading\">Matem\u00e1tica e Racioc\u00ednio L\u00f3gico<\/h3>\n\n\n\n<ul class=\"wp-block-list\"><li>Opera\u00e7\u00f5es com n\u00fameros inteiros, fracion\u00e1rios e decimais;<\/li>\n\n\n\n<li>Raz\u00e3o e propor\u00e7\u00e3o;<\/li>\n\n\n\n<li>Regra de tr\u00eas simples e composta;<\/li>\n\n\n\n<li>Porcentagem;<\/li>\n\n\n\n<li>Juros simples;<\/li>\n\n\n\n<li>Equa\u00e7\u00f5es do 1\u00ba grau;<\/li>\n\n\n\n<li>Sistema de medidas;<\/li>\n\n\n\n<li>Problemas matem\u00e1ticos;<\/li>\n\n\n\n<li>Sequ\u00eancias l\u00f3gicas;<\/li>\n\n\n\n<li>Racioc\u00ednio l\u00f3gico e resolu\u00e7\u00e3o de problemas.<\/li>\n<\/ul><h3 class=\"wp-block-heading\">No\u00e7\u00f5es de Inform\u00e1tica<\/h3>\n\n\n\n<ul class=\"wp-block-list\"><li>Sistema operacional Windows;<\/li>\n\n\n\n<li>Microsoft Word;<\/li>\n\n\n\n<li>Microsoft Excel;<\/li>\n\n\n\n<li>Internet e correio eletr\u00f4nico;<\/li>\n\n\n\n<li>Conceitos b\u00e1sicos de hardware e software;<\/li>\n\n\n\n<li>Seguran\u00e7a da informa\u00e7\u00e3o;<\/li>\n\n\n\n<li>Navega\u00e7\u00e3o na internet.<\/li>\n<\/ul><h3 class=\"wp-block-heading\">Conhecimentos Gerais<\/h3>\n\n\n\n<ul class=\"wp-block-list\"><li>Atualidades nacionais e internacionais;<\/li>\n\n\n\n<li>Hist\u00f3ria e geografia do Brasil;<\/li>\n\n\n\n<li>Pol\u00edtica;<\/li>\n\n\n\n<li>Economia;<\/li>\n\n\n\n<li>Sociedade;<\/li>\n\n\n\n<li>Cultura;<\/li>\n\n\n\n<li>Meio ambiente;<\/li>\n\n\n\n<li>Ci\u00eancia e tecnologia.<\/li>\n<\/ul><h3 class=\"wp-block-heading\">Pol\u00edticas de Sa\u00fade<\/h3>\n\n\n\n<ul class=\"wp-block-list\"><li>Sistema \u00danico de Sa\u00fade (SUS);<\/li>\n\n\n\n<li>Princ\u00edpios e diretrizes do SUS;<\/li>\n\n\n\n<li>Organiza\u00e7\u00e3o dos servi\u00e7os de sa\u00fade;<\/li>\n\n\n\n<li>Pol\u00edticas p\u00fablicas de sa\u00fade;<\/li>\n\n\n\n<li>Legisla\u00e7\u00e3o aplicada \u00e0 sa\u00fade.<\/li>\n<\/ul><p class=\"wp-block-paragraph\">Al\u00e9m do conte\u00fado cobrado no \u00faltimo edital, o <strong>Termo de Refer\u00eancia<\/strong> j\u00e1 antecipa as \u00e1reas de conhecimento que servir\u00e3o de base para a elabora\u00e7\u00e3o do conte\u00fado program\u00e1tico do novo concurso Coren SP. Confira o que est\u00e1 previsto para cada cargo:<\/p>\n\n\n\n<ul class=\"wp-block-list\"><li><strong>Assistente Administrativo:<\/strong> Pacote Office e ferramentas de intelig\u00eancia artificial generativa aplicadas \u00e0 produtividade.<\/li>\n\n\n\n<li><strong>Contador:<\/strong> legisla\u00e7\u00e3o dos conselhos profissionais, registro no CRC, Pacote Office e ferramentas de IA generativa.<\/li>\n\n\n\n<li><strong>Analista de Ci\u00eancia de Dados e IA:<\/strong> estat\u00edstica, Python e SQL, machine learning e deep learning, bancos de dados relacionais e n\u00e3o relacionais, processos ETL, Power BI, governan\u00e7a de dados, computa\u00e7\u00e3o em nuvem e processamento de linguagem natural.<\/li>\n\n\n\n<li><strong>Analista de Desenvolvimento de Sistemas:<\/strong> bancos de dados, arquiteturas para plataformas mobile e web, linguagens de programa\u00e7\u00e3o, integra\u00e7\u00e3o de sistemas e APIs, metodologias \u00e1geis e seguran\u00e7a da informa\u00e7\u00e3o.<\/li>\n\n\n\n<li><strong>Analista de Suporte \u00e0 Gest\u00e3o:<\/strong> comunica\u00e7\u00e3o oral e escrita, Pacote Office e ferramentas de IA generativa.<\/li>\n\n\n\n<li><strong>Analista T\u00e9cnico:<\/strong> boas pr\u00e1ticas t\u00e9cnicas, medi\u00e7\u00f5es de servi\u00e7os, gest\u00e3o de riscos, softwares de engenharia e elabora\u00e7\u00e3o de relat\u00f3rios t\u00e9cnicos.<\/li>\n\n\n\n<li><strong>Auditor:<\/strong> legisla\u00e7\u00e3o or\u00e7ament\u00e1ria, financeira e patrimonial, auditoria interna, controles internos, mapeamento de riscos e gest\u00e3o de processos.<\/li>\n\n\n\n<li><strong>Enfermeiro Apoio \u00e0 Atividade Final\u00edstica:<\/strong> legisla\u00e7\u00e3o aplic\u00e1vel \u00e0s atividades do Coren-SP, administra\u00e7\u00e3o em enfermagem e reda\u00e7\u00e3o t\u00e9cnica.<\/li>\n\n\n\n<li><strong>Enfermeiro Fiscal:<\/strong> Manual de Fiscaliza\u00e7\u00e3o do Sistema Cofen, legisla\u00e7\u00e3o do Cofen e do Coren-SP, Pacote Office e ferramentas de IA generativa.<\/li>\n<\/ul><p class=\"wp-block-paragraph\">Vale destacar que essas informa\u00e7\u00f5es ainda t\u00eam car\u00e1ter preliminar. O conte\u00fado program\u00e1tico oficial, bem como a divis\u00e3o das disciplinas por cargo, ser\u00e1 confirmado apenas com a publica\u00e7\u00e3o do edital.<\/p>\n\n\n\n<h2 class=\"wp-block-heading\" id=\"materiais-preparatrios-para-o-concurso-see-sp\">Materiais preparat\u00f3rios para o concurso Coren SP<\/h2>\n\n\n\n<p class=\"wp-block-paragraph\">Estudar para o\u00a0concurso Coren SP exige comprometimento, disciplina e um planejamento bem estruturado. A const\u00e2ncia nos estudos e a aplica\u00e7\u00e3o de m\u00e9todos eficazes s\u00e3o fundamentais para manter o foco e evitar o desgaste durante a prepara\u00e7\u00e3o.<\/p>\n\n\n\n<p class=\"wp-block-paragraph\">A\u00a0<a href=\"https:\/\/www.novaconcursos.com.br\/\">Nova Concursos<\/a>\u00a0oferece materiais atualizados e estrat\u00e9gias eficientes, ideais para quem precisa equilibrar rotina e estudos. Aproveitar esses recursos pode ser o diferencial na sua caminhada rumo \u00e0 aprova\u00e7\u00e3o.<\/p>\n\n\n\n<p class=\"wp-block-paragraph\">Cada dia sem estudar \u00e9 um obst\u00e1culo a mais entre voc\u00ea e a sua vaga. Inicie agora sua prepara\u00e7\u00e3o com materiais que j\u00e1 ajudaram mais de 100 mil de candidatos a conquistar um lugar no servi\u00e7o p\u00fablico. N\u00e3o deixe para depois!<\/p>\n\n\n\n<p class=\"wp-block-paragraph\"><\/p><div class=\"nova-continue-reading\">Estude com os materiais da <a href=\"https:\/\/www.novaconcursos.com.br\/\">Nova Concursos<\/a>!<\/div>\n\n\n\n<h2 class=\"wp-block-heading\" id=\"ltimo-concurso-coren-sp\">\u00daltimo concurso Coren SP?<\/h2>\n\n\n\n<p class=\"wp-block-paragraph\">O \u00faltimo concurso Coren SP foi realizado em 2013 e teve organiza\u00e7\u00e3o da Funda\u00e7\u00e3o Vunesp. Na \u00e9poca, o Conselho Regional de Enfermagem de S\u00e3o Paulo ofertou 72 vagas imediatas, al\u00e9m de forma\u00e7\u00e3o de cadastro de reserva, para cargos de n\u00edveis m\u00e9dio e superior.<\/p>\n\n\n\n<p class=\"wp-block-paragraph\">As oportunidades de <strong>n\u00edvel m\u00e9dio<\/strong> contemplaram os seguintes cargos:<\/p>\n\n\n\n<ul class=\"wp-block-list\"><li>Agente Administrativo;<\/li>\n\n\n\n<li>Auxiliar de Fiscaliza\u00e7\u00e3o;<\/li>\n\n\n\n<li>Agente de Almoxarifado;<\/li>\n\n\n\n<li>Auxiliar de Recursos Humanos;<\/li>\n\n\n\n<li>Recepcionista;<\/li>\n\n\n\n<li>Telefonista;<\/li>\n\n\n\n<li>T\u00e9cnico em Inform\u00e1tica;<\/li>\n\n\n\n<li>T\u00e9cnico em Edifica\u00e7\u00f5es;<\/li>\n\n\n\n<li>T\u00e9cnico em Seguran\u00e7a do Trabalho;<\/li>\n\n\n\n<li>Entre outros.<\/li>\n<\/ul><p class=\"wp-block-paragraph\">J\u00e1 para o <strong>n\u00edvel superior<\/strong>, o edital reuniu vagas para diversas \u00e1reas de atua\u00e7\u00e3o, incluindo:<\/p>\n\n\n\n<ul class=\"wp-block-list\"><li>Enfermeiro Fiscal;<\/li>\n\n\n\n<li>Enfermeiro de Educa\u00e7\u00e3o;<\/li>\n\n\n\n<li>Advogado;<\/li>\n\n\n\n<li>Contador;<\/li>\n\n\n\n<li>Auditor;<\/li>\n\n\n\n<li>Analista de Sistemas;<\/li>\n\n\n\n<li>Administrador de Banco de Dados;<\/li>\n\n\n\n<li>Analista de Recursos Humanos;<\/li>\n\n\n\n<li>Analista da Qualidade;<\/li>\n\n\n\n<li>Designer Gr\u00e1fico;<\/li>\n\n\n\n<li>Bibliotec\u00e1rio;<\/li>\n\n\n\n<li>Secret\u00e1rio.<\/li>\n<\/ul>","protected":false},"excerpt":{"rendered":"<p>O concurso Coren SP j\u00e1 definiu a banca Instituto Quadrix para organizar a nova sele\u00e7\u00e3o! <\/p>\n","protected":false},"author":54701,"featured_media":311649,"comment_status":"closed","ping_status":"closed","sticky":false,"template":"","format":"standard","meta":{"_acf_changed":false,"footnotes":"","_wp_rev_ctl_limit":""},"categories":[44999,44939,44945,44949],"tags":[45904],"class_list":["post-311639","post","type-post","status-publish","format-standard","has-post-thumbnail","hentry","category-concursos","category-carreira-administrativa","category-carreira-saude","category-sp","tag-concurso-coren-sp"],"acf":[],"_links":{"self":[{"href":"https:\/\/www.novaconcursos.com.br\/portal\/wp-json\/wp\/v2\/posts\/311639","targetHints":{"allow":["GET"]}}],"collection":[{"href":"https:\/\/www.novaconcursos.com.br\/portal\/wp-json\/wp\/v2\/posts"}],"about":[{"href":"https:\/\/www.novaconcursos.com.br\/portal\/wp-json\/wp\/v2\/types\/post"}],"author":[{"embeddable":true,"href":"https:\/\/www.novaconcursos.com.br\/portal\/wp-json\/wp\/v2\/users\/54701"}],"replies":[{"embeddable":true,"href":"https:\/\/www.novaconcursos.com.br\/portal\/wp-json\/wp\/v2\/comments?post=311639"}],"version-history":[{"count":2,"href":"https:\/\/www.novaconcursos.com.br\/portal\/wp-json\/wp\/v2\/posts\/311639\/revisions"}],"predecessor-version":[{"id":311746,"href":"https:\/\/www.novaconcursos.com.br\/portal\/wp-json\/wp\/v2\/posts\/311639\/revisions\/311746"}],"wp:featuredmedia":[{"embeddable":true,"href":"https:\/\/www.novaconcursos.com.br\/portal\/wp-json\/wp\/v2\/media\/311649"}],"wp:attachment":[{"href":"https:\/\/www.novaconcursos.com.br\/portal\/wp-json\/wp\/v2\/media?parent=311639"}],"wp:term":[{"taxonomy":"category","embeddable":true,"href":"https:\/\/www.novaconcursos.com.br\/portal\/wp-json\/wp\/v2\/categories?post=311639"},{"taxonomy":"post_tag","embeddable":true,"href":"https:\/\/www.novaconcursos.com.br\/portal\/wp-json\/wp\/v2\/tags?post=311639"}],"curies":[{"name":"wp","href":"https:\/\/api.w.org\/{rel}","templated":true}]}}