{"id":314199,"date":"2026-08-31T09:12:44","date_gmt":"2026-08-31T12:12:44","guid":{"rendered":"https:\/\/www.novaconcursos.com.br\/portal\/?p=314199"},"modified":"2026-08-31T09:12:49","modified_gmt":"2026-08-31T12:12:49","slug":"concurso-mp-pe-tem-comissao-formada","status":"publish","type":"post","link":"https:\/\/www.novaconcursos.com.br\/portal\/noticias\/concurso-mp-pe-tem-comissao-formada\/","title":{"rendered":"Concurso MP PE tem comiss\u00e3o organizadora formada"},"content":{"rendered":"<p class=\"wp-block-paragraph\">O <strong>concurso MP PE<\/strong> deu mais um passo importante rumo \u00e0 publica\u00e7\u00e3o de um novo edital. O Minist\u00e9rio P\u00fablico de Pernambuco <strong>oficializou a comiss\u00e3o organizadora respons\u00e1vel pelos preparativos da pr\u00f3xima sele\u00e7\u00e3o.<\/strong> A forma\u00e7\u00e3o do grupo foi divulgada no Di\u00e1rio Oficial Eletr\u00f4nico do \u00f3rg\u00e3o nesta segunda-feira, 31 de agosto de 2026. Os integrantes dever\u00e3o acompanhar e conduzir as etapas necess\u00e1rias para o avan\u00e7o do certame, aumentando a expectativa por novas informa\u00e7\u00f5es sobre vagas, cargos e demais defini\u00e7\u00f5es do concurso.<\/p>\n\n\n\n<h2 class=\"wp-block-heading\" id=\"concurso-mp-pe-2026-comisso-formada-por-cinco-integrantes\">Concurso MP PE 2026: comiss\u00e3o \u00e9 formada por cinco integrantes<\/h2>\n\n\n\n<p class=\"wp-block-paragraph\">A comiss\u00e3o do <strong>concurso <a href=\"https:\/\/portal.mppe.mp.br\/\" target=\"_blank\" rel=\"noreferrer noopener\">MP PE<\/a> 2026<\/strong> \u00e9 formada por cinco servidores do Minist\u00e9rio P\u00fablico de Pernambuco. O grupo re\u00fane representantes das carreiras de Promotor de Justi\u00e7a, T\u00e9cnico Ministerial e Analista Ministerial.<\/p>\n\n\n\n<p class=\"wp-block-paragraph\">A presid\u00eancia da comiss\u00e3o ficar\u00e1 sob responsabilidade de <strong>Hil\u00e1rio Marinho Patriota J\u00fanior<\/strong>, Promotor de Justi\u00e7a e assessor t\u00e9cnico da Procuradoria-Geral de Justi\u00e7a.<\/p>\n\n\n\n<p class=\"wp-block-paragraph\">Tamb\u00e9m integram o grupo <strong>On\u00e9lia Carvalho de Oliveira Holanda<\/strong> e <strong>Paulo C\u00e9sar de Lima<\/strong>, ambos T\u00e9cnicos Ministeriais.<\/p>\n\n\n\n<p class=\"wp-block-paragraph\">Al\u00e9m deles, a comiss\u00e3o conta com <strong>Louise Emmille de Magalh\u00e3es Macedo Fittipaldi<\/strong>, Analista Ministerial, e <strong>Rebeca Farias Paes Barreto<\/strong>, T\u00e9cnica Ministerial.<\/p>\n\n\n\n<p class=\"wp-block-paragraph\">Com a forma\u00e7\u00e3o da comiss\u00e3o, o concurso MP PE 2026 avan\u00e7a nos preparativos para a nova sele\u00e7\u00e3o.<\/p>\n\n\n\n<p class=\"wp-block-paragraph\"><\/p><div class=\"nova-continue-reading\">Comece seus estudos e saia na frente: <a href=\"https:\/\/www.novaconcursos.com.br\/apostila\/lingua-portuguesa-concursos\" target=\"_blank\" rel=\"noreferrer noopener\">Apostila Portugu\u00eas para concursos<\/a><\/div>\n\n\n\n<p class=\"wp-block-paragraph\"><\/p><div class=\"nova-continue-reading\">Confira tamb\u00e9m:<a href=\"https:\/\/www.novaconcursos.com.br\/apostila\/matematica-raciocinio-logico-matematico-concursos\" target=\"_blank\" rel=\"noreferrer noopener\"> Apostila Matem\u00e1tica e Racioc\u00ednio l\u00f3gico para concursos<\/a><\/div>\n\n\n\n<h2 class=\"wp-block-heading\" id=\"o-que-faz-o-analista-ministerial-do-concurso-mp-pe\">O que faz o Analista Ministerial do concurso MP PE?<\/h2>\n\n\n\n<p class=\"wp-block-paragraph\">O concurso MP PE Analista \u00e9 destinado a profissionais de n\u00edvel superior, com atribui\u00e7\u00f5es que variam conforme a especialidade escolhida. De forma geral, o Analista Ministerial atua em atividades de apoio t\u00e9cnico, pesquisas, elabora\u00e7\u00e3o de pareceres, supervis\u00e3o, planejamento, controle e execu\u00e7\u00e3o de tarefas especializadas.<\/p>\n\n\n\n<p class=\"wp-block-paragraph\">Al\u00e9m disso, o servidor pode prestar suporte \u00e0s diferentes \u00e1reas do Minist\u00e9rio P\u00fablico de Pernambuco, desempenhando fun\u00e7\u00f5es relacionadas \u00e0 sua forma\u00e7\u00e3o profissional e contribuindo para as atividades administrativas e final\u00edsticas do \u00f3rg\u00e3o.<\/p>\n\n\n\n<figure class=\"wp-block-image size-large\"><img decoding=\"async\" width=\"1024\" height=\"683\" src=\"https:\/\/www.novaconcursos.com.br\/portal\/wp-content\/uploads\/2026\/08\/mulher-trabalhando-finacas-tributos-1024x683.webp\" alt=\"profissional-analisando-graficos-e-documentos-concurso-mp-pe\" class=\"wp-image-313991\" loading=\"lazy\" title=\"\" srcset=\"https:\/\/www.novaconcursos.com.br\/portal\/wp-content\/uploads\/2026\/08\/mulher-trabalhando-finacas-tributos-300x200.webp 300w, https:\/\/www.novaconcursos.com.br\/portal\/wp-content\/uploads\/2026\/08\/mulher-trabalhando-finacas-tributos-480x320.webp 480w, https:\/\/www.novaconcursos.com.br\/portal\/wp-content\/uploads\/2026\/08\/mulher-trabalhando-finacas-tributos-768x512.webp 768w, https:\/\/www.novaconcursos.com.br\/portal\/wp-content\/uploads\/2026\/08\/mulher-trabalhando-finacas-tributos-1024x683.webp 1024w, https:\/\/www.novaconcursos.com.br\/portal\/wp-content\/uploads\/2026\/08\/mulher-trabalhando-finacas-tributos-1536x1024.webp 1536w, https:\/\/www.novaconcursos.com.br\/portal\/wp-content\/uploads\/2026\/08\/mulher-trabalhando-finacas-tributos-2048x1365.webp 2048w\" sizes=\"auto, (max-width: 480px) 100vw, (max-width: 768px) 100vw, (max-width: 1200px) 70vw, 768px\"><figcaption class=\"wp-element-caption\">Concurso MP PE tem comiss\u00e3o organizadora formada<\/figcaption><\/figure><h2 class=\"wp-block-heading\" id=\"o-que-faz-o-tcnico-ministerial-do-concurso-mp-pe\">O que faz o T\u00e9cnico Ministerial do concurso MP PE?<\/h2>\n\n\n\n<p class=\"wp-block-paragraph\">J\u00e1 o concurso MP PE T\u00e9cnico \u00e9 voltado, em regra, para candidatos com n\u00edvel m\u00e9dio ou forma\u00e7\u00e3o t\u00e9cnica, conforme a \u00e1rea prevista no edital. O profissional exerce atividades administrativas e de apoio ao funcionamento do Minist\u00e9rio P\u00fablico.<\/p>\n\n\n\n<p class=\"wp-block-paragraph\">Entre as atribui\u00e7\u00f5es est\u00e3o tarefas relacionadas a pessoal, materiais, arquivos, atendimento ao p\u00fablico, controle processual e documenta\u00e7\u00e3o. Dependendo da \u00e1rea de atua\u00e7\u00e3o, o T\u00e9cnico Ministerial tamb\u00e9m pode trabalhar com contabilidade, or\u00e7amento, inform\u00e1tica, eletr\u00f4nica e telecomunica\u00e7\u00f5es, al\u00e9m de realizar dilig\u00eancias de interesse das Promotorias e Procuradorias de Justi\u00e7a.<\/p>\n\n\n\n<h2 class=\"wp-block-heading\" id=\"panorama-do-concurso-mp-pe-vagas-para-analista-e-tcnico-mini\">Panorama do concurso MP PE: vagas para Analista e T\u00e9cnico Ministerial<\/h2>\n\n\n\n<p class=\"wp-block-paragraph\">O concurso MP PE Analista deve oferecer oportunidades para candidatos com n\u00edvel superior, enquanto o concurso MP PE T\u00e9cnico dever\u00e1 contemplar quem possui n\u00edvel m\u00e9dio. A expectativa \u00e9 que os dois cargos fa\u00e7am parte do pr\u00f3ximo edital do Minist\u00e9rio P\u00fablico de Pernambuco.<\/p>\n\n\n\n<p class=\"wp-block-paragraph\">Ao todo, foram criados <strong>35 novos cargos efetivos<\/strong> para refor\u00e7ar o quadro de servidores do \u00f3rg\u00e3o. Desse total, <strong>25 vagas s\u00e3o destinadas ao cargo de T\u00e9cnico Ministerial<\/strong> e outras <strong>10 oportunidades ao cargo de Analista Ministerial<\/strong>, distribu\u00eddas entre diferentes especialidades.<\/p>\n\n\n\n<p class=\"wp-block-paragraph\">Al\u00e9m da cria\u00e7\u00e3o de novos cargos, os sal\u00e1rios dos servidores do MP PE tamb\u00e9m foram reajustados em 2026. O aumento foi de <strong>6%<\/strong> para os integrantes do quadro de apoio t\u00e9cnico-administrativo.<\/p>\n\n\n\n<p class=\"wp-block-paragraph\">Com a atualiza\u00e7\u00e3o, a remunera\u00e7\u00e3o inicial do <strong>Analista Ministerial<\/strong> passou para <strong>R$ 7.150,91<\/strong>. J\u00e1 o sal\u00e1rio inicial do <strong>T\u00e9cnico Ministerial<\/strong> passou a ser de <strong>R$ 4.715,48<\/strong>.<\/p>\n\n\n\n<p class=\"wp-block-paragraph\">Dessa forma, o pr\u00f3ximo concurso MP PE Analista e o concurso MP PE T\u00e9cnico ganham ainda mais destaque, tanto pela cria\u00e7\u00e3o de novos postos quanto pela atualiza\u00e7\u00e3o salarial das carreiras.<\/p>\n\n\n\n<p class=\"wp-block-paragraph\">Confira todos os detalhes da sele\u00e7\u00e3o aguardada no <a href=\"https:\/\/www.novaconcursos.com.br\/portal\/concursos\/concurso-mp-pe\/\" target=\"_blank\" rel=\"noreferrer noopener\">Guia Completo do concurso MP PE 2026<\/a>!<\/p>","protected":false},"excerpt":{"rendered":"<p>O concurso MP PE j\u00e1 est\u00e1 com a comiss\u00e3o formada para um novo edital com vagas para n\u00edveis m\u00e9dio e superior! Saiba mais!<\/p>\n","protected":false},"author":54701,"featured_media":314202,"comment_status":"closed","ping_status":"closed","sticky":false,"template":"","format":"standard","meta":{"_acf_changed":false,"footnotes":"","_wp_rev_ctl_limit":""},"categories":[228,44939,44958],"tags":[40999,46059],"class_list":["post-314199","post","type-post","status-publish","format-standard","has-post-thumbnail","hentry","category-noticias","category-carreira-administrativa","category-pe","tag-concurso-mp-pe-2","tag-concurso-mp-pe-2026"],"acf":[],"_links":{"self":[{"href":"https:\/\/www.novaconcursos.com.br\/portal\/wp-json\/wp\/v2\/posts\/314199","targetHints":{"allow":["GET"]}}],"collection":[{"href":"https:\/\/www.novaconcursos.com.br\/portal\/wp-json\/wp\/v2\/posts"}],"about":[{"href":"https:\/\/www.novaconcursos.com.br\/portal\/wp-json\/wp\/v2\/types\/post"}],"author":[{"embeddable":true,"href":"https:\/\/www.novaconcursos.com.br\/portal\/wp-json\/wp\/v2\/users\/54701"}],"replies":[{"embeddable":true,"href":"https:\/\/www.novaconcursos.com.br\/portal\/wp-json\/wp\/v2\/comments?post=314199"}],"version-history":[{"count":2,"href":"https:\/\/www.novaconcursos.com.br\/portal\/wp-json\/wp\/v2\/posts\/314199\/revisions"}],"predecessor-version":[{"id":314207,"href":"https:\/\/www.novaconcursos.com.br\/portal\/wp-json\/wp\/v2\/posts\/314199\/revisions\/314207"}],"wp:featuredmedia":[{"embeddable":true,"href":"https:\/\/www.novaconcursos.com.br\/portal\/wp-json\/wp\/v2\/media\/314202"}],"wp:attachment":[{"href":"https:\/\/www.novaconcursos.com.br\/portal\/wp-json\/wp\/v2\/media?parent=314199"}],"wp:term":[{"taxonomy":"category","embeddable":true,"href":"https:\/\/www.novaconcursos.com.br\/portal\/wp-json\/wp\/v2\/categories?post=314199"},{"taxonomy":"post_tag","embeddable":true,"href":"https:\/\/www.novaconcursos.com.br\/portal\/wp-json\/wp\/v2\/tags?post=314199"}],"curies":[{"name":"wp","href":"https:\/\/api.w.org\/{rel}","templated":true}]}}