{"id":314229,"date":"2026-08-31T14:06:42","date_gmt":"2026-08-31T17:06:42","guid":{"rendered":"https:\/\/www.novaconcursos.com.br\/portal\/?p=314229"},"modified":"2026-08-31T14:06:46","modified_gmt":"2026-08-31T17:06:46","slug":"edital-seplag-rj-2026-publicado-60-vagas","status":"publish","type":"post","link":"https:\/\/www.novaconcursos.com.br\/portal\/noticias\/edital-seplag-rj-2026-publicado-60-vagas\/","title":{"rendered":"Edital Seplag RJ 2026: Publicado 60 vagas efetivas; R$14 mil"},"content":{"rendered":"<p class=\"wp-block-paragraph\">O <strong>Edital Seplag RJ 2026<\/strong> foi publicado com <strong>60 vagas efetivas<\/strong> para Especialista em Pol\u00edticas P\u00fablicas e Gest\u00e3o Governamental e Analista de Planejamento e Or\u00e7amento. As oportunidades exigem n\u00edvel superior em qualquer \u00e1rea e apresentam remunera\u00e7\u00e3o que pode chegar a <strong>R$ 14.387,75<\/strong>, conforme a qualifica\u00e7\u00e3o do servidor. As inscri\u00e7\u00f5es come\u00e7ar\u00e3o em setembro e ser\u00e3o recebidas pela Funda\u00e7\u00e3o Get\u00falio Vargas. Com avalia\u00e7\u00f5es objetiva e discursiva marcadas para novembro, o <strong>Concurso Seplag RJ 2026<\/strong> selecionar\u00e1 profissionais para diferentes \u00e1reas estrat\u00e9gicas da Administra\u00e7\u00e3o P\u00fablica estadual.<\/p>\n\n\n\n<h2 class=\"wp-block-heading\" id=\"inscries-comearo-no-dia-10-de-setembro\">Inscri\u00e7\u00f5es come\u00e7ar\u00e3o no dia 10 de setembro<\/h2>\n\n\n\n<p class=\"wp-block-paragraph\">As inscri\u00e7\u00f5es do <strong>Edital Seplag RJ 2026<\/strong> poder\u00e3o ser realizadas entre os dias <strong>10 de setembro e 8 de outubro de 2026<\/strong>, exclusivamente pelo <a href=\"https:\/\/portal.fgv.br\/concursos\" target=\"_blank\" rel=\"noreferrer noopener\">site oficial da banca<\/a>.<\/p>\n\n\n\n<p class=\"wp-block-paragraph\">Durante o cadastro, o candidato dever\u00e1 preencher o formul\u00e1rio eletr\u00f4nico, escolher o cargo e a especialidade, indicar o munic\u00edpio de realiza\u00e7\u00e3o das provas e enviar uma fotografia individual no formato solicitado.<\/p>\n\n\n\n<p class=\"wp-block-paragraph\">A taxa de inscri\u00e7\u00e3o ser\u00e1 de <strong>R$ 125<\/strong> para todas as \u00e1reas. O pagamento poder\u00e1 ser efetuado at\u00e9 as 23h59 do dia <strong>9 de outubro de 2026<\/strong>.<\/p>\n\n\n\n<p class=\"wp-block-paragraph\">A inscri\u00e7\u00e3o somente ser\u00e1 confirmada ap\u00f3s o processamento do pagamento ou o deferimento definitivo do pedido de isen\u00e7\u00e3o.<\/p>\n\n\n\n<p class=\"wp-block-paragraph\">O per\u00edodo para solicitar a gratuidade ser\u00e1 aberto entre os dias <strong>9 e 10 de setembro<\/strong>. Poder\u00e3o requerer o benef\u00edcio os candidatos que atendam \u00e0s condi\u00e7\u00f5es previstas no edital, como:<\/p>\n\n\n\n<ul class=\"wp-block-list\"><li>doadores de sangue;<\/li>\n\n\n\n<li>integrantes de mesa receptora de votos da Justi\u00e7a Eleitoral no Estado do Rio de Janeiro;<\/li>\n\n\n\n<li>pessoas economicamente hipossuficientes inscritas no Cad\u00danico;<\/li>\n\n\n\n<li>doadoras de leite materno;<\/li>\n\n\n\n<li>mulheres v\u00edtimas de viol\u00eancia dom\u00e9stica e familiar.<\/li>\n<\/ul><p class=\"wp-block-paragraph\">Os documentos comprobat\u00f3rios dever\u00e3o ser encaminhados dentro do prazo e no formato determinado pela FGV.<\/p>\n\n\n\n<p class=\"wp-block-paragraph\"><a href=\"https:\/\/www.novaconcursos.com.br\/portal\/wp-content\/uploads\/2026\/08\/seplag-rj-edital-2026.pdf\" target=\"_blank\" rel=\"noreferrer noopener\">Edital Seplag RJ 2026.<\/a><\/p>\n\n\n\n<h2 class=\"wp-block-heading\" id=\"duas-carreiras-concentram-as-oportunidades\">Duas carreiras concentram as oportunidades<\/h2>\n\n\n\n<p class=\"wp-block-paragraph\">O <strong>Edital Seplag RJ 2026<\/strong> oferece vagas para duas carreiras consideradas estrat\u00e9gicas para o planejamento, a formula\u00e7\u00e3o de pol\u00edticas e a gest\u00e3o dos recursos p\u00fablicos estaduais.<\/p>\n\n\n\n<p class=\"wp-block-paragraph\">A distribui\u00e7\u00e3o ficou da seguinte forma:<\/p>\n\n\n\n<ul class=\"wp-block-list\"><li><strong>Especialista em Pol\u00edticas P\u00fablicas e Gest\u00e3o Governamental \u2013 Gest\u00e3o e Governan\u00e7a P\u00fablica:<\/strong> 15 vagas;<\/li>\n\n\n\n<li><strong>Especialista em Pol\u00edticas P\u00fablicas e Gest\u00e3o Governamental \u2013 Pol\u00edticas P\u00fablicas:<\/strong> 15 vagas;<\/li>\n\n\n\n<li><strong>Analista de Planejamento e Or\u00e7amento \u2013 Planejamento e Or\u00e7amento:<\/strong> 25 vagas;<\/li>\n\n\n\n<li><strong>Analista de Planejamento e Or\u00e7amento \u2013 Tecnologia da Informa\u00e7\u00e3o:<\/strong> cinco vagas.<\/li>\n<\/ul><p class=\"wp-block-paragraph\">Ao todo, s\u00e3o <strong>30 vagas para Especialista em Pol\u00edticas P\u00fablicas e Gest\u00e3o Governamental<\/strong> e outras <strong>30 para Analista de Planejamento e Or\u00e7amento<\/strong>.<\/p>\n\n\n\n<p class=\"wp-block-paragraph\">A jornada de trabalho ser\u00e1 de <strong>40 horas semanais<\/strong>. A lota\u00e7\u00e3o ocorrer\u00e1 de acordo com as necessidades da Secretaria de Estado de Planejamento e Gest\u00e3o do Rio de Janeiro e as atribui\u00e7\u00f5es de cada carreira.<\/p>\n\n\n\n<p class=\"wp-block-paragraph\">Para quem acompanha o tema <strong>Seplag RJ Concurso<\/strong>, a publica\u00e7\u00e3o confirma a oferta integral das 60 oportunidades anteriormente anunciadas e apresenta a divis\u00e3o entre \u00e1reas administrativas, governamentais, or\u00e7ament\u00e1rias e tecnol\u00f3gicas.<\/p>\n\n\n\n<figure class=\"wp-block-image size-large\"><img decoding=\"async\" width=\"1024\" height=\"683\" src=\"https:\/\/www.novaconcursos.com.br\/portal\/wp-content\/uploads\/2026\/08\/mulher-trabalhando-finacas-tributos-1024x683.webp\" alt=\"mulher trabalhando\" class=\"wp-image-313991\" loading=\"lazy\" title=\"\" srcset=\"https:\/\/www.novaconcursos.com.br\/portal\/wp-content\/uploads\/2026\/08\/mulher-trabalhando-finacas-tributos-300x200.webp 300w, https:\/\/www.novaconcursos.com.br\/portal\/wp-content\/uploads\/2026\/08\/mulher-trabalhando-finacas-tributos-480x320.webp 480w, https:\/\/www.novaconcursos.com.br\/portal\/wp-content\/uploads\/2026\/08\/mulher-trabalhando-finacas-tributos-768x512.webp 768w, https:\/\/www.novaconcursos.com.br\/portal\/wp-content\/uploads\/2026\/08\/mulher-trabalhando-finacas-tributos-1024x683.webp 1024w, https:\/\/www.novaconcursos.com.br\/portal\/wp-content\/uploads\/2026\/08\/mulher-trabalhando-finacas-tributos-1536x1024.webp 1536w, https:\/\/www.novaconcursos.com.br\/portal\/wp-content\/uploads\/2026\/08\/mulher-trabalhando-finacas-tributos-2048x1365.webp 2048w\" sizes=\"auto, (max-width: 480px) 100vw, (max-width: 768px) 100vw, (max-width: 1200px) 70vw, 768px\"><figcaption class=\"wp-element-caption\">Seplag RJ Concurso com 60 vagas efetivas.<\/figcaption><\/figure><h2 class=\"wp-block-heading\" id=\"graduao-em-qualquer-rea-permite-participao\">Gradua\u00e7\u00e3o em qualquer \u00e1rea permite participa\u00e7\u00e3o<\/h2>\n\n\n\n<p class=\"wp-block-paragraph\">Todos os cargos do <strong>Edital Seplag RJ 2026<\/strong> exigem diploma de n\u00edvel superior, devidamente registrado e emitido por institui\u00e7\u00e3o reconhecida pelo Minist\u00e9rio da Educa\u00e7\u00e3o.<\/p>\n\n\n\n<p class=\"wp-block-paragraph\">O edital permite a participa\u00e7\u00e3o de profissionais graduados em <strong>qualquer \u00e1rea de forma\u00e7\u00e3o<\/strong>, inclusive na especialidade de Tecnologia da Informa\u00e7\u00e3o.<\/p>\n\n\n\n<p class=\"wp-block-paragraph\">Al\u00e9m da escolaridade, o candidato dever\u00e1 cumprir os requisitos gerais para ingresso no servi\u00e7o p\u00fablico, entre eles:<\/p>\n\n\n\n<ul class=\"wp-block-list\"><li>ter, no m\u00ednimo, 18 anos na data da posse;<\/li>\n\n\n\n<li>possuir nacionalidade brasileira ou portuguesa, conforme a legisla\u00e7\u00e3o;<\/li>\n\n\n\n<li>estar em dia com as obriga\u00e7\u00f5es eleitorais e militares;<\/li>\n\n\n\n<li>estar no pleno exerc\u00edcio dos direitos pol\u00edticos;<\/li>\n\n\n\n<li>apresentar aptid\u00e3o f\u00edsica e mental;<\/li>\n\n\n\n<li>n\u00e3o possuir condena\u00e7\u00e3o incompat\u00edvel com o exerc\u00edcio do cargo;<\/li>\n\n\n\n<li>apresentar os documentos exigidos para a posse.<\/li>\n<\/ul><p class=\"wp-block-paragraph\">A comprova\u00e7\u00e3o da escolaridade ser\u00e1 exigida na admiss\u00e3o. Dessa forma, candidatos que ainda estejam concluindo a gradua\u00e7\u00e3o poder\u00e3o participar das provas, desde que apresentem o diploma no momento estabelecido para a posse.<\/p>\n\n\n\n<h2 class=\"wp-block-heading\" id=\"remunerao-pode-ultrapassar-r-14-mil\">Remunera\u00e7\u00e3o pode ultrapassar R$ 14 mil<\/h2>\n\n\n\n<p class=\"wp-block-paragraph\">O vencimento-base inicial das duas carreiras ser\u00e1 de <strong>R$ 7.572,50<\/strong>. O servidor tamb\u00e9m poder\u00e1 receber Gratifica\u00e7\u00e3o de Desempenho de Atividade de at\u00e9 <strong>R$ 3.786,25<\/strong>, al\u00e9m de adicional de qualifica\u00e7\u00e3o.<\/p>\n\n\n\n<p class=\"wp-block-paragraph\">A remunera\u00e7\u00e3o varia conforme a forma\u00e7\u00e3o acad\u00eamica apresentada:<\/p>\n\n\n\n<ul class=\"wp-block-list\"><li><strong>sem adicional de qualifica\u00e7\u00e3o:<\/strong> at\u00e9 R$ 11.358,75;<\/li>\n\n\n\n<li><strong>especializa\u00e7\u00e3o:<\/strong> acr\u00e9scimo correspondente \u00e0 titula\u00e7\u00e3o;<\/li>\n\n\n\n<li><strong>mestrado:<\/strong> adicional superior ao destinado \u00e0 especializa\u00e7\u00e3o;<\/li>\n\n\n\n<li><strong>doutorado:<\/strong> remunera\u00e7\u00e3o inicial de at\u00e9 R$ 14.387,75.<\/li>\n<\/ul><p class=\"wp-block-paragraph\">O valor efetivamente recebido depender\u00e1 da gratifica\u00e7\u00e3o de desempenho e da qualifica\u00e7\u00e3o comprovada pelo servidor.<\/p>\n\n\n\n<p class=\"wp-block-paragraph\">A estrutura remunerat\u00f3ria torna o <strong>Concurso Seplag RJ 2026<\/strong> atrativo para candidatos de diferentes forma\u00e7\u00f5es, especialmente aqueles interessados em planejamento governamental, or\u00e7amento p\u00fablico, pol\u00edticas p\u00fablicas, gest\u00e3o e tecnologia.<\/p>\n\n\n\n<h2 class=\"wp-block-heading\" id=\"avaliaes-ocorrero-em-dois-turnos\">Avalia\u00e7\u00f5es ocorrer\u00e3o em dois turnos<\/h2>\n\n\n\n<p class=\"wp-block-paragraph\">As provas objetiva e discursiva do <strong>Edital Seplag RJ 2026<\/strong> ser\u00e3o aplicadas em <strong>29 de novembro de 2026<\/strong>. Os candidatos ser\u00e3o avaliados nos per\u00edodos da manh\u00e3 e da tarde.<\/p>\n\n\n\n<p class=\"wp-block-paragraph\">No primeiro turno, das <strong>8h \u00e0s 12h<\/strong>, ser\u00e1 realizada a prova de Conhecimentos Espec\u00edficos. No per\u00edodo da tarde, das <strong>14h30 \u00e0s 19h<\/strong>, ocorrer\u00e3o a avalia\u00e7\u00e3o de Conhecimentos Gerais e a prova discursiva.<\/p>\n\n\n\n<p class=\"wp-block-paragraph\">A prova objetiva contar\u00e1 com <strong>100 quest\u00f5es de m\u00faltipla escolha<\/strong>, distribu\u00eddas da seguinte maneira:<\/p>\n\n\n\n<ul class=\"wp-block-list\"><li><strong>30 quest\u00f5es de Conhecimentos Gerais<\/strong>;<\/li>\n\n\n\n<li><strong>70 quest\u00f5es de Conhecimentos Espec\u00edficos<\/strong>.<\/li>\n<\/ul><p class=\"wp-block-paragraph\">A avalia\u00e7\u00e3o valer\u00e1 100 pontos e ter\u00e1 car\u00e1ter eliminat\u00f3rio e classificat\u00f3rio.<\/p>\n\n\n\n<p class=\"wp-block-paragraph\">Nos Conhecimentos Gerais, todos os candidatos dever\u00e3o estudar:<\/p>\n\n\n\n<ul class=\"wp-block-list\"><li>L\u00edngua Portuguesa;<\/li>\n\n\n\n<li>L\u00edngua Inglesa;<\/li>\n\n\n\n<li>Racioc\u00ednio L\u00f3gico-Matem\u00e1tico;<\/li>\n\n\n\n<li>Atualidades.<\/li>\n<\/ul><p class=\"wp-block-paragraph\">Os Conhecimentos Espec\u00edficos variar\u00e3o conforme a \u00e1rea escolhida. Entre os assuntos previstos est\u00e3o Direito P\u00fablico, Administra\u00e7\u00e3o P\u00fablica, Administra\u00e7\u00e3o Financeira e Or\u00e7ament\u00e1ria, Gest\u00e3o Governamental, Governan\u00e7a P\u00fablica, Pol\u00edticas P\u00fablicas, Economia, Finan\u00e7as P\u00fablicas, Planejamento Governamental, Tecnologia da Informa\u00e7\u00e3o, Dados e Intelig\u00eancia Anal\u00edtica.<\/p>\n\n\n\n<figure class=\"wp-block-image size-large\"><img decoding=\"async\" width=\"1024\" height=\"683\" src=\"https:\/\/www.novaconcursos.com.br\/portal\/wp-content\/uploads\/2026\/08\/candidato-fazendo-concurso-1024x683.webp\" alt=\"candidato fazendo concurso\" class=\"wp-image-313750\" loading=\"lazy\" title=\"\" srcset=\"https:\/\/www.novaconcursos.com.br\/portal\/wp-content\/uploads\/2026\/08\/candidato-fazendo-concurso-300x200.webp 300w, https:\/\/www.novaconcursos.com.br\/portal\/wp-content\/uploads\/2026\/08\/candidato-fazendo-concurso-480x320.webp 480w, https:\/\/www.novaconcursos.com.br\/portal\/wp-content\/uploads\/2026\/08\/candidato-fazendo-concurso-768x512.webp 768w, https:\/\/www.novaconcursos.com.br\/portal\/wp-content\/uploads\/2026\/08\/candidato-fazendo-concurso-1024x683.webp 1024w, https:\/\/www.novaconcursos.com.br\/portal\/wp-content\/uploads\/2026\/08\/candidato-fazendo-concurso-1536x1024.webp 1536w, https:\/\/www.novaconcursos.com.br\/portal\/wp-content\/uploads\/2026\/08\/candidato-fazendo-concurso-2048x1365.webp 2048w\" sizes=\"auto, (max-width: 480px) 100vw, (max-width: 768px) 100vw, (max-width: 1200px) 70vw, 768px\"><figcaption class=\"wp-element-caption\">Concurso Seplag RJ 2026 tem sal\u00e1rios que passam R$14mil.<\/figcaption><\/figure><h2 class=\"wp-block-heading\" id=\"prova-discursiva-ter-estudo-de-caso-e-questes\">Prova discursiva ter\u00e1 estudo de caso e quest\u00f5es<\/h2>\n\n\n\n<p class=\"wp-block-paragraph\">A prova discursiva do <strong>Edital Seplag RJ 2026<\/strong> ser\u00e1 aplicada a todos os candidatos e valer\u00e1 <strong>40 pontos<\/strong>.<\/p>\n\n\n\n<p class=\"wp-block-paragraph\">A avalia\u00e7\u00e3o ser\u00e1 composta por:<\/p>\n\n\n\n<ul class=\"wp-block-list\"><li>um estudo de caso com resposta de at\u00e9 30 linhas;<\/li>\n\n\n\n<li>duas quest\u00f5es discursivas com respostas de at\u00e9 15 linhas cada.<\/li>\n<\/ul><p class=\"wp-block-paragraph\">O conte\u00fado estar\u00e1 relacionado aos conhecimentos espec\u00edficos da \u00e1rea escolhida. Al\u00e9m do dom\u00ednio t\u00e9cnico, ser\u00e3o avaliadas a capacidade de argumenta\u00e7\u00e3o, a organiza\u00e7\u00e3o das ideias e a utiliza\u00e7\u00e3o adequada da L\u00edngua Portuguesa.<\/p>\n\n\n\n<p class=\"wp-block-paragraph\">Os candidatos aprovados nas avalia\u00e7\u00f5es escritas ainda poder\u00e3o ser convocados para a an\u00e1lise de t\u00edtulos, de car\u00e1ter exclusivamente classificat\u00f3rio.<\/p>\n\n\n\n<p class=\"wp-block-paragraph\">O <strong>Concurso Seplag RJ 2026<\/strong> tamb\u00e9m contar\u00e1 com procedimentos espec\u00edficos para os participantes inscritos nas vagas reservadas. Est\u00e3o previstas avalia\u00e7\u00e3o biopsicossocial para pessoas com defici\u00eancia e confirma\u00e7\u00e3o da autodeclara\u00e7\u00e3o dos candidatos negros e ind\u00edgenas.<\/p>\n\n\n\n<h2 class=\"wp-block-heading\" id=\"preparao-deve-considerar-os-pesos-da-prova\">Prepara\u00e7\u00e3o deve considerar os pesos da prova<\/h2>\n\n\n\n<p class=\"wp-block-paragraph\">Como os Conhecimentos Espec\u00edficos representam <strong>70 das 100 quest\u00f5es objetivas<\/strong>, esse bloco deve ocupar a maior parte do cronograma de estudos.<\/p>\n\n\n\n<p class=\"wp-block-paragraph\">Os candidatos precisam utilizar o programa da \u00e1rea escolhida como refer\u00eancia. Para Gest\u00e3o e Governan\u00e7a P\u00fablica, por exemplo, ser\u00e1 necess\u00e1rio priorizar gest\u00e3o governamental, governan\u00e7a, Direito P\u00fablico e Administra\u00e7\u00e3o Financeira e Or\u00e7ament\u00e1ria.<\/p>\n\n\n\n<p class=\"wp-block-paragraph\">Na \u00e1rea de Pol\u00edticas P\u00fablicas, o planejamento deve incluir Ci\u00eancia Pol\u00edtica, formula\u00e7\u00e3o, implementa\u00e7\u00e3o e avalia\u00e7\u00e3o de pol\u00edticas p\u00fablicas. Para Planejamento e Or\u00e7amento, a aten\u00e7\u00e3o deve se concentrar em economia, finan\u00e7as p\u00fablicas e planejamento governamental.<\/p>\n\n\n\n<p class=\"wp-block-paragraph\">Os concorrentes de Tecnologia da Informa\u00e7\u00e3o dever\u00e3o revisar governan\u00e7a e gest\u00e3o de TIC, dados e intelig\u00eancia anal\u00edtica aplicados \u00e0 Administra\u00e7\u00e3o P\u00fablica.<\/p>\n\n\n\n<p class=\"wp-block-paragraph\">Tamb\u00e9m \u00e9 importante reservar tempo para L\u00edngua Portuguesa, Ingl\u00eas, Racioc\u00ednio L\u00f3gico-Matem\u00e1tico e Atualidades, evitando que o foco nos conte\u00fados espec\u00edficos prejudique o desempenho na parte geral.<\/p>\n\n\n\n<p class=\"wp-block-paragraph\">O treino da prova discursiva deve come\u00e7ar com anteced\u00eancia. A resolu\u00e7\u00e3o de estudos de caso ajuda a desenvolver objetividade, argumenta\u00e7\u00e3o e capacidade de aplicar o conte\u00fado te\u00f3rico a situa\u00e7\u00f5es da Administra\u00e7\u00e3o P\u00fablica.<\/p>\n\n\n\n<p class=\"wp-block-paragraph\">Como apoio, os candidatos podem consultar os <a href=\"https:\/\/www.novaconcursos.com.br\">cursos e apostilas da Nova Concursos<\/a> e complementar a prepara\u00e7\u00e3o com materiais direcionados \u00e0s disciplinas do edital.<\/p>\n\n\n\n<h2 class=\"wp-block-heading\" id=\"informaes-essenciais-do-edital-seplag-rj-2026\">Informa\u00e7\u00f5es essenciais do Edital Seplag RJ 2026<\/h2>\n\n\n\n<p class=\"wp-block-paragraph\">O <strong>Edital Seplag RJ 2026<\/strong> oferece <strong>60 vagas efetivas<\/strong>, distribu\u00eddas igualmente entre Especialista em Pol\u00edticas P\u00fablicas e Gest\u00e3o Governamental e Analista de Planejamento e Or\u00e7amento.<\/p>\n\n\n\n<p class=\"wp-block-paragraph\">As oportunidades exigem n\u00edvel superior em qualquer \u00e1rea e t\u00eam jornada de 40 horas semanais. O vencimento-base \u00e9 de R$ 7.572,50, mas a remunera\u00e7\u00e3o poder\u00e1 chegar a <strong>R$ 14.387,75<\/strong>, considerando a gratifica\u00e7\u00e3o de desempenho e o adicional de qualifica\u00e7\u00e3o.<\/p>\n\n\n\n<p class=\"wp-block-paragraph\">As inscri\u00e7\u00f5es do <strong>Concurso Seplag RJ 2026<\/strong> ser\u00e3o realizadas entre 10 de setembro e 8 de outubro, com taxa de R$ 125. As provas est\u00e3o marcadas para 29 de novembro, sob organiza\u00e7\u00e3o da Funda\u00e7\u00e3o Get\u00falio Vargas.<\/p>\n\n\n\n<p class=\"wp-block-paragraph\">Para acompanhar o cronograma, os requisitos, a distribui\u00e7\u00e3o das vagas e todas as etapas, acesse a p\u00e1gina <a href=\"https:\/\/www.novaconcursos.com.br\/portal\/concursos\/seplag-rj\/\">Concurso Seplag RJ<\/a>.<\/p>","protected":false},"excerpt":{"rendered":"<p>Edital Seplag RJ 2026 oferece 60 vagas efetivas de n\u00edvel superior, com remunera\u00e7\u00e3o de at\u00e9 R$ 14,3 mil. Confira cargos, inscri\u00e7\u00f5es e provas.<\/p>\n","protected":false},"author":54703,"featured_media":314230,"comment_status":"closed","ping_status":"closed","sticky":false,"template":"","format":"standard","meta":{"_acf_changed":false,"footnotes":"","_wp_rev_ctl_limit":""},"categories":[228,44939],"tags":[46066,46064,46065],"class_list":["post-314229","post","type-post","status-publish","format-standard","has-post-thumbnail","hentry","category-noticias","category-carreira-administrativa","tag-concurso-seplag-rj-2026","tag-edital-seplag-rj-2026","tag-seplag-rj-concurso"],"acf":[],"_links":{"self":[{"href":"https:\/\/www.novaconcursos.com.br\/portal\/wp-json\/wp\/v2\/posts\/314229","targetHints":{"allow":["GET"]}}],"collection":[{"href":"https:\/\/www.novaconcursos.com.br\/portal\/wp-json\/wp\/v2\/posts"}],"about":[{"href":"https:\/\/www.novaconcursos.com.br\/portal\/wp-json\/wp\/v2\/types\/post"}],"author":[{"embeddable":true,"href":"https:\/\/www.novaconcursos.com.br\/portal\/wp-json\/wp\/v2\/users\/54703"}],"replies":[{"embeddable":true,"href":"https:\/\/www.novaconcursos.com.br\/portal\/wp-json\/wp\/v2\/comments?post=314229"}],"version-history":[{"count":3,"href":"https:\/\/www.novaconcursos.com.br\/portal\/wp-json\/wp\/v2\/posts\/314229\/revisions"}],"predecessor-version":[{"id":314265,"href":"https:\/\/www.novaconcursos.com.br\/portal\/wp-json\/wp\/v2\/posts\/314229\/revisions\/314265"}],"wp:featuredmedia":[{"embeddable":true,"href":"https:\/\/www.novaconcursos.com.br\/portal\/wp-json\/wp\/v2\/media\/314230"}],"wp:attachment":[{"href":"https:\/\/www.novaconcursos.com.br\/portal\/wp-json\/wp\/v2\/media?parent=314229"}],"wp:term":[{"taxonomy":"category","embeddable":true,"href":"https:\/\/www.novaconcursos.com.br\/portal\/wp-json\/wp\/v2\/categories?post=314229"},{"taxonomy":"post_tag","embeddable":true,"href":"https:\/\/www.novaconcursos.com.br\/portal\/wp-json\/wp\/v2\/tags?post=314229"}],"curies":[{"name":"wp","href":"https:\/\/api.w.org\/{rel}","templated":true}]}}