{"id":314275,"date":"2026-09-02T15:27:18","date_gmt":"2026-09-02T18:27:18","guid":{"rendered":"https:\/\/www.novaconcursos.com.br\/portal\/?p=314275"},"modified":"2026-09-02T15:27:24","modified_gmt":"2026-09-02T18:27:24","slug":"vagas-temporarias-para-concurso-compensam","status":"publish","type":"post","link":"https:\/\/www.novaconcursos.com.br\/portal\/artigos\/vagas-temporarias-para-concurso-compensam\/","title":{"rendered":"Vagas tempor\u00e1rias para Concurso: ser\u00e1 que vale a pena?"},"content":{"rendered":"<p class=\"wp-block-paragraph\">As <strong>Vagas tempor\u00e1rias<\/strong> podem ser uma alternativa para quem deseja adquirir experi\u00eancia profissional ou garantir uma fonte de renda enquanto se prepara para um cargo efetivo. Os processos seletivos simplificados geralmente possuem etapas mais r\u00e1pidas e contratos com prazo determinado, mas apresentam diferen\u00e7as importantes em rela\u00e7\u00e3o \u00e0s carreiras permanentes. Por isso, antes de disputar <strong>Vagas tempor\u00e1rias para Concurso<\/strong>, \u00e9 fundamental avaliar remunera\u00e7\u00e3o, jornada, dura\u00e7\u00e3o do contrato, benef\u00edcios, requisitos e possibilidade de prorroga\u00e7\u00e3o. Entender essas condi\u00e7\u00f5es ajuda o candidato a decidir se a oportunidade combina com seus objetivos profissionais.<\/p>\n\n\n\n<h2 class=\"wp-block-heading\" id=\"quando-uma-contratao-temporria-pode-ser-uma-boa-escolha\">Quando uma contrata\u00e7\u00e3o tempor\u00e1ria pode ser uma boa escolha?<\/h2>\n\n\n\n<p class=\"wp-block-paragraph\">As <strong>Vagas tempor\u00e1rias<\/strong> podem fazer sentido principalmente para quem deseja come\u00e7ar a trabalhar no servi\u00e7o p\u00fablico sem esperar pela abertura de um concurso para cargo efetivo.<\/p>\n\n\n\n<p class=\"wp-block-paragraph\">Em muitos casos, o processo seletivo apresenta uma estrutura mais enxuta, com etapas como an\u00e1lise curricular, prova objetiva ou avalia\u00e7\u00e3o de t\u00edtulos. Isso pode reduzir o intervalo entre a inscri\u00e7\u00e3o, a divulga\u00e7\u00e3o dos resultados e uma eventual convoca\u00e7\u00e3o.<\/p>\n\n\n\n<p class=\"wp-block-paragraph\">Outro ponto positivo \u00e9 a possibilidade de utilizar a experi\u00eancia adquirida durante o contrato para fortalecer o curr\u00edculo. Dependendo da fun\u00e7\u00e3o exercida, o profissional tamb\u00e9m pode desenvolver conhecimentos relacionados \u00e0 \u00e1rea em que pretende construir carreira.<\/p>\n\n\n\n<p class=\"wp-block-paragraph\">No entanto, a contrata\u00e7\u00e3o tempor\u00e1ria <strong>n\u00e3o equivale \u00e0 aprova\u00e7\u00e3o em um concurso para cargo efetivo<\/strong>. O v\u00ednculo possui prazo determinado e segue as condi\u00e7\u00f5es estabelecidas no edital, no contrato e na legisla\u00e7\u00e3o aplic\u00e1vel.<\/p>\n\n\n\n<h2 class=\"wp-block-heading\" id=\"o-que-analisar-antes-de-se-inscrever\">O que analisar antes de se inscrever?<\/h2>\n\n\n\n<p class=\"wp-block-paragraph\">A exist\u00eancia de um grande n\u00famero de oportunidades n\u00e3o deve ser o \u00fanico fator considerado. Antes de realizar a inscri\u00e7\u00e3o, o candidato precisa verificar as condi\u00e7\u00f5es previstas no edital e avaliar a concorr\u00eancia esperada para o cargo escolhido.<\/p>\n\n\n\n<p class=\"wp-block-paragraph\">O <a href=\"https:\/\/www.novaconcursos.com.br\/portal\/noticias\/concurso-ibge-mais-de-300-mil-inscritos\/\">concurso IBGE<\/a>, por exemplo, mostra por que essa an\u00e1lise \u00e9 importante. Os dois processos seletivos reuniram <strong>317.868 candidatos inscritos para 9.672 vagas tempor\u00e1rias<\/strong> de n\u00edveis m\u00e9dio e superior. O exemplo demonstra que uma oferta expressiva de oportunidades n\u00e3o significa, necessariamente, baixa disputa. Portanto, conhecer o n\u00famero de vagas, os requisitos e o perfil da avalia\u00e7\u00e3o ajuda a dimensionar a prepara\u00e7\u00e3o necess\u00e1ria. Os editais, comunicados e resultados da sele\u00e7\u00e3o realizada podem ser consultados na <a href=\"https:\/\/concursos.ibfc.org.br\/informacoes\/496\/\" target=\"_blank\" rel=\"noopener\">p\u00e1gina do concurso no site do IBFC<\/a>, banca respons\u00e1vel pelo processo seletivo.<\/p>\n\n\n\n<p class=\"wp-block-paragraph\">Um dos primeiros pontos a conferir \u00e9 a <strong>dura\u00e7\u00e3o do contrato<\/strong>. Alguns processos seletivos estabelecem per\u00edodos iniciais mais curtos, com possibilidade de prorroga\u00e7\u00e3o, enquanto outros possuem prazos previamente definidos. Mesmo quando a renova\u00e7\u00e3o \u00e9 permitida, ela n\u00e3o deve ser tratada como garantia de perman\u00eancia.<\/p>\n\n\n\n<p class=\"wp-block-paragraph\">Tamb\u00e9m vale observar a remunera\u00e7\u00e3o, a jornada de trabalho, os benef\u00edcios e o local de atua\u00e7\u00e3o. Uma vaga com sal\u00e1rio atrativo pode deixar de ser vantajosa quando exige deslocamentos elevados, mudan\u00e7a de cidade ou uma carga hor\u00e1ria incompat\u00edvel com a rotina de estudos do candidato.<\/p>\n\n\n\n<p class=\"wp-block-paragraph\">Os requisitos de escolaridade, forma\u00e7\u00e3o e experi\u00eancia profissional tamb\u00e9m precisam ser conferidos com aten\u00e7\u00e3o. Dependendo do processo seletivo, podem existir oportunidades para os n\u00edveis fundamental, m\u00e9dio, t\u00e9cnico ou superior, al\u00e9m de exig\u00eancias espec\u00edficas para determinadas fun\u00e7\u00f5es.<\/p>\n\n\n\n<figure class=\"wp-block-image size-large\"><img decoding=\"async\" width=\"1024\" height=\"683\" src=\"https:\/\/www.novaconcursos.com.br\/portal\/wp-content\/uploads\/2026\/08\/pessoa-estudando-1024x683.jpg\" alt=\"Rapaz estudando\" class=\"wp-image-312638\" loading=\"lazy\" title=\"\" srcset=\"https:\/\/www.novaconcursos.com.br\/portal\/wp-content\/uploads\/2026\/08\/pessoa-estudando-300x200.jpg 300w, https:\/\/www.novaconcursos.com.br\/portal\/wp-content\/uploads\/2026\/08\/pessoa-estudando-480x320.jpg 480w, https:\/\/www.novaconcursos.com.br\/portal\/wp-content\/uploads\/2026\/08\/pessoa-estudando-768x512.jpg 768w, https:\/\/www.novaconcursos.com.br\/portal\/wp-content\/uploads\/2026\/08\/pessoa-estudando-1024x683.jpg 1024w, https:\/\/www.novaconcursos.com.br\/portal\/wp-content\/uploads\/2026\/08\/pessoa-estudando-1536x1024.jpg 1536w, https:\/\/www.novaconcursos.com.br\/portal\/wp-content\/uploads\/2026\/08\/pessoa-estudando-2048x1365.jpg 2048w\" sizes=\"auto, (max-width: 480px) 100vw, (max-width: 768px) 100vw, (max-width: 1200px) 70vw, 768px\"><figcaption class=\"wp-element-caption\">Contrata\u00e7\u00e3o tempor\u00e1ria \u00e9 uma boa escolha?<\/figcaption><\/figure><h2 class=\"wp-block-heading\" id=\"vagas-temporrias-ou-concurso-efetivo-qual-escolher\">Vagas tempor\u00e1rias ou concurso efetivo: qual escolher?<\/h2>\n\n\n\n<p class=\"wp-block-paragraph\">A resposta depende dos objetivos e do momento profissional de cada candidato.<\/p>\n\n\n\n<p class=\"wp-block-paragraph\">Quem busca <strong>estabilidade e uma carreira de longo prazo no servi\u00e7o p\u00fablico<\/strong> deve continuar priorizando os estudos para concursos efetivos. J\u00e1 as <strong>Vagas tempor\u00e1rias<\/strong> podem funcionar como uma oportunidade intermedi\u00e1ria para quem precisa de uma coloca\u00e7\u00e3o profissional mais r\u00e1pida ou deseja adquirir experi\u00eancia em determinada \u00e1rea.<\/p>\n\n\n\n<p class=\"wp-block-paragraph\">Participar de um processo seletivo n\u00e3o impede, necessariamente, que o candidato continue estudando para outros concursos. Dependendo da jornada e das atribui\u00e7\u00f5es, a experi\u00eancia profissional pode at\u00e9 contribuir para a compreens\u00e3o de conte\u00fados administrativos, procedimentos internos e rotinas do servi\u00e7o p\u00fablico.<\/p>\n\n\n\n<p class=\"wp-block-paragraph\">O principal cuidado \u00e9 n\u00e3o abandonar o planejamento de longo prazo. Se o objetivo final for conquistar um cargo efetivo, o contrato tempor\u00e1rio deve ser encarado como parte da estrat\u00e9gia profissional, e n\u00e3o como garantia de perman\u00eancia no \u00f3rg\u00e3o.<\/p>\n\n\n\n<h2 class=\"wp-block-heading\" id=\"quais-so-os-principais-pontos-positivos\">Quais s\u00e3o os principais pontos positivos?<\/h2>\n\n\n\n<p class=\"wp-block-paragraph\">Entre os fatores que podem tornar as <strong>Vagas tempor\u00e1rias para Concurso<\/strong> atrativas est\u00e3o:<\/p>\n\n\n\n<ul class=\"wp-block-list\"><li>possibilidade de ingresso mais r\u00e1pido no servi\u00e7o p\u00fablico;<\/li>\n\n\n\n<li>processos seletivos que podem apresentar menos etapas;<\/li>\n\n\n\n<li>oportunidade de adquirir experi\u00eancia profissional;<\/li>\n\n\n\n<li>remunera\u00e7\u00e3o durante o per\u00edodo de contrata\u00e7\u00e3o;<\/li>\n\n\n\n<li>possibilidade de conciliar o trabalho com a prepara\u00e7\u00e3o para concursos efetivos;<\/li>\n\n\n\n<li>atua\u00e7\u00e3o em uma \u00e1rea relacionada \u00e0 forma\u00e7\u00e3o do candidato;<\/li>\n\n\n\n<li>contato com rotinas e procedimentos da Administra\u00e7\u00e3o P\u00fablica.<\/li>\n<\/ul><p class=\"wp-block-paragraph\">Essas condi\u00e7\u00f5es variam conforme o \u00f3rg\u00e3o e o edital. Por isso, a decis\u00e3o n\u00e3o deve ser tomada apenas com base nas caracter\u00edsticas gerais dos processos seletivos simplificados.<\/p>\n\n\n\n<h2 class=\"wp-block-heading\" id=\"e-quais-so-os-pontos-de-ateno\">E quais s\u00e3o os pontos de aten\u00e7\u00e3o?<\/h2>\n\n\n\n<p class=\"wp-block-paragraph\">O principal aspecto a considerar \u00e9 a <strong>temporariedade do v\u00ednculo<\/strong>. Diferentemente de um cargo efetivo, a contrata\u00e7\u00e3o possui prazo definido e n\u00e3o oferece, por si s\u00f3, estabilidade ou garantia de perman\u00eancia no servi\u00e7o p\u00fablico.<\/p>\n\n\n\n<p class=\"wp-block-paragraph\">Tamb\u00e9m \u00e9 importante verificar se existe previs\u00e3o de prorroga\u00e7\u00e3o e qual \u00e9 o limite permitido. Ainda que o edital admita a renova\u00e7\u00e3o, a continuidade do contrato depender\u00e1 das necessidades do \u00f3rg\u00e3o, da disponibilidade or\u00e7ament\u00e1ria e das regras aplic\u00e1veis \u00e0 sele\u00e7\u00e3o.<\/p>\n\n\n\n<p class=\"wp-block-paragraph\">Outro cuidado envolve os direitos e benef\u00edcios oferecidos. As condi\u00e7\u00f5es podem variar conforme o \u00f3rg\u00e3o, a legisla\u00e7\u00e3o e o regime de contrata\u00e7\u00e3o. F\u00e9rias, d\u00e9cimo terceiro sal\u00e1rio, aux\u00edlio-alimenta\u00e7\u00e3o, gratifica\u00e7\u00f5es e outros direitos n\u00e3o devem ser presumidos: \u00e9 necess\u00e1rio conferir exatamente o que est\u00e1 previsto.<\/p>\n\n\n\n<p class=\"wp-block-paragraph\">O candidato tamb\u00e9m precisa avaliar se a jornada permitir\u00e1 manter os estudos. As <strong>Vagas tempor\u00e1rias<\/strong> podem gerar renda e experi\u00eancia, mas deixam de ser estrat\u00e9gicas quando inviabilizam a prepara\u00e7\u00e3o para o cargo efetivo desejado.<\/p>\n\n\n\n<h2 class=\"wp-block-heading\" id=\"vale-a-pena-estudar-para-vagas-temporrias\">Vale a pena estudar para vagas tempor\u00e1rias?<\/h2>\n\n\n\n<p class=\"wp-block-paragraph\">Sim. Estudar para <strong>Vagas tempor\u00e1rias<\/strong> pode ser vantajoso, especialmente quando o conte\u00fado cobrado apresenta disciplinas que tamb\u00e9m aparecem em concursos efetivos.<\/p>\n\n\n\n<p class=\"wp-block-paragraph\">Nesse cen\u00e1rio, a prepara\u00e7\u00e3o pode gerar um benef\u00edcio adicional: o candidato estuda para uma oportunidade de curto ou m\u00e9dio prazo sem abandonar o planejamento para uma carreira p\u00fablica permanente. Mesmo que n\u00e3o seja aprovado na sele\u00e7\u00e3o tempor\u00e1ria, parte do conhecimento adquirido poder\u00e1 ser aproveitada em outros editais.<\/p>\n\n\n\n<p class=\"wp-block-paragraph\">Uma estrat\u00e9gia interessante \u00e9 priorizar disciplinas b\u00e1sicas recorrentes, como L\u00edngua Portuguesa, Racioc\u00ednio L\u00f3gico, Inform\u00e1tica, Direito Administrativo e Direito Constitucional, sempre adaptando o cronograma ao conte\u00fado efetivamente previsto no edital.<\/p>\n\n\n\n<p class=\"wp-block-paragraph\">Tamb\u00e9m \u00e9 recomend\u00e1vel resolver quest\u00f5es da banca organizadora, realizar simulados e revisar os erros. Como demonstra a elevada procura registrada no processo seletivo do IBGE, sele\u00e7\u00f5es tempor\u00e1rias podem atrair muitos candidatos, exigindo uma prepara\u00e7\u00e3o compat\u00edvel com o n\u00edvel de concorr\u00eancia.<\/p>\n\n\n\n<p class=\"wp-block-paragraph\">Para quem ainda est\u00e1 definindo qual carreira seguir, uma prepara\u00e7\u00e3o geral pode ajudar a construir a base. Depois da publica\u00e7\u00e3o de um edital com <strong>Vagas tempor\u00e1rias para Concurso<\/strong>, o candidato deve direcionar parte maior do tempo \u00e0s mat\u00e9rias espec\u00edficas, aos conhecimentos relacionados ao cargo e ao perfil da organizadora.<\/p>\n\n\n\n<figure class=\"wp-block-image size-large\"><img decoding=\"async\" width=\"1024\" height=\"683\" src=\"https:\/\/www.novaconcursos.com.br\/portal\/wp-content\/uploads\/2026\/08\/garota-estudando-com-computador-e-cadernos-1024x683.webp\" alt=\"garota estudando com computador e cadernos\" class=\"wp-image-314062\" loading=\"lazy\" title=\"\" srcset=\"https:\/\/www.novaconcursos.com.br\/portal\/wp-content\/uploads\/2026\/08\/garota-estudando-com-computador-e-cadernos-300x200.webp 300w, https:\/\/www.novaconcursos.com.br\/portal\/wp-content\/uploads\/2026\/08\/garota-estudando-com-computador-e-cadernos-480x320.webp 480w, https:\/\/www.novaconcursos.com.br\/portal\/wp-content\/uploads\/2026\/08\/garota-estudando-com-computador-e-cadernos-768x512.webp 768w, https:\/\/www.novaconcursos.com.br\/portal\/wp-content\/uploads\/2026\/08\/garota-estudando-com-computador-e-cadernos-1024x683.webp 1024w, https:\/\/www.novaconcursos.com.br\/portal\/wp-content\/uploads\/2026\/08\/garota-estudando-com-computador-e-cadernos-1536x1024.webp 1536w, https:\/\/www.novaconcursos.com.br\/portal\/wp-content\/uploads\/2026\/08\/garota-estudando-com-computador-e-cadernos-2048x1365.webp 2048w\" sizes=\"auto, (max-width: 480px) 100vw, (max-width: 768px) 100vw, (max-width: 1200px) 70vw, 768px\"><figcaption class=\"wp-element-caption\">Vaga tempor\u00e1ria de concurso vale a pena?<\/figcaption><\/figure><h2 class=\"wp-block-heading\" id=\"vagas-temporrias-para-concurso-compensam\">Vagas tempor\u00e1rias para Concurso compensam?<\/h2>\n\n\n\n<p class=\"wp-block-paragraph\">As <strong>Vagas tempor\u00e1rias para Concurso<\/strong> podem compensar quando as condi\u00e7\u00f5es oferecidas est\u00e3o alinhadas ao momento profissional e aos objetivos do candidato. Essas <strong>Vagas tempor\u00e1rias<\/strong> podem representar uma oportunidade de trabalho, experi\u00eancia e renda, principalmente para quem n\u00e3o deseja esperar pela abertura de um concurso efetivo.<\/p>\n\n\n\n<p class=\"wp-block-paragraph\">Por outro lado, quem busca estabilidade precisa ter clareza de que o contrato tempor\u00e1rio possui natureza diferente de um cargo permanente. A decis\u00e3o deve considerar prazo de contrata\u00e7\u00e3o, remunera\u00e7\u00e3o, jornada, requisitos, benef\u00edcios, local de trabalho e possibilidade de prorroga\u00e7\u00e3o.<\/p>\n\n\n\n<p class=\"wp-block-paragraph\">Antes de se inscrever, leia o edital completo, calcule os poss\u00edveis custos e compare a oportunidade com seu planejamento profissional. Dessa forma, ser\u00e1 poss\u00edvel decidir com mais seguran\u00e7a se a sele\u00e7\u00e3o tempor\u00e1ria contribui para seus objetivos imediatos e de longo prazo.<\/p>\n\n\n\n<h2 class=\"wp-block-heading\" id=\"confira-os-detalhes-de-um-processo-seletivo\">Confira os detalhes de um processo seletivo<\/h2>\n\n\n\n<p class=\"wp-block-paragraph\">Os dados espec\u00edficos de cada sele\u00e7\u00e3o devem ser analisados diretamente no edital, j\u00e1 que <strong>vagas, cargos, sal\u00e1rios, escolaridade, jornada, requisitos, etapas e prazo de contrata\u00e7\u00e3o<\/strong> variam de acordo com o \u00f3rg\u00e3o respons\u00e1vel.<\/p>\n\n\n\n<p class=\"wp-block-paragraph\"><strong>Resumo da sele\u00e7\u00e3o:<\/strong><\/p>\n\n\n\n<ul class=\"wp-block-list\"><li><strong>Vagas:<\/strong> conforme o edital;<\/li>\n\n\n\n<li><strong>Cargos:<\/strong> conforme o edital;<\/li>\n\n\n\n<li><strong>Escolaridade:<\/strong> de acordo com o cargo;<\/li>\n\n\n\n<li><strong>Sal\u00e1rios:<\/strong> conforme o cargo e o \u00f3rg\u00e3o;<\/li>\n\n\n\n<li><strong>Regime de contrata\u00e7\u00e3o:<\/strong> tempor\u00e1rio;<\/li>\n\n\n\n<li><strong>Dura\u00e7\u00e3o do contrato:<\/strong> conforme o edital;<\/li>\n\n\n\n<li><strong>Etapas:<\/strong> de acordo com o processo seletivo.<\/li>\n<\/ul><p class=\"wp-block-paragraph\">Antes de realizar a inscri\u00e7\u00e3o, confira o edital completo, os comunicados publicados pelo \u00f3rg\u00e3o e os documentos divulgados pela banca organizadora.<\/p>\n\n\n\n<h3 class=\"wp-block-heading\">Prepara\u00e7\u00e3o para concursos<\/h3>\n\n\n\n<p class=\"wp-block-paragraph\">Recomenda-se utilizar uma <strong>prepara\u00e7\u00e3o geral para concursos<\/strong>, especialmente para fortalecer as disciplinas b\u00e1sicas que aparecem com frequ\u00eancia em diferentes editais. A <a href=\"https:\/\/www.novaconcursos.com.br\/\">Nova Concursos <\/a>re\u00fane cursos e materiais para diversas carreiras e \u00e1reas de estudo.<\/p>","protected":false},"excerpt":{"rendered":"<p>Vagas tempor\u00e1rias podem valer a pena? Entenda as vantagens, pontos de aten\u00e7\u00e3o e o que avaliar antes de se inscrever em um processo seletivo.<\/p>\n","protected":false},"author":54703,"featured_media":314284,"comment_status":"closed","ping_status":"closed","sticky":false,"template":"","format":"standard","meta":{"_acf_changed":false,"footnotes":"","_wp_rev_ctl_limit":""},"categories":[33508,44938],"tags":[42661,46071],"class_list":["post-314275","post","type-post","status-publish","format-standard","has-post-thumbnail","hentry","category-artigos","category-teoria","tag-vagas-temporarias","tag-vagas-temporarias-para-concurso"],"acf":[],"_links":{"self":[{"href":"https:\/\/www.novaconcursos.com.br\/portal\/wp-json\/wp\/v2\/posts\/314275","targetHints":{"allow":["GET"]}}],"collection":[{"href":"https:\/\/www.novaconcursos.com.br\/portal\/wp-json\/wp\/v2\/posts"}],"about":[{"href":"https:\/\/www.novaconcursos.com.br\/portal\/wp-json\/wp\/v2\/types\/post"}],"author":[{"embeddable":true,"href":"https:\/\/www.novaconcursos.com.br\/portal\/wp-json\/wp\/v2\/users\/54703"}],"replies":[{"embeddable":true,"href":"https:\/\/www.novaconcursos.com.br\/portal\/wp-json\/wp\/v2\/comments?post=314275"}],"version-history":[{"count":7,"href":"https:\/\/www.novaconcursos.com.br\/portal\/wp-json\/wp\/v2\/posts\/314275\/revisions"}],"predecessor-version":[{"id":314508,"href":"https:\/\/www.novaconcursos.com.br\/portal\/wp-json\/wp\/v2\/posts\/314275\/revisions\/314508"}],"wp:featuredmedia":[{"embeddable":true,"href":"https:\/\/www.novaconcursos.com.br\/portal\/wp-json\/wp\/v2\/media\/314284"}],"wp:attachment":[{"href":"https:\/\/www.novaconcursos.com.br\/portal\/wp-json\/wp\/v2\/media?parent=314275"}],"wp:term":[{"taxonomy":"category","embeddable":true,"href":"https:\/\/www.novaconcursos.com.br\/portal\/wp-json\/wp\/v2\/categories?post=314275"},{"taxonomy":"post_tag","embeddable":true,"href":"https:\/\/www.novaconcursos.com.br\/portal\/wp-json\/wp\/v2\/tags?post=314275"}],"curies":[{"name":"wp","href":"https:\/\/api.w.org\/{rel}","templated":true}]}}