{"id":314281,"date":"2026-08-31T16:30:07","date_gmt":"2026-08-31T19:30:07","guid":{"rendered":"https:\/\/www.novaconcursos.com.br\/portal\/?p=314281"},"modified":"2026-08-31T16:31:45","modified_gmt":"2026-08-31T19:31:45","slug":"concurso-mp-pe-comissao-organizadora-formada","status":"publish","type":"post","link":"https:\/\/www.novaconcursos.com.br\/portal\/noticias\/concurso-mp-pe-comissao-organizadora-formada\/","title":{"rendered":"Concurso MP PE: Comiss\u00e3o organizadora formada para T\u00e9cnicos e Analistas"},"content":{"rendered":"<p class=\"wp-block-paragraph\">O <strong>Concurso MP PE<\/strong> deu o primeiro passo para a realiza\u00e7\u00e3o de uma nova sele\u00e7\u00e3o para servidores. Nesta segunda-feira, 31 de agosto, foi publicado no Di\u00e1rio Oficial Eletr\u00f4nico do Minist\u00e9rio P\u00fablico de Pernambuco o documento que constitui a <strong>comiss\u00e3o organizadora<\/strong> do pr\u00f3ximo certame.<\/p>\n\n\n\n<p class=\"wp-block-paragraph\">A sele\u00e7\u00e3o ter\u00e1 oportunidades para os cargos de <strong>T\u00e9cnico Ministerial<\/strong>, de n\u00edvel m\u00e9dio, e <strong>Analista Ministerial<\/strong>, de n\u00edvel superior. O quantitativo de vagas, no entanto, <strong>ainda n\u00e3o foi definido<\/strong>.<\/p>\n\n\n\n<p class=\"wp-block-paragraph\">Tamb\u00e9m n\u00e3o h\u00e1, por enquanto, uma previs\u00e3o oficial para a publica\u00e7\u00e3o do edital. Com a comiss\u00e3o formada, o grupo poder\u00e1 avan\u00e7ar na elabora\u00e7\u00e3o do documento e nos procedimentos para a escolha da banca organizadora.<\/p>\n\n\n\n<h2 class=\"wp-block-heading\" id=\"concurso-mp-pe-2026-quais-sero-os-prximos-passos\">Concurso MP PE 2026: quais ser\u00e3o os pr\u00f3ximos passos?<\/h2>\n\n\n\n<p class=\"wp-block-paragraph\">A forma\u00e7\u00e3o da comiss\u00e3o \u00e9 uma etapa importante porque permite o avan\u00e7o dos trabalhos internos necess\u00e1rios para a abertura do concurso.<\/p>\n\n\n\n<p class=\"wp-block-paragraph\">Entre as atribui\u00e7\u00f5es do grupo est\u00e3o a prepara\u00e7\u00e3o do edital e os procedimentos relacionados \u00e0 defini\u00e7\u00e3o da banca que ficar\u00e1 respons\u00e1vel pela aplica\u00e7\u00e3o das provas.<\/p>\n\n\n\n<p class=\"wp-block-paragraph\">Dessa forma, os pr\u00f3ximos passos esperados incluem:<\/p>\n\n\n\n<ul class=\"wp-block-list\"><li>avan\u00e7o na elabora\u00e7\u00e3o do edital;<\/li>\n\n\n\n<li>defini\u00e7\u00e3o do quantitativo de vagas;<\/li>\n\n\n\n<li>escolha da banca organizadora;<\/li>\n\n\n\n<li>assinatura do contrato com a institui\u00e7\u00e3o escolhida; e<\/li>\n\n\n\n<li>defini\u00e7\u00e3o do cronograma da sele\u00e7\u00e3o.<\/li>\n<\/ul><p class=\"wp-block-paragraph\">Somente ap\u00f3s esses avan\u00e7os ser\u00e1 poss\u00edvel ter uma previs\u00e3o mais precisa para o in\u00edcio das inscri\u00e7\u00f5es e aplica\u00e7\u00e3o das avalia\u00e7\u00f5es.<\/p>\n\n\n\n<h2 class=\"wp-block-heading\" id=\"concurso-mp-pe-ter-vagas-de-nveis-mdio-e-superior\">Concurso MP PE ter\u00e1 vagas de n\u00edveis m\u00e9dio e superior<\/h2>\n\n\n\n<p class=\"wp-block-paragraph\">Embora a oferta de vagas ainda n\u00e3o tenha sido informada, o documento que constitui a comiss\u00e3o j\u00e1 antecipa as carreiras contempladas.<\/p>\n\n\n\n<p class=\"wp-block-paragraph\">Para <strong>T\u00e9cnico Ministerial<\/strong>, ser\u00e1 exigido <strong>ensino m\u00e9dio completo<\/strong>. J\u00e1 o cargo de <strong>Analista Ministerial<\/strong> ser\u00e1 destinado a candidatos com <strong>n\u00edvel superior<\/strong>, conforme os requisitos que ainda ser\u00e3o detalhados no edital.<\/p>\n\n\n\n<p class=\"wp-block-paragraph\">Outro ponto que chama aten\u00e7\u00e3o para o novo concurso \u00e9 a atualiza\u00e7\u00e3o das remunera\u00e7\u00f5es do \u00f3rg\u00e3o.<\/p>\n\n\n\n<p class=\"wp-block-paragraph\">Em 2026, a Lei n\u00ba 19.255 concedeu <strong>reajuste de 6%<\/strong> aos servidores do quadro de apoio t\u00e9cnico-administrativo do Minist\u00e9rio P\u00fablico de Pernambuco. O aumento alcan\u00e7a Analistas e T\u00e9cnicos Ministeriais, al\u00e9m de aposentados, pensionistas, cargos comissionados e fun\u00e7\u00f5es gratificadas, com efeitos financeiros retroativos a 1\u00ba de maio de 2026.<\/p>\n\n\n\n<p class=\"wp-block-paragraph\">Os valores atualizados para cada cargo dever\u00e3o ser confirmados no pr\u00f3ximo edital.<\/p>\n\n\n\n<figure class=\"wp-block-image size-large\"><img loading=\"lazy\" decoding=\"async\" width=\"1024\" height=\"667\" src=\"https:\/\/www.novaconcursos.com.br\/portal\/wp-content\/uploads\/2026\/08\/vista-pernambuco-olinda-e-recife-min-1024x667.webp\" alt=\"vista-de-pernambuco-paisagens-de-olinda-e-recife\n\nconcurso mp pe\" class=\"wp-image-314283\" title=\"\" srcset=\"https:\/\/www.novaconcursos.com.br\/portal\/wp-content\/uploads\/2026\/08\/vista-pernambuco-olinda-e-recife-min-300x195.webp 300w, https:\/\/www.novaconcursos.com.br\/portal\/wp-content\/uploads\/2026\/08\/vista-pernambuco-olinda-e-recife-min-480x313.webp 480w, https:\/\/www.novaconcursos.com.br\/portal\/wp-content\/uploads\/2026\/08\/vista-pernambuco-olinda-e-recife-min-768x500.webp 768w, https:\/\/www.novaconcursos.com.br\/portal\/wp-content\/uploads\/2026\/08\/vista-pernambuco-olinda-e-recife-min-1024x667.webp 1024w, https:\/\/www.novaconcursos.com.br\/portal\/wp-content\/uploads\/2026\/08\/vista-pernambuco-olinda-e-recife-min-1536x1001.webp 1536w, https:\/\/www.novaconcursos.com.br\/portal\/wp-content\/uploads\/2026\/08\/vista-pernambuco-olinda-e-recife-min-2048x1334.webp 2048w\" sizes=\"auto, (max-width: 480px) 100vw, (max-width: 768px) 100vw, (max-width: 1200px) 70vw, 768px\"><figcaption class=\"wp-element-caption\">Concurso MP PE 2026: Oportunidades para T\u00e9cnico e Analista em Pernambuco!<\/figcaption><\/figure><h3 class=\"wp-block-heading\">Vai come\u00e7ar a prepara\u00e7\u00e3o para o MP PE?<\/h3>\n\n\n\n<p class=\"wp-block-paragraph\">Com a comiss\u00e3o formada e os cargos j\u00e1 conhecidos, este pode ser um bom momento para antecipar disciplinas b\u00e1sicas que costumam aparecer em concursos de n\u00edveis m\u00e9dio e superior.<\/p>\n\n\n\n<p class=\"wp-block-paragraph\">Se voc\u00ea est\u00e1 de olho no Concurso MP PE 2026, confira nossa <strong>Apostila de L\u00edngua Portuguesa para Concursos<\/strong> e fortale\u00e7a a prepara\u00e7\u00e3o enquanto aguarda a defini\u00e7\u00e3o da banca.<\/p>\n\n\n\n<p class=\"wp-block-paragraph\"><\/p><div class=\"nova-continue-reading\"> Concurso MP PE 2026: Prepare-se com a <a href=\"https:\/\/www.novaconcursos.com.br\/apostila\/lingua-portuguesa-concursos\">Apostila de L\u00edngua Portuguesa para concursos<\/a>!<\/div>\n\n\n\n<h2 class=\"wp-block-heading\" id=\"concurso-mp-pe-o-que-j-se-sabe\">Concurso MP PE: o que j\u00e1 se sabe?<\/h2>\n\n\n\n<p class=\"wp-block-paragraph\">O novo concurso do <a href=\"https:\/\/portal.mppe.mp.br\/\" target=\"_blank\" rel=\"noreferrer noopener\">Minist\u00e9rio P\u00fablico de Pernambuco<\/a> ainda est\u00e1 em fase inicial, mas a constitui\u00e7\u00e3o da comiss\u00e3o confirma o avan\u00e7o dos preparativos.<\/p>\n\n\n\n<p class=\"wp-block-paragraph\">Confira o cen\u00e1rio:<\/p>\n\n\n\n<ul class=\"wp-block-list\"><li><strong>Situa\u00e7\u00e3o:<\/strong> comiss\u00e3o organizadora formada;<\/li>\n\n\n\n<li><strong>Vagas:<\/strong> ainda n\u00e3o definidas;<\/li>\n\n\n\n<li><strong>Cargos:<\/strong> T\u00e9cnico e Analista Ministerial;<\/li>\n\n\n\n<li><strong>Escolaridade:<\/strong> n\u00edveis m\u00e9dio e superior;<\/li>\n\n\n\n<li><strong>Banca:<\/strong> a definir; e<\/li>\n\n\n\n<li><strong>Edital:<\/strong> ainda sem data prevista.<\/li>\n<\/ul><p class=\"wp-block-paragraph\">Quer acompanhar esses avan\u00e7os e conferir todas as informa\u00e7\u00f5es sobre cargos, requisitos, sal\u00e1rios e pr\u00f3ximo edital? Acesse nosso guia completo do Concurso MP PE.<\/p>\n\n\n\n<p class=\"wp-block-paragraph\"><\/p><div class=\"nova-continue-reading\"> Concurso MP PE: Confira o <a href=\"https:\/\/www.novaconcursos.com.br\/portal\/concursos\/concurso-mp-pe\/\">guia completo<\/a>!<\/div>\n\n\n\n<p class=\"wp-block-paragraph\">Fique ligado em nosso portal para n\u00e3o perder nenhuma novidade sobre concursos p\u00fablicos. At\u00e9 a pr\u00f3xima!<\/p>","protected":false},"excerpt":{"rendered":"<p>Concurso MP PE avan\u00e7a com a forma\u00e7\u00e3o da comiss\u00e3o organizadora e ter\u00e1 oportunidades para T\u00e9cnico e Analista Ministerial. Saiba mais.<\/p>\n","protected":false},"author":54693,"featured_media":314282,"comment_status":"closed","ping_status":"closed","sticky":false,"template":"","format":"standard","meta":{"_acf_changed":false,"footnotes":"","_wp_rev_ctl_limit":""},"categories":[228,44946,44958],"tags":[40999],"class_list":["post-314281","post","type-post","status-publish","format-standard","has-post-thumbnail","hentry","category-noticias","category-carreira-juridica","category-pe","tag-concurso-mp-pe-2"],"acf":[],"_links":{"self":[{"href":"https:\/\/www.novaconcursos.com.br\/portal\/wp-json\/wp\/v2\/posts\/314281","targetHints":{"allow":["GET"]}}],"collection":[{"href":"https:\/\/www.novaconcursos.com.br\/portal\/wp-json\/wp\/v2\/posts"}],"about":[{"href":"https:\/\/www.novaconcursos.com.br\/portal\/wp-json\/wp\/v2\/types\/post"}],"author":[{"embeddable":true,"href":"https:\/\/www.novaconcursos.com.br\/portal\/wp-json\/wp\/v2\/users\/54693"}],"replies":[{"embeddable":true,"href":"https:\/\/www.novaconcursos.com.br\/portal\/wp-json\/wp\/v2\/comments?post=314281"}],"version-history":[{"count":2,"href":"https:\/\/www.novaconcursos.com.br\/portal\/wp-json\/wp\/v2\/posts\/314281\/revisions"}],"predecessor-version":[{"id":314287,"href":"https:\/\/www.novaconcursos.com.br\/portal\/wp-json\/wp\/v2\/posts\/314281\/revisions\/314287"}],"wp:featuredmedia":[{"embeddable":true,"href":"https:\/\/www.novaconcursos.com.br\/portal\/wp-json\/wp\/v2\/media\/314282"}],"wp:attachment":[{"href":"https:\/\/www.novaconcursos.com.br\/portal\/wp-json\/wp\/v2\/media?parent=314281"}],"wp:term":[{"taxonomy":"category","embeddable":true,"href":"https:\/\/www.novaconcursos.com.br\/portal\/wp-json\/wp\/v2\/categories?post=314281"},{"taxonomy":"post_tag","embeddable":true,"href":"https:\/\/www.novaconcursos.com.br\/portal\/wp-json\/wp\/v2\/tags?post=314281"}],"curies":[{"name":"wp","href":"https:\/\/api.w.org\/{rel}","templated":true}]}}