{"id":314324,"date":"2026-09-01T15:04:42","date_gmt":"2026-09-01T18:04:42","guid":{"rendered":"https:\/\/www.novaconcursos.com.br\/portal\/?p=314324"},"modified":"2026-09-01T15:04:49","modified_gmt":"2026-09-01T18:04:49","slug":"concursos-seguranca-am-novos-editais-2027","status":"publish","type":"post","link":"https:\/\/www.novaconcursos.com.br\/portal\/noticias\/concursos-seguranca-am-novos-editais-2027\/","title":{"rendered":"Concursos Seguran\u00e7a AM: Novos editais em 2027, anuncia governador"},"content":{"rendered":"<p class=\"wp-block-paragraph\">Os <strong>Concursos Seguran\u00e7a AM<\/strong> entraram no planejamento do Governo do Amazonas para 2027. O an\u00fancio foi feito pelo governador Roberto Cidade durante uma cerim\u00f4nia que marcou o in\u00edcio do est\u00e1gio operacional de 500 alunos-soldados da Pol\u00edcia Militar. A proposta \u00e9 realizar novas sele\u00e7\u00f5es para ampliar o efetivo das for\u00e7as estaduais de seguran\u00e7a p\u00fablica. Embora os \u00f3rg\u00e3os, cargos e quantitativos ainda n\u00e3o tenham sido detalhados, a Pol\u00edcia Militar est\u00e1 entre as corpora\u00e7\u00f5es contempladas. Os primeiros procedimentos administrativos dos <strong>Concursos Seguran\u00e7a AM 2027<\/strong> dever\u00e3o avan\u00e7ar nos pr\u00f3ximos meses.<\/p>\n\n\n\n<h2 class=\"wp-block-heading\" id=\"planejamento-estadual-dever-avanar-antes-dos-editais\">Planejamento estadual dever\u00e1 avan\u00e7ar antes dos editais<\/h2>\n\n\n\n<p class=\"wp-block-paragraph\">O governo ainda dever\u00e1 realizar estudos t\u00e9cnicos, administrativos e or\u00e7ament\u00e1rios antes de confirmar o formato dos <strong>Concursos Seguran\u00e7a AM<\/strong>. Essa an\u00e1lise permitir\u00e1 definir quais corpora\u00e7\u00f5es ser\u00e3o contempladas, quantos servidores poder\u00e3o ser contratados e quais carreiras possuem maior necessidade de reposi\u00e7\u00e3o.<\/p>\n\n\n\n<p class=\"wp-block-paragraph\">Depois dessa etapa, cada \u00f3rg\u00e3o dever\u00e1 solicitar ou formalizar a autoriza\u00e7\u00e3o do respectivo concurso p\u00fablico. Tamb\u00e9m ser\u00e1 necess\u00e1ria a forma\u00e7\u00e3o de comiss\u00f5es respons\u00e1veis por elaborar os projetos b\u00e1sicos e acompanhar a contrata\u00e7\u00e3o das bancas organizadoras.<\/p>\n\n\n\n<p class=\"wp-block-paragraph\">Os editais somente poder\u00e3o ser publicados ap\u00f3s o cumprimento desses procedimentos. Por enquanto, n\u00e3o h\u00e1 cronograma com datas para autoriza\u00e7\u00e3o, escolha das bancas, abertura das inscri\u00e7\u00f5es ou aplica\u00e7\u00e3o das provas.<\/p>\n\n\n\n<p class=\"wp-block-paragraph\">A Pol\u00edcia Militar foi mencionada entre as sele\u00e7\u00f5es previstas para o <strong>Concurso Seguran\u00e7a AM 2027<\/strong>. Apesar de o an\u00fancio tratar da \u00e1rea de seguran\u00e7a p\u00fablica de maneira ampla, ainda n\u00e3o houve confirma\u00e7\u00e3o individual de novos editais para a Pol\u00edcia Civil e o Corpo de Bombeiros.<\/p>\n\n\n\n<h2 class=\"wp-block-heading\" id=\"anncio-ocorreu-durante-nova-etapa-de-formao-da-pm\">An\u00fancio ocorreu durante nova etapa de forma\u00e7\u00e3o da PM<\/h2>\n\n\n\n<p class=\"wp-block-paragraph\">A previs\u00e3o dos <strong>Concursos Seguran\u00e7a AM 2027<\/strong> foi apresentada durante o in\u00edcio do est\u00e1gio operacional de <strong>500 alunos-soldados da Pol\u00edcia Militar do Amazonas<\/strong>.<\/p>\n\n\n\n<p class=\"wp-block-paragraph\">Os futuros policiais come\u00e7aram a participar de atividades pr\u00e1ticas em Manaus, sob a supervis\u00e3o de profissionais da corpora\u00e7\u00e3o. O est\u00e1gio permitir\u00e1 que os alunos apliquem os conhecimentos adquiridos durante o curso de forma\u00e7\u00e3o e conhe\u00e7am a rotina operacional.<\/p>\n\n\n\n<p class=\"wp-block-paragraph\">A atividade integra a Opera\u00e7\u00e3o Bairro Seguro, criada para refor\u00e7ar o policiamento na capital. Ap\u00f3s a conclus\u00e3o de todas as etapas do curso, a expectativa \u00e9 que os alunos sejam incorporados ao quadro da Pol\u00edcia Militar.<\/p>\n\n\n\n<p class=\"wp-block-paragraph\">O ingresso desse grupo \u00e9 resultado do concurso anterior. Paralelamente \u00e0s nomea\u00e7\u00f5es e aos cursos de forma\u00e7\u00e3o em andamento, o governo pretende preparar uma nova sele\u00e7\u00e3o para continuar a recomposi\u00e7\u00e3o do efetivo.<\/p>\n\n\n\n<figure class=\"wp-block-image size-large\"><img decoding=\"async\" width=\"1024\" height=\"574\" src=\"https:\/\/www.novaconcursos.com.br\/portal\/wp-content\/uploads\/2025\/05\/friendly-law-enforcement-personnel-standing-by-police-station-prepared-assist-with-maintaining-peace-order-1024x574.webp\" alt=\"policiais sorrindo\" class=\"wp-image-312996\" loading=\"lazy\" title=\"\" srcset=\"https:\/\/www.novaconcursos.com.br\/portal\/wp-content\/uploads\/2025\/05\/friendly-law-enforcement-personnel-standing-by-police-station-prepared-assist-with-maintaining-peace-order-300x168.webp 300w, https:\/\/www.novaconcursos.com.br\/portal\/wp-content\/uploads\/2025\/05\/friendly-law-enforcement-personnel-standing-by-police-station-prepared-assist-with-maintaining-peace-order-480x269.webp 480w, https:\/\/www.novaconcursos.com.br\/portal\/wp-content\/uploads\/2025\/05\/friendly-law-enforcement-personnel-standing-by-police-station-prepared-assist-with-maintaining-peace-order-768x430.webp 768w, https:\/\/www.novaconcursos.com.br\/portal\/wp-content\/uploads\/2025\/05\/friendly-law-enforcement-personnel-standing-by-police-station-prepared-assist-with-maintaining-peace-order-1024x574.webp 1024w, https:\/\/www.novaconcursos.com.br\/portal\/wp-content\/uploads\/2025\/05\/friendly-law-enforcement-personnel-standing-by-police-station-prepared-assist-with-maintaining-peace-order-1536x861.webp 1536w, https:\/\/www.novaconcursos.com.br\/portal\/wp-content\/uploads\/2025\/05\/friendly-law-enforcement-personnel-standing-by-police-station-prepared-assist-with-maintaining-peace-order-2048x1148.webp 2048w\" sizes=\"auto, (max-width: 480px) 100vw, (max-width: 768px) 100vw, (max-width: 1200px) 70vw, 768px\"><figcaption class=\"wp-element-caption\">Concurso Seguran\u00e7a AM 2027 tem previs\u00e3o de edital.<\/figcaption><\/figure><h2 class=\"wp-block-heading\" id=\"selees-anteriores-podem-orientar-a-preparao\">Sele\u00e7\u00f5es anteriores podem orientar a prepara\u00e7\u00e3o<\/h2>\n\n\n\n<p class=\"wp-block-paragraph\">Enquanto os novos editais n\u00e3o s\u00e3o publicados, os candidatos podem utilizar as sele\u00e7\u00f5es anteriores <strong>Concurso Seguran\u00e7a AM<\/strong> como refer\u00eancia. Os \u00faltimos concursos da Pol\u00edcia Militar, da Pol\u00edcia Civil e do Corpo de Bombeiros foram organizados pela <a href=\"https:\/\/portal.fgv.br\" target=\"_blank\" rel=\"noreferrer noopener\">Funda\u00e7\u00e3o Get\u00falio Vargas<\/a>.<\/p>\n\n\n\n<p class=\"wp-block-paragraph\">As avalia\u00e7\u00f5es apresentaram conte\u00fados diferentes conforme a corpora\u00e7\u00e3o e o cargo, mas algumas disciplinas foram recorrentes, como:<\/p>\n\n\n\n<ul class=\"wp-block-list\"><li>L\u00edngua Portuguesa;<\/li>\n\n\n\n<li>Hist\u00f3ria e Geografia do Amazonas;<\/li>\n\n\n\n<li>Inform\u00e1tica;<\/li>\n\n\n\n<li>Racioc\u00ednio L\u00f3gico;<\/li>\n\n\n\n<li>Direito Constitucional;<\/li>\n\n\n\n<li>Direito Administrativo;<\/li>\n\n\n\n<li>Direitos Humanos;<\/li>\n\n\n\n<li>legisla\u00e7\u00e3o institucional;<\/li>\n\n\n\n<li>conhecimentos espec\u00edficos da carreira.<\/li>\n<\/ul><p class=\"wp-block-paragraph\">As sele\u00e7\u00f5es tamb\u00e9m contaram com etapas adicionais, como teste de aptid\u00e3o f\u00edsica, avalia\u00e7\u00e3o m\u00e9dica, avalia\u00e7\u00e3o psicol\u00f3gica, investiga\u00e7\u00e3o social, an\u00e1lise documental e curso de forma\u00e7\u00e3o.<\/p>\n\n\n\n<p class=\"wp-block-paragraph\">No planejamento dos estudos para os <strong>Concursos Seguran\u00e7a AM 2026<\/strong>, o candidato pode come\u00e7ar pelas mat\u00e9rias comuns e acompanhar as movimenta\u00e7\u00f5es administrativas. Quando os editais de 2027 forem publicados, ser\u00e1 necess\u00e1rio adaptar o cronograma aos conte\u00fados, pesos e crit\u00e9rios definidos por cada banca.<\/p>\n\n\n\n<h2 class=\"wp-block-heading\" id=\"carreiras-militares-exigem-preparo-fsico-antecipado\">Carreiras militares exigem preparo f\u00edsico antecipado<\/h2>\n\n\n\n<p class=\"wp-block-paragraph\">Os interessados nas carreiras da Pol\u00edcia Militar e do Corpo de Bombeiros devem conciliar a prepara\u00e7\u00e3o te\u00f3rica com uma rotina de exerc\u00edcios f\u00edsicos. Essa organiza\u00e7\u00e3o \u00e9 importante porque o teste de aptid\u00e3o costuma possuir car\u00e1ter eliminat\u00f3rio.<\/p>\n\n\n\n<p class=\"wp-block-paragraph\">No \u00faltimo concurso da PM AM, o exame f\u00edsico incluiu exerc\u00edcios como barra fixa, flex\u00e3o abdominal, corrida, nata\u00e7\u00e3o e flex\u00e3o de bra\u00e7os, com crit\u00e9rios diferentes conforme o cargo e o sexo do candidato.<\/p>\n\n\n\n<p class=\"wp-block-paragraph\">J\u00e1 a sele\u00e7\u00e3o anterior do Corpo de Bombeiros avaliou os participantes por meio de flex\u00e3o, abdominal, corrida e nata\u00e7\u00e3o. Os par\u00e2metros dos novos <strong>Concursos Seguran\u00e7a AM<\/strong> poder\u00e3o ser alterados, mas come\u00e7ar o condicionamento antecipadamente reduz o risco de uma prepara\u00e7\u00e3o concentrada apenas nas semanas anteriores \u00e0 avalia\u00e7\u00e3o.<\/p>\n\n\n\n<p class=\"wp-block-paragraph\">O treinamento deve ser progressivo, respeitar os limites individuais e, sempre que poss\u00edvel, contar com acompanhamento profissional. Tamb\u00e9m \u00e9 importante manter os exames de sa\u00fade atualizados antes de iniciar atividades de maior intensidade.<\/p>\n\n\n\n<h2 class=\"wp-block-heading\" id=\"contedos-policiais-ajudam-a-formar-uma-base-comum\">Conte\u00fados policiais ajudam a formar uma base comum<\/h2>\n\n\n\n<p class=\"wp-block-paragraph\">Como os novos cargos e programas de provas ainda n\u00e3o foram definidos, n\u00e3o foi localizado um curso espec\u00edfico atualizado para todos os <strong>Concursos Seguran\u00e7a AM 2027<\/strong>. Nesse momento, uma op\u00e7\u00e3o \u00e9 utilizar um material geral voltado \u00e0s disciplinas recorrentes da carreira policial.<\/p>\n\n\n\n<p class=\"wp-block-paragraph\">A Nova Concursos oferece um <a href=\"https:\/\/www.novaconcursos.com.br\/concurso\/nova-concursos\/cursos-online\">curso essencial para concursos policiais<\/a>, que pode auxiliar na revis\u00e3o de mat\u00e9rias comuns enquanto os novos editais permanecem em planejamento.<\/p>\n\n\n\n<p class=\"wp-block-paragraph\">Tamb\u00e9m est\u00e3o dispon\u00edveis <a href=\"https:\/\/www.novaconcursos.com.br\/concurso\/cbm-am-corpo-de-bombeiros-militar-do-estado-do-amazonas\/cursos-online\">materiais para o concurso do Corpo de Bombeiros do Amazonas<\/a>. Antes da contrata\u00e7\u00e3o das bancas, o candidato pode concentrar os estudos nas disciplinas b\u00e1sicas e utilizar quest\u00f5es das sele\u00e7\u00f5es anteriores para conhecer o perfil das avalia\u00e7\u00f5es.<\/p>\n\n\n\n<figure class=\"wp-block-image size-large\"><img decoding=\"async\" width=\"1024\" height=\"683\" src=\"https:\/\/www.novaconcursos.com.br\/portal\/wp-content\/uploads\/2019\/10\/estudante-grifando-conteudo-para-concurso-1024x683.webp\" alt=\"estudante grifando conte\u00fado \" class=\"wp-image-313451\" loading=\"lazy\" title=\"\" srcset=\"https:\/\/www.novaconcursos.com.br\/portal\/wp-content\/uploads\/2019\/10\/estudante-grifando-conteudo-para-concurso-300x200.webp 300w, https:\/\/www.novaconcursos.com.br\/portal\/wp-content\/uploads\/2019\/10\/estudante-grifando-conteudo-para-concurso-480x320.webp 480w, https:\/\/www.novaconcursos.com.br\/portal\/wp-content\/uploads\/2019\/10\/estudante-grifando-conteudo-para-concurso-768x512.webp 768w, https:\/\/www.novaconcursos.com.br\/portal\/wp-content\/uploads\/2019\/10\/estudante-grifando-conteudo-para-concurso-1024x683.webp 1024w, https:\/\/www.novaconcursos.com.br\/portal\/wp-content\/uploads\/2019\/10\/estudante-grifando-conteudo-para-concurso-1536x1024.webp 1536w, https:\/\/www.novaconcursos.com.br\/portal\/wp-content\/uploads\/2019\/10\/estudante-grifando-conteudo-para-concurso-2048x1365.webp 2048w\" sizes=\"auto, (max-width: 480px) 100vw, (max-width: 768px) 100vw, (max-width: 1200px) 70vw, 768px\"><figcaption class=\"wp-element-caption\">Concurso Seguran\u00e7a AM, edital previsto para 2027.<\/figcaption><\/figure><h2 class=\"wp-block-heading\" id=\"o-que-ainda-depende-de-confirmao-oficial\">O que ainda depende de confirma\u00e7\u00e3o oficial?<\/h2>\n\n\n\n<p class=\"wp-block-paragraph\">O governo confirmou o planejamento de novos <strong>Concursos Seguran\u00e7a AM<\/strong> para 2027, mas ainda n\u00e3o apresentou a quantidade de vagas, os cargos, as exig\u00eancias de escolaridade ou as remunera\u00e7\u00f5es.<\/p>\n\n\n\n<p class=\"wp-block-paragraph\">A Pol\u00edcia Militar est\u00e1 entre as corpora\u00e7\u00f5es indicadas para receber um novo edital. A participa\u00e7\u00e3o da Pol\u00edcia Civil e do Corpo de Bombeiros dever\u00e1 ser confirmada em futuros atos do governo, j\u00e1 que o an\u00fancio inicial n\u00e3o apresentou uma rela\u00e7\u00e3o individual dos \u00f3rg\u00e3os contemplados.<\/p>\n\n\n\n<p class=\"wp-block-paragraph\">Tamb\u00e9m permanecem pendentes:<\/p>\n\n\n\n<ul class=\"wp-block-list\"><li>autoriza\u00e7\u00f5es formais;<\/li>\n\n\n\n<li>estudos de impacto or\u00e7ament\u00e1rio;<\/li>\n\n\n\n<li>quantidade de vagas por corpora\u00e7\u00e3o;<\/li>\n\n\n\n<li>cargos e especialidades;<\/li>\n\n\n\n<li>bancas organizadoras;<\/li>\n\n\n\n<li>taxas de inscri\u00e7\u00e3o;<\/li>\n\n\n\n<li>etapas de avalia\u00e7\u00e3o;<\/li>\n\n\n\n<li>datas de publica\u00e7\u00e3o dos editais e das provas.<\/li>\n<\/ul><p class=\"wp-block-paragraph\">Enquanto essas informa\u00e7\u00f5es n\u00e3o s\u00e3o divulgadas, os dados dos \u00faltimos concursos ajudam a dimensionar as oportunidades que poder\u00e3o ser abertas.<\/p>\n\n\n\n<h2 class=\"wp-block-heading\" id=\"informaes-anteriores-das-foras-de-segurana-do-amazonas\">Informa\u00e7\u00f5es anteriores das for\u00e7as de seguran\u00e7a do Amazonas<\/h2>\n\n\n\n<p class=\"wp-block-paragraph\">O \u00faltimo concurso da <strong>Pol\u00edcia Militar do Amazonas<\/strong> ofereceu <strong>1.350 vagas<\/strong>, sendo 1.000 para Soldado, 320 para Aluno Oficial e 30 para Aluno Oficial de Sa\u00fade. Soldado exigiu n\u00edvel m\u00e9dio, enquanto as carreiras de Oficial demandaram n\u00edvel superior, conforme a \u00e1rea. As remunera\u00e7\u00f5es informadas variaram de aproximadamente <strong>R$ 2,6 mil durante os cursos de forma\u00e7\u00e3o<\/strong> a mais de <strong>R$ 7 mil ap\u00f3s a conclus\u00e3o<\/strong>, conforme o cargo.<\/p>\n\n\n\n<p class=\"wp-block-paragraph\">Na <strong>Pol\u00edcia Civil do Amazonas<\/strong>, a sele\u00e7\u00e3o anterior reuniu <strong>362 vagas<\/strong> para Investigador, Escriv\u00e3o, Delegado e Perito. Todos os cargos exigiram n\u00edvel superior. Os vencimentos apresentados nos editais variaram de <strong>R$ 12.948,78 a R$ 20.449,05<\/strong>, de acordo com a carreira.<\/p>\n\n\n\n<p class=\"wp-block-paragraph\">J\u00e1 o \u00faltimo concurso do <strong>Corpo de Bombeiros Militar do Amazonas<\/strong> ofertou <strong>453 vagas<\/strong>, das quais 400 foram para Soldado, de n\u00edvel m\u00e9dio, e 53 para 2\u00ba Tenente, de n\u00edvel superior. Ap\u00f3s o curso de forma\u00e7\u00e3o, as remunera\u00e7\u00f5es previstas eram de <strong>R$ 4.831,43 para Soldado<\/strong> e <strong>R$ 12.468,18 para 2\u00ba Tenente<\/strong>.<\/p>\n\n\n\n<p class=\"wp-block-paragraph\">Esses quantitativos, cargos, requisitos e sal\u00e1rios pertencem aos concursos anteriores e n\u00e3o representam uma confirma\u00e7\u00e3o para os editais de 2027. Para acompanhar separadamente todas as atualiza\u00e7\u00f5es, consulte as p\u00e1ginas do <a href=\"https:\/\/www.novaconcursos.com.br\/portal\/concursos\/concurso-bombeiros-am\/\">Concurso Bombeiros AM<\/a>, do <a href=\"https:\/\/www.novaconcursos.com.br\/portal\/concursos\/concurso-pc-am\/\">Concurso PC AM<\/a> e do <a href=\"https:\/\/www.novaconcursos.com.br\/portal\/concursos\/concurso-pm-am\/\">Concurso PM AM<\/a>.<\/p>\n\n\n\n<p class=\"wp-block-paragraph\"><\/p>","protected":false},"excerpt":{"rendered":"<p>Concursos Seguran\u00e7a AM s\u00e3o previstos para 2027. Veja o que j\u00e1 se sabe sobre os novos editais para refor\u00e7ar as for\u00e7as estaduais.<\/p>\n","protected":false},"author":54703,"featured_media":314328,"comment_status":"closed","ping_status":"closed","sticky":false,"template":"","format":"standard","meta":{"_acf_changed":false,"footnotes":"","_wp_rev_ctl_limit":""},"categories":[228,44943,44941],"tags":[40071,46072,46073],"class_list":["post-314324","post","type-post","status-publish","format-standard","has-post-thumbnail","hentry","category-noticias","category-carreira-militar","category-carreira-policial","tag-concursos-seguranca-am-2","tag-concursos-seguranca-am-2026","tag-concursos-seguranca-am-2027"],"acf":[],"_links":{"self":[{"href":"https:\/\/www.novaconcursos.com.br\/portal\/wp-json\/wp\/v2\/posts\/314324","targetHints":{"allow":["GET"]}}],"collection":[{"href":"https:\/\/www.novaconcursos.com.br\/portal\/wp-json\/wp\/v2\/posts"}],"about":[{"href":"https:\/\/www.novaconcursos.com.br\/portal\/wp-json\/wp\/v2\/types\/post"}],"author":[{"embeddable":true,"href":"https:\/\/www.novaconcursos.com.br\/portal\/wp-json\/wp\/v2\/users\/54703"}],"replies":[{"embeddable":true,"href":"https:\/\/www.novaconcursos.com.br\/portal\/wp-json\/wp\/v2\/comments?post=314324"}],"version-history":[{"count":5,"href":"https:\/\/www.novaconcursos.com.br\/portal\/wp-json\/wp\/v2\/posts\/314324\/revisions"}],"predecessor-version":[{"id":314370,"href":"https:\/\/www.novaconcursos.com.br\/portal\/wp-json\/wp\/v2\/posts\/314324\/revisions\/314370"}],"wp:featuredmedia":[{"embeddable":true,"href":"https:\/\/www.novaconcursos.com.br\/portal\/wp-json\/wp\/v2\/media\/314328"}],"wp:attachment":[{"href":"https:\/\/www.novaconcursos.com.br\/portal\/wp-json\/wp\/v2\/media?parent=314324"}],"wp:term":[{"taxonomy":"category","embeddable":true,"href":"https:\/\/www.novaconcursos.com.br\/portal\/wp-json\/wp\/v2\/categories?post=314324"},{"taxonomy":"post_tag","embeddable":true,"href":"https:\/\/www.novaconcursos.com.br\/portal\/wp-json\/wp\/v2\/tags?post=314324"}],"curies":[{"name":"wp","href":"https:\/\/api.w.org\/{rel}","templated":true}]}}