{"id":314330,"date":"2026-09-01T14:59:37","date_gmt":"2026-09-01T17:59:37","guid":{"rendered":"https:\/\/www.novaconcursos.com.br\/portal\/?p=314330"},"modified":"2026-09-01T14:59:42","modified_gmt":"2026-09-01T17:59:42","slug":"concurso-sedes-df-2026-locais-de-prova","status":"publish","type":"post","link":"https:\/\/www.novaconcursos.com.br\/portal\/noticias\/concurso-sedes-df-2026-locais-de-prova\/","title":{"rendered":"Concurso Sedes DF 2026: locais de prova para 4.788 vagas"},"content":{"rendered":"<p class=\"wp-block-paragraph\">Os locais de prova do <strong>Concurso Sedes DF<\/strong> j\u00e1 podem ser consultados pelos candidatos. As avalia\u00e7\u00f5es objetiva e discursiva ser\u00e3o aplicadas no pr\u00f3ximo domingo, <strong>6 de setembro<\/strong>, no Distrito Federal. A consulta \u00e9 individual e informa o endere\u00e7o, a sala e o hor\u00e1rio de apresenta\u00e7\u00e3o de cada participante. Especialistas far\u00e3o as provas pela manh\u00e3, enquanto os t\u00e9cnicos ser\u00e3o avaliados \u00e0 tarde. Organizado pelo Instituto Quadrix, o certame re\u00fane <strong>4.788 oportunidades<\/strong>, considerando vagas imediatas e cadastro de reserva, e registrou mais de 210 mil inscri\u00e7\u00f5es homologadas.<\/p>\n\n\n\n<h2 class=\"wp-block-heading\" id=\"consulta-individual-j-est-disponvel-no-sistema-da-banca\">Consulta individual j\u00e1 est\u00e1 dispon\u00edvel no sistema da banca<\/h2>\n\n\n\n<p class=\"wp-block-paragraph\">Para verificar o local de aplica\u00e7\u00e3o, o candidato dever\u00e1 acessar a <a href=\"https:\/\/quadrix.org.br\/informacoes\/3056\/\" target=\"_blank\" rel=\"noreferrer noopener\">p\u00e1gina do Concurso Sedes DF no Instituto Quadrix<\/a> e entrar na \u00c1rea do Candidato utilizando CPF e senha.<\/p>\n\n\n\n<p class=\"wp-block-paragraph\">O comprovante disponibilizado no sistema apresenta informa\u00e7\u00f5es como endere\u00e7o do pr\u00e9dio, n\u00famero da sala, turno e hor\u00e1rio da prova. \u00c9 recomend\u00e1vel salvar ou imprimir o documento para evitar dificuldades de acesso no dia da avalia\u00e7\u00e3o.<\/p>\n\n\n\n<p class=\"wp-block-paragraph\">Os candidatos tamb\u00e9m devem conferir antecipadamente o trajeto at\u00e9 o local, o tempo estimado de deslocamento e as op\u00e7\u00f5es de transporte. Como as provas ser\u00e3o aplicadas no domingo, altera\u00e7\u00f5es nos hor\u00e1rios do transporte p\u00fablico ou bloqueios de tr\u00e2nsito podem interferir no percurso.<\/p>\n\n\n\n<p class=\"wp-block-paragraph\">Caso o participante identifique alguma inconsist\u00eancia em seus dados ou n\u00e3o consiga consultar o endere\u00e7o, dever\u00e1 buscar atendimento junto ao Instituto Quadrix antes da aplica\u00e7\u00e3o do <strong>Concurso Sedes DF<\/strong>.<\/p>\n\n\n\n<h2 class=\"wp-block-heading\" id=\"portes-fecharo-s-7h45-e-s-14h45\">Port\u00f5es fechar\u00e3o \u00e0s 7h45 e \u00e0s 14h45<\/h2>\n\n\n\n<p class=\"wp-block-paragraph\">As avalia\u00e7\u00f5es do <strong>Concurso Sedes DF 2026<\/strong> ser\u00e3o realizadas em dois turnos, de acordo com a carreira escolhida. Os candidatos aos cargos de Especialista em Desenvolvimento e Assist\u00eancia Social far\u00e3o as provas pela manh\u00e3.<\/p>\n\n\n\n<p class=\"wp-block-paragraph\">Nesse turno, os port\u00f5es ser\u00e3o abertos \u00e0s <strong>6h45<\/strong> e fechados \u00e0s <strong>7h45<\/strong>. Ap\u00f3s esse hor\u00e1rio, n\u00e3o ser\u00e1 permitida a entrada no local de aplica\u00e7\u00e3o.<\/p>\n\n\n\n<p class=\"wp-block-paragraph\">J\u00e1 os candidatos aos cargos de T\u00e9cnico em Desenvolvimento e Assist\u00eancia Social realizar\u00e3o as provas \u00e0 tarde. Os port\u00f5es ser\u00e3o abertos \u00e0s <strong>13h45<\/strong> e fechados \u00e0s <strong>14h45<\/strong>.<\/p>\n\n\n\n<p class=\"wp-block-paragraph\">A dura\u00e7\u00e3o total das avalia\u00e7\u00f5es ser\u00e1 de <strong>quatro horas<\/strong> nos dois turnos. O candidato dever\u00e1 permanecer obrigatoriamente no local por, no m\u00ednimo, duas horas ap\u00f3s o in\u00edcio da prova.<\/p>\n\n\n\n<p class=\"wp-block-paragraph\">A sa\u00edda com o caderno de quest\u00f5es ser\u00e1 autorizada somente durante os \u00faltimos 60 minutos do per\u00edodo previsto para o encerramento. Por isso, \u00e9 importante administrar o tempo considerando o preenchimento da folha de respostas e a elabora\u00e7\u00e3o da prova discursiva.<\/p>\n\n\n\n<h2 class=\"wp-block-heading\" id=\"documento-original-e-caneta-transparente-so-obrigatrios\">Documento original e caneta transparente s\u00e3o obrigat\u00f3rios<\/h2>\n\n\n\n<p class=\"wp-block-paragraph\">No dia da prova do <strong>Concurso Sedes DF<\/strong>, o participante dever\u00e1 apresentar documento oficial de identidade original e levar caneta esferogr\u00e1fica de tinta azul ou preta, fabricada em material transparente.<\/p>\n\n\n\n<p class=\"wp-block-paragraph\">Entre os documentos aceitos est\u00e3o carteira de identidade, passaporte brasileiro, carteira de trabalho impressa, certificado de reservista, carteira emitida por conselho profissional e Carteira Nacional de Habilita\u00e7\u00e3o com foto.<\/p>\n\n\n\n<p class=\"wp-block-paragraph\">Documentos digitais, como CNH digital, Carteira de Identidade Nacional, e-T\u00edtulo com foto e RG digital, poder\u00e3o ser apresentados nos respectivos aplicativos oficiais. Capturas de tela e fotografias dos documentos armazenadas no celular n\u00e3o substituem a apresenta\u00e7\u00e3o pelo aplicativo.<\/p>\n\n\n\n<p class=\"wp-block-paragraph\">N\u00e3o ser\u00e3o aceitos certid\u00e3o de nascimento, t\u00edtulo eleitoral impresso, CNH sem foto, documentos ileg\u00edveis ou documentos que n\u00e3o permitam identificar claramente o candidato.<\/p>\n\n\n\n<p class=\"wp-block-paragraph\">Tamb\u00e9m \u00e9 recomendado levar o comprovante de inscri\u00e7\u00e3o ou de pagamento da taxa, caso seja necess\u00e1rio esclarecer alguma informa\u00e7\u00e3o. O comprovante de local de prova pode ser mantido impresso ou salvo para consulta.<\/p>\n\n\n\n<figure class=\"wp-block-image size-large\"><img decoding=\"async\" width=\"1024\" height=\"681\" src=\"https:\/\/www.novaconcursos.com.br\/portal\/wp-content\/uploads\/2026\/08\/fazendo-a-prova-do-concurso1-1024x681.webp\" alt=\"mulher fazendo prova de concurso\" class=\"wp-image-313634\" loading=\"lazy\" title=\"\" srcset=\"https:\/\/www.novaconcursos.com.br\/portal\/wp-content\/uploads\/2026\/08\/fazendo-a-prova-do-concurso1-300x200.webp 300w, https:\/\/www.novaconcursos.com.br\/portal\/wp-content\/uploads\/2026\/08\/fazendo-a-prova-do-concurso1-480x319.webp 480w, https:\/\/www.novaconcursos.com.br\/portal\/wp-content\/uploads\/2026\/08\/fazendo-a-prova-do-concurso1-768x511.webp 768w, https:\/\/www.novaconcursos.com.br\/portal\/wp-content\/uploads\/2026\/08\/fazendo-a-prova-do-concurso1-1024x681.webp 1024w, https:\/\/www.novaconcursos.com.br\/portal\/wp-content\/uploads\/2026\/08\/fazendo-a-prova-do-concurso1-1536x1022.webp 1536w, https:\/\/www.novaconcursos.com.br\/portal\/wp-content\/uploads\/2026\/08\/fazendo-a-prova-do-concurso1-2048x1363.webp 2048w\" sizes=\"auto, (max-width: 480px) 100vw, (max-width: 768px) 100vw, (max-width: 1200px) 70vw, 768px\"><figcaption class=\"wp-element-caption\">Sedes DF concurso com 4.788 vagas.<\/figcaption><\/figure><h2 class=\"wp-block-heading\" id=\"avaliao-objetiva-ter-60-questes\">Avalia\u00e7\u00e3o objetiva ter\u00e1 60 quest\u00f5es<\/h2>\n\n\n\n<p class=\"wp-block-paragraph\">A prova objetiva do <strong>Concurso Sedes DF<\/strong> ser\u00e1 composta por <strong>60 quest\u00f5es de m\u00faltipla escolha<\/strong>. Desse total, 20 ser\u00e3o de Conhecimentos Gerais, com peso 1, e 40 de Conhecimentos Espec\u00edficos, com peso 2.<\/p>\n\n\n\n<p class=\"wp-block-paragraph\">A avalia\u00e7\u00e3o valer\u00e1 100 pontos, distribu\u00eddos da seguinte forma:<\/p>\n\n\n\n<ul class=\"wp-block-list\"><li><strong>Conhecimentos Gerais:<\/strong> 20 quest\u00f5es e at\u00e9 20 pontos;<\/li>\n\n\n\n<li><strong>Conhecimentos Espec\u00edficos:<\/strong> 40 quest\u00f5es e at\u00e9 80 pontos.<\/li>\n<\/ul><p class=\"wp-block-paragraph\">Para continuar no certame, o participante dever\u00e1 alcan\u00e7ar pelo menos dez pontos em Conhecimentos Gerais e 40 pontos em Conhecimentos Espec\u00edficos, al\u00e9m de ficar classificado dentro do quantitativo previsto para a corre\u00e7\u00e3o da prova discursiva.<\/p>\n\n\n\n<p class=\"wp-block-paragraph\">Entre os conte\u00fados gerais est\u00e3o L\u00edngua Portuguesa, conhecimentos sobre o Distrito Federal, pol\u00edtica para mulheres, legisla\u00e7\u00e3o e no\u00e7\u00f5es de primeiros socorros.<\/p>\n\n\n\n<p class=\"wp-block-paragraph\">Nos conhecimentos espec\u00edficos, ser\u00e3o cobrados temas relacionados \u00e0 assist\u00eancia social, aos programas e benef\u00edcios socioassistenciais do Distrito Federal e \u00e0 \u00e1rea profissional escolhida.<\/p>\n\n\n\n<p class=\"wp-block-paragraph\">Quem utiliza a express\u00e3o <strong>Sedes DF concurso<\/strong> para acompanhar a sele\u00e7\u00e3o deve ficar atento principalmente aos comunicados da banca, pois eventuais mudan\u00e7as relacionadas \u00e0 aplica\u00e7\u00e3o ser\u00e3o publicadas nos canais oficiais.<\/p>\n\n\n\n<h2 class=\"wp-block-heading\" id=\"discursiva-exigir-texto-de-20-a-30-linhas\">Discursiva exigir\u00e1 texto de 20 a 30 linhas<\/h2>\n\n\n\n<p class=\"wp-block-paragraph\">Todos os participantes tamb\u00e9m ser\u00e3o submetidos \u00e0 prova discursiva, que ter\u00e1 car\u00e1ter eliminat\u00f3rio e classificat\u00f3rio e valer\u00e1 100 pontos.<\/p>\n\n\n\n<p class=\"wp-block-paragraph\">Para T\u00e9cnico em Desenvolvimento e Assist\u00eancia Social, a avalia\u00e7\u00e3o consistir\u00e1 na elabora\u00e7\u00e3o de um texto dissertativo-argumentativo. J\u00e1 os candidatos a Especialista responder\u00e3o a um estudo de caso relacionado aos conhecimentos espec\u00edficos da \u00e1rea escolhida.<\/p>\n\n\n\n<p class=\"wp-block-paragraph\">Em ambos os casos, o texto dever\u00e1 possuir entre <strong>20 e 30 linhas<\/strong>. A corre\u00e7\u00e3o considerar\u00e1 o atendimento ao tema proposto, a organiza\u00e7\u00e3o das ideias e o dom\u00ednio da norma-padr\u00e3o da L\u00edngua Portuguesa.<\/p>\n\n\n\n<p class=\"wp-block-paragraph\">O participante deve reservar tempo suficiente para ler a proposta, organizar os argumentos, escrever o texto e revisar a resposta antes do encerramento da prova. Fugir do tema ou n\u00e3o respeitar a quantidade exigida de linhas poder\u00e1 comprometer a pontua\u00e7\u00e3o.<\/p>\n\n\n\n<p class=\"wp-block-paragraph\">Para localizar todas as regras, o candidato pode consultar o <strong>edital Concurso Sedes DF<\/strong> e o documento de convoca\u00e7\u00e3o publicado pela banca. As orienta\u00e7\u00f5es espec\u00edficas do comprovante individual tamb\u00e9m devem ser observadas.<\/p>\n\n\n\n<figure class=\"wp-block-image size-large\"><img decoding=\"async\" width=\"1024\" height=\"683\" src=\"https:\/\/www.novaconcursos.com.br\/portal\/wp-content\/uploads\/2026\/08\/candidato-fazendo-concurso-1024x683.webp\" alt=\"candidato fazendo concurso\" class=\"wp-image-313750\" loading=\"lazy\" title=\"\" srcset=\"https:\/\/www.novaconcursos.com.br\/portal\/wp-content\/uploads\/2026\/08\/candidato-fazendo-concurso-300x200.webp 300w, https:\/\/www.novaconcursos.com.br\/portal\/wp-content\/uploads\/2026\/08\/candidato-fazendo-concurso-480x320.webp 480w, https:\/\/www.novaconcursos.com.br\/portal\/wp-content\/uploads\/2026\/08\/candidato-fazendo-concurso-768x512.webp 768w, https:\/\/www.novaconcursos.com.br\/portal\/wp-content\/uploads\/2026\/08\/candidato-fazendo-concurso-1024x683.webp 1024w, https:\/\/www.novaconcursos.com.br\/portal\/wp-content\/uploads\/2026\/08\/candidato-fazendo-concurso-1536x1024.webp 1536w, https:\/\/www.novaconcursos.com.br\/portal\/wp-content\/uploads\/2026\/08\/candidato-fazendo-concurso-2048x1365.webp 2048w\" sizes=\"auto, (max-width: 480px) 100vw, (max-width: 768px) 100vw, (max-width: 1200px) 70vw, 768px\"><figcaption class=\"wp-element-caption\">Concurso Sedes DF 2026 anuncia local da prova.<\/figcaption><\/figure><h2 class=\"wp-block-heading\" id=\"reta-final-deve-priorizar-reviso-e-organizao\">Reta final deve priorizar revis\u00e3o e organiza\u00e7\u00e3o<\/h2>\n\n\n\n<p class=\"wp-block-paragraph\">Nos \u00faltimos dias antes da prova do <strong>Concurso Sedes DF 2026<\/strong>, a recomenda\u00e7\u00e3o \u00e9 evitar a inclus\u00e3o de uma grande quantidade de conte\u00fados novos. O candidato pode concentrar o tempo na revis\u00e3o dos assuntos mais importantes e na resolu\u00e7\u00e3o de quest\u00f5es.<\/p>\n\n\n\n<p class=\"wp-block-paragraph\">Como os Conhecimentos Espec\u00edficos representam 80% da pontua\u00e7\u00e3o da prova objetiva, essa parte merece prioridade. Tamb\u00e9m \u00e9 importante revisar a legisla\u00e7\u00e3o relacionada \u00e0 assist\u00eancia social, especialmente os princ\u00edpios, a organiza\u00e7\u00e3o e os servi\u00e7os do Sistema \u00danico de Assist\u00eancia Social.<\/p>\n\n\n\n<p class=\"wp-block-paragraph\">Uma estrat\u00e9gia poss\u00edvel \u00e9 dividir a revis\u00e3o da seguinte maneira:<\/p>\n\n\n\n<ul class=\"wp-block-list\"><li>reler resumos, marca\u00e7\u00f5es e mapas mentais;<\/li>\n\n\n\n<li>revisar leis e conceitos centrais;<\/li>\n\n\n\n<li>resolver quest\u00f5es da banca;<\/li>\n\n\n\n<li>retomar os erros cometidos em simulados;<\/li>\n\n\n\n<li>praticar a estrutura do texto discursivo;<\/li>\n\n\n\n<li>organizar documentos e materiais para o domingo.<\/li>\n<\/ul><p class=\"wp-block-paragraph\">O descanso tamb\u00e9m faz parte da prepara\u00e7\u00e3o. Dormir adequadamente na noite anterior e manter uma alimenta\u00e7\u00e3o leve pode favorecer a concentra\u00e7\u00e3o durante as quatro horas de avalia\u00e7\u00e3o.<\/p>\n\n\n\n<p class=\"wp-block-paragraph\">H\u00e1 materiais espec\u00edficos dispon\u00edveis para a sele\u00e7\u00e3o, incluindo os <a href=\"https:\/\/www.novaconcursos.com.br\/combo\/sedes-df-tecnico-administrativo\">materiais para o Concurso SEDES-DF 2026<\/a>. O conte\u00fado pode ser utilizado na revis\u00e3o das disciplinas previstas para o cargo durante a reta final.<\/p>\n\n\n\n<h2 class=\"wp-block-heading\" id=\"dados-essenciais-antes-da-aplicao-das-provas\">Dados essenciais antes da aplica\u00e7\u00e3o das provas<\/h2>\n\n\n\n<p class=\"wp-block-paragraph\">O <strong>Concurso Sedes DF<\/strong> oferece <strong>4.788 oportunidades<\/strong>, sendo <strong>1.197 vagas imediatas<\/strong> e <strong>3.591 para forma\u00e7\u00e3o de cadastro de reserva<\/strong>. A sele\u00e7\u00e3o possui 2.252 oportunidades para T\u00e9cnico em Desenvolvimento e Assist\u00eancia Social e 2.536 para Especialista em Desenvolvimento e Assist\u00eancia Social.<\/p>\n\n\n\n<p class=\"wp-block-paragraph\">Os cargos de n\u00edvel m\u00e9dio s\u00e3o Agente Social, Cuidador Social e T\u00e9cnico Administrativo. Para n\u00edvel superior, h\u00e1 oportunidades nas \u00e1reas de Administra\u00e7\u00e3o, Ci\u00eancias Cont\u00e1beis, Comunica\u00e7\u00e3o Social, Direito e Legisla\u00e7\u00e3o, Economia, Educa\u00e7\u00e3o Social, Estat\u00edstica, Nutri\u00e7\u00e3o, Pedagogia, Psicologia, Servi\u00e7o Social e Sociologia.<\/p>\n\n\n\n<p class=\"wp-block-paragraph\">O vencimento inicial \u00e9 de <strong>R$ 4.320,16 para T\u00e9cnico<\/strong> e <strong>R$ 6.071,09 para Especialista<\/strong>, al\u00e9m de aux\u00edlio-alimenta\u00e7\u00e3o de R$ 640. Com o benef\u00edcio, os valores mensais podem alcan\u00e7ar <strong>R$ 4.960,16 e R$ 6.711,09<\/strong>, respectivamente, sem considerar eventuais gratifica\u00e7\u00f5es.<\/p>\n\n\n\n<p class=\"wp-block-paragraph\">As provas ser\u00e3o aplicadas em <strong>6 de setembro<\/strong>, sob organiza\u00e7\u00e3o do Instituto Quadrix. Ap\u00f3s as avalia\u00e7\u00f5es, o gabarito preliminar est\u00e1 previsto para 9 de setembro.<\/p>\n\n\n\n<p class=\"wp-block-paragraph\">Para conferir a distribui\u00e7\u00e3o completa das vagas, os requisitos de escolaridade, as especialidades, os sal\u00e1rios e as pr\u00f3ximas datas, acesse a <a href=\"https:\/\/www.novaconcursos.com.br\/portal\/concursos\/sedes-df\/\">p\u00e1gina completa do Concurso Sedes DF 2026<\/a>.<\/p>","protected":false},"excerpt":{"rendered":"<p>Concurso Sedes DF divulga os locais das provas de 6 de setembro. Sele\u00e7\u00e3o re\u00fane 4.788 oportunidades para n\u00edveis m\u00e9dio e superior.<\/p>\n","protected":false},"author":54703,"featured_media":314331,"comment_status":"closed","ping_status":"closed","sticky":false,"template":"","format":"standard","meta":{"_acf_changed":false,"footnotes":"","_wp_rev_ctl_limit":""},"categories":[228,44969,44983,44939],"tags":[45477,46075,46074],"class_list":["post-314330","post","type-post","status-publish","format-standard","has-post-thumbnail","hentry","category-noticias","category-am","category-df","category-carreira-administrativa","tag-concurso-sedes-df","tag-edital-concurso-sedes-df","tag-sedes-df-concurso"],"acf":[],"_links":{"self":[{"href":"https:\/\/www.novaconcursos.com.br\/portal\/wp-json\/wp\/v2\/posts\/314330","targetHints":{"allow":["GET"]}}],"collection":[{"href":"https:\/\/www.novaconcursos.com.br\/portal\/wp-json\/wp\/v2\/posts"}],"about":[{"href":"https:\/\/www.novaconcursos.com.br\/portal\/wp-json\/wp\/v2\/types\/post"}],"author":[{"embeddable":true,"href":"https:\/\/www.novaconcursos.com.br\/portal\/wp-json\/wp\/v2\/users\/54703"}],"replies":[{"embeddable":true,"href":"https:\/\/www.novaconcursos.com.br\/portal\/wp-json\/wp\/v2\/comments?post=314330"}],"version-history":[{"count":3,"href":"https:\/\/www.novaconcursos.com.br\/portal\/wp-json\/wp\/v2\/posts\/314330\/revisions"}],"predecessor-version":[{"id":314363,"href":"https:\/\/www.novaconcursos.com.br\/portal\/wp-json\/wp\/v2\/posts\/314330\/revisions\/314363"}],"wp:featuredmedia":[{"embeddable":true,"href":"https:\/\/www.novaconcursos.com.br\/portal\/wp-json\/wp\/v2\/media\/314331"}],"wp:attachment":[{"href":"https:\/\/www.novaconcursos.com.br\/portal\/wp-json\/wp\/v2\/media?parent=314330"}],"wp:term":[{"taxonomy":"category","embeddable":true,"href":"https:\/\/www.novaconcursos.com.br\/portal\/wp-json\/wp\/v2\/categories?post=314330"},{"taxonomy":"post_tag","embeddable":true,"href":"https:\/\/www.novaconcursos.com.br\/portal\/wp-json\/wp\/v2\/tags?post=314330"}],"curies":[{"name":"wp","href":"https:\/\/api.w.org\/{rel}","templated":true}]}}