{"id":314581,"date":"2026-09-03T10:52:46","date_gmt":"2026-09-03T13:52:46","guid":{"rendered":"https:\/\/www.novaconcursos.com.br\/portal\/?p=314581"},"modified":"2026-09-03T10:52:52","modified_gmt":"2026-09-03T13:52:52","slug":"concurso-pm-am-governador-anuncia-novo-edital","status":"publish","type":"post","link":"https:\/\/www.novaconcursos.com.br\/portal\/noticias\/concurso-pm-am-governador-anuncia-novo-edital\/","title":{"rendered":"Concurso PM AM: Governador anuncia novo edital em 2027"},"content":{"rendered":"<p class=\"wp-block-paragraph\">Boa not\u00edcia sobre o <strong>concurso PM AM<\/strong>, concurseiros! O governador do Amazonas, Roberto Cidade, anunciou a previs\u00e3o de uma nova sele\u00e7\u00e3o para a Pol\u00edcia Militar do estado em <strong>2027<\/strong>. A informa\u00e7\u00e3o foi divulgada nesta segunda-feira, dia 31 de agosto, durante a cerim\u00f4nia que marcou o in\u00edcio do est\u00e1gio probat\u00f3rio de <strong>500 alunos soldados<\/strong> da corpora\u00e7\u00e3o. Com o an\u00fancio, cresce a expectativa por novos detalhes sobre vagas, cargos e cronograma do pr\u00f3ximo edital.<\/p>\n\n\n\n<h2 class=\"wp-block-heading\" id=\"concurso-pm-am-2027-deve-avanar-com-novos-trmites\">Concurso PM AM 2027 deve avan\u00e7ar com novos tr\u00e2mites<\/h2>\n\n\n\n<p class=\"wp-block-paragraph\">O <a href=\"https:\/\/pm.am.gov.br\/portal\/\" target=\"_blank\" rel=\"noreferrer noopener\">concurso PM AM 2027<\/a> est\u00e1 nos planos do Governo do Amazonas, mas ainda depender\u00e1 do cumprimento das etapas legais antes de avan\u00e7ar oficialmente.<\/p>\n\n\n\n<p class=\"wp-block-paragraph\">Segundo o governador Roberto Cidade, a expectativa \u00e9 iniciar os procedimentos da nova sele\u00e7\u00e3o no pr\u00f3ximo ano. Ele destacou, por\u00e9m, que o processo exige tempo por envolver diferentes ritos administrativos e legais.<\/p>\n\n\n\n<p class=\"wp-block-paragraph\">At\u00e9 o momento, <strong>os cargos e a quantidade de vagas ainda n\u00e3o foram divulgados<\/strong>. Essas defini\u00e7\u00f5es devem ocorrer ap\u00f3s a autoriza\u00e7\u00e3o formal do concurso PM AM 2026.<\/p>\n\n\n\n<p class=\"wp-block-paragraph\">Al\u00e9m do novo certame, o governador tamb\u00e9m mencionou a possibilidade de convocar mais aprovados da sele\u00e7\u00e3o anterior.<\/p>\n\n\n\n<p class=\"wp-block-paragraph\">As declara\u00e7\u00f5es ocorreram durante a cerim\u00f4nia que marcou o in\u00edcio do est\u00e1gio probat\u00f3rio de <strong>500 alunos soldados<\/strong> da Pol\u00edcia Militar do Amazonas.<\/p>\n\n\n\n<p class=\"wp-block-paragraph\">Nesta primeira etapa, os novos policiais atuar\u00e3o exclusivamente em Manaus, acompanhando a rotina operacional sob supervis\u00e3o de integrantes mais experientes da corpora\u00e7\u00e3o.<\/p>\n\n\n\n<p class=\"wp-block-paragraph\">Com isso, a proposta \u00e9 permitir que os alunos coloquem em pr\u00e1tica os conhecimentos adquiridos durante o curso de forma\u00e7\u00e3o e tenham contato direto com as atividades desenvolvidas pela Pol\u00edcia Militar.<\/p>\n\n\n\n<p class=\"wp-block-paragraph\"><\/p><div class=\"nova-continue-reading\"><mark style=\"background-color:rgba(0, 0, 0, 0)\" class=\"has-inline-color has-vivid-red-color\">Comece seus estudos agora e saia na frente<\/mark>: <a href=\"https:\/\/www.novaconcursos.com.br\/concurso\/pm-am-policia-militar-do-amazonas\" target=\"_blank\" rel=\"noreferrer noopener\">Materiais para o concurso PM AM!<\/a><\/div>\n\n\n\n<h2 class=\"wp-block-heading\" id=\"como-foi-o-ltimo-concurso-pm-am\">Como foi o \u00faltimo concurso PM AM?<\/h2>\n\n\n\n<p class=\"wp-block-paragraph\">O \u00faltimo concurso PM AM teve edital publicado em dezembro de 2021, com realiza\u00e7\u00e3o das etapas ao longo de 2022. Na ocasi\u00e3o, foram oferecidas <strong>1.350 vagas<\/strong> para ingresso na Pol\u00edcia Militar do Amazonas.<\/p>\n\n\n\n<figure class=\"wp-block-image size-large\"><img decoding=\"async\" width=\"1024\" height=\"684\" src=\"https:\/\/www.novaconcursos.com.br\/portal\/wp-content\/uploads\/2026\/08\/policial-min-1024x684.webp\" alt=\"policial em servi\u00e7o representando concurso pm am\" class=\"wp-image-314088\" loading=\"lazy\" title=\"\" srcset=\"https:\/\/www.novaconcursos.com.br\/portal\/wp-content\/uploads\/2026\/08\/policial-min-300x200.webp 300w, https:\/\/www.novaconcursos.com.br\/portal\/wp-content\/uploads\/2026\/08\/policial-min-480x320.webp 480w, https:\/\/www.novaconcursos.com.br\/portal\/wp-content\/uploads\/2026\/08\/policial-min-768x513.webp 768w, https:\/\/www.novaconcursos.com.br\/portal\/wp-content\/uploads\/2026\/08\/policial-min-1024x684.webp 1024w, https:\/\/www.novaconcursos.com.br\/portal\/wp-content\/uploads\/2026\/08\/policial-min-1536x1025.webp 1536w, https:\/\/www.novaconcursos.com.br\/portal\/wp-content\/uploads\/2026\/08\/policial-min-2048x1367.webp 2048w\" sizes=\"auto, (max-width: 480px) 100vw, (max-width: 768px) 100vw, (max-width: 1200px) 70vw, 768px\"><figcaption class=\"wp-element-caption\">Concurso PM AM: Governador anuncia novo edital em 2027<\/figcaption><\/figure><p class=\"wp-block-paragraph\">A maior parte das oportunidades foi destinada ao cargo de Aluno Soldado, com 1.000 vagas. Al\u00e9m disso, o edital contou com 320 vagas para Aluno Oficial e outras 30 para Aluno Oficial de Sa\u00fade.<\/p>\n\n\n\n<p class=\"wp-block-paragraph\">Para Soldado, a exig\u00eancia era de <strong>n\u00edvel m\u00e9dio completo<\/strong>. J\u00e1 os cargos de Oficial exigiam <strong>forma\u00e7\u00e3o de n\u00edvel superior<\/strong>.<\/p>\n\n\n\n<p class=\"wp-block-paragraph\">Entre os demais requisitos estavam idade m\u00e1xima de 35 anos no momento da inscri\u00e7\u00e3o, altura m\u00ednima de 1,60 m para homens e 1,55 m para mulheres, al\u00e9m de CNH na categoria B.<\/p>\n\n\n\n<p class=\"wp-block-paragraph\">Na \u00e9poca, as remunera\u00e7\u00f5es iniciais eram de <strong>R$ 4.831,43 para Soldado<\/strong> e <strong>R$ 12.468,18 para Oficial<\/strong>.<\/p>\n\n\n\n<p class=\"wp-block-paragraph\">Confira todos os detalhes da sele\u00e7\u00e3o no nosso <a href=\"https:\/\/www.novaconcursos.com.br\/portal\/concursos\/concurso-pm-am\/\" target=\"_blank\" rel=\"noreferrer noopener\">Guia Completo do concurso PM AM!<\/a> At\u00e9 mais!<\/p>","protected":false},"excerpt":{"rendered":"<p>O concurso PM AM 2026 foi anunciado pode ter o edital publicado em 2027! Confira! <\/p>\n","protected":false},"author":54701,"featured_media":314583,"comment_status":"closed","ping_status":"closed","sticky":false,"template":"","format":"standard","meta":{"_acf_changed":false,"footnotes":"","_wp_rev_ctl_limit":""},"categories":[228,44969,44941],"tags":[22638,46097],"class_list":["post-314581","post","type-post","status-publish","format-standard","has-post-thumbnail","hentry","category-noticias","category-am","category-carreira-policial","tag-concurso-pm-am","tag-concurso-pm-am-2026"],"acf":[],"_links":{"self":[{"href":"https:\/\/www.novaconcursos.com.br\/portal\/wp-json\/wp\/v2\/posts\/314581","targetHints":{"allow":["GET"]}}],"collection":[{"href":"https:\/\/www.novaconcursos.com.br\/portal\/wp-json\/wp\/v2\/posts"}],"about":[{"href":"https:\/\/www.novaconcursos.com.br\/portal\/wp-json\/wp\/v2\/types\/post"}],"author":[{"embeddable":true,"href":"https:\/\/www.novaconcursos.com.br\/portal\/wp-json\/wp\/v2\/users\/54701"}],"replies":[{"embeddable":true,"href":"https:\/\/www.novaconcursos.com.br\/portal\/wp-json\/wp\/v2\/comments?post=314581"}],"version-history":[{"count":1,"href":"https:\/\/www.novaconcursos.com.br\/portal\/wp-json\/wp\/v2\/posts\/314581\/revisions"}],"predecessor-version":[{"id":314584,"href":"https:\/\/www.novaconcursos.com.br\/portal\/wp-json\/wp\/v2\/posts\/314581\/revisions\/314584"}],"wp:featuredmedia":[{"embeddable":true,"href":"https:\/\/www.novaconcursos.com.br\/portal\/wp-json\/wp\/v2\/media\/314583"}],"wp:attachment":[{"href":"https:\/\/www.novaconcursos.com.br\/portal\/wp-json\/wp\/v2\/media?parent=314581"}],"wp:term":[{"taxonomy":"category","embeddable":true,"href":"https:\/\/www.novaconcursos.com.br\/portal\/wp-json\/wp\/v2\/categories?post=314581"},{"taxonomy":"post_tag","embeddable":true,"href":"https:\/\/www.novaconcursos.com.br\/portal\/wp-json\/wp\/v2\/tags?post=314581"}],"curies":[{"name":"wp","href":"https:\/\/api.w.org\/{rel}","templated":true}]}}