{"id":314693,"date":"2026-09-04T13:25:33","date_gmt":"2026-09-04T16:25:33","guid":{"rendered":"https:\/\/www.novaconcursos.com.br\/portal\/?p=314693"},"modified":"2026-09-04T13:46:31","modified_gmt":"2026-09-04T16:46:31","slug":"concurso-prf-pec-senado-ccj","status":"publish","type":"post","link":"https:\/\/www.novaconcursos.com.br\/portal\/noticias\/concurso-prf-pec-senado-ccj\/","title":{"rendered":"Concurso PRF: PEC avan\u00e7a no Senado; entenda o impacto"},"content":{"rendered":"<p class=\"wp-block-paragraph\">A Comiss\u00e3o de Constitui\u00e7\u00e3o e Justi\u00e7a (CCJ) do Senado aprovou, em 2 de setembro de 2026, o texto-base da PEC da Seguran\u00e7a P\u00fablica, que <strong>amplia as atribui\u00e7\u00f5es da PRF<\/strong> para ferrovias e hidrovias federais. A proposta ainda passa por vota\u00e7\u00e3o de destaques, dois turnos no Plen\u00e1rio e, se mudar, volta \u00e0 C\u00e2mara.<\/p>\n\n\n\n<p class=\"wp-block-paragraph\">Para os candidatos que aguardam o concurso PRF, o avan\u00e7o refor\u00e7a a perspectiva de expans\u00e3o da institui\u00e7\u00e3o, mas ainda n\u00e3o autoriza um concurso nem garante edital.<\/p>\n\n\n\n<h2 class=\"wp-block-heading\" id=\"o-que-a-ccj-do-senado-aprovou-e-o-que-ainda-falta\">O que a CCJ do Senado aprovou, e o que ainda falta<\/h2>\n\n\n\n<p class=\"wp-block-paragraph\">A Comiss\u00e3o de Constitui\u00e7\u00e3o e Justi\u00e7a (CCJ) do Senado Federal aprovou o texto-base da PEC da Seguran\u00e7a P\u00fablica, oficialmente a PEC n\u00ba 18\/2025. Entre os pontos mantidos est\u00e1 a amplia\u00e7\u00e3o das atribui\u00e7\u00f5es da PRF, permitindo o policiamento ostensivo tamb\u00e9m em <strong>ferrovias e hidrovias federais<\/strong>.<\/p>\n\n\n\n<p class=\"wp-block-paragraph\">A <a href=\"https:\/\/agenciabrasil.ebc.com.br\/politica\/noticia\/2026-09\/ccj-do-senado-aprova-texto-base-da-pec-da-seguranca-publica?utm_source=chatgpt.com\" target=\"_blank\" rel=\"noreferrer noopener\">vota\u00e7\u00e3o<\/a> na comiss\u00e3o, por\u00e9m, ainda precisa ser conclu\u00edda. A vota\u00e7\u00e3o dos destaques ainda precisa ser conclu\u00edda pela CCJ antes de a PEC seguir ao plen\u00e1rio do senado. A expectativa \u00e9 que a PEC chegue ao Plen\u00e1rio no pr\u00f3ximo esfor\u00e7o concentrado, previsto para a <strong>segunda semana de outubro<\/strong>, depois do primeiro turno das elei\u00e7\u00f5es.<\/p>\n\n\n\n<p class=\"wp-block-paragraph\">Acompanhe como a tramita\u00e7\u00e3o da PEC e o pedido de 533 vagas para o concurso PRF avan\u00e7am em caminhos paralelos:<\/p>\n\n\n\n<figure style=\"font-size:14px\" class=\"wp-block-table\"><table><thead><tr><th>Data<\/th><th>PEC da Seguran\u00e7a P\u00fablica<\/th><th>Pedidos da PRF<\/th><\/tr><\/thead><tbody><tr><td><strong>15 de janeiro de 2025<\/strong><\/td><td>Texto revisado, ap\u00f3s contribui\u00e7\u00f5es de governadores, \u00e9 encaminhado pelo Minist\u00e9rio da Justi\u00e7a \u00e0 Casa Civil.<\/td><td>O atual pedido de 533 vagas ainda n\u00e3o havia sido apresentado.<\/td><\/tr><tr><td><strong>8 e 24 de abril de 2025<\/strong><\/td><td>Governo entrega a proposta \u00e0 C\u00e2mara; em 24 de abril, o texto \u00e9 formalmente apresentado como PEC n\u00ba 18\/2025.<\/td><td>Sem rela\u00e7\u00e3o direta com a tramita\u00e7\u00e3o da PEC.<\/td><\/tr><tr><td><strong>15 de julho de 2025<\/strong><\/td><td>CCJ da C\u00e2mara aprova a admissibilidade da proposta por 43 votos a 23.<\/td><td>Ainda n\u00e3o era o atual pedido de 533 vagas.<\/td><\/tr><tr><td><strong>9 de setembro de 2025<\/strong><\/td><td>Comiss\u00e3o Especial da C\u00e2mara \u00e9 instalada para aprofundar a an\u00e1lise da PEC.<\/td><td>Sem mudan\u00e7a no atual pleito, que ainda n\u00e3o havia sido enviado.<\/td><\/tr><tr><td><strong>12 de dezembro de 2025<\/strong><\/td><td>Relator apresenta parecer e substitutivo ap\u00f3s os debates na Comiss\u00e3o Especial.<\/td><td>Pedido atual ainda n\u00e3o enviado.<\/td><\/tr><tr><td><strong>4 de mar\u00e7o de 2026<\/strong><\/td><td>C\u00e2mara aprova a PEC em dois turnos. No segundo, foram 461 votos favor\u00e1veis e 14 contr\u00e1rios. Texto segue ao Senado.<\/td><td>Processo para novas vagas ainda caminhava separadamente.<\/td><\/tr><tr><td><strong>Abril de 2026<\/strong><\/td><td>PEC passa a aguardar avan\u00e7o no Senado.<\/td><td><strong>PRF encaminha pedidos para 533 vagas:<\/strong> 269 para Policial Rodovi\u00e1rio Federal e 264 para Agente Administrativo.<\/td><\/tr><tr><td><strong>Junho de 2026<\/strong><\/td><td>Proposta segue no Senado.<\/td><td><strong>Em an\u00e1lise no MGI<\/strong>, com perspectiva de poss\u00edvel inclus\u00e3o das vagas no Or\u00e7amento de 2027.<\/td><\/tr><tr><td><strong>Agosto de 2026<\/strong><\/td><td>An\u00e1lise ganha for\u00e7a no Senado, com defini\u00e7\u00e3o da relatoria e apresenta\u00e7\u00e3o de posicionamento favor\u00e1vel \u00e0 continuidade da PEC.<\/td><td>Pedido permanece sem autoriza\u00e7\u00e3o oficial.<\/td><\/tr><tr><td><strong>2 de setembro de 2026<\/strong><\/td><td><strong>CCJ do Senado aprova o texto-base.<\/strong> Um destaque fica pendente antes da conclus\u00e3o da an\u00e1lise no colegiado.<\/td><td><strong>Em an\u00e1lise no Governo Federal.<\/strong> Nenhum novo concurso est\u00e1 autorizado at\u00e9 o momento.<\/td><\/tr><tr><td><strong>Outubro de 2026 \u2014 previs\u00e3o<\/strong><\/td><td>Expectativa de vota\u00e7\u00e3o no Plen\u00e1rio do Senado, em dois turnos, durante esfor\u00e7o concentrado ap\u00f3s o primeiro turno das elei\u00e7\u00f5es.<\/td><td><strong>[Aguardando]<\/strong> decis\u00e3o sobre a autoriza\u00e7\u00e3o das 533 vagas.<\/td><\/tr><tr><td><strong>Pr\u00f3ximas etapas<\/strong><\/td><td>Se o Senado alterar pontos aprovados pela C\u00e2mara, o texto retorna aos deputados. Havendo concord\u00e2ncia entre as Casas, poder\u00e1 seguir para promulga\u00e7\u00e3o.<\/td><td>Se houver autoriza\u00e7\u00e3o, come\u00e7am os preparativos administrativos para os novos editais.<\/td><\/tr><\/tbody><\/table><\/figure><h2 class=\"wp-block-heading\" id=\"pec-aprovada-no-concurso-autorizado\">PEC aprovada n\u00e3o \u00e9 concurso autorizado<\/h2>\n\n\n\n<p class=\"wp-block-paragraph\">Este \u00e9 o principal ponto para o candidato: o avan\u00e7o da PEC da Seguran\u00e7a P\u00fablica n\u00e3o significa que um novo concurso da PRF esteja autorizado. S\u00e3o dois processos distintos.<\/p>\n\n\n\n<p class=\"wp-block-paragraph\">De um lado, a PEC tramita no Congresso Nacional e trata da estrutura da seguran\u00e7a p\u00fablica brasileira, incluindo a amplia\u00e7\u00e3o das compet\u00eancias da <strong>Pol\u00edcia Rodovi\u00e1ria Federal (PRF)<\/strong>.<\/p>\n\n\n\n<p class=\"wp-block-paragraph\">Do outro, existem dois pedidos administrativos encaminhados ao Governo Federal para <strong>533 vagas<\/strong>, sendo <strong>269 para Policial Rodovi\u00e1rio Federal<\/strong> e <strong>264 para Agente Administrativo<\/strong>. As solicita\u00e7\u00f5es passaram pelo Minist\u00e9rio da Justi\u00e7a e Seguran\u00e7a P\u00fablica e seguem para an\u00e1lise do Minist\u00e9rio da Gest\u00e3o e da Inova\u00e7\u00e3o em Servi\u00e7os P\u00fablicos (MGI).<\/p>\n\n\n\n<p class=\"wp-block-paragraph\">Isso significa que a PEC n\u00e3o substitui a autoriza\u00e7\u00e3o do MGI. Ainda assim, o avan\u00e7o pode ser visto com otimismo pelos candidatos. Caso a amplia\u00e7\u00e3o das atribui\u00e7\u00f5es da PRF seja definitivamente incorporada \u00e0 Constitui\u00e7\u00e3o, a corpora\u00e7\u00e3o passar\u00e1 a ter atua\u00e7\u00e3o ostensiva tamb\u00e9m sobre ferrovias e hidrovias federais. <\/p>\n\n\n\n<p class=\"wp-block-paragraph\">Esse novo desenho institucional pode refor\u00e7ar os argumentos para recomposi\u00e7\u00e3o e amplia\u00e7\u00e3o do efetivo, embora a decis\u00e3o sobre vagas continue dependendo do Executivo.<\/p>\n\n\n\n<h2 class=\"wp-block-heading\" id=\"como-a-pec-amplia-a-atuao-da-prf\">Como a PEC amplia a atua\u00e7\u00e3o da PRF?<\/h2>\n\n\n\n<p class=\"wp-block-paragraph\">Hoje conhecida principalmente pelo policiamento das rodovias federais, a PRF ter\u00e1 seu campo de atua\u00e7\u00e3o ampliado se o texto avan\u00e7ar definitivamente.<\/p>\n\n\n\n<p class=\"wp-block-paragraph\">A vers\u00e3o aprovada na CCJ permite \u00e0 corpora\u00e7\u00e3o realizar <strong>policiamento ostensivo em ferrovias e hidrovias federais<\/strong>, al\u00e9m das atribui\u00e7\u00f5es j\u00e1 desempenhadas nas rodovias.<\/p>\n\n\n\n<p class=\"wp-block-paragraph\">Na pr\u00e1tica, \u00e9 uma mudan\u00e7a relevante para uma institui\u00e7\u00e3o que tamb\u00e9m aguarda resposta do Governo Federal sobre novos servidores.<\/p>\n\n\n\n<figure class=\"wp-block-image size-large\"><img decoding=\"async\" width=\"1024\" height=\"613\" src=\"https:\/\/www.novaconcursos.com.br\/portal\/wp-content\/uploads\/2026\/09\/Viatura-da-Policia-Rodoviaria-Federal-em-rodovia-federal-1024x613.webp\" alt=\"Viatura da Pol\u00edcia Rodovi\u00e1ria Federal em rodovia federal concurso PRF\" class=\"wp-image-314704\" loading=\"lazy\" title=\"\" srcset=\"https:\/\/www.novaconcursos.com.br\/portal\/wp-content\/uploads\/2026\/09\/Viatura-da-Policia-Rodoviaria-Federal-em-rodovia-federal-300x179.webp 300w, https:\/\/www.novaconcursos.com.br\/portal\/wp-content\/uploads\/2026\/09\/Viatura-da-Policia-Rodoviaria-Federal-em-rodovia-federal-480x287.webp 480w, https:\/\/www.novaconcursos.com.br\/portal\/wp-content\/uploads\/2026\/09\/Viatura-da-Policia-Rodoviaria-Federal-em-rodovia-federal-768x459.webp 768w, https:\/\/www.novaconcursos.com.br\/portal\/wp-content\/uploads\/2026\/09\/Viatura-da-Policia-Rodoviaria-Federal-em-rodovia-federal-1024x613.webp 1024w, https:\/\/www.novaconcursos.com.br\/portal\/wp-content\/uploads\/2026\/09\/Viatura-da-Policia-Rodoviaria-Federal-em-rodovia-federal.webp 1170w\" sizes=\"auto, (max-width: 480px) 100vw, (max-width: 768px) 100vw, (max-width: 1200px) 70vw, 768px\"><figcaption class=\"wp-element-caption\">PEC da Seguran\u00e7a P\u00fablica da PRF no Senado avan\u00e7a e amplia atribui\u00e7\u00f5es da Pol\u00edcia Rodovi\u00e1ria Federal<\/figcaption><\/figure><h2 class=\"wp-block-heading\" id=\"concurso-prf-2027-pedido-de-533-vagas-segue-no-radar\">Concurso PRF 2027: pedido de 533 vagas segue no radar<\/h2>\n\n\n\n<p class=\"wp-block-paragraph\">Para quem j\u00e1 pensa no Concurso PRF 2027, o ponto mais concreto continua sendo o pedido de 533 vagas encaminhado ao Governo Federal.<\/p>\n\n\n\n<p class=\"wp-block-paragraph\">A solicita\u00e7\u00e3o contempla 269 oportunidades para Policial Rodovi\u00e1rio Federal, cargo de n\u00edvel superior, e 264 para Agente Administrativo, de n\u00edvel m\u00e9dio. Os pleitos aguardam an\u00e1lise e podem ser considerados no planejamento or\u00e7ament\u00e1rio de 2027.<\/p>\n\n\n\n<p class=\"wp-block-paragraph\">Outro fator aumenta a aten\u00e7\u00e3o sobre uma nova sele\u00e7\u00e3o: em agosto, a Justi\u00e7a Federal revogou as decis\u00f5es que mantinham prorrogada a validade do concurso de 2021. Dessa forma, a PRF n\u00e3o conta mais com aquele certame vigente para novas convoca\u00e7\u00f5es.<\/p>\n\n\n\n<p class=\"wp-block-paragraph\">Para o concurso PRF, o edital ainda depende de autoriza\u00e7\u00e3o espec\u00edfica do Governo Federal e, por isso, n\u00e3o h\u00e1 data oficial para publica\u00e7\u00e3o.<\/p>\n\n\n\n<p class=\"wp-block-paragraph\">O cen\u00e1rio, por\u00e9m, re\u00fane movimentos importantes: pedido de vagas em an\u00e1lise, concurso anterior encerrado e uma PEC que pode ampliar as responsabilidades institucionais da corpora\u00e7\u00e3o.<\/p>\n\n\n\n<p class=\"wp-block-paragraph\">Enquanto o pedido aguarda uma decis\u00e3o, quem mira uma das 264 vagas solicitadas para Agente Administrativo pode usar o pr\u00e9-edital para construir uma base nas principais disciplinas.<\/p>\n\n\n\n<p class=\"wp-block-paragraph\">Confira o curso Gr\u00e1tis PRF Administrativo 2026 e comece a prepara\u00e7\u00e3o sem esperar a autoriza\u00e7\u00e3o.<\/p>\n\n\n\n<p class=\"wp-block-paragraph\"><\/p><div class=\"nova-continue-reading\">Concurso PRF: Prepare-se com o <a href=\"https:\/\/aprovacao.novaconcursos.com.br\/curso-gratis-prf-agente-administrativo-blog\">Curso Gr\u00e1tis PRF Administrativo 2026<\/a>!<\/div>\n\n\n\n<h2 class=\"wp-block-heading\" id=\"pec-da-segurana-pblica-e-concurso-prf-o-que-acompanhar-agora\">PEC da Seguran\u00e7a P\u00fablica e concurso PRF: o que acompanhar agora?<\/h2>\n\n\n\n<p class=\"wp-block-paragraph\">Para o concurseiro, quatro movimentos ser\u00e3o decisivos a partir daqui:<\/p>\n\n\n\n<ul class=\"wp-block-list\"><li>conclus\u00e3o da vota\u00e7\u00e3o dos destaques na CCJ do Senado;<\/li>\n\n\n\n<li>vota\u00e7\u00e3o da PEC em dois turnos no Plen\u00e1rio, prevista inicialmente para outubro;<\/li>\n\n\n\n<li>eventual retorno \u00e0 C\u00e2mara caso o Senado mantenha altera\u00e7\u00f5es no texto; e<\/li>\n\n\n\n<li>decis\u00e3o do MGI sobre o <strong>pedido das 533 vagas da PRF<\/strong>.<\/li>\n<\/ul><p class=\"wp-block-paragraph\">A aprova\u00e7\u00e3o do texto-base n\u00e3o \u00e9 uma autoriza\u00e7\u00e3o de concurso, mas coloca a PRF no centro de uma mudan\u00e7a importante na seguran\u00e7a p\u00fablica federal justamente quando a corpora\u00e7\u00e3o j\u00e1 pleiteia novos servidores.<\/p>\n\n\n\n<p class=\"wp-block-paragraph\">Quer acompanhar o pedido de vagas, autoriza\u00e7\u00e3o, sal\u00e1rios e todas as movimenta\u00e7\u00f5es at\u00e9 o pr\u00f3ximo edital? Continue no nosso guia completo do concurso PRF.<\/p>\n\n\n\n<p class=\"wp-block-paragraph\"><\/p><div class=\"nova-continue-reading\">Concurso PRF: Confira o <a href=\"https:\/\/www.novaconcursos.com.br\/portal\/concursos\/concurso-prf\/\">guia completo<\/a>!<\/div>\n\n\n\n<p class=\"wp-block-paragraph\">Fique ligado em nosso portal para n\u00e3o perder nenhuma novidade sobre concursos p\u00fablicos. At\u00e9 a pr\u00f3xima!<\/p>\n\n\n\n<figure class=\"wp-block-embed is-type-video is-provider-youtube wp-block-embed-youtube wp-embed-aspect-16-9 wp-has-aspect-ratio\"><div class=\"wp-block-embed__wrapper\">\n<iframe loading=\"lazy\" title=\"Concurso PRF Administrativo 2026 | Edital s\u00f3 em 2027? Comece a estudar agora! \ud83d\udcc5\u2753\" width=\"500\" height=\"281\" src=\"https:\/\/www.youtube.com\/embed\/tGtWf8qXNmI?feature=oembed\" frameborder=\"0\" allow=\"accelerometer; autoplay; clipboard-write; encrypted-media; gyroscope; picture-in-picture; web-share\" referrerpolicy=\"strict-origin-when-cross-origin\" allowfullscreen><\/iframe>\n<\/div><\/figure>","protected":false},"excerpt":{"rendered":"<p>CCJ do Senado aprova texto-base da PEC da Seguran\u00e7a, que amplia a PRF para hidrovias e ferrovias. Veja o que muda (e o que n\u00e3o muda) no concurso PRF.<\/p>\n","protected":false},"author":54693,"featured_media":314705,"comment_status":"closed","ping_status":"closed","sticky":false,"template":"","format":"standard","meta":{"_acf_changed":false,"footnotes":"","_wp_rev_ctl_limit":""},"categories":[228,44978,44941,44976],"tags":[6524],"class_list":["post-314693","post","type-post","status-publish","format-standard","has-post-thumbnail","hentry","category-noticias","category-nacional","category-carreira-policial","category-prf","tag-concurso-prf"],"acf":[],"_links":{"self":[{"href":"https:\/\/www.novaconcursos.com.br\/portal\/wp-json\/wp\/v2\/posts\/314693","targetHints":{"allow":["GET"]}}],"collection":[{"href":"https:\/\/www.novaconcursos.com.br\/portal\/wp-json\/wp\/v2\/posts"}],"about":[{"href":"https:\/\/www.novaconcursos.com.br\/portal\/wp-json\/wp\/v2\/types\/post"}],"author":[{"embeddable":true,"href":"https:\/\/www.novaconcursos.com.br\/portal\/wp-json\/wp\/v2\/users\/54693"}],"replies":[{"embeddable":true,"href":"https:\/\/www.novaconcursos.com.br\/portal\/wp-json\/wp\/v2\/comments?post=314693"}],"version-history":[{"count":2,"href":"https:\/\/www.novaconcursos.com.br\/portal\/wp-json\/wp\/v2\/posts\/314693\/revisions"}],"predecessor-version":[{"id":314723,"href":"https:\/\/www.novaconcursos.com.br\/portal\/wp-json\/wp\/v2\/posts\/314693\/revisions\/314723"}],"wp:featuredmedia":[{"embeddable":true,"href":"https:\/\/www.novaconcursos.com.br\/portal\/wp-json\/wp\/v2\/media\/314705"}],"wp:attachment":[{"href":"https:\/\/www.novaconcursos.com.br\/portal\/wp-json\/wp\/v2\/media?parent=314693"}],"wp:term":[{"taxonomy":"category","embeddable":true,"href":"https:\/\/www.novaconcursos.com.br\/portal\/wp-json\/wp\/v2\/categories?post=314693"},{"taxonomy":"post_tag","embeddable":true,"href":"https:\/\/www.novaconcursos.com.br\/portal\/wp-json\/wp\/v2\/tags?post=314693"}],"curies":[{"name":"wp","href":"https:\/\/api.w.org\/{rel}","templated":true}]}}