{"id":314699,"date":"2026-09-04T14:30:34","date_gmt":"2026-09-04T17:30:34","guid":{"rendered":"https:\/\/www.novaconcursos.com.br\/portal\/?p=314699"},"modified":"2026-09-04T14:30:42","modified_gmt":"2026-09-04T17:30:42","slug":"concurso-trt-rj-camara-aprova-156-cargos-analista","status":"publish","type":"post","link":"https:\/\/www.novaconcursos.com.br\/portal\/noticias\/concurso-trt-rj-camara-aprova-156-cargos-analista\/","title":{"rendered":"Concurso TRT RJ: C\u00e2mara aprova 156 cargos de Analista"},"content":{"rendered":"<p class=\"wp-block-paragraph\">O <strong>concurso TRT RJ<\/strong> ganhou um novo ponto de aten\u00e7\u00e3o ap\u00f3s a C\u00e2mara dos Deputados aprovar a cria\u00e7\u00e3o de <strong>156 cargos de Analista Judici\u00e1rio<\/strong> no Tribunal Regional do Trabalho da 1\u00aa Regi\u00e3o. O texto tamb\u00e9m prev\u00ea novas Varas do Trabalho, cargos de juiz e fun\u00e7\u00f5es comissionadas no Rio de Janeiro. A proposta, entretanto, ainda n\u00e3o est\u00e1 definitivamente aprovada e seguir\u00e1 para an\u00e1lise do Senado. A cria\u00e7\u00e3o dos postos pode ampliar a necessidade de servidores, mas n\u00e3o representa autoriza\u00e7\u00e3o autom\u00e1tica para um novo edital ou para nomea\u00e7\u00f5es imediatas.<\/p>\n\n\n\n<h2 class=\"wp-block-heading\" id=\"cmara-aprova-criao-de-156-cargos-no-trt-rj\">C\u00e2mara aprova cria\u00e7\u00e3o de 156 cargos no TRT RJ<\/h2>\n\n\n\n<p class=\"wp-block-paragraph\">A C\u00e2mara dos Deputados aprovou o substitutivo ao Projeto de Lei n\u00ba 1.400\/2015, que reorganiza a proposta de amplia\u00e7\u00e3o da estrutura do TRT da 1\u00aa Regi\u00e3o. O texto aprovado cria <strong>12 Varas do Trabalho e 156 cargos efetivos de Analista Judici\u00e1rio<\/strong>.<\/p>\n\n\n\n<p class=\"wp-block-paragraph\">A vers\u00e3o original previa 19 Varas do Trabalho, 38 cargos de juiz e 262 cargos efetivos. O quantitativo foi reduzido em raz\u00e3o das limita\u00e7\u00f5es or\u00e7ament\u00e1rias do Tribunal.<\/p>\n\n\n\n<p class=\"wp-block-paragraph\">A vota\u00e7\u00e3o ocorreu no dia 1\u00ba de setembro, e a proposta foi encaminhada ao Senado em 2 de setembro de 2026. Os detalhes da aprova\u00e7\u00e3o podem ser consultados na <a href=\"https:\/\/www.camara.leg.br\/noticias\/1301949-camara-aprova-criacao-de-24-cargos-de-juiz-do-trabalho-no-rio-de-janeiro\" target=\"_blank\" rel=\"noreferrer noopener\">not\u00edcia oficial da C\u00e2mara dos Deputados<\/a>.<\/p>\n\n\n\n<h2 class=\"wp-block-heading\" id=\"quantos-cargos-sero-criados-no-trt-rj\">Quantos cargos ser\u00e3o criados no TRT RJ?<\/h2>\n\n\n\n<p class=\"wp-block-paragraph\">O substitutivo aprovado contempla diferentes postos destinados \u00e0 amplia\u00e7\u00e3o da estrutura judici\u00e1ria e administrativa. Confira a distribui\u00e7\u00e3o:<\/p>\n\n\n\n<ul class=\"wp-block-list\"><li><strong>156 cargos de Analista Judici\u00e1rio<\/strong>;<\/li>\n\n\n\n<li><strong>24 cargos de juiz do Trabalho<\/strong>, sendo 12 para ju\u00edzes titulares e 12 para substitutos;<\/li>\n\n\n\n<li><strong>12 cargos em comiss\u00e3o<\/strong>;<\/li>\n\n\n\n<li><strong>72 fun\u00e7\u00f5es comissionadas<\/strong>;<\/li>\n\n\n\n<li><strong>12 novas Varas do Trabalho<\/strong>.<\/li>\n<\/ul><p class=\"wp-block-paragraph\">Os novos <strong>cargos TRT RJ<\/strong> ser\u00e3o incorporados \u00e0 estrutura do Tribunal somente depois da conclus\u00e3o da tramita\u00e7\u00e3o legislativa. A cria\u00e7\u00e3o das vagas tamb\u00e9m dever\u00e1 respeitar os limites or\u00e7ament\u00e1rios e as condi\u00e7\u00f5es estabelecidas na futura lei.<\/p>\n\n\n\n<h2 class=\"wp-block-heading\" id=\"quais-cidades-tero-novas-varas-do-trabalho\">Quais cidades ter\u00e3o novas Varas do Trabalho?<\/h2>\n\n\n\n<p class=\"wp-block-paragraph\">As 12 unidades previstas ser\u00e3o distribu\u00eddas entre nove munic\u00edpios do estado do Rio de Janeiro:<\/p>\n\n\n\n<ul class=\"wp-block-list\"><li>Angra dos Reis;<\/li>\n\n\n\n<li>Barra do Pira\u00ed;<\/li>\n\n\n\n<li>Cabo Frio;<\/li>\n\n\n\n<li>Campos dos Goytacazes;<\/li>\n\n\n\n<li>Duque de Caxias;<\/li>\n\n\n\n<li>Itaperuna;<\/li>\n\n\n\n<li>Mag\u00e9;<\/li>\n\n\n\n<li>Petr\u00f3polis;<\/li>\n\n\n\n<li>Rio de Janeiro.<\/li>\n<\/ul><p class=\"wp-block-paragraph\">O n\u00famero de Varas destinadas a cada munic\u00edpio dever\u00e1 ser detalhado durante a implementa\u00e7\u00e3o da proposta. A amplia\u00e7\u00e3o busca refor\u00e7ar o atendimento da Justi\u00e7a do Trabalho em regi\u00f5es com elevada demanda processual.<\/p>\n\n\n\n<h2 class=\"wp-block-heading\" id=\"criao-de-cargos-pode-favorecer-novo-concurso-trt-rj\">Cria\u00e7\u00e3o de cargos pode favorecer novo concurso TRT RJ?<\/h2>\n\n\n\n<p class=\"wp-block-paragraph\">A aprova\u00e7\u00e3o dos cargos pode aumentar a necessidade de provimento e fortalecer as expectativas por um futuro <strong>concurso TRT RJ 2026<\/strong>. No entanto, a cria\u00e7\u00e3o das vagas n\u00e3o confirma automaticamente um novo edital.<\/p>\n\n\n\n<p class=\"wp-block-paragraph\">O Tribunal ainda possui um concurso v\u00e1lido, realizado em 2025, com cadastro de reserva para diferentes especialidades. Dessa forma, eventuais vagas compat\u00edveis poder\u00e3o ser preenchidas por candidatos aprovados nessa sele\u00e7\u00e3o, desde que exista autoriza\u00e7\u00e3o administrativa e disponibilidade or\u00e7ament\u00e1ria.<\/p>\n\n\n\n<p class=\"wp-block-paragraph\">Um novo <strong>concurso TRT 1<\/strong> depender\u00e1 da necessidade do \u00f3rg\u00e3o ap\u00f3s o aproveitamento das listas vigentes. Tamb\u00e9m ser\u00e1 necess\u00e1rio definir quais especialidades de Analista dever\u00e3o receber refor\u00e7o.<\/p>\n\n\n\n<h2 class=\"wp-block-heading\" id=\"projeto-j-est-aprovado-definitivamente\">Projeto j\u00e1 est\u00e1 aprovado definitivamente?<\/h2>\n\n\n\n<p class=\"wp-block-paragraph\">N\u00e3o. A aprova\u00e7\u00e3o na C\u00e2mara representa apenas uma das etapas do processo legislativo. O projeto ainda precisa ser analisado pelo Senado Federal, que poder\u00e1 aprovar o texto sem mudan\u00e7as, realizar altera\u00e7\u00f5es ou rejeitar a proposta.<\/p>\n\n\n\n<p class=\"wp-block-paragraph\">Caso os senadores modifiquem o conte\u00fado, a mat\u00e9ria poder\u00e1 retornar \u00e0 C\u00e2mara. Portanto, os 156 postos ainda n\u00e3o podem ser considerados cargos efetivamente criados.<\/p>\n\n\n\n<figure class=\"wp-block-image size-large\"><img decoding=\"async\" width=\"1024\" height=\"683\" src=\"https:\/\/www.novaconcursos.com.br\/portal\/wp-content\/uploads\/2026\/05\/advogada-trabalhando-no-computador-1024x683.jpg\" alt=\"advogada trabalhando em mesa com computador\" class=\"wp-image-314047\" loading=\"lazy\" title=\"\" srcset=\"https:\/\/www.novaconcursos.com.br\/portal\/wp-content\/uploads\/2026\/05\/advogada-trabalhando-no-computador-300x200.jpg 300w, https:\/\/www.novaconcursos.com.br\/portal\/wp-content\/uploads\/2026\/05\/advogada-trabalhando-no-computador-480x320.jpg 480w, https:\/\/www.novaconcursos.com.br\/portal\/wp-content\/uploads\/2026\/05\/advogada-trabalhando-no-computador-768x512.jpg 768w, https:\/\/www.novaconcursos.com.br\/portal\/wp-content\/uploads\/2026\/05\/advogada-trabalhando-no-computador-1024x683.jpg 1024w, https:\/\/www.novaconcursos.com.br\/portal\/wp-content\/uploads\/2026\/05\/advogada-trabalhando-no-computador-1536x1024.jpg 1536w, https:\/\/www.novaconcursos.com.br\/portal\/wp-content\/uploads\/2026\/05\/advogada-trabalhando-no-computador-2048x1365.jpg 2048w\" sizes=\"auto, (max-width: 480px) 100vw, (max-width: 768px) 100vw, (max-width: 1200px) 70vw, 768px\"><figcaption class=\"wp-element-caption\">Concurso TRT RJ tem 156 cargos de analista aprovados.<\/figcaption><\/figure><h2 class=\"wp-block-heading\" id=\"quais-so-os-prximos-passos-do-pl-do-trt-rj\">Quais s\u00e3o os pr\u00f3ximos passos do PL do TRT RJ?<\/h2>\n\n\n\n<p class=\"wp-block-paragraph\">Depois da aprova\u00e7\u00e3o na C\u00e2mara, o projeto seguir\u00e1 o seguinte caminho:<\/p>\n\n\n\n<ol class=\"wp-block-list\"><li>an\u00e1lise e vota\u00e7\u00e3o pelo Senado;<\/li>\n\n\n\n<li>eventual retorno \u00e0 C\u00e2mara, caso existam altera\u00e7\u00f5es;<\/li>\n\n\n\n<li>envio para san\u00e7\u00e3o ou veto presidencial;<\/li>\n\n\n\n<li>publica\u00e7\u00e3o da lei;<\/li>\n\n\n\n<li>implementa\u00e7\u00e3o pelo TRT da 1\u00aa Regi\u00e3o.<\/li>\n<\/ol><p class=\"wp-block-paragraph\">Mesmo depois da san\u00e7\u00e3o, o preenchimento dos postos depender\u00e1 de previs\u00e3o or\u00e7ament\u00e1ria e autoriza\u00e7\u00e3o. Somente ent\u00e3o ser\u00e1 poss\u00edvel avaliar o impacto concreto sobre o <strong>concurso TRT RJ<\/strong> e as futuras nomea\u00e7\u00f5es.<\/p>\n\n\n\n<h2 class=\"wp-block-heading\" id=\"como-foi-o-ltimo-concurso-trt-rj\">Como foi o \u00faltimo concurso TRT RJ?<\/h2>\n\n\n\n<p class=\"wp-block-paragraph\">O \u00faltimo edital foi publicado em 2025, sob organiza\u00e7\u00e3o da Funda\u00e7\u00e3o Carlos Chagas. A sele\u00e7\u00e3o formou <strong>cadastro de reserva<\/strong> para T\u00e9cnico e Analista Judici\u00e1rio em diferentes \u00e1reas e especialidades, reunindo <strong>68.297 inscritos<\/strong>.<\/p>\n\n\n\n<p class=\"wp-block-paragraph\">Entre os <strong>TRT RJ cargos<\/strong> contemplados estavam T\u00e9cnico da \u00c1rea Administrativa, Agente da Pol\u00edcia Judicial, Analista da \u00c1rea Judici\u00e1ria, Oficial de Justi\u00e7a, Contabilidade, Tecnologia da Informa\u00e7\u00e3o, Engenharia, Sa\u00fade, Psicologia e Servi\u00e7o Social.<\/p>\n\n\n\n<p class=\"wp-block-paragraph\">Todos os cargos exigiram <strong>n\u00edvel superior<\/strong>, com forma\u00e7\u00e3o espec\u00edfica em determinadas especialidades. As remunera\u00e7\u00f5es apresentadas no edital variaram de <strong>R$ 10.512,91 a R$ 18.479,07<\/strong>, incluindo aux\u00edlio-alimenta\u00e7\u00e3o. A jornada prevista foi de 40 horas semanais.<\/p>\n\n\n\n<p class=\"wp-block-paragraph\">Os interessados podem consultar os <a href=\"https:\/\/www.novaconcursos.com.br\/concurso\/trt-rj-tribunal-regional-do-trabalho-da-1-regiao\/cursos-online\">materiais para o concurso TRT RJ<\/a>, com op\u00e7\u00f5es voltadas \u00e0s disciplinas cobradas para T\u00e9cnico e Analista.<\/p>\n\n\n\n<p class=\"wp-block-paragraph\">Para conferir os requisitos, as especialidades, os sal\u00e1rios e a situa\u00e7\u00e3o do cadastro de reserva, acesse a <a href=\"https:\/\/www.novaconcursos.com.br\/portal\/concursos\/concurso-trt-rj-1a-regiao\/\">p\u00e1gina completa do Concurso TRT RJ<\/a>.<\/p>","protected":false},"excerpt":{"rendered":"<p>Concurso TRT RJ pode ganhar for\u00e7a ap\u00f3s a C\u00e2mara aprovar 156 cargos de Analista. Projeto tamb\u00e9m cria 12 Varas do Trabalho no estado.<\/p>\n","protected":false},"author":54703,"featured_media":314702,"comment_status":"closed","ping_status":"closed","sticky":false,"template":"","format":"standard","meta":{"_acf_changed":false,"footnotes":"","_wp_rev_ctl_limit":""},"categories":[228,44946,44940,44965],"tags":[46111,46109,19955,46108,46110],"class_list":["post-314699","post","type-post","status-publish","format-standard","has-post-thumbnail","hentry","category-noticias","category-carreira-juridica","category-carreira-tribunais","category-rj","tag-cargos-trt-rj","tag-concurso-trt-1","tag-concurso-trt-rj","tag-concurso-trt-rj-2026","tag-trt-rj-cargos"],"acf":[],"_links":{"self":[{"href":"https:\/\/www.novaconcursos.com.br\/portal\/wp-json\/wp\/v2\/posts\/314699","targetHints":{"allow":["GET"]}}],"collection":[{"href":"https:\/\/www.novaconcursos.com.br\/portal\/wp-json\/wp\/v2\/posts"}],"about":[{"href":"https:\/\/www.novaconcursos.com.br\/portal\/wp-json\/wp\/v2\/types\/post"}],"author":[{"embeddable":true,"href":"https:\/\/www.novaconcursos.com.br\/portal\/wp-json\/wp\/v2\/users\/54703"}],"replies":[{"embeddable":true,"href":"https:\/\/www.novaconcursos.com.br\/portal\/wp-json\/wp\/v2\/comments?post=314699"}],"version-history":[{"count":3,"href":"https:\/\/www.novaconcursos.com.br\/portal\/wp-json\/wp\/v2\/posts\/314699\/revisions"}],"predecessor-version":[{"id":314737,"href":"https:\/\/www.novaconcursos.com.br\/portal\/wp-json\/wp\/v2\/posts\/314699\/revisions\/314737"}],"wp:featuredmedia":[{"embeddable":true,"href":"https:\/\/www.novaconcursos.com.br\/portal\/wp-json\/wp\/v2\/media\/314702"}],"wp:attachment":[{"href":"https:\/\/www.novaconcursos.com.br\/portal\/wp-json\/wp\/v2\/media?parent=314699"}],"wp:term":[{"taxonomy":"category","embeddable":true,"href":"https:\/\/www.novaconcursos.com.br\/portal\/wp-json\/wp\/v2\/categories?post=314699"},{"taxonomy":"post_tag","embeddable":true,"href":"https:\/\/www.novaconcursos.com.br\/portal\/wp-json\/wp\/v2\/tags?post=314699"}],"curies":[{"name":"wp","href":"https:\/\/api.w.org\/{rel}","templated":true}]}}