{"id":31609,"date":"2015-12-16T11:21:26","date_gmt":"2015-12-16T13:21:26","guid":{"rendered":"http:\/\/www.novaconcursos.com.br\/portal\/?p=31609"},"modified":"2021-01-28T16:57:50","modified_gmt":"2021-01-28T19:57:50","slug":"trt-23a-regiao-no-mato-grosso-retifica-edital-de-concurso-2015-12","status":"publish","type":"post","link":"https:\/\/www.novaconcursos.com.br\/portal\/noticias\/trt-23a-regiao-no-mato-grosso-retifica-edital-de-concurso-2015-12\/","title":{"rendered":"TRT 23\u00aa Regi\u00e3o, no Mato Grosso, retifica edital de concurso"},"content":{"rendered":"<p><a href=\"https:\/\/www.novaconcursos.com.br\/portal\/wp-content\/uploads\/2015\/11\/TRT23REGIAO.gif\"><img decoding=\"async\" class=\" size-full wp-image-29698 alignleft\" src=\"https:\/\/www.novaconcursos.com.br\/portal\/wp-content\/uploads\/2015\/11\/TRT23REGIAO.gif\" alt=\"TRT23REGIAO\" width=\"220\" height=\"180\" loading=\"lazy\" title=\"\"><\/a>O <strong>TRT da 23\u00aa Regi\u00e3o<\/strong>, respons\u00e1vel pelo estado do <strong>Mato Grosso<\/strong>, publicou <strong>retifica\u00e7\u00e3o<\/strong> no edital de concurso. As altera\u00e7\u00f5es foram em rela\u00e7\u00e3o ao Conte\u00fado Program\u00e1tico dos cargos de Analista e T\u00e9cnico Judici\u00e1rio na \u00e1rea de Tecnologia da Informa\u00e7\u00e3o. Outra altera\u00e7\u00e3o foi em rela\u00e7\u00e3o ao Cronograma de Atividades, na parte do per\u00edodo de inscri\u00e7\u00f5es. Confira:<\/p>\n<p><strong>Garanta j\u00e1 a sua vaga neste concurso!<\/strong><br><span style=\"text-decoration: underline; color: #0000ff;\"><strong><a style=\"color: #0000ff; text-decoration: underline;\" href=\"https:\/\/www.novaconcursos.com.br\/apostila-concurso\/trt-mt-23-regiao-tribunal-regional-do-trabalho-do-mato-grosso\" target=\"_blank\" rel=\"noopener noreferrer\">Compre aqui: Apostila TRT 23\u00aa Regi\u00e3o.<\/a><\/strong><\/span><\/p>\n<p>\u201cNo Anexo II \u2013 Conte\u00fado Program\u00e1tico, para os cargos de Analista e T\u00e9cnico Judici\u00e1rio \u2013 \u00c1rea Apoio Especializado \u2013 Especialidade Tecnologia da Informa\u00e7\u00e3o, onde se l\u00ea EX4, leia-se EXt4.<br>\nNo Anexo III \u2013 Cronograma de Atividades, no item 2 \u2013 Per\u00edodo de inscri\u00e7\u00f5es (exclusivamente via internet), na coluna \u201cDatas Previstas\u201d leia-se: Das 10h do dia 26\/11\/2015 \u00e0s 14h do dia 22\/12\/2015 (hor\u00e1rio de Bras\u00edlia) e n\u00e3o como constou\u201d.<\/p>\n<p><strong>Sobre o concurso<\/strong><\/p>\n<p>O certame aberto pelo Tribunal Regional do Trabalho da 23\u00aa Regi\u00e3o tem\u00a0o objetivo de\u00a0selecionar 16 funcion\u00e1rios de n\u00edveis m\u00e9dio e superior, para os cargos de Analista e T\u00e9cnico Judici\u00e1rio. Al\u00e9m das vagas imediatas, ser\u00e1 formado cadastro reserva.<\/p>\n<p>A remunera\u00e7\u00e3o inicial varia de R$ 5.365,92 a R$ 8.803,97 e as provas est\u00e3o previstas para acontecer no dia 21 de fevereiro de 2016, em Cuiab\u00e1.\u00a0Os interessados em participar das sele\u00e7\u00f5es devem se inscrever at\u00e9 o dia 22 de dezembro de 2015, no <a href=\"http:\/\/www.concursosfcc.com.br\/concursos\/trt23215\/index.html\" target=\"_blank\" rel=\"noopener noreferrer\"><em>site<\/em> da organizadora FCC.<\/a><\/p>\n<p>Para saber mais detalhes e baixar o edital, <a href=\"https:\/\/www.novaconcursos.com.br\/portal\/concursos\/concurso-trt-23-mato-grosso\/\" target=\"_blank\" rel=\"noopener noreferrer\">veja a p\u00e1gina do <strong>Concurso TRT \u2013 23\u00aa Regi\u00e3o.<\/strong><\/a><\/p>\n<p>\u00a0<\/p>\n<p>A <strong><span style=\"text-decoration: underline;\"><a href=\"https:\/\/www.novaconcursos.com.br\/\" target=\"_blank\" rel=\"noopener noreferrer\">editora Nova<\/a><\/span><\/strong> tem ajudado h\u00e1 mais de 8 anos quem quer vencer a batalha do concurso p\u00fablico. Se voc\u00ea quer aumentar as suas chances de passar, conhe\u00e7a os nossos materiais, acessando o nosso site!<\/p>\n<p><a href=\"https:\/\/www.novaconcursos.com.br\/apostila-concurso\/trt-mt-23-regiao-tribunal-regional-do-trabalho-do-mato-grosso\" target=\"_blank\" rel=\"noopener noreferrer\"><img decoding=\"async\" class=\"aligncenter wp-image-30871 size-full\" src=\"https:\/\/www.novaconcursos.com.br\/portal\/wp-content\/uploads\/2015\/11\/trt-mt1.jpg\" alt=\"trt-mt\" width=\"590\" height=\"80\" loading=\"lazy\" title=\"\" srcset=\"https:\/\/www.novaconcursos.com.br\/portal\/wp-content\/uploads\/2015\/11\/trt-mt1-300x41.jpg 300w, https:\/\/www.novaconcursos.com.br\/portal\/wp-content\/uploads\/2015\/11\/trt-mt1.jpg 590w\" sizes=\"auto, (max-width: 480px) 100vw, (max-width: 768px) 100vw, (max-width: 1200px) 70vw, 768px\"><\/a><\/p>","protected":false},"excerpt":{"rendered":"<p>O TRT da 23\u00aa Regi\u00e3o, respons\u00e1vel pelo estado do Mato Grosso, publicou retifica\u00e7\u00e3o no edital de concurso. As altera\u00e7\u00f5es foram em rela\u00e7\u00e3o ao Conte\u00fado Program\u00e1tico dos cargos de Analista e T\u00e9cnico Judici\u00e1rio na \u00e1rea de Tecnologia da Informa\u00e7\u00e3o. Outra altera\u00e7\u00e3o foi em rela\u00e7\u00e3o ao Cronograma de Atividades, na parte do per\u00edodo de inscri\u00e7\u00f5es. Confira: Garanta [&hellip;]<\/p>\n","protected":false},"author":16,"featured_media":28141,"comment_status":"closed","ping_status":"closed","sticky":false,"template":"","format":"standard","meta":{"_acf_changed":false,"footnotes":"","_wp_rev_ctl_limit":""},"categories":[228],"tags":[15594,15689],"class_list":["post-31609","post","type-post","status-publish","format-standard","has-post-thumbnail","hentry","category-noticias","tag-concurso-trt-23-regiao","tag-concurso-trt-mt"],"acf":[],"_links":{"self":[{"href":"https:\/\/www.novaconcursos.com.br\/portal\/wp-json\/wp\/v2\/posts\/31609","targetHints":{"allow":["GET"]}}],"collection":[{"href":"https:\/\/www.novaconcursos.com.br\/portal\/wp-json\/wp\/v2\/posts"}],"about":[{"href":"https:\/\/www.novaconcursos.com.br\/portal\/wp-json\/wp\/v2\/types\/post"}],"author":[{"embeddable":true,"href":"https:\/\/www.novaconcursos.com.br\/portal\/wp-json\/wp\/v2\/users\/16"}],"replies":[{"embeddable":true,"href":"https:\/\/www.novaconcursos.com.br\/portal\/wp-json\/wp\/v2\/comments?post=31609"}],"version-history":[{"count":5,"href":"https:\/\/www.novaconcursos.com.br\/portal\/wp-json\/wp\/v2\/posts\/31609\/revisions"}],"predecessor-version":[{"id":116863,"href":"https:\/\/www.novaconcursos.com.br\/portal\/wp-json\/wp\/v2\/posts\/31609\/revisions\/116863"}],"wp:featuredmedia":[{"embeddable":true,"href":"https:\/\/www.novaconcursos.com.br\/portal\/wp-json\/wp\/v2\/media\/28141"}],"wp:attachment":[{"href":"https:\/\/www.novaconcursos.com.br\/portal\/wp-json\/wp\/v2\/media?parent=31609"}],"wp:term":[{"taxonomy":"category","embeddable":true,"href":"https:\/\/www.novaconcursos.com.br\/portal\/wp-json\/wp\/v2\/categories?post=31609"},{"taxonomy":"post_tag","embeddable":true,"href":"https:\/\/www.novaconcursos.com.br\/portal\/wp-json\/wp\/v2\/tags?post=31609"}],"curies":[{"name":"wp","href":"https:\/\/api.w.org\/{rel}","templated":true}]}}