{"id":31716,"date":"2015-12-17T11:48:35","date_gmt":"2015-12-17T13:48:35","guid":{"rendered":"http:\/\/www.novaconcursos.com.br\/portal\/?p=31716"},"modified":"2025-04-02T10:41:38","modified_gmt":"2025-04-02T13:41:38","slug":"anac-retifica-novamente-edital-e-requisito-para-cargo-e-alterado-confira-2015-12","status":"publish","type":"post","link":"https:\/\/www.novaconcursos.com.br\/portal\/noticias\/anac-retifica-novamente-edital-e-requisito-para-cargo-e-alterado-confira-2015-12\/","title":{"rendered":"ANAC retifica novamente edital e requisito para cargo \u00e9 alterado; Confira"},"content":{"rendered":"<p>A ANAC publicou nova <strong>retifica\u00e7\u00e3o no edital<\/strong>, e dessa vez a altera\u00e7\u00e3o \u00e9 no requisito para o cargo de <strong>Especialista em Regula\u00e7\u00e3o de Avia\u00e7\u00e3o Civil<\/strong>, que passa a exigir somente licen\u00e7a de piloto de linha a\u00e9rea nas categorias avi\u00e3o ou helic\u00f3ptero, com Certificado M\u00e9dico Aeron\u00e1utico (CMA) v\u00e1lido.<\/p>\n\n\n\n<p><\/p>\n\n\n\n<p><strong>Sobre o concurso<\/strong><\/p>\n\n\n\n<p>A ANAC tem o objetivo de contratar <strong>150<\/strong> profissionais de<strong> n\u00edveis m\u00e9dio\/t\u00e9cnico e superior<\/strong>, com sal\u00e1rios que variam de <strong>R$ 5.689,52 at\u00e9 R$ 11.071,29<\/strong>. As inscri\u00e7\u00f5es devem ser feitas at\u00e9 o dia 4 de janeiro de 2016, pelo <em>site<\/em> da banca organizadora Esaf e, para confirmar a participa\u00e7\u00e3o, devem ser pagas taxas de R$ 90,00 e R$ 150,00, dependendo do cargo.<\/p>\n\n\n\n<p>As provas objetivas est\u00e3o previstas para o dia 20 de mar\u00e7o de 2016. Ser\u00e3o cobradas mat\u00e9rias de Conhecimentos B\u00e1sicos e Conhecimentos Espec\u00edficos.<\/p>\n\n\n\n<p><\/p>","protected":false},"excerpt":{"rendered":"<p>A ANAC publicou nova retifica\u00e7\u00e3o no edital, e dessa vez a altera\u00e7\u00e3o \u00e9 no requisito para o cargo de Especialista em Regula\u00e7\u00e3o de Avia\u00e7\u00e3o Civil, que passa a exigir somente licen\u00e7a de piloto de linha a\u00e9rea nas categorias avi\u00e3o ou helic\u00f3ptero, com Certificado M\u00e9dico Aeron\u00e1utico (CMA) v\u00e1lido. Sobre o concurso A ANAC tem o objetivo [&hellip;]<\/p>\n","protected":false},"author":16,"featured_media":27027,"comment_status":"closed","ping_status":"closed","sticky":false,"template":"","format":"standard","meta":{"_acf_changed":false,"footnotes":"","_wp_rev_ctl_limit":""},"categories":[228],"tags":[14976,15810,15936],"class_list":["post-31716","post","type-post","status-publish","format-standard","has-post-thumbnail","hentry","category-noticias","tag-concurso-anac","tag-edital-anac","tag-inscricoes-anac"],"acf":[],"_links":{"self":[{"href":"https:\/\/www.novaconcursos.com.br\/portal\/wp-json\/wp\/v2\/posts\/31716","targetHints":{"allow":["GET"]}}],"collection":[{"href":"https:\/\/www.novaconcursos.com.br\/portal\/wp-json\/wp\/v2\/posts"}],"about":[{"href":"https:\/\/www.novaconcursos.com.br\/portal\/wp-json\/wp\/v2\/types\/post"}],"author":[{"embeddable":true,"href":"https:\/\/www.novaconcursos.com.br\/portal\/wp-json\/wp\/v2\/users\/16"}],"replies":[{"embeddable":true,"href":"https:\/\/www.novaconcursos.com.br\/portal\/wp-json\/wp\/v2\/comments?post=31716"}],"version-history":[{"count":8,"href":"https:\/\/www.novaconcursos.com.br\/portal\/wp-json\/wp\/v2\/posts\/31716\/revisions"}],"predecessor-version":[{"id":277425,"href":"https:\/\/www.novaconcursos.com.br\/portal\/wp-json\/wp\/v2\/posts\/31716\/revisions\/277425"}],"wp:featuredmedia":[{"embeddable":true,"href":"https:\/\/www.novaconcursos.com.br\/portal\/wp-json\/wp\/v2\/media\/27027"}],"wp:attachment":[{"href":"https:\/\/www.novaconcursos.com.br\/portal\/wp-json\/wp\/v2\/media?parent=31716"}],"wp:term":[{"taxonomy":"category","embeddable":true,"href":"https:\/\/www.novaconcursos.com.br\/portal\/wp-json\/wp\/v2\/categories?post=31716"},{"taxonomy":"post_tag","embeddable":true,"href":"https:\/\/www.novaconcursos.com.br\/portal\/wp-json\/wp\/v2\/tags?post=31716"}],"curies":[{"name":"wp","href":"https:\/\/api.w.org\/{rel}","templated":true}]}}