{"id":33059,"date":"2026-01-27T09:23:24","date_gmt":"2026-01-27T12:23:24","guid":{"rendered":"http:\/\/www.novaconcursos.com.br\/portal\/?post_type=nc-public-tender&#038;p=33059"},"modified":"2026-01-27T09:23:52","modified_gmt":"2026-01-27T12:23:52","slug":"concurso-artesp-sp","status":"publish","type":"post","link":"https:\/\/www.novaconcursos.com.br\/portal\/concursos\/concurso-artesp-sp\/","title":{"rendered":"Concurso Artesp: Gabaritos divulgados! Iniciais de R$12 mil!"},"content":{"rendered":"<p>O concurso Artesp \u00e9 destinado ao provimento de cargos efetivos na Ag\u00eancia Reguladora de Transporte do Estado de S\u00e3o Paulo, respons\u00e1vel pela regula\u00e7\u00e3o e fiscaliza\u00e7\u00e3o dos servi\u00e7os de transporte concedidos no estado. O edital atual oferta 142 vagas para os cargos de Agente, Analista e Especialista, contemplando n\u00edveis m\u00e9dio e superior. As provas foram realizadas no dia 25 de janeiro e os gabaritos preliminares foram divulgados no portal da Funda\u00e7\u00e3o Carlos Chagas (FCC).<\/p>\n\n\n\n    <div class=\"nova-resumo-edital\">\n        <h2 class=\"nova-resumo-edital-title\" id=\"resumo-edital\">Resumo Edital<\/h2>\n        <ul class=\"nova-resumo-edital-list nova-menu\"><li>\n                <img decoding=\"async\" width=\"24\" height=\"24\" loading=\"lazy\" src=\"https:\/\/www.novaconcursos.com.br\/portal\/wp-content\/themes\/nova-theme\/includes\/assets\/img\/person.svg\" aria-hidden=\"true\" alt=\"\u00edcone pessoa\" title=\"\"><span>\n                    <b>Vagas: <\/b> 142\n                <\/span>\n            <\/li>\n            <li>\n                <img decoding=\"async\" width=\"24\" height=\"24\" loading=\"lazy\" src=\"https:\/\/www.novaconcursos.com.br\/portal\/wp-content\/themes\/nova-theme\/includes\/assets\/img\/inscricoes.svg\" aria-hidden=\"true\" alt=\"\u00edcone pessoa\" title=\"\"><span>\n                    <b>Per\u00edodo de inscri\u00e7\u00f5es: <\/b> 03\/11\/2025 a 02\/12\/2025\n                <\/span>\n            <\/li>\n            <li>\n                <img decoding=\"async\" width=\"24\" height=\"24\" loading=\"lazy\" src=\"https:\/\/www.novaconcursos.com.br\/portal\/wp-content\/themes\/nova-theme\/includes\/assets\/img\/taxa-inscricao.svg\" aria-hidden=\"true\" alt=\"\u00edcone pessoa\" title=\"\"><span>\n                    <b>Taxa de inscri\u00e7\u00e3o: <\/b> R$55,00 a R$100,00\n                <\/span>\n            <\/li>\n            <li>\n                <img decoding=\"async\" width=\"24\" height=\"24\" loading=\"lazy\" src=\"https:\/\/www.novaconcursos.com.br\/portal\/wp-content\/themes\/nova-theme\/includes\/assets\/img\/prova.svg\" aria-hidden=\"true\" alt=\"\u00edcone pessoa\" title=\"\"><span>\n                    <b>Prova: <\/b> 25\/01\/2026\n                <\/span>\n            <\/li>\n            <li>\n                <img decoding=\"async\" width=\"24\" height=\"24\" loading=\"lazy\" src=\"https:\/\/www.novaconcursos.com.br\/portal\/wp-content\/themes\/nova-theme\/includes\/assets\/img\/banca.svg\" aria-hidden=\"true\" alt=\"\u00edcone pessoa\" title=\"\"><span>\n                    <b>Banca: <\/b> FCC\n                <\/span>\n            <\/li>\n        <\/ul><div class=\"nova-resumo-edital-baixar\">\n            <a href=\"https:\/\/www.novaconcursos.com.br\/portal\/wp-content\/uploads\/2025\/10\/edital-concurso-artesp-2025.pdf\" rel=\"noopener\">\n                Baixe aqui o edital\n            <\/a>\n        <\/div>\n    <\/div>\n\n\n\n<p>Foi divulgado que a sele\u00e7\u00e3o conta com<strong> 9,8 mil inscritos!<\/strong> As inscri\u00e7\u00f5es foram realizadas entre 3 de novembro e 2 de dezembro, no site da banca organizadora, a Funda\u00e7\u00e3o Carlos Chagas. Navegue pelo \u00edndice e confira todos os detalhes do concurso Artesp!<\/p>\n\n\n\n<h2 class=\"wp-block-heading\" id=\"cronograma-do-concurso-artesp\">Cronograma do concurso Artesp<\/h2>\n\n\n\n<p>Confira o cronograma do concurso Artesp: <\/p>\n\n\n\n<ul class=\"wp-block-list\"><li><strong>Per\u00edodo de inscri\u00e7\u00f5es:<\/strong> 3 de novembro a 2 de dezembro de 2025<\/li>\n\n\n\n<li><strong>Solicita\u00e7\u00e3o de isen\u00e7\u00e3o da taxa de inscri\u00e7\u00e3o:<\/strong> 3 a 7 de novembro de 2025<\/li>\n\n\n\n<li><strong>\u00daltimo dia para pagamento do boleto:<\/strong> at\u00e9 2 de dezembro de 2025<\/li>\n\n\n\n<li><strong>Aplica\u00e7\u00e3o das provas objetivas:<\/strong> 25 de janeiro de 2026<\/li>\n<\/ul><figure class=\"wp-block-embed is-type-video is-provider-youtube wp-block-embed-youtube wp-embed-aspect-16-9 wp-has-aspect-ratio\"><div class=\"wp-block-embed__wrapper\">\n<iframe loading=\"lazy\" title=\"\ud83d\udea8 Saiu o edital ARTESP 2025! Sal\u00e1rios de at\u00e9 R$ 12 MIL! An\u00e1lise Completa\" width=\"500\" height=\"281\" src=\"https:\/\/www.youtube.com\/embed\/ge9_LPmzwmo?feature=oembed\" frameborder=\"0\" allow=\"accelerometer; autoplay; clipboard-write; encrypted-media; gyroscope; picture-in-picture; web-share\" referrerpolicy=\"strict-origin-when-cross-origin\" allowfullscreen><\/iframe>\n<\/div><\/figure><h2 class=\"wp-block-heading\" id=\"concurso-artesp-concorrncia\">Concurso Artesp: Concorr\u00eancia<\/h2>\n\n\n\n<p>A Funda\u00e7\u00e3o Carlos Chagas (FCC) divulgou o n\u00famero total de inscritos no concurso Artesp:<strong> 9.840 candidatos confirmaram participa\u00e7\u00e3o na sele\u00e7\u00e3o.<\/strong> Al\u00e9m disso, a banca organizadora tamb\u00e9m disponibilizou a consulta aos locais de prova, etapa importante para que os participantes confiram onde far\u00e3o o exame e se programem com anteced\u00eancia.<\/p>\n\n\n\n<p>O concurso Artesp \u00e9 voltado para a Ag\u00eancia Reguladora de Servi\u00e7os P\u00fablicos Delegados de Transporte do Estado de S\u00e3o Paulo e re\u00fane oportunidades para candidatos de n\u00edveis m\u00e9dio, m\u00e9dio\/t\u00e9cnico e superior.<\/p>\n\n\n\n<p>Entre as fun\u00e7\u00f5es ofertadas, o maior n\u00famero de inscri\u00e7\u00f5es est\u00e1 concentrado no cargo de Agente de Fiscaliza\u00e7\u00e3o \u00e0 Regula\u00e7\u00e3o de Transporte I, que soma 6.288 inscritos, conforme os dados publicados pela FCC.<\/p>\n\n\n\n<p>A distribui\u00e7\u00e3o geral por cargo ficou assim:<\/p>\n\n\n\n<ul class=\"wp-block-list\"><li>Agente de Fiscaliza\u00e7\u00e3o \u00e0 Regula\u00e7\u00e3o de Transporte I: 6.288 inscritos<\/li>\n\n\n\n<li>Analista de Suporte \u00e0 Regula\u00e7\u00e3o de Transporte I: 1.378 inscritos<\/li>\n\n\n\n<li>Especialista em Regula\u00e7\u00e3o de Transporte I: 2.174 inscritos<\/li>\n<\/ul><h3 class=\"wp-block-heading\">Rela\u00e7\u00e3o de inscritos por vaga da Artesp<\/h3>\n\n\n\n<p>A seguir, confira a rela\u00e7\u00e3o detalhada de inscritos por c\u00f3digo de cargo no concurso Artesp:<\/p>\n\n\n\n<ul class=\"wp-block-list\"><li>A01 \u2013 Agente de Fiscaliza\u00e7\u00e3o \u00e0 Regula\u00e7\u00e3o de Transporte I: 5.255 inscritos<\/li>\n\n\n\n<li>B02 \u2013 Agente de Fiscaliza\u00e7\u00e3o \u00e0 Regul. de Transporte I (Contab\/Adm): 297 inscritos<\/li>\n\n\n\n<li>C03 \u2013 Agente de Fiscaliza\u00e7\u00e3o \u00e0 Regul. de Transporte I (Transp\/Edif.): 220 inscritos<\/li>\n\n\n\n<li>D04 \u2013 Agente de Fiscaliza\u00e7\u00e3o \u00e0 Regul. de Transporte I (TI): 516 inscritos<\/li>\n\n\n\n<li>E05 \u2013 Analista de Suporte \u00e0 Regula\u00e7\u00e3o de Transporte I: 1.378 inscritos<\/li>\n\n\n\n<li>F06 \u2013 Especialista I (Adm\/Cont\/Econ\/Gest\u00e3o P\u00fab\/Eng Produ\u00e7\u00e3o): 581 inscritos<\/li>\n\n\n\n<li>G07 \u2013 Especialista I (Direito): 514 inscritos<\/li>\n\n\n\n<li>H08 \u2013 Especialista I (Eng Ambiental\/Florestal\/Civil \u2013 Meio Amb): 88 inscritos<\/li>\n\n\n\n<li>I09 \u2013 Especialista I (Eng Civil\/Transp \u2013 Mobilidade Urbana): 80 inscritos<\/li>\n\n\n\n<li>J10 \u2013 Especialista I (Eng Civil\/Transp \u2013 Aerop\/Balsa\/Infra Hidro): 11 inscritos<\/li>\n\n\n\n<li>K11 \u2013 Especialista I (Eng Civil\/Transp \u2013 Infra Pavim\/Geol\/Dren): 55 inscritos<\/li>\n\n\n\n<li>L12 \u2013 Especialista I (Eng Civil\/Transp \u2013 Infra Estrut Ferrovia): 12 inscritos<\/li>\n\n\n\n<li>M13 \u2013 Especialista I (Eng Civil\/Transp \u2013 Infra Geom\/Terrap\/Sinal): 42 inscritos<\/li>\n\n\n\n<li>N14 \u2013 Especialista I (Eng Civil\/Transp \u2013 Infra Estrut\/OAE\/T\u00faneis): 38 inscritos<\/li>\n\n\n\n<li>O15 \u2013 Especialista I (Eng Civil\/Transp \u2013 Infra Or\u00e7\/Custos): 59 inscritos<\/li>\n\n\n\n<li>P16 \u2013 Especialista I (Eng Civil\/Transp \u2013 Plane Demanda\/Tr\u00e1fego): 31 inscritos<\/li>\n\n\n\n<li>Q17 \u2013 Especialista I (Eng Civil\/Transp \u2013 Ci\u00eancia de Dados\/Geopro): 18 inscritos<\/li>\n\n\n\n<li>R18 \u2013 Especialista I (Eng Civil\/Transp \u2013 Gest\u00e3o de Contratos): 81 inscritos<\/li>\n\n\n\n<li>S19 \u2013 Especialista I (Engenharia El\u00e9trica\/Eletr\u00f4nica): 130 inscritos<\/li>\n\n\n\n<li>T20 \u2013 Especialista I (Engenharia Mec\u00e2nica\/Mecatr\u00f4nica): 52 inscritos<\/li>\n\n\n\n<li>U21 \u2013 Especialista I (Engenharia Naval): 6 inscritos<\/li>\n\n\n\n<li>V22 \u2013 Especialista I (Tecnologia da Informa\u00e7\u00e3o): 376 inscritos<\/li>\n<\/ul><h2 class=\"wp-block-heading\" id=\"como-fazer-inscrio-concurso-artesp\">Como fazer inscri\u00e7\u00e3o concurso Artesp?<\/h2>\n\n\n\n<p>As inscri\u00e7\u00f5es foram realizadas no site da <a href=\"https:\/\/www.concursosfcc.com.br\/\" data-type=\"link\" data-id=\"https:\/\/www.concursosfcc.com.br\/\" target=\"_blank\" rel=\"noreferrer noopener\">Funda\u00e7\u00e3o Carlos Chagas (FCC)<\/a>, entre os dias 3 de novembro e 2 de dezembro de 2025.<\/p>\n\n\n\n<p>O valor da taxa de inscri\u00e7\u00e3o foi de <strong>R$ 55,00<\/strong> para cargos de <strong>n\u00edvel m\u00e9dio<\/strong> e <strong>R$ 100,00<\/strong> para cargos de <strong>n\u00edvel superior<\/strong>.<\/p>\n\n\n\n<h3 class=\"wp-block-heading\">Como pedir isen\u00e7\u00e3o da taxa de inscri\u00e7\u00e3o?<\/h3>\n\n\n\n<p>O edital previa isen\u00e7\u00e3o total e redu\u00e7\u00e3o de 50% no valor da taxa de inscri\u00e7\u00e3o, nos seguintes casos:<\/p>\n\n\n\n<p><strong>Isen\u00e7\u00e3o Total (Lei n\u00ba 12.147\/2005)<\/strong><\/p>\n\n\n\n<ul class=\"wp-block-list\"><li>Concedida aos <strong>doadores de sangue<\/strong>, que comprovem a condi\u00e7\u00e3o conforme os crit\u00e9rios estabelecidos pela legisla\u00e7\u00e3o estadual.<\/li>\n<\/ul><p><strong>Redu\u00e7\u00e3o de 50% (Lei n\u00ba 12.782\/2007)<\/strong><\/p>\n\n\n\n<ul class=\"wp-block-list\"><li>Destinada a candidatos que comprovem, cumulativamente:\n<ul class=\"wp-block-list\"><li>Ser <strong>estudante regularmente matriculado<\/strong> em curso fundamental, m\u00e9dio, superior, gradua\u00e7\u00e3o ou p\u00f3s-gradua\u00e7\u00e3o; e<\/li>\n\n\n\n<li>Ter <strong>remunera\u00e7\u00e3o mensal inferior a dois sal\u00e1rios m\u00ednimos<\/strong> ou estar <strong>desempregado<\/strong>.<\/li>\n<\/ul><\/li>\n<\/ul><p>Os pedidos de isen\u00e7\u00e3o total ou redu\u00e7\u00e3o de 50% da taxa foram feitos entre os dias <strong>3 e 7 de novembro de 2025<\/strong>, exclusivamente pelo site da FCC, mediante o envio da documenta\u00e7\u00e3o comprobat\u00f3ria exigida.<\/p>\n\n\n\n<h2 class=\"wp-block-heading\" id=\"cargos-e-vagas\">Cargos e vagas<\/h2>\n\n\n\n<p>O concurso Artesp <strong>142 vagas<\/strong> para cargos de <strong>n\u00edvel m\u00e9dio t\u00e9cnico e superior<\/strong>, distribu\u00eddos entre fun\u00e7\u00f5es de Agente, Analista e Especialista. Confira a rela\u00e7\u00e3o completa:<\/p>\n\n\n\n<p><strong>N\u00edvel m\u00e9dio t\u00e9cnico<\/strong><\/p>\n\n\n\n<ul class=\"wp-block-list\"><li>Agente de Fiscaliza\u00e7\u00e3o \u00e0 Regula\u00e7\u00e3o de Transporte \/ Sem Especialidade: 25 vagas<\/li>\n\n\n\n<li>Agente de Fiscaliza\u00e7\u00e3o \u00e0 Regula\u00e7\u00e3o de Transporte \/ Contabilidade e\/ou Administra\u00e7\u00e3o de Empresas: 7 vagas<\/li>\n\n\n\n<li>Agente de Fiscaliza\u00e7\u00e3o \u00e0 Regula\u00e7\u00e3o de Transporte \/ Transporte ou Edifica\u00e7\u00f5es: 15 vagas<\/li>\n\n\n\n<li>Agente de Fiscaliza\u00e7\u00e3o \u00e0 Regula\u00e7\u00e3o de Transporte \/ Tecnologia da Informa\u00e7\u00e3o: 15 vagas<\/li>\n<\/ul><p><strong>N\u00edvel superior<\/strong><\/p>\n\n\n\n<ul class=\"wp-block-list\"><li>Analista de Suporte \u00e0 Regula\u00e7\u00e3o de Transporte: 10 vagas<\/li>\n\n\n\n<li>Especialista em Regula\u00e7\u00e3o de Transporte \/ Administra\u00e7\u00e3o, Ci\u00eancias Cont\u00e1beis, Economia, Administra\u00e7\u00e3o P\u00fablica, Gest\u00e3o P\u00fablica ou Engenharia de Produ\u00e7\u00e3o: 12 vagas<\/li>\n\n\n\n<li>Especialista em Regula\u00e7\u00e3o de Transporte \/ Direito: 12 vagas<\/li>\n\n\n\n<li>Especialista em Regula\u00e7\u00e3o de Transporte \/ Engenharia Ambiental ou Florestal ou Engenharia Civil \u2013 Meio Ambiente: 2 vagas<\/li>\n\n\n\n<li>Especialista em Regula\u00e7\u00e3o de Transporte \/ Engenharia Civil ou Engenharia de Transportes \u2013 Mobilidade Urbana: 6 vagas<\/li>\n\n\n\n<li>Especialista em Regula\u00e7\u00e3o de Transporte \/ Engenharia Civil ou Engenharia de Transportes \u2013 Aeroportos, Portos, Balsas ou Infraestruturas Hidrovi\u00e1rias: 2 vagas<\/li>\n\n\n\n<li>Especialista em Regula\u00e7\u00e3o de Transporte \/ Engenharia Civil ou Engenharia de Transportes \u2013 Projetos de Infraestrutura de Transportes: Pavimento ou Geologia ou Drenagem: 3 vagas<\/li>\n\n\n\n<li>Especialista em Regula\u00e7\u00e3o de Transporte \/ Engenharia Civil ou Engenharia de Transportes \u2013 Projetos de Infraestrutura de Transportes: Superestrutura Ferrovi\u00e1ria: 1 vaga<\/li>\n\n\n\n<li>Especialista em Regula\u00e7\u00e3o de Transporte \/ Engenharia Civil ou Engenharia de Transportes \u2013 Projetos de Infraestrutura de Transportes: Geometria, Terraplanagem, Elementos de Sinaliza\u00e7\u00e3o e Seguran\u00e7a: 2 vagas<\/li>\n\n\n\n<li>Especialista em Regula\u00e7\u00e3o de Transporte \/ Engenharia Civil ou Engenharia de Transportes \u2013 Projetos de Infraestrutura de Transportes: Estruturas ou Obras de Arte Especiais (OAE\u2019s), T\u00faneis ou Passarelas: 2 vagas<\/li>\n\n\n\n<li>Especialista em Regula\u00e7\u00e3o de Transporte \/ Engenharia Civil ou Engenharia de Transportes \u2013 Projetos de Infraestrutura de Transportes: Or\u00e7amento e Custos de Projetos ou Obras de Infraestrutura de Transportes: 4 vagas<\/li>\n\n\n\n<li>Especialista em Regula\u00e7\u00e3o de Transporte \/ Engenharia Civil ou Engenharia de Transportes \u2013 Planejamento de Transportes: Demanda\/Tr\u00e1fego: 2 vagas<\/li>\n\n\n\n<li>Especialista em Regula\u00e7\u00e3o de Transporte \/ Engenharia Civil ou Engenharia de Transportes \u2013 Ci\u00eancia de Dados ou Geoprocessamento: 2 vagas<\/li>\n\n\n\n<li>Especialista em Regula\u00e7\u00e3o de Transporte \/ Engenharia Civil ou Engenharia de Transportes \u2013 Gest\u00e3o de Contratos: 6 vagas<\/li>\n\n\n\n<li>Especialista em Regula\u00e7\u00e3o de Transporte \/ Engenharia El\u00e9trica ou Eletr\u00f4nica: 4 vagas<\/li>\n\n\n\n<li>Especialista em Regula\u00e7\u00e3o de Transporte \/ Engenharia Mec\u00e2nica ou Mecatr\u00f4nica: 1 vaga<\/li>\n\n\n\n<li>Especialista em Regula\u00e7\u00e3o de Transporte \/ Engenharia Naval: 1 vaga<\/li>\n\n\n\n<li>Especialista em Regula\u00e7\u00e3o de Transporte \/ Tecnologia da Informa\u00e7\u00e3o: 8 vagas<\/li>\n<\/ul><h2 class=\"wp-block-heading\" id=\"quanto-ganha-um-concursado-da-artesp-2025\">Quanto ganha um concursado da Artesp 2025?<\/h2>\n\n\n\n<p>Os sal\u00e1rios iniciais dos aprovados no concurso Artesp variam conforme o n\u00edvel de escolaridade:<\/p>\n\n\n\n<ul class=\"wp-block-list\"><li>N\u00edvel m\u00e9dio: R$ 3.944,00<\/li>\n\n\n\n<li>N\u00edvel superior: de R$ 10.366,00 at\u00e9 R$ 12.070,00<\/li>\n<\/ul><p>Al\u00e9m da remunera\u00e7\u00e3o, os aprovados ter\u00e3o acesso a benef\u00edcios que tornam a vaga ainda mais vantajosa:<\/p>\n\n\n\n<ul class=\"wp-block-list\"><li>Vale-alimenta\u00e7\u00e3o<\/li>\n\n\n\n<li>Vale-transporte<\/li>\n\n\n\n<li>Assist\u00eancia m\u00e9dica e odontol\u00f3gica<\/li>\n\n\n\n<li>Plano de previd\u00eancia complementar<\/li>\n<\/ul><h2 class=\"wp-block-heading\" id=\"requisitos-do-concurso-artesp-2025\">Requisitos do concurso Artesp 2025<\/h2>\n\n\n\n<p>Os candidatos do concurso Artesp 2025 devem atender aos requisitos espec\u00edficos definidos conforme o n\u00edvel de escolaridade exigido para cada fun\u00e7\u00e3o. Confira os requisitos espec\u00edficos:<\/p>\n\n\n\n<h3 class=\"wp-block-heading\">Cargos de n\u00edvel m\u00e9dio<\/h3>\n\n\n\n<ul class=\"wp-block-list\"><li><strong>Agente de Fiscaliza\u00e7\u00e3o \u00e0 Regula\u00e7\u00e3o de Transporte I (A01)<\/strong> \u2013 Certificado de conclus\u00e3o do ensino m\u00e9dio ou equivalente.<\/li>\n\n\n\n<li><strong>Agente de Fiscaliza\u00e7\u00e3o \u00e0 Regula\u00e7\u00e3o de Transporte \u2013 T\u00e9cnico em Contabilidade e\/ou Administra\u00e7\u00e3o de Empresas (B02)<\/strong> \u2013 Certificado de conclus\u00e3o do ensino m\u00e9dio ou equivalente em T\u00e9cnico em Contabilidade e\/ou Administra\u00e7\u00e3o de Empresas.<\/li>\n\n\n\n<li><strong>Agente de Fiscaliza\u00e7\u00e3o \u00e0 Regula\u00e7\u00e3o de Transporte I \u2013 Transporte ou Edifica\u00e7\u00f5es (C03)<\/strong> \u2013 Certificado de conclus\u00e3o do ensino m\u00e9dio ou equivalente em T\u00e9cnico em Transportes ou Edifica\u00e7\u00f5es.<\/li>\n\n\n\n<li><strong>Agente de Fiscaliza\u00e7\u00e3o \u00e0 Regula\u00e7\u00e3o de Transporte I \u2013 Tecnologia da Informa\u00e7\u00e3o (D04)<\/strong> \u2013 Certificado de conclus\u00e3o do ensino m\u00e9dio ou equivalente na \u00e1rea de Tecnologia da Informa\u00e7\u00e3o.<\/li>\n<\/ul><h3 class=\"wp-block-heading\">Cargos de n\u00edvel superior<\/h3>\n\n\n\n<ul class=\"wp-block-list\"><li><strong>Analista de Suporte \u00e0 Regula\u00e7\u00e3o de Transporte I (E05)<\/strong> \u2013 Gradua\u00e7\u00e3o em qualquer \u00e1rea, com experi\u00eancia em assuntos relacionados \u00e0 \u00e1rea de atua\u00e7\u00e3o.<\/li>\n\n\n\n<li><strong>Especialista em Regula\u00e7\u00e3o de Transporte I \u2013 Administra\u00e7\u00e3o, Ci\u00eancias Cont\u00e1beis, Economia, Administra\u00e7\u00e3o P\u00fablica, Gest\u00e3o P\u00fablica ou Engenharia de Produ\u00e7\u00e3o (F06)<\/strong> \u2013 Gradua\u00e7\u00e3o em uma das \u00e1reas citadas, com experi\u00eancia em gest\u00e3o de contratos de concess\u00e3o ou PPPs, modelagem econ\u00f4mico-financeira, proje\u00e7\u00e3o de fluxo de caixa, estimativas de CAPEX\/OPEX, c\u00e1lculo de VPL ou gest\u00e3o p\u00fablica.<\/li>\n\n\n\n<li><strong>Especialista em Regula\u00e7\u00e3o de Transporte I \u2013 Direito (G07)<\/strong> \u2013 Gradua\u00e7\u00e3o em Direito, com experi\u00eancia em direito administrativo, empresarial, contratual ou tribut\u00e1rio.<\/li>\n\n\n\n<li><strong>Especialista em Regula\u00e7\u00e3o de Transporte I \u2013 Engenharia Ambiental ou Florestal ou Engenharia Civil \u2013 Meio Ambiente (H08)<\/strong> \u2013 Gradua\u00e7\u00e3o em Engenharia Civil com \u00eanfase em Meio Ambiente, Engenharia Ambiental ou Engenharia Florestal, com experi\u00eancia em licenciamento ambiental, desapropria\u00e7\u00e3o, reassentamento ou fiscaliza\u00e7\u00e3o ambiental em obras de infraestrutura.<\/li>\n\n\n\n<li><strong>Especialista em Regula\u00e7\u00e3o de Transporte \u2013 Engenharia Civil ou Engenharia de Transportes \u2013 Mobilidade Urbana (I09)<\/strong> \u2013 Gradua\u00e7\u00e3o em Engenharia Civil ou Engenharia de Transportes, com experi\u00eancia em gest\u00e3o, projetos ou obras de trilhos (metr\u00f4, trem, VLT) ou opera\u00e7\u00e3o de transporte coletivo.<\/li>\n\n\n\n<li><strong>Especialista em Regula\u00e7\u00e3o de Transporte \u2013 Engenharia Civil ou Engenharia de Transportes \u2013 Aeroportos, Portos, Balsas ou Infraestruturas Hidrovi\u00e1rias (J10)<\/strong> \u2013 Gradua\u00e7\u00e3o nas \u00e1reas citadas, com experi\u00eancia em gest\u00e3o, projetos ou obras de aeroportos, portos ou balsas.<\/li>\n\n\n\n<li><strong>Especialista em Regula\u00e7\u00e3o de Transporte \u2013 Engenharia Civil ou Engenharia de Transportes \u2013 Projetos de Infraestrutura de Transportes: Pavimento, Geologia ou Drenagem (K11)<\/strong> \u2013 Gradua\u00e7\u00e3o nas \u00e1reas indicadas, com experi\u00eancia em projetos de pavimento, geologia, geotecnia ou drenagem.<\/li>\n\n\n\n<li><strong>Especialista em Regula\u00e7\u00e3o de Transporte \u2013 Engenharia Civil ou Engenharia de Transportes \u2013 Projetos de Infraestrutura de Transportes: Superestrutura Ferrovi\u00e1ria (L12)<\/strong> \u2013 Gradua\u00e7\u00e3o em Engenharia Civil ou Engenharia de Transportes, com experi\u00eancia em gest\u00e3o, planejamento ou projetos de superestrutura ferrovi\u00e1ria.<\/li>\n\n\n\n<li><strong>Especialista em Regula\u00e7\u00e3o de Transporte \u2013 Engenharia Civil ou Engenharia de Transportes \u2013 Projetos de Infraestrutura de Transportes: Geometria, Terraplanagem, Elementos de Sinaliza\u00e7\u00e3o e Seguran\u00e7a (M13)<\/strong> \u2013 Gradua\u00e7\u00e3o nas \u00e1reas citadas, com experi\u00eancia em elabora\u00e7\u00e3o ou an\u00e1lise de projetos de geometria, terraplanagem ou sinaliza\u00e7\u00e3o vi\u00e1ria.<\/li>\n\n\n\n<li><strong>Especialista em Regula\u00e7\u00e3o de Transporte \u2013 Engenharia Civil ou Engenharia de Transportes \u2013 Projetos de Infraestrutura de Transportes: Estruturas, Obras de Arte Especiais (QAEs), T\u00faneis ou Passarelas (N14)<\/strong> \u2013 Gradua\u00e7\u00e3o nas \u00e1reas indicadas, com experi\u00eancia em projetos estruturais, QAEs, t\u00faneis ou passarelas.<\/li>\n\n\n\n<li><strong>Especialista em Regula\u00e7\u00e3o de Transporte \u2013 Engenharia Civil ou Engenharia de Transportes \u2013 Projetos de Infraestrutura de Transportes: Or\u00e7amento e Custos (O15)<\/strong> \u2013 Gradua\u00e7\u00e3o nas \u00e1reas citadas, com experi\u00eancia em elabora\u00e7\u00e3o ou an\u00e1lise de or\u00e7amentos e custos de obras e projetos de infraestrutura.<\/li>\n\n\n\n<li><strong>Especialista em Regula\u00e7\u00e3o de Transporte \u2013 Engenharia Civil ou Engenharia de Transportes \u2013 Planejamento de Transportes: Demanda\/Tr\u00e1fego (P16)<\/strong> \u2013 Gradua\u00e7\u00e3o em Engenharia Civil ou Engenharia de Transportes, com experi\u00eancia em estudos de demanda e tr\u00e1fego.<\/li>\n\n\n\n<li><strong>Especialista em Regula\u00e7\u00e3o de Transporte \u2013 Engenharia Civil ou Engenharia de Transportes \u2013 Ci\u00eancia de Dados ou Geoprocessamento (Q17)<\/strong> \u2013 Gradua\u00e7\u00e3o nas \u00e1reas mencionadas, com experi\u00eancia em an\u00e1lise de dados, geoprocessamento e uso de plataformas GIS ou BIM.<\/li>\n\n\n\n<li><strong>Especialista em Regula\u00e7\u00e3o de Transporte \u2013 Engenharia Civil ou Engenharia de Transportes \u2013 Gest\u00e3o de Contratos (R18)<\/strong> \u2013 Gradua\u00e7\u00e3o nas \u00e1reas indicadas, com experi\u00eancia em gest\u00e3o de contratos de concess\u00e3o ou PPPs.<\/li>\n\n\n\n<li><strong>Especialista em Regula\u00e7\u00e3o de Transporte I \u2013 Engenharia El\u00e9trica\/Eletr\u00f4nica (S19)<\/strong> \u2013 Gradua\u00e7\u00e3o em Engenharia El\u00e9trica \u2013 modalidade Eletr\u00f4nica, com experi\u00eancia em sistemas metrovi\u00e1rios ou ferrovi\u00e1rios.<\/li>\n\n\n\n<li><strong>Especialista em Regula\u00e7\u00e3o de Transporte I \u2013 Engenharia Mec\u00e2nica ou Mecatr\u00f4nica (T20)<\/strong> \u2013 Gradua\u00e7\u00e3o em Engenharia Mec\u00e2nica ou Mecatr\u00f4nica, com experi\u00eancia em material rodante metroferrovi\u00e1rio ou sistemas de transporte.<\/li>\n\n\n\n<li><strong>Especialista em Regula\u00e7\u00e3o de Transporte I \u2013 Engenharia Naval (U21)<\/strong> \u2013 Gradua\u00e7\u00e3o em Engenharia Naval, com experi\u00eancia em temas relacionados \u00e0 \u00e1rea.<\/li>\n\n\n\n<li><strong>Especialista em Regula\u00e7\u00e3o de Transporte I \u2013 Tecnologia da Informa\u00e7\u00e3o (V22)<\/strong> \u2013 Gradua\u00e7\u00e3o em Tecnologia da Informa\u00e7\u00e3o ou \u00e1rea correlata, com experi\u00eancia em desenvolvimento e administra\u00e7\u00e3o de sistemas, banco de dados, redes e projetos de TI.<\/li>\n<\/ul><h3 class=\"wp-block-heading\">Exig\u00eancias b\u00e1sicas <\/h3>\n\n\n\n<p>Al\u00e9m disso, para ser aprovado no concurso Artesp 2025, \u00e9 necess\u00e1rio cumprir os requisitos b\u00e1sicos:<\/p>\n\n\n\n<ul class=\"wp-block-list\"><li>Ter nacionalidade brasileira ou portuguesa;\n<ul class=\"wp-block-list\"><li>No caso de nacionalidade portuguesa, estar amparado pelo Estatuto de Igualdade entre Brasileiros e Portugueses, com reconhecimento do gozo dos direitos pol\u00edticos, conforme o \u00a71\u00ba do art. 12 da Constitui\u00e7\u00e3o Federal;<\/li>\n\n\n\n<li>Tamb\u00e9m poder\u00e1 ser naturalizado brasileiro, conforme legisla\u00e7\u00e3o vigente at\u00e9 a data da contrata\u00e7\u00e3o;<\/li>\n<\/ul><\/li>\n\n\n\n<li>Estar em gozo dos direitos pol\u00edticos;<\/li>\n\n\n\n<li>Estar quite com as obriga\u00e7\u00f5es militares, se candidato do sexo masculino;<\/li>\n\n\n\n<li>Estar quite com as obriga\u00e7\u00f5es eleitorais;<\/li>\n\n\n\n<li>Possuir os requisitos exigidos para o exerc\u00edcio das atribui\u00e7\u00f5es do emprego p\u00fablico, conforme o Anexo I do edital;<\/li>\n\n\n\n<li>Ter idade m\u00ednima de 18 anos completos na data da contrata\u00e7\u00e3o;<\/li>\n\n\n\n<li>Ter aptid\u00e3o f\u00edsica e mental para o exerc\u00edcio das atribui\u00e7\u00f5es do emprego p\u00fablico;<\/li>\n\n\n\n<li>N\u00e3o registrar antecedentes criminais que impliquem perda ou impedimento para assumir o emprego p\u00fablico, oriundos de senten\u00e7a transitada em julgado, ou comprovar o cumprimento integral das penas aplicadas;<\/li>\n\n\n\n<li>N\u00e3o ter sofrido penalidade incompat\u00edvel com nova admiss\u00e3o em emprego p\u00fablico, como demiss\u00e3o por justa causa de \u00f3rg\u00e3o ou entidade da administra\u00e7\u00e3o p\u00fablica direta ou indireta em qualquer esfera (federal, estadual ou municipal);<\/li>\n\n\n\n<li>N\u00e3o estar acumulando, de forma irregular, emprego p\u00fablico, fun\u00e7\u00e3o p\u00fablica ou aposentadoria pelo regime pr\u00f3prio de previd\u00eancia social dos servidores p\u00fablicos, em desacordo com as hip\u00f3teses legais e constitucionais de acumula\u00e7\u00e3o l\u00edcita;<\/li>\n\n\n\n<li>Estar com o CPF regularizado;<\/li>\n\n\n\n<li>Entregar, no momento da convoca\u00e7\u00e3o, todos os documentos comprobat\u00f3rios dos requisitos exigidos para o emprego p\u00fablico;\n<ul class=\"wp-block-list\"><li>O requisito de escolaridade dever\u00e1 ser comprovado mediante diploma, certificado ou declara\u00e7\u00e3o emitida por institui\u00e7\u00e3o de ensino oficial ou particular, devidamente registrada nos \u00f3rg\u00e3os competentes;<\/li>\n\n\n\n<li>O registro e a regularidade junto ao respectivo conselho de classe dever\u00e3o ser apresentados, quando exigidos para o cargo;<\/li>\n\n\n\n<li>Os demais requisitos dever\u00e3o ser comprovados por meio de documenta\u00e7\u00e3o h\u00e1bil, emitida conforme as normas legais vigentes.<\/li>\n<\/ul><\/li>\n<\/ul><h2 class=\"wp-block-heading\" id=\"atribuies-da-artesp\">Atribui\u00e7\u00f5es da Artesp<\/h2>\n\n\n\n<p>Confira as atividades previstas para os cargos do concurso Artesp:<\/p>\n\n\n\n<h3 class=\"wp-block-heading\">Agente de Fiscaliza\u00e7\u00e3o \u00e0 Regula\u00e7\u00e3o de Transporte<\/h3>\n\n\n\n<p>Realiza atividades de fiscaliza\u00e7\u00e3o e de apoio administrativo e operacional \u00e0s diretorias da ARTESP. Suas atribui\u00e7\u00f5es incluem analisar dados e relat\u00f3rios t\u00e9cnicos, avaliar recursos administrativos de multas, fornecer subs\u00eddios para elabora\u00e7\u00e3o de normas e procedimentos e realizar vistorias externas em munic\u00edpios paulistas. O agente pode conduzir viaturas da Ag\u00eancia e desempenhar fun\u00e7\u00f5es de apoio t\u00e9cnico conforme sua forma\u00e7\u00e3o, contribuindo para o acompanhamento e controle de contratos de concess\u00e3o e servi\u00e7os permissionados.<\/p>\n\n\n\n<h3 class=\"wp-block-heading\">Analista de Suporte \u00e0 Regula\u00e7\u00e3o de Transporte<\/h3>\n\n\n\n<p>Desempenha atividades t\u00e9cnico-administrativas voltadas ao suporte das diretorias da ARTESP. Atua nas \u00e1reas de recursos humanos, or\u00e7amento, finan\u00e7as, comunica\u00e7\u00e3o, inform\u00e1tica e aquisi\u00e7\u00e3o de bens e servi\u00e7os. Entre suas responsabilidades est\u00e3o elaborar termos de refer\u00eancia, acompanhar a execu\u00e7\u00e3o de contratos, fiscalizar servi\u00e7os terceirizados e propor melhorias administrativas. Tamb\u00e9m presta apoio a atividades especializadas de regula\u00e7\u00e3o, fiscaliza\u00e7\u00e3o e controle de servi\u00e7os p\u00fablicos delegados, conforme determina\u00e7\u00e3o da chefia imediata.<\/p>\n\n\n\n<h3 class=\"wp-block-heading\">Especialista em Regula\u00e7\u00e3o de Transporte I<\/h3>\n\n\n\n<p>Executa atividades de alta complexidade relacionadas \u00e0 regula\u00e7\u00e3o, fiscaliza\u00e7\u00e3o e controle da presta\u00e7\u00e3o de servi\u00e7os p\u00fablicos delegados de transporte. \u00c9 respons\u00e1vel por emitir pareceres t\u00e9cnicos, propor solu\u00e7\u00f5es para quest\u00f5es contratuais, participar da elabora\u00e7\u00e3o de editais e estudos de viabilidade, conduzir audi\u00eancias p\u00fablicas e acompanhar a execu\u00e7\u00e3o dos contratos de concess\u00e3o e permiss\u00e3o. Tamb\u00e9m orienta agentes e analistas, gerencia informa\u00e7\u00f5es confidenciais, realiza vistorias externas e conduz viaturas da ARTESP. Atua ainda na administra\u00e7\u00e3o, supervis\u00e3o e regula\u00e7\u00e3o dos contratos e servi\u00e7os sob responsabilidade da Ag\u00eancia.<\/p>\n\n\n\n<h2 class=\"wp-block-heading\" id=\"etapas-e-provas\">Etapas e provas<\/h2>\n\n\n\n<p>O concurso Artesp, organizado pela FCC, contar\u00e1 com tr\u00eas etapas de avalia\u00e7\u00e3o, aplicadas de acordo com o cargo e o n\u00edvel de escolaridade. Todas as provas ser\u00e3o realizadas <strong>na cidade de S\u00e3o Paulo (SP)<\/strong>.<\/p>\n\n\n\n<p>Os candidatos ser\u00e3o avaliados por meio das seguintes fases:<\/p>\n\n\n\n<ul class=\"wp-block-list\"><li><strong>Prova objetiva<\/strong>, de car\u00e1ter <strong>eliminat\u00f3rio e classificat\u00f3rio<\/strong>, para todos os cargos;<\/li>\n\n\n\n<li><strong>Prova discursiva<\/strong>, de car\u00e1ter <strong>eliminat\u00f3rio e classificat\u00f3rio<\/strong>, para cargos de <strong>n\u00edvel superior<\/strong>;<\/li>\n\n\n\n<li><strong>Prova de t\u00edtulos<\/strong>, de car\u00e1ter <strong>classificat\u00f3rio<\/strong>, tamb\u00e9m para cargos de <strong>n\u00edvel superior<\/strong>.<\/li>\n<\/ul><h3 class=\"wp-block-heading\">Prova objetiva<\/h3>\n\n\n\n<p>A prova objetiva foi realizada no <strong>25 de janeiro de 2026<\/strong>, com dura\u00e7\u00e3o de <strong>4 horas<\/strong> para cargos de <strong>n\u00edvel m\u00e9dio<\/strong> e <strong>5 horas<\/strong> para cargos de <strong>n\u00edvel superior<\/strong>.<\/p>\n\n\n\n<p>Essa etapa foi composta por <strong>quest\u00f5es de m\u00faltipla escolha<\/strong>, com <strong>cinco alternativas e apenas uma correta<\/strong>, distribu\u00eddas da seguinte forma:<\/p>\n\n\n\n<p>Ser\u00e1 considerado <strong>habilitado<\/strong> o candidato que alcan\u00e7ar <strong>pontua\u00e7\u00e3o total igual ou superior a 150 pontos<\/strong>, no somat\u00f3rio das notas padronizadas das provas de Conhecimentos Gerais e Espec\u00edficos.<\/p>\n\n\n\n<h4 class=\"wp-block-heading\">Gabarito preliminar <\/h4>\n\n\n\n<p>Os gabaritos preliminares do concurso Artesp foram divulgados e j\u00e1 podem ser consultados no <a href=\"https:\/\/www.concursosfcc.com.br\/portal_candidato\/#\/\" target=\"_blank\" rel=\"noreferrer noopener\">site da Funda\u00e7\u00e3o Carlos Chagas (FCC).<\/a><\/p>\n\n\n\n<p>O per\u00edodo para interposi\u00e7\u00e3o de recursos contra os gabaritos e as quest\u00f5es das provas estar\u00e1 aberto nos dias 27 e 28 de janeiro. Eventuais contesta\u00e7\u00f5es dever\u00e3o ser realizadas exclusivamente por meio do site da banca organizadora.<\/p>\n\n\n\n<h3 class=\"wp-block-heading\">Prova discursiva \u2013 reda\u00e7\u00e3o<\/h3>\n\n\n\n<p>A prova discursiva (reda\u00e7\u00e3o) ser\u00e1 aplicada apenas para o cargo de <strong>Analista de Suporte \u00e0 Regula\u00e7\u00e3o de Transporte I<\/strong>. Essa etapa ocorrer\u00e1 no mesmo dia e hor\u00e1rio da prova objetiva, tendo car\u00e1ter <strong>eliminat\u00f3rio e classificat\u00f3rio<\/strong>.<\/p>\n\n\n\n<p>O candidato dever\u00e1 produzir um <strong>texto dissertativo-argumentativo<\/strong>, com <strong>20 a 30 linhas<\/strong>, sobre tema de interesse geral, utilizando linguagem clara, coesa e de acordo com a norma-padr\u00e3o da l\u00edngua portuguesa.<\/p>\n\n\n\n<p>A corre\u00e7\u00e3o ser\u00e1 feita apenas para os candidatos melhor classificados na prova objetiva, respeitando os limites definidos no edital.<\/p>\n\n\n\n<p>A reda\u00e7\u00e3o ser\u00e1 avaliada em <strong>escala de 0 a 100 pontos<\/strong>, conforme os crit\u00e9rios:<\/p>\n\n\n\n<ul class=\"wp-block-list\"><li><strong>Tema e argumenta\u00e7\u00e3o:<\/strong> at\u00e9 70 pontos (interpreta\u00e7\u00e3o, progress\u00e3o textual e criticidade);<\/li>\n\n\n\n<li><strong>Coes\u00e3o e dom\u00ednio da norma-padr\u00e3o:<\/strong> at\u00e9 30 pontos (vocabul\u00e1rio, estrutura sint\u00e1tica e ortografia).<\/li>\n<\/ul><p>Ser\u00e1 considerado <strong>habilitado<\/strong> o candidato que obtiver <strong>nota igual ou superior a 60 pontos<\/strong>.<\/p>\n\n\n\n<h3 class=\"wp-block-heading\">Prova discursiva (estudo de caso)<\/h3>\n\n\n\n<p>A prova discursiva do tipo estudo de caso ser\u00e1 aplicada aos cargos de <strong>Especialista em Regula\u00e7\u00e3o de Transporte I<\/strong>, tamb\u00e9m no mesmo dia e local da prova objetiva.<\/p>\n\n\n\n<p>O candidato dever\u00e1 apresentar, por escrito, uma solu\u00e7\u00e3o t\u00e9cnica e fundamentada para um caso pr\u00e1tico, diretamente relacionado \u00e0s atribui\u00e7\u00f5es do cargo e ao conte\u00fado de Conhecimentos Espec\u00edficos.<\/p>\n\n\n\n<p>A prova valer\u00e1 <strong>100 pontos<\/strong>. Ser\u00e1 considerado <strong>habilitado<\/strong> o candidato que obtiver <strong>nota igual ou superior a 60 pontos<\/strong>.<\/p>\n\n\n\n<p>A corre\u00e7\u00e3o ser\u00e1 limitada aos candidatos melhor classificados na prova objetiva, segundo os crit\u00e9rios do edital. <\/p>\n\n\n\n<h3 class=\"wp-block-heading\">Prova de t\u00edtulos<\/h3>\n\n\n\n<p>A prova de t\u00edtulos, de car\u00e1ter <strong>classificat\u00f3rio<\/strong>, ser\u00e1 aplicada apenas aos cargos de <strong>n\u00edvel superior<\/strong>, ap\u00f3s a corre\u00e7\u00e3o das provas discursivas.<\/p>\n\n\n\n<p>Ser\u00e3o aceitos <strong>t\u00edtulos de cursos t\u00e9cnicos, superiores e de p\u00f3s-gradua\u00e7\u00e3o<\/strong> (especializa\u00e7\u00e3o, mestrado ou doutorado), desde que relacionados \u00e0s \u00e1reas descritas nos anexos do edital.<\/p>\n\n\n\n<p>A pontua\u00e7\u00e3o m\u00e1xima atribu\u00edda ser\u00e1 de <strong>15 pontos<\/strong>, ainda que a soma dos t\u00edtulos apresentados ultrapasse esse limite.<\/p>\n\n\n\n<p>Os documentos comprobat\u00f3rios dever\u00e3o ser enviados em c\u00f3pia autenticada, respeitando as exig\u00eancias do Conselho Nacional de Educa\u00e7\u00e3o e as normas previstas pela banca organizadora.<\/p>\n\n\n\n<h2 class=\"wp-block-heading\" id=\"o-que-cai-no-concurso-artesp\">O que cai no concurso Artesp?<\/h2>\n\n\n\n<p>Confira quais ser\u00e3o os principais conte\u00fados cobrados na prova do concurso Artesp:<\/p>\n\n\n\n<h3 class=\"wp-block-heading\">L\u00edngua Portuguesa<\/h3>\n\n\n\n<ul class=\"wp-block-list\"><li>Leitura e interpreta\u00e7\u00e3o de diversos tipos de textos (liter\u00e1rios e n\u00e3o liter\u00e1rios).<\/li>\n\n\n\n<li>Sin\u00f4nimos e ant\u00f4nimos.<\/li>\n\n\n\n<li>Sentido pr\u00f3prio e figurado das palavras.<\/li>\n\n\n\n<li>Pontua\u00e7\u00e3o.<\/li>\n\n\n\n<li>Classes de palavras: substantivo, adjetivo, numeral, artigo, pronome, verbo, adv\u00e9rbio, preposi\u00e7\u00e3o e conjun\u00e7\u00e3o \u2013 emprego e sentido nas rela\u00e7\u00f5es que estabelecem.<\/li>\n\n\n\n<li>Concord\u00e2ncia verbal e nominal.<\/li>\n\n\n\n<li>Reg\u00eancia verbal e nominal.<\/li>\n\n\n\n<li>Coloca\u00e7\u00e3o pronominal.<\/li>\n\n\n\n<li>Uso da crase.<\/li>\n<\/ul><h3 class=\"wp-block-heading\">Matem\u00e1tica e Racioc\u00ednio L\u00f3gico<\/h3>\n\n\n\n<ul class=\"wp-block-list\"><li>Conjuntos num\u00e9ricos: naturais, inteiros, racionais e reais.<\/li>\n\n\n\n<li>M\u00faltiplos, divisores e n\u00fameros primos.<\/li>\n\n\n\n<li>Pot\u00eancias e ra\u00edzes.<\/li>\n\n\n\n<li>Propor\u00e7\u00e3o.<\/li>\n\n\n\n<li>Sistemas de Unidades de Medidas: comprimento, \u00e1rea, volume, massa e tempo.<\/li>\n\n\n\n<li>Raz\u00e3o e propor\u00e7\u00e3o: regra de tr\u00eas simples e composta.<\/li>\n\n\n\n<li>Porcentagem.<\/li>\n\n\n\n<li>Juros simples e compostos.<\/li>\n\n\n\n<li>Equa\u00e7\u00e3o do 1\u00ba grau, do 2\u00ba grau, sistemas de equa\u00e7\u00f5es, equa\u00e7\u00f5es exponenciais e logar\u00edtmicas.<\/li>\n\n\n\n<li>Fun\u00e7\u00f5es: afins, quadr\u00e1ticas, exponenciais e logar\u00edtmicas.<\/li>\n\n\n\n<li>Progress\u00f5es aritm\u00e9ticas e geom\u00e9tricas.<\/li>\n\n\n\n<li>An\u00e1lise combinat\u00f3ria: permuta\u00e7\u00e3o, arranjo e combina\u00e7\u00e3o.<\/li>\n\n\n\n<li>Probabilidade.<\/li>\n\n\n\n<li>Estat\u00edstica b\u00e1sica: leitura e interpreta\u00e7\u00e3o de dados em tabelas e gr\u00e1ficos; medidas de tend\u00eancia central (m\u00e9dia, mediana e moda).<\/li>\n\n\n\n<li>Rela\u00e7\u00e3o entre grandezas.<\/li>\n\n\n\n<li>Interpreta\u00e7\u00e3o e elabora\u00e7\u00e3o de tabelas e gr\u00e1ficos.<\/li>\n\n\n\n<li>Geometria plana: pol\u00edgonos, circunfer\u00eancia, c\u00edrculo, teorema de Pit\u00e1goras, trigonometria no tri\u00e2ngulo ret\u00e2ngulo, per\u00edmetros e \u00e1reas.<\/li>\n\n\n\n<li>Geometria espacial: prisma, pir\u00e2mide, cilindro, cone e esfera; \u00e1reas e volumes.<\/li>\n\n\n\n<li>Estrutura l\u00f3gica de rela\u00e7\u00f5es arbitr\u00e1rias entre pessoas, lugares, objetos ou eventos; dedu\u00e7\u00e3o de novas informa\u00e7\u00f5es a partir de rela\u00e7\u00f5es fornecidas.<\/li>\n\n\n\n<li>Compreens\u00e3o e elabora\u00e7\u00e3o de l\u00f3gica por meio de racioc\u00ednio verbal, matem\u00e1tico, sequencial, orienta\u00e7\u00e3o espacial e temporal.<\/li>\n\n\n\n<li>Forma\u00e7\u00e3o de conceitos, discrimina\u00e7\u00e3o de elementos e infer\u00eancias l\u00f3gicas.<\/li>\n<\/ul><h3 class=\"wp-block-heading\">Administra\u00e7\u00e3o P\u00fablica (No\u00e7\u00f5es de Direito Constitucional e Administrativo)<\/h3>\n\n\n\n<ul class=\"wp-block-list\"><li>Constitui\u00e7\u00e3o da Rep\u00fablica Federativa do Brasil de 1988: direitos e garantias fundamentais e organiza\u00e7\u00e3o do Estado.<\/li>\n\n\n\n<li>Constitui\u00e7\u00e3o do Estado de S\u00e3o Paulo, Artigo 111: princ\u00edpios que regem a Administra\u00e7\u00e3o P\u00fablica paulista.<\/li>\n\n\n\n<li>Licita\u00e7\u00f5es e contratos administrativos: Lei Federal n\u00ba 14.133\/2021 e Decreto n\u00ba 67.608\/2023.<\/li>\n\n\n\n<li>Lei Estadual n\u00ba 10.177\/1998: processo administrativo e procedimento sancionat\u00f3rio.<\/li>\n\n\n\n<li>Lei Federal n\u00ba 12.527\/2011 e Decreto n\u00ba 68.155\/2023: acesso \u00e0 informa\u00e7\u00e3o.<\/li>\n\n\n\n<li>Decreto n\u00ba 69.328\/2025: \u00e9tica na administra\u00e7\u00e3o p\u00fablica do Estado de S\u00e3o Paulo.<\/li>\n\n\n\n<li>C\u00f3digo de \u00c9tica e Conduta da ARTESP.<\/li>\n\n\n\n<li>Lei Estadual n\u00ba 10.294\/1999 (atualizada pela LC n\u00ba 1.149\/2024): prote\u00e7\u00e3o e defesa do usu\u00e1rio do servi\u00e7o p\u00fablico do Estado de S\u00e3o Paulo.<\/li>\n<\/ul><h3 class=\"wp-block-heading\">Regula\u00e7\u00e3o e Ag\u00eancias Reguladoras<\/h3>\n\n\n\n<ul class=\"wp-block-list\"><li>Lei Federal n\u00ba 11.079\/2004 (Parcerias P\u00fablico-Privadas).<\/li>\n\n\n\n<li>Lei Estadual n\u00ba 11.688\/2004 (atualizada at\u00e9 a Lei n\u00ba 17.293\/2020).<\/li>\n\n\n\n<li>Lei n\u00ba 17.293\/2020, Se\u00e7\u00e3o X.<\/li>\n\n\n\n<li>Lei Estadual n\u00ba 9.361\/1996.<\/li>\n\n\n\n<li>Legisla\u00e7\u00e3o pertinente \u00e0 ARTESP:\n<ul class=\"wp-block-list\"><li>Lei Complementar n\u00ba 914\/2002.<\/li>\n\n\n\n<li>Lei Complementar n\u00ba 1.413\/2024.<\/li>\n\n\n\n<li>Decreto n\u00ba 69.339\/2025.<\/li>\n\n\n\n<li>Regimento Interno da ARTESP (vigente at\u00e9 a publica\u00e7\u00e3o do edital).<\/li>\n<\/ul><\/li>\n<\/ul><h3 class=\"wp-block-heading\">Excel<\/h3>\n\n\n\n<ul class=\"wp-block-list\"><li>Formata\u00e7\u00e3o condicional.<\/li>\n\n\n\n<li>Filtros.<\/li>\n\n\n\n<li>Fun\u00e7\u00f5es de pesquisa: PROCX, PROCV e PROCH.<\/li>\n\n\n\n<li>Operadores aritm\u00e9ticos: soma, subtra\u00e7\u00e3o, multiplica\u00e7\u00e3o e pot\u00eancia.<\/li>\n\n\n\n<li>Operadores condicionais: SE, E e OU.<\/li>\n\n\n\n<li>Tabela din\u00e2mica e gr\u00e1ficos din\u00e2micos.<\/li>\n\n\n\n<li>F\u00f3rmulas de texto: EXT.TEXTO, N\u00daM.CARACT, CONCATENAR, DIREITA, ESQUERDA e LOCALIZAR.<\/li>\n<\/ul><h2 class=\"wp-block-heading\" id=\"materiais-preparatrios\">Materiais preparat\u00f3rios<\/h2>\n\n\n\n<p>Para conquistar a aprova\u00e7\u00e3o no concurso Artesp 2025 \u00e9 essencial contar com materiais de estudo eficazes e uma rotina disciplinada de prepara\u00e7\u00e3o.<\/p>\n\n\n\n<p>Na\u00a0<a href=\"https:\/\/www.novaconcursos.com.br\/\">Nova Concursos<\/a>, voc\u00ea encontra a melhor base para alcan\u00e7ar seus objetivos, com mais de\u00a0<strong>70 mil aprovados<\/strong>\u00a0em todo o Brasil! Nossa metodologia combina qualidade e conte\u00fado completo, projetado para tornar sua prepara\u00e7\u00e3o mais eficiente e direcionada.<\/p>\n\n\n\n<p>Saiba quais s\u00e3o os materiais que v\u00e3o impulsionar seus estudos e d\u00ea o pr\u00f3ximo passo rumo \u00e0 sua vaga no concurso Artesp!<\/p>\n\n\n\n<h3 class=\"wp-block-heading\">Curso Online Artesp<\/h3>\n\n\n\n<p>O <strong>Curso Online Artesp<\/strong> est\u00e1 atualizado conforme o \u00faltimo edital e oferece uma prepara\u00e7\u00e3o completa para os candidatos! As aulas est\u00e3o organizadas por disciplina e assunto, seguindo a mesma estrutura do edital para otimizar seus estudos. Prepare-se com um material de excel\u00eancia e aumente suas chances no concurso Artesp!<\/p>\n\n\n\n<div class=\"nova-continue-reading\"><a href=\"https:\/\/www.novaconcursos.com.br\/concurso\/artesp\/cursos-online\">Adquira j\u00e1: Curso Online Artesp<\/a><\/div>\n\n\n\n<h3 class=\"wp-block-heading\">Apostila Artesp<\/h3>\n\n\n\n<p>Garanta sua aprova\u00e7\u00e3o com a <a href=\"https:\/\/www.novaconcursos.com.br\/concurso\/artesp\/apostilas\">apostila Artesp \u2013 Agente de Fiscaliza\u00e7\u00e3o \u00e0 Regula\u00e7\u00e3o de Transporte,<\/a> desenvolvida pela Nova Concursos. O material re\u00fane teoria atualizada conforme o \u00faltimo edital, quest\u00f5es comentadas da banca FCC e recursos exclusivos como dicas pr\u00e1ticas, mnem\u00f4nicos e fluxogramas. Com vers\u00e3o impressa e digital, voc\u00ea estuda de onde estiver e personaliza seus grifos e anota\u00e7\u00f5es. Invista na sua prepara\u00e7\u00e3o com um conte\u00fado completo e focado no que realmente cai na prova.<\/p>\n\n\n\n<h2 class=\"wp-block-heading\" id=\"quando-foi-o-ltimo-concurso-artesp\">Quando foi o \u00faltimo concurso Artesp?<\/h2>\n\n\n\n<p>O \u00faltimo concurso Artesp foi realizada em <strong>2016<\/strong>, sob organiza\u00e7\u00e3o da <a href=\"https:\/\/www.concursosfcc.com.br\/concursos\/pmter123\/index.html\" target=\"_blank\" rel=\"noopener\">Funda\u00e7\u00e3o Carlos Chagas (FCC)<\/a>.<\/p>\n\n\n\n<p>\u00c0 \u00e9poca, foram ofertadas <strong>161 vagas<\/strong> de n\u00edvel m\u00e9dio e superior, distribu\u00eddas entre:<\/p>\n\n\n\n<p><strong>N\u00edvel m\u00e9dio<\/strong><\/p>\n\n\n\n<ul class=\"wp-block-list\"><li>Agente de Fiscaliza\u00e7\u00e3o \u00e0 Regula\u00e7\u00e3o de Transporte (T\u00e9cnico em Contabilidade\/Administra\u00e7\u00e3o): 02 vagas<\/li>\n\n\n\n<li>Agente de Fiscaliza\u00e7\u00e3o \u00e0 Regula\u00e7\u00e3o de Transporte (Tecnologia de Informa\u00e7\u00e3o): 02 vagas<\/li>\n\n\n\n<li>Agente de Fiscaliza\u00e7\u00e3o \u00e0 Regula\u00e7\u00e3o de Transporte: 68 vagas<\/li>\n<\/ul><p>\u00a0<strong>N\u00edvel Superior<\/strong><\/p>\n\n\n\n<ul class=\"wp-block-list\"><li>Analista de Suporte \u00e0 Regula\u00e7\u00e3o de Transporte: 16 vagas<\/li>\n\n\n\n<li>Especialista em Regula\u00e7\u00e3o de Transporte I \u2013 Administra\u00e7\u00e3o de Empresas: 03 vagas\n<ul class=\"wp-block-list\"><li>Ci\u00eancias Cont\u00e1beis: 03 vagas<\/li>\n\n\n\n<li>Direito: 03 vagas<\/li>\n\n\n\n<li>Economia: 20 vagas<\/li>\n\n\n\n<li>Engenharia Civil: 20 vagas\n<ul class=\"wp-block-list\"><li>\u00a0Meio Ambiente: 01 vaga<\/li>\n<\/ul><\/li>\n\n\n\n<li>Gest\u00e3o P\u00fablica: 01 vaga<\/li>\n\n\n\n<li>Tecnologia da Informa\u00e7\u00e3o: 06 vagas<\/li>\n<\/ul><\/li>\n\n\n\n<li>Especialista em Regula\u00e7\u00e3o de Transporte III \u2013 Direito: 04 vagas\n<ul class=\"wp-block-list\"><li>Engenharia Civil: 09 vagas\n<ul class=\"wp-block-list\"><li>Rodovias\/ Transportes: 11 vagas<\/li>\n\n\n\n<li>Estruturas: 02 vagas<\/li>\n\n\n\n<li>Geotecnia: 01 vaga<\/li>\n\n\n\n<li>Meio Ambiente: 01 vaga<\/li>\n\n\n\n<li>Pavimenta\u00e7\u00e3o: 02 vagas<\/li>\n\n\n\n<li>Eletr\u00f4nica: 01 vaga<\/li>\n<\/ul><\/li>\n<\/ul><\/li>\n<\/ul><h3 class=\"wp-block-heading\">Etapas de sele\u00e7\u00e3o<\/h3>\n\n\n\n<p>O certame foi realizado em <strong>tr\u00eas<\/strong> etapas:<\/p>\n\n\n\n<ul class=\"wp-block-list\"><li>Prova Objetiva<\/li>\n\n\n\n<li>Reda\u00e7\u00e3o (somente para n\u00edvel superior)<\/li>\n\n\n\n<li>Prova de T\u00edtulos (exceto para Agente de Fiscaliza\u00e7\u00e3o e Especialista em Regula\u00e7\u00e3o de Transporte III)<\/li>\n<\/ul><h4 class=\"wp-block-heading\">Prova objetiva<\/h4>\n\n\n\n<p>De car\u00e1ter eliminat\u00f3rio e classificat\u00f3rio, esta etapa foi distribu\u00edda da seguinte forma:<\/p>\n\n\n\n<p><strong>N\u00edvel m\u00e9dio (70 quest\u00f5es)<\/strong><\/p>\n\n\n\n<ul class=\"wp-block-list\"><li>Conhecimentos Gerais\n<ul class=\"wp-block-list\"><li>L\u00edngua Portuguesa<\/li>\n\n\n\n<li>Matem\u00e1tica e Racioc\u00ednio L\u00f3gico<\/li>\n\n\n\n<li>No\u00e7\u00f5es de Inform\u00e1tica (exceto para T.I.)<\/li>\n<\/ul><\/li>\n\n\n\n<li>Conhecimentos Espec\u00edficos<\/li>\n<\/ul><p><strong>N\u00edvel Superior (80 quest\u00f5es)<\/strong><\/p>\n\n\n\n<ul class=\"wp-block-list\"><li>L\u00edngua Portuguesa<\/li>\n\n\n\n<li>No\u00e7\u00f5es de Inform\u00e1tica (exceto para Especialista I \u2013 T.I.)<\/li>\n\n\n\n<li>Administra\u00e7\u00e3o P\u00fablica (exceto para Especialista I e III \u2013 DIREITO)<\/li>\n<\/ul><h2 class=\"wp-block-heading\" id=\"sobre-a-artesp\">Sobre a Artesp<\/h2>\n\n\n\n<p>A <a href=\"http:\/\/www.artesp.sp.gov.br\/\" target=\"_blank\" data-type=\"link\" data-id=\"http:\/\/www.artesp.sp.gov.br\/\" rel=\"noreferrer noopener\">Artesp (Ag\u00eancia de Transporte do Estado de S\u00e3o Paulo)<\/a> \u00e9 uma autarquia de regime especial criada em 2002, com autonomia para fiscalizar e regulamentar os servi\u00e7os p\u00fablicos de transporte no estado. Seu trabalho abrange todas as modalidades, garantindo qualidade, seguran\u00e7a e efici\u00eancia para os usu\u00e1rios.<\/p>\n\n\n\n<p>Al\u00e9m da fiscaliza\u00e7\u00e3o, a ARTESP tamb\u00e9m regula contratos e concess\u00f5es, assegurando que as empresas cumpram suas obriga\u00e7\u00f5es e ofere\u00e7am um servi\u00e7o adequado \u00e0 popula\u00e7\u00e3o paulista.<\/p>\n\n\n\n<h2 class=\"wp-block-heading\" id=\"perguntas-frequentes\">Perguntas frequentes<\/h2>\n\n\n\n<p>Confira as perguntas frequentes sobre o concurso Artesp:<\/p>\n\n\n<div id=\"rank-math-faq\" class=\"rank-math-block\">\n<div class=\"rank-math-list \">\n<div id=\"faq-question-1756826047908\" class=\"rank-math-list-item\">\n<h3 class=\"rank-math-question \"><strong>Quantas vagas no concurso Artesp?<\/strong><\/h3>\n<div class=\"rank-math-answer \">\n\n<p>Ser\u00e3o ofertadas 142 vagas para n\u00edveis m\u00e9dio e superior.<\/p>\n\n<\/div>\n<\/div>\n<div id=\"faq-question-1756826107277\" class=\"rank-math-list-item\">\n<h3 class=\"rank-math-question \"><strong>Quais os cargos do concurso Artesp?<\/strong><\/h3>\n<div class=\"rank-math-answer \">\n\n<p>Agente de Fiscaliza\u00e7\u00e3o \u00e0 Regula\u00e7\u00e3o de Transporte (n\u00edvel m\u00e9dio), Analista de Suporte \u00e0 Regula\u00e7\u00e3o de Transporte e Especialista em Regula\u00e7\u00e3o de Transporte (n\u00edvel superior).<\/p>\n\n<\/div>\n<\/div>\n<div id=\"faq-question-1756826121884\" class=\"rank-math-list-item\">\n<h3 class=\"rank-math-question \"><strong>Quanto ganha um concursado da Artesp?<\/strong><\/h3>\n<div class=\"rank-math-answer \">\n\n<p>O sal\u00e1rio \u00e9 de R$ 3.944,00 para n\u00edvel m\u00e9dio e entre R$ 10.366,00 e R$ 12.070,00 para n\u00edvel superior, al\u00e9m de benef\u00edcios.<\/p>\n\n<\/div>\n<\/div>\n<div id=\"faq-question-1756826135533\" class=\"rank-math-list-item\">\n<h3 class=\"rank-math-question \"><strong>Quais s\u00e3o os benef\u00edcios da ARTESP?<\/strong><\/h3>\n<div class=\"rank-math-answer \">\n\n<p>Vale-alimenta\u00e7\u00e3o, vale-transporte, assist\u00eancia m\u00e9dica e odontol\u00f3gica e plano de previd\u00eancia complementar.<\/p>\n\n<\/div>\n<\/div>\n<div id=\"faq-question-1756826165446\" class=\"rank-math-list-item\">\n<h3 class=\"rank-math-question \"><strong>Quem pode participar do concurso?<\/strong><\/h3>\n<div class=\"rank-math-answer \">\n\n<p>Candidatos a partir de 18 anos que atendam aos requisitos b\u00e1sicos e \u00e0 forma\u00e7\u00e3o exigida para cada cargo.<\/p>\n\n<\/div>\n<\/div>\n<div id=\"faq-question-1761910805119\" class=\"rank-math-list-item\">\n<h3 class=\"rank-math-question \">Qual a idade m\u00e1xima para o concurso Artesp?<\/h3>\n<div class=\"rank-math-answer \">\n\n<p>N\u00e3o existe uma idade m\u00e1xima definida para o concurso Artesp.<\/p>\n\n<\/div>\n<\/div>\n<div id=\"faq-question-1761910882382\" class=\"rank-math-list-item\">\n<h3 class=\"rank-math-question \">Para fazer concurso da Artesp precisa ter o nome limpo?<\/h3>\n<div class=\"rank-math-answer \">\n\n<p>N\u00e3o h\u00e1 uma previs\u00e3o expressa no edital do concurso Artesp de que restri\u00e7\u00f5es financeiras possam impedir candidatos.<\/p>\n\n<\/div>\n<\/div>\n<\/div>\n<\/div>","protected":false},"excerpt":{"rendered":"<p>O concurso Artesp oferta 142 vagas para n\u00edveis m\u00e9dio e superior, com sal\u00e1rios de at\u00e9 R$12 mil!<\/p>\n","protected":false},"author":54679,"featured_media":298081,"comment_status":"closed","ping_status":"closed","sticky":false,"template":"","format":"standard","meta":{"_acf_changed":false,"footnotes":"","_wp_rev_ctl_limit":""},"categories":[44999,44939,44949],"tags":[16134,45026],"class_list":["post-33059","post","type-post","status-publish","format-standard","has-post-thumbnail","hentry","category-concursos","category-carreira-administrativa","category-sp","tag-concurso-artesp","tag-concursos-abertos-sp-2"],"acf":[],"_links":{"self":[{"href":"https:\/\/www.novaconcursos.com.br\/portal\/wp-json\/wp\/v2\/posts\/33059","targetHints":{"allow":["GET"]}}],"collection":[{"href":"https:\/\/www.novaconcursos.com.br\/portal\/wp-json\/wp\/v2\/posts"}],"about":[{"href":"https:\/\/www.novaconcursos.com.br\/portal\/wp-json\/wp\/v2\/types\/post"}],"author":[{"embeddable":true,"href":"https:\/\/www.novaconcursos.com.br\/portal\/wp-json\/wp\/v2\/users\/54679"}],"replies":[{"embeddable":true,"href":"https:\/\/www.novaconcursos.com.br\/portal\/wp-json\/wp\/v2\/comments?post=33059"}],"version-history":[{"count":28,"href":"https:\/\/www.novaconcursos.com.br\/portal\/wp-json\/wp\/v2\/posts\/33059\/revisions"}],"predecessor-version":[{"id":303338,"href":"https:\/\/www.novaconcursos.com.br\/portal\/wp-json\/wp\/v2\/posts\/33059\/revisions\/303338"}],"wp:featuredmedia":[{"embeddable":true,"href":"https:\/\/www.novaconcursos.com.br\/portal\/wp-json\/wp\/v2\/media\/298081"}],"wp:attachment":[{"href":"https:\/\/www.novaconcursos.com.br\/portal\/wp-json\/wp\/v2\/media?parent=33059"}],"wp:term":[{"taxonomy":"category","embeddable":true,"href":"https:\/\/www.novaconcursos.com.br\/portal\/wp-json\/wp\/v2\/categories?post=33059"},{"taxonomy":"post_tag","embeddable":true,"href":"https:\/\/www.novaconcursos.com.br\/portal\/wp-json\/wp\/v2\/tags?post=33059"}],"curies":[{"name":"wp","href":"https:\/\/api.w.org\/{rel}","templated":true}]}}