{"id":33543,"date":"2026-08-17T10:30:01","date_gmt":"2026-08-17T13:30:01","guid":{"rendered":"http:\/\/www.novaconcursos.com.br\/portal\/?post_type=nc-public-tender&#038;p=33543"},"modified":"2026-08-17T10:30:12","modified_gmt":"2026-08-17T13:30:12","slug":"concurso-pm-pr","status":"publish","type":"post","link":"https:\/\/www.novaconcursos.com.br\/portal\/concursos\/concurso-pm-pr\/","title":{"rendered":"Concurso PM PR: Amplia\u00e7\u00e3o de vagas e novo certame autorizado!"},"content":{"rendered":"<p class=\"wp-block-paragraph\">O <strong>Concurso PM PR<\/strong> \u00e9 a sele\u00e7\u00e3o da <strong>Pol\u00edcia Militar do Estado do Paran\u00e1 (PMPR)<\/strong> para o ingresso de novos profissionais na corpora\u00e7\u00e3o. Uma nova sele\u00e7\u00e3o j\u00e1 foi autorizada internamente, aumentando a expectativa pela publica\u00e7\u00e3o de um novo edital.<\/p>\n\n\n\n<p class=\"wp-block-paragraph\">Al\u00e9m disso, a <strong>Lei n\u00ba 21.925\/2024<\/strong> criou <strong>273 novas vagas<\/strong> no quadro da corpora\u00e7\u00e3o. Com a medida, o efetivo previsto da Pol\u00edcia Militar do Paran\u00e1 chega a <strong>23.469 policiais<\/strong>.<\/p>\n\n\n\n<p class=\"wp-block-paragraph\">Segundo a Ag\u00eancia Estadual de Not\u00edcias do Paran\u00e1, os novos profissionais ser\u00e3o contratados por meio de concurso p\u00fablico. A seguir, confira mais detalhes sobre o Concurso PM PR e as novidades previstas para a sele\u00e7\u00e3o!<\/p>\n\n\n\n<h2 class=\"wp-block-heading\" id=\"concurso-pm-pr-situao-atual\">Concurso PM PR: Situa\u00e7\u00e3o atual!<\/h2>\n\n\n\n<p class=\"wp-block-paragraph\">Um novo <strong>concurso PM PR<\/strong> foi autorizado internamente no dia 11 de agosto, por meio de despacho governamental registrado no sistema e-Protocolo. Com o aval, a Pol\u00edcia Militar do Paran\u00e1 poder\u00e1 avan\u00e7ar nos procedimentos administrativos necess\u00e1rios para a realiza\u00e7\u00e3o da sele\u00e7\u00e3o. Veja:<\/p>\n\n\n\n<figure class=\"wp-block-image size-full\"><a href=\"https:\/\/www.novaconcursos.com.br\/portal\/wp-content\/uploads\/2026\/08\/image-176.webp\"><img decoding=\"async\" width=\"1020\" height=\"597\" src=\"https:\/\/www.novaconcursos.com.br\/portal\/wp-content\/uploads\/2026\/08\/image-176.webp\" alt=\"pm pr\" class=\"wp-image-312882\" loading=\"lazy\" title=\"\" srcset=\"https:\/\/www.novaconcursos.com.br\/portal\/wp-content\/uploads\/2026\/08\/image-176-300x176.webp 300w, https:\/\/www.novaconcursos.com.br\/portal\/wp-content\/uploads\/2026\/08\/image-176-480x281.webp 480w, https:\/\/www.novaconcursos.com.br\/portal\/wp-content\/uploads\/2026\/08\/image-176-768x450.webp 768w, https:\/\/www.novaconcursos.com.br\/portal\/wp-content\/uploads\/2026\/08\/image-176.webp 1020w\" sizes=\"auto, (max-width: 480px) 100vw, (max-width: 768px) 100vw, (max-width: 1200px) 70vw, 768px\"><\/a><figcaption><\/figcaption><\/figure><p class=\"wp-block-paragraph\">As oportunidades previstas ser\u00e3o destinadas aos cargos de <strong>Soldado e Cadete da PMPR<\/strong>. Apesar da autoriza\u00e7\u00e3o interna, o despacho que oficializa a medida <strong>ainda n\u00e3o foi publicado no Di\u00e1rio Oficial do Estado do Paran\u00e1<\/strong>.<\/p>\n\n\n\n<p class=\"wp-block-paragraph\">A realiza\u00e7\u00e3o de um novo certame j\u00e1 havia sido anunciada pelo secret\u00e1rio de Seguran\u00e7a P\u00fablica do Paran\u00e1, coronel Hudson. <\/p>\n\n\n\n<p class=\"wp-block-paragraph\">Na ocasi\u00e3o, ele informou que o governador Ratinho Junior havia autorizado a amplia\u00e7\u00e3o das vagas do concurso vigente e uma nova sele\u00e7\u00e3o para a Pol\u00edcia Militar e o Corpo de Bombeiros Militar do Paran\u00e1.<\/p>\n\n\n\n<p class=\"wp-block-paragraph\">Com a autoriza\u00e7\u00e3o encaminhada, a expectativa se volta para o avan\u00e7o dos preparativos que antecedem a publica\u00e7\u00e3o do edital. Informa\u00e7\u00f5es como <strong>n\u00famero de vagas, requisitos, cronograma e etapas da sele\u00e7\u00e3o<\/strong> dever\u00e3o ser divulgadas conforme o andamento dos tr\u00e2mites administrativos.<\/p>\n\n\n\n<h3 class=\"wp-block-heading\">Lei amplia quadro da PMPR com 273 novas vagas<\/h3>\n\n\n\n<p class=\"wp-block-paragraph\">A Lei n\u00ba 21.925\/2024 criou <strong>273 novas vagas<\/strong> no quadro da Pol\u00edcia Militar do Paran\u00e1, elevando o efetivo previsto da corpora\u00e7\u00e3o para <strong>23.469 policiais militares<\/strong>.<\/p>\n\n\n\n<p class=\"wp-block-paragraph\">A amplia\u00e7\u00e3o do quadro refor\u00e7a a perspectiva de novas contrata\u00e7\u00f5es. Segundo informa\u00e7\u00f5es divulgadas pela Ag\u00eancia Estadual de Not\u00edcias do Paran\u00e1, o preenchimento das novas vagas dever\u00e1 ocorrer por meio de concurso p\u00fablico.<\/p>\n\n\n\n<h3 class=\"wp-block-heading\">N\u00edvel superior passa a ser exigido para ingresso na PMPR<\/h3>\n\n\n\n<p class=\"wp-block-paragraph\">Outra mudan\u00e7a importante envolve a escolaridade dos candidatos. Com a Lei n\u00ba 21.828\/2023, os requisitos de ingresso nos concursos da Pol\u00edcia Militar e do Corpo de Bombeiros Militar do Paran\u00e1 foram alterados.<\/p>\n\n\n\n<p class=\"wp-block-paragraph\">Para o cargo de <strong>Soldado<\/strong>, passou a ser exigido <strong>n\u00edvel superior completo em qualquer \u00e1rea de forma\u00e7\u00e3o<\/strong>. J\u00e1 para <strong>Oficial da PMPR<\/strong>, \u00e9 necess\u00e1rio possuir <strong>bacharelado em Direito<\/strong>. No Corpo de Bombeiros, a forma\u00e7\u00e3o de n\u00edvel superior para Oficial pode ser em qualquer \u00e1rea do conhecimento.<\/p>\n\n\n\n<h2 class=\"wp-block-heading\" id=\"cargos-e-vagas-do-concurso-pm-pr\">Cargos e vagas do concurso PM PR<\/h2>\n\n\n\n<p class=\"wp-block-paragraph\">O concurso PM PR Soldado ofereceu <mark style=\"background-color:#8ed1fc\" class=\"has-inline-color\">2.000 vagas de n\u00edvel superior no \u00faltimo edital,<\/mark> distribu\u00eddas entre ampla concorr\u00eancia e candidatos autodeclarados afrodescendentes, com lota\u00e7\u00f5es em diferentes regi\u00f5es do estado.<\/p>\n\n\n\n<p class=\"wp-block-paragraph\">Confira a distribui\u00e7\u00e3o regional das vagas:<\/p>\n\n\n\n<p class=\"wp-block-paragraph\"><strong>1\u00aa Regi\u00e3o\/Curitiba<\/strong><\/p>\n\n\n\n<ul class=\"wp-block-list\"><li>Ampla concorr\u00eancia: 645 vagas<\/li>\n\n\n\n<li>Afrodescendentes: 72 vagas<\/li>\n\n\n\n<li>Total: 717 vagas<\/li>\n<\/ul><p class=\"wp-block-paragraph\"><strong>2\u00aa Regi\u00e3o\/Londrina<\/strong><\/p>\n\n\n\n<ul class=\"wp-block-list\"><li>Ampla concorr\u00eancia: 293 vagas<\/li>\n\n\n\n<li>Afrodescendentes: 33 vagas<\/li>\n\n\n\n<li>Total: 326 vagas<\/li>\n<\/ul><p class=\"wp-block-paragraph\"><strong>3\u00aa Regi\u00e3o\/Maring\u00e1<\/strong><\/p>\n\n\n\n<ul class=\"wp-block-list\"><li>Ampla concorr\u00eancia: 366 vagas<\/li>\n\n\n\n<li>Afrodescendentes: 41 vagas<\/li>\n\n\n\n<li>Total: 407 vagas<\/li>\n<\/ul><p class=\"wp-block-paragraph\"><strong>4\u00aa Regi\u00e3o\/Ponta Grossa<\/strong><\/p>\n\n\n\n<ul class=\"wp-block-list\"><li>Ampla Concorr\u00eancia: 196 vagas<\/li>\n\n\n\n<li>Afrodescendentes: 22 vagas<\/li>\n\n\n\n<li>Total: 218 vagas<\/li>\n<\/ul><p class=\"wp-block-paragraph\"><strong>5\u00aa Regi\u00e3o\/Cascavel<\/strong><\/p>\n\n\n\n<ul class=\"wp-block-list\"><li>Ampla Concorr\u00eancia: 299 vagas<\/li>\n\n\n\n<li>Afrodescendentes: 33 vagas<\/li>\n\n\n\n<li>Total: 332 vagas<\/li>\n<\/ul><h2 class=\"wp-block-heading\" id=\"salrios-do-concurso-pm-pr\">Sal\u00e1rios do concurso PM PR<\/h2>\n\n\n\n<p class=\"wp-block-paragraph\">As remunera\u00e7\u00f5es na <strong>Pol\u00edcia Militar do Paran\u00e1<\/strong> variam conforme o cargo e a progress\u00e3o na carreira. Para Soldado, os valores podem chegar a <strong>R$ 6.101,87<\/strong>, enquanto os ganhos na carreira de Oficial podem alcan\u00e7ar <strong>R$ 13.731,61<\/strong>. Confira:<\/p>\n\n\n\n<ul class=\"wp-block-list\"><li>Aluno-Soldado de 3\u00aa Classe: R$ 2.530,12;<\/li>\n\n\n\n<li>Aluno-Soldado Operacional de 2\u00aa Classe: R$ 3.795,18;<\/li>\n\n\n\n<li>Soldado de 1\u00aa Classe: R$ 6.101,87.<\/li>\n<\/ul><p class=\"wp-block-paragraph\">Para quem ingressa como <strong>Cadete<\/strong>, o Curso de Forma\u00e7\u00e3o de Oficiais (CFO) tem dura\u00e7\u00e3o aproximada de <strong>tr\u00eas anos<\/strong>. Durante a forma\u00e7\u00e3o, o aluno recebe subs\u00eddio, que aumenta conforme o avan\u00e7o no curso:<\/p>\n\n\n\n<ul class=\"wp-block-list\"><li>Cadete \u2013 1\u00ba ano: R$ 3.776,22;<\/li>\n\n\n\n<li>Cadete \u2013 2\u00ba ano: R$ 4.181,38;<\/li>\n\n\n\n<li>Cadete \u2013 3\u00ba ano: R$ 4.748,59.<\/li>\n<\/ul><p class=\"wp-block-paragraph\">Ap\u00f3s a conclus\u00e3o do CFO, o candidato \u00e9 declarado <strong>Aspirante a Oficial<\/strong>, com subs\u00eddio de <strong>R$ 7.827,69<\/strong>. Depois do per\u00edodo de est\u00e1gio, poder\u00e1 ser promovido ao posto de <strong>2\u00ba Tenente<\/strong>, com remunera\u00e7\u00e3o a partir de <strong>R$ 10.327,39<\/strong>.<\/p>\n\n\n\n<p class=\"wp-block-paragraph\">Conforme valores mais recentes informados para a carreira, as remunera\u00e7\u00f5es podem alcan\u00e7ar R$ 3.994,86 para Cadete, R$ 8.280,91 para Aspirante-a-Oficial e R$ 13.731,61 para 2\u00ba Tenente QOPM.<\/p>\n\n\n\n<p class=\"wp-block-paragraph\">Al\u00e9m da remunera\u00e7\u00e3o, os aprovados tamb\u00e9m podem receber aux\u00edlio-alimenta\u00e7\u00e3o no valor de R$ 834,74.<\/p>\n\n\n\n<h2 class=\"wp-block-heading\" id=\"requisitos-da-pm-pr\">Requisitos da PM PR<\/h2>\n\n\n\n<p class=\"wp-block-paragraph\">O concurso da Pol\u00edcia Militar do Paran\u00e1 (PM PR) exige que os candidatos atendam aos seguintes requisitos:<\/p>\n\n\n\n<ul class=\"wp-block-list\"><li><strong><mark style=\"background-color:rgba(0, 0, 0, 0)\" class=\"has-inline-color has-vivid-red-color\">Diploma de conclus\u00e3o de curso superior completo em qualquer \u00e1rea de gradua\u00e7\u00e3o,<\/mark><\/strong> devidamente registrado, em institui\u00e7\u00e3o de ensino p\u00fablica ou privada reconhecida pelos \u00f3rg\u00e3os competentes.<\/li>\n\n\n\n<li>Ter no m\u00e1ximo 30 anos de idade no primeiro dia das inscri\u00e7\u00f5es, ou seja, n\u00e3o ter completado 31 anos at\u00e9 essa data.<\/li>\n\n\n\n<li>Possuir Permiss\u00e3o para Dirigir ou Carteira Nacional de Habilita\u00e7\u00e3o, categoria \u201cB\u201d, no m\u00ednimo.<\/li>\n\n\n\n<li>Estar quite com as obriga\u00e7\u00f5es militares e eleitorais.<\/li>\n<\/ul><h3 class=\"wp-block-heading\">Qual a idade m\u00e1xima para a Pol\u00edcia Militar do Paran\u00e1?<\/h3>\n\n\n\n<p class=\"wp-block-paragraph\">Para participar do concurso da Pol\u00edcia Militar do Paran\u00e1, \u00e9 necess\u00e1rio <strong>ter no m\u00e1ximo 30 anos de idade<\/strong> no primeiro dia das inscri\u00e7\u00f5es. Isso significa que o candidato n\u00e3o pode ter completado 31 anos at\u00e9 essa data, independentemente da data da prova ou outras etapas.<\/p>\n\n\n\n<h3 class=\"wp-block-heading\">A PMPR exige curso superior?<\/h3>\n\n\n\n<p class=\"wp-block-paragraph\">Sim, a PMPR exige <strong>curso superior completo em qualquer \u00e1rea de gradua\u00e7\u00e3o<\/strong>. O candidato deve apresentar diploma devidamente registrado, emitido por institui\u00e7\u00e3o de ensino p\u00fablica ou privada reconhecida pelos \u00f3rg\u00e3os competentes. Essa \u00e9 uma exig\u00eancia obrigat\u00f3ria para investidura no cargo.<\/p>\n\n\n\n<h2 class=\"wp-block-heading\" id=\"o-que-faz-um-soldado-da-pm-pr\">O que faz um Soldado da PM PR?<\/h2>\n\n\n\n<p class=\"wp-block-paragraph\">O Soldado da PM PR realiza policiamento ostensivo, atua em opera\u00e7\u00f5es especiais, controla dist\u00farbios civis e executa mandados de pris\u00e3o. Ele tamb\u00e9m desempenha fun\u00e7\u00f5es no policiamento comunit\u00e1rio, estabelecendo um relacionamento pr\u00f3ximo com a popula\u00e7\u00e3o.<\/p>\n\n\n\n<p class=\"wp-block-paragraph\">Suas a\u00e7\u00f5es tamb\u00e9m incluem a participa\u00e7\u00e3o em opera\u00e7\u00f5es em regi\u00f5es de fronteira e eventos de grande porte, sempre com responsabilidade e colabora\u00e7\u00e3o com outras for\u00e7as de seguran\u00e7a.<\/p>\n\n\n\n<p class=\"wp-block-paragraph\">O soldado deve atuar com disciplina, honestidade, equil\u00edbrio emocional e preparo f\u00edsico e intelectual, seguindo as leis e regulamentos da corpora\u00e7\u00e3o, estando preparado para exercer outras atividades de interesse da sociedade.<\/p>\n\n\n\n<p class=\"wp-block-paragraph\">Confira quais s\u00e3o as principais atribui\u00e7\u00f5es previstas no edital da PM PR: <\/p>\n\n\n\n<ul class=\"wp-block-list\"><li>Exercer, com dignidade e efici\u00eancia, as fun\u00e7\u00f5es que lhes forem atribu\u00eddas;<\/li>\n\n\n\n<li>Pautar a conduta pela fiel observ\u00e2ncia \u00e0s leis, regulamentos, instru\u00e7\u00f5es e ordens emanadas de autoridades competentes;<\/li>\n\n\n\n<li>Zelar pela honra e reputa\u00e7\u00e3o de sua classe, observando comportamento irrepreens\u00edvel na vida p\u00fablica e particular, e cumprir com exatid\u00e3o seus deveres para com a sociedade;<\/li>\n\n\n\n<li>Exercer a pol\u00edcia ostensiva e a preserva\u00e7\u00e3o da ordem p\u00fablica, por meio do apoio e execu\u00e7\u00e3o de a\u00e7\u00f5es e opera\u00e7\u00f5es policiais militares;<\/li>\n\n\n\n<li>Atuar na atividade de policiamento ostensivo, nos seus mais diversos tipos, modalidades e processos, inclusive com a condu\u00e7\u00e3o de viaturas policiais;<\/li>\n\n\n\n<li>Estabelecer relacionamento direto com a popula\u00e7\u00e3o visando o policiamento de proximidade (Pol\u00edcia Comunit\u00e1ria);<\/li>\n\n\n\n<li>Adotar as provid\u00eancias legais e administrativas quando da constata\u00e7\u00e3o de atos il\u00edcitos ou de ind\u00edcios de sua ocorr\u00eancia;<\/li>\n\n\n\n<li>Executar mandados de pris\u00e3o e ordens judiciais de reintegra\u00e7\u00e3o de posse;<\/li>\n\n\n\n<li>Exercer atividades de controle de dist\u00farbios civis;<\/li>\n\n\n\n<li>Atuar em opera\u00e7\u00f5es policiais ordin\u00e1rias e especiais (ex: futebol, manifesta\u00e7\u00f5es, opera\u00e7\u00e3o ver\u00e3o no litoral, shows, etc.);<\/li>\n\n\n\n<li>Atuar em opera\u00e7\u00f5es em regi\u00f5es fronteiri\u00e7as, inclusive com a participa\u00e7\u00e3o e em conjunto com outras for\u00e7as de seguran\u00e7a p\u00fablica;<\/li>\n\n\n\n<li>Demonstrar capacidade de trabalho em equipe com responsabilidade, lealdade e bom senso;<\/li>\n\n\n\n<li>Atuar com disciplina, honestidade, sociabilidade e senso de organiza\u00e7\u00e3o;<\/li>\n\n\n\n<li>Demonstrar na atua\u00e7\u00e3o: equil\u00edbrio emocional, disciplina, honestidade, sociabilidade e senso de organiza\u00e7\u00e3o;<\/li>\n\n\n\n<li>Estar preparado f\u00edsica, moral e intelectualmente para o perfeito desempenho de suas fun\u00e7\u00f5es;<\/li>\n\n\n\n<li>Executar outros encargos e atividades de interesse da Corpora\u00e7\u00e3o.<\/li>\n<\/ul><h2 class=\"wp-block-heading\" id=\"etapas-de-seleo\">Etapas de Sele\u00e7\u00e3o<\/h2>\n\n\n\n<p class=\"wp-block-paragraph\">O concurso PM PR foi composto pelas seguintes etapas:<\/p>\n\n\n\n<ul class=\"wp-block-list\"><li>Prova Objetiva, de car\u00e1ter eliminat\u00f3rio e classificat\u00f3rio<\/li>\n\n\n\n<li>Prova Discursiva, de car\u00e1ter eliminat\u00f3rio e classificat\u00f3rio<\/li>\n\n\n\n<li>Exame de Capacidade F\u00edsica (ECAFI), de car\u00e1ter eliminat\u00f3rio<\/li>\n\n\n\n<li>Avalia\u00e7\u00e3o Psicol\u00f3gica (AP), de car\u00e1ter eliminat\u00f3rio<\/li>\n\n\n\n<li>Exame de Sanidade F\u00edsica (ESAFI), de car\u00e1ter eliminat\u00f3rio<\/li>\n\n\n\n<li>Investiga\u00e7\u00e3o Social, de car\u00e1ter eliminat\u00f3rio<\/li>\n<\/ul><p class=\"wp-block-paragraph\">As provas objetiva e discursiva tiveram a dura\u00e7\u00e3o de 5 horas e foram aplicadas no dia 29 de junho de 2025.<\/p>\n\n\n\n<h3 class=\"wp-block-heading\">Locais de prova<\/h3>\n\n\n\n<p class=\"wp-block-paragraph\">As provas objetivas e discursivas foram realizadas nas seguintes cidades:<\/p>\n\n\n\n<ul class=\"wp-block-list\"><li>Curitiba;<\/li>\n\n\n\n<li>Cascavel;<\/li>\n\n\n\n<li>Campo Mour\u00e3o;<\/li>\n\n\n\n<li>Foz do Igua\u00e7u;<\/li>\n\n\n\n<li>Guarapuava;<\/li>\n\n\n\n<li>Jacarezinho;<\/li>\n\n\n\n<li>Londrina;<\/li>\n\n\n\n<li>Maring\u00e1;<\/li>\n\n\n\n<li>Paranagu\u00e1;<\/li>\n\n\n\n<li>Pato Branco;<\/li>\n\n\n\n<li>Ponta Grossa; e<\/li>\n\n\n\n<li>Umuarama.<\/li>\n<\/ul><h3 class=\"wp-block-heading\">Prova Objetiva<\/h3>\n\n\n\n<p class=\"wp-block-paragraph\">A <strong>prova objetiva<\/strong> foi composta por 60 quest\u00f5es de m\u00faltipla escolha, com 5 alternativas, sendo 1 correta.<\/p>\n\n\n\n<p class=\"wp-block-paragraph\">Confira as disciplinas que foram exigidas:<\/p>\n\n\n\n<ul class=\"wp-block-list\"><li>Conhecimentos Gerais (40 quest\u00f5es)\n<ul class=\"wp-block-list\"><li>L\u00edngua Portuguesa: 12 quest\u00f5es;<\/li>\n\n\n\n<li>Racioc\u00ednio Matem\u00e1tico: 7 quest\u00f5es;<\/li>\n\n\n\n<li>Geografia: 7 quest\u00f5es;<\/li>\n\n\n\n<li>Hist\u00f3ria: 7 quest\u00f5es;<\/li>\n\n\n\n<li>No\u00e7\u00f5es de Inform\u00e1tica: 7 quest\u00f5es.<\/li>\n<\/ul><\/li>\n\n\n\n<li>Conhecimentos Espec\u00edficos (20 quest\u00f5es)\n<ul class=\"wp-block-list\"><li>Legisla\u00e7\u00e3o espec\u00edfica: 20 quest\u00f5es.<\/li>\n<\/ul><\/li>\n<\/ul><p class=\"wp-block-paragraph\">A prova foi avaliada em escala de 0 a 80 pontos e foram considerados aprovados, os candidatos que, cumulativamente:<\/p>\n\n\n\n<ul class=\"wp-block-list\"><li>a) tenham alcan\u00e7ado, no m\u00ednimo, 12 (doze) pontos na prova de conhecimentos gerais;<\/li>\n\n\n\n<li>b) tenham alcan\u00e7ado, no m\u00ednimo, 12 (doze) pontos na prova de conhecimentos espec\u00edficos; e<\/li>\n\n\n\n<li>c) tenham alcan\u00e7ado, no m\u00ednimo, 32 (trinta e dois) pontos do total da prova objetiva.<\/li>\n<\/ul><h3 class=\"wp-block-heading\">Prova Discursiva<\/h3>\n\n\n\n<p class=\"wp-block-paragraph\">A <strong>prova discursiva<\/strong> foi composta por uma reda\u00e7\u00e3o, com o tema revelado no momento da prova. O candidato deveria escrever de 20 a 25 linhas, conforme os seguintes crit\u00e9rios:<\/p>\n\n\n\n<ul class=\"wp-block-list\"><li><strong>Progress\u00e3o<\/strong>: grau de informatividade e coer\u00eancia \u2013 4 pontos <\/li>\n\n\n\n<li><strong>Qualidade do conte\u00fado<\/strong>: capacidade do candidato para selecionar, relacionar, organizar e interpretar fatos, informa\u00e7\u00f5es, opini\u00f5es e argumentos, em defesa de um ponto de vista, demonstrando conhecimento dos mecanismos lingu\u00edstico-discursivos necess\u00e1rios para a constru\u00e7\u00e3o do seu texto \u2013 6 pontos <\/li>\n\n\n\n<li><strong>Coes\u00e3o<\/strong>: uso adequado e expressivo dos recursos lingu\u00edsticos como atividade de composi\u00e7\u00e3o textual \u2013 6 pontos <\/li>\n\n\n\n<li><strong>Norma padr\u00e3o<\/strong>: dom\u00ednio da norma padr\u00e3o formal da L\u00edngua Portuguesa \u2013 4 pontos<\/li>\n<\/ul><p class=\"wp-block-paragraph\">Somente foram corrigidas as provas discursivas dos candidatos que foram habilitados na prova objetiva e que estivessem classificados dentro do limite, conforme o quadro abaixo, observadas as Regi\u00f5es , categorias de concorr\u00eancia e os empates na \u00faltima posi\u00e7\u00e3o de classifica\u00e7\u00e3o, se houver. <\/p>\n\n\n<div class=\"wp-block-image\">\n<figure class=\"aligncenter size-full\"><a href=\"https:\/\/www.novaconcursos.com.br\/portal\/wp-content\/uploads\/2025\/03\/png.webp\"><img decoding=\"async\" width=\"481\" height=\"120\" src=\"https:\/\/www.novaconcursos.com.br\/portal\/wp-content\/uploads\/2025\/03\/png.webp\" alt=\"crit\u00e9rios corre\u00e7\u00e3o prova discursiva do concurso pm pr soldado\" class=\"wp-image-282606\" loading=\"lazy\" title=\"\" srcset=\"https:\/\/www.novaconcursos.com.br\/portal\/wp-content\/uploads\/2025\/03\/png-300x75.webp 300w, https:\/\/www.novaconcursos.com.br\/portal\/wp-content\/uploads\/2025\/03\/png.webp 481w\" sizes=\"auto, (max-width: 480px) 100vw, (max-width: 768px) 100vw, (max-width: 1200px) 70vw, 768px\"><\/a><\/figure><\/div>\n\n\n<h3 class=\"wp-block-heading\">Exame de Capacidade F\u00edsica (ECAFI)<\/h3>\n\n\n\n<p class=\"wp-block-paragraph\">Ap\u00f3s a aprova\u00e7\u00e3o nas etapas anteriores, os candidatos foram convocados para o <strong>Exame de Capacidade F\u00edsica (ECAFI)<\/strong>, que avaliou o condicionamento f\u00edsico, com crit\u00e9rios distintos para homens e mulheres:<\/p>\n\n\n\n<p class=\"wp-block-paragraph\"><strong>Para candidatos do sexo masculino<\/strong><\/p>\n\n\n\n<ul class=\"wp-block-list\"><li>Barra fixa: 6 repeti\u00e7\u00f5es de flex\u00e3o<\/li>\n\n\n\n<li>Abdominal: 31 repeti\u00e7\u00f5es<\/li>\n\n\n\n<li>Corrida de 300 metros: tempo m\u00e1ximo de 56 segundos<\/li>\n\n\n\n<li>Corrida de 2.400 metros: tempo m\u00e1ximo de 11 minutos e 58 segundos<\/li>\n<\/ul><p class=\"wp-block-paragraph\"><strong>Para candidatas do sexo feminino<\/strong><\/p>\n\n\n\n<ul class=\"wp-block-list\"><li>Barra fixa (isometria): sustenta\u00e7\u00e3o por 15 segundos<\/li>\n\n\n\n<li>Abdominal: 26 repeti\u00e7\u00f5es<\/li>\n\n\n\n<li>Corrida de 300 metros: tempo m\u00e1ximo de 64 segundos<\/li>\n\n\n\n<li>Corrida de 2.400 metros: tempo m\u00e1ximo de 14 minutos e 7 segundos<\/li>\n<\/ul><p class=\"wp-block-paragraph\">Foram considerados \u201captos\u201d, os candidatos que atingirem o desempenho m\u00ednimo indicado para cada teste.<\/p>\n\n\n\n<h3 class=\"wp-block-heading\">Avalia\u00e7\u00e3o Psicol\u00f3gica <\/h3>\n\n\n\n<p class=\"wp-block-paragraph\">Os candidatos aprovados no Exame de Conhecimentos e Aptid\u00e3o F\u00edsica (ECAFI) seguiram para a etapa de Avalia\u00e7\u00e3o Psicol\u00f3gica.<\/p>\n\n\n\n<p class=\"wp-block-paragraph\">Nesta fase, \u00e9 realizada uma an\u00e1lise t\u00e9cnica detalhada, utilizando m\u00e9todos cient\u00edficos reconhecidos, com o objetivo de verificar se o perfil psicol\u00f3gico do candidato \u00e9 compat\u00edvel com as caracter\u00edsticas exigidas para o desempenho do cargo pretendido.<\/p>\n\n\n\n<h3 class=\"wp-block-heading\">Exame de Sanidade F\u00edsica (ESAFI) <\/h3>\n\n\n\n<p class=\"wp-block-paragraph\">O Exame de Sanidade F\u00edsica (ESAFI) foi aplicado aos candidatos que obtiveram aprova\u00e7\u00e3o no ECAFI. Esta etapa \u00e9 composta por duas fases:<\/p>\n\n\n\n<ul class=\"wp-block-list\"><li>Envio eletr\u00f4nico de exames m\u00e9dicos para o portal da banca organizadora;<\/li>\n\n\n\n<li>Avalia\u00e7\u00e3o presencial, abrangendo exames m\u00e9dicos e odontol\u00f3gicos realizados por meio de anamnese, exame cl\u00ednico e an\u00e1lise dos exames previamente enviados.<\/li>\n<\/ul><h3 class=\"wp-block-heading\">Investiga\u00e7\u00e3o Social <\/h3>\n\n\n\n<p class=\"wp-block-paragraph\">Os aprovados no ECAFI tamb\u00e9m passaram pela fase de Investiga\u00e7\u00e3o Social.<\/p>\n\n\n\n<p class=\"wp-block-paragraph\">Nesta etapa \u00e9 feita uma an\u00e1lise rigorosa e abrangente do comportamento do candidato em sua vida pessoal e profissional. S\u00e3o avaliados aspectos sociais, \u00e9ticos, educacionais e quaisquer outros relevantes para sua atua\u00e7\u00e3o no cargo. Al\u00e9m disso, \u00e9 verificada a exist\u00eancia de antecedentes policiais ou criminais que possam desqualificar o candidato para a fun\u00e7\u00e3o.<\/p>\n\n\n\n<p class=\"wp-block-paragraph\">O concurso PM PR Soldado teve a validade de 1 ano, podendo ser prorrogado pelo mesmo per\u00edodo uma \u00fanica vez, de acordo com o crit\u00e9rio da corpora\u00e7\u00e3o.<\/p>\n\n\n\n<h3 class=\"wp-block-heading\">Curso de Forma\u00e7\u00e3o de Oficiais (CFO)<\/h3>\n\n\n\n<p class=\"wp-block-paragraph\">Os candidatos aprovados para Cadete da PMPR ingressam no <strong>Curso de Forma\u00e7\u00e3o de Oficiais (CFO)<\/strong>, etapa destinada \u00e0 prepara\u00e7\u00e3o para a carreira de Oficial da Pol\u00edcia Militar do Paran\u00e1. A forma\u00e7\u00e3o tem dura\u00e7\u00e3o aproximada de <strong>tr\u00eas anos<\/strong>, per\u00edodo em que o aluno recebe instru\u00e7\u00f5es te\u00f3ricas, pr\u00e1ticas e t\u00e9cnico-profissionais.<\/p>\n\n\n\n<p class=\"wp-block-paragraph\">Durante o CFO, o candidato ocupa a condi\u00e7\u00e3o de <strong>Cadete<\/strong> e recebe remunera\u00e7\u00e3o correspondente ao ano de forma\u00e7\u00e3o. Ap\u00f3s concluir o curso com aproveitamento, \u00e9 declarado <strong>Aspirante a Oficial<\/strong> e passa pelo per\u00edodo de est\u00e1gio previsto para a carreira.<\/p>\n\n\n\n<p class=\"wp-block-paragraph\">Cumpridas as exig\u00eancias dessa fase, o Aspirante fica apto \u00e0 promo\u00e7\u00e3o ao posto de <strong>2\u00ba Tenente<\/strong>, dando continuidade \u00e0 carreira de Oficial da PMPR.<\/p>\n\n\n\n<h2 class=\"wp-block-heading\" id=\"o-que-cai-na-prova-da-pm-pr\">O que cai na prova da PM PR?<\/h2>\n\n\n\n<p class=\"wp-block-paragraph\">O concurso PM PR teve o seguinte conte\u00fado program\u00e1tico para conhecimentos gerais, segundo o \u00faltimo edital:<\/p>\n\n\n\n<h3 class=\"wp-block-heading\">L\u00edngua Portuguesa<\/h3>\n\n\n\n<ul class=\"wp-block-list\"><li>Compreens\u00e3o e interpreta\u00e7\u00e3o de textos<\/li>\n\n\n\n<li>Rela\u00e7\u00f5es intratextuais e intertextuais<\/li>\n\n\n\n<li>Identifica\u00e7\u00e3o da fun\u00e7\u00e3o de recursos gramaticais (fonol\u00f3gico, morfol\u00f3gico, sint\u00e1tico, sem\u00e2ntico)<\/li>\n\n\n\n<li>An\u00e1lise de recursos verbais e n\u00e3o verbais (tirinhas, quadrinhos, charges, gr\u00e1ficos)<\/li>\n\n\n\n<li>Hierarquia de ideias e rela\u00e7\u00f5es entre elas (oposi\u00e7\u00e3o, causa\/consequ\u00eancia, exemplifica\u00e7\u00e3o)<\/li>\n\n\n\n<li>An\u00e1lise da organiza\u00e7\u00e3o argumentativa do texto e do ponto de vista do autor<\/li>\n\n\n\n<li>Dedu\u00e7\u00e3o de ideias impl\u00edcitas no texto<\/li>\n\n\n\n<li>Identifica\u00e7\u00e3o de \u201cvozes\u201d e recursos lingu\u00edsticos utilizados<\/li>\n\n\n\n<li>Distin\u00e7\u00e3o entre fato e opini\u00e3o, s\u00e9rio ou rid\u00edculo<\/li>\n\n\n\n<li>Identifica\u00e7\u00e3o de palavras, express\u00f5es e estruturas em contextos espec\u00edficos<\/li>\n\n\n\n<li>Coes\u00e3o textual e rela\u00e7\u00f5es de sentido entre frases<\/li>\n\n\n\n<li>Normas de concord\u00e2ncia, reg\u00eancia, ortografia e pontua\u00e7\u00e3o<\/li>\n\n\n\n<li>Marcas lingu\u00edsticas de variedades sociais, regionais e de registro<\/li>\n<\/ul><h3 class=\"wp-block-heading\">Racioc\u00ednio Matem\u00e1tico<\/h3>\n\n\n\n<ul class=\"wp-block-list\"><li>Resolu\u00e7\u00e3o de problemas num\u00e9ricos<\/li>\n\n\n\n<li>Porcentagem, conjuntos e contagem<\/li>\n\n\n\n<li>Sistemas, equa\u00e7\u00f5es e regra de tr\u00eas simples<\/li>\n\n\n\n<li>C\u00e1lculo de m\u00e9dia e interpreta\u00e7\u00e3o de tabelas e gr\u00e1ficos<\/li>\n\n\n\n<li>Racioc\u00ednio l\u00f3gico-matem\u00e1tico (proposi\u00e7\u00f5es, conectivos, equival\u00eancia, implica\u00e7\u00e3o l\u00f3gica)<\/li>\n<\/ul><h3 class=\"wp-block-heading\">No\u00e7\u00f5es de Inform\u00e1tica<\/h3>\n\n\n\n<ul class=\"wp-block-list\"><li>Conceitos b\u00e1sicos de opera\u00e7\u00e3o com arquivos nos sistemas Windows e Linux<\/li>\n\n\n\n<li>Uso da internet (navegadores, correio eletr\u00f4nico)<\/li>\n\n\n\n<li>Atividades administrativas com computadores em rede interna (edi\u00e7\u00e3o de textos, planilhas)<\/li>\n\n\n\n<li>Ferramentas como LibreOffice Writer e Calc<\/li>\n\n\n\n<li>Uso de computadores e perif\u00e9ricos (impressoras, scanners, webcams)<\/li>\n\n\n\n<li>Uso de smartphones (Android)<\/li>\n\n\n\n<li>Seguran\u00e7a da informa\u00e7\u00e3o (v\u00edrus, malwares, phishing, ransomware)<\/li>\n<\/ul><h3 class=\"wp-block-heading\">Hist\u00f3ria<\/h3>\n\n\n\n<ul class=\"wp-block-list\"><li>Brasil Col\u00f4nia: Sistema colonial, sociedade do a\u00e7\u00facar e minera\u00e7\u00e3o, ocupa\u00e7\u00e3o do Paran\u00e1, Fam\u00edlia Real no Brasil<\/li>\n\n\n\n<li>Brasil Imp\u00e9rio: Tropeirismo no Paran\u00e1, caf\u00e9, emancipa\u00e7\u00e3o pol\u00edtica do Paran\u00e1, ciclo da erva-mate, queda da monarquia<\/li>\n\n\n\n<li>Brasil Rep\u00fablica: Implanta\u00e7\u00e3o do regime republicano, Guerra do Contestado, pol\u00edtica olig\u00e1rquica, era Vargas, per\u00edodo militar, Nova Rep\u00fablica, Constitui\u00e7\u00e3o de 1988<\/li>\n<\/ul><h3 class=\"wp-block-heading\">Geografia<\/h3>\n\n\n\n<ul class=\"wp-block-list\"><li>Demografia e Estrutura\u00e7\u00e3o Socioespacial: Teorias demogr\u00e1ficas, migra\u00e7\u00e3o, impactos econ\u00f4micos e culturais, diversidade \u00e9tnica, quest\u00f5es de g\u00eanero e etnia<\/li>\n\n\n\n<li>Economia e Regionaliza\u00e7\u00e3o: Explora\u00e7\u00e3o de recursos naturais, estrutura agr\u00e1ria, industrializa\u00e7\u00e3o, setor terci\u00e1rio, redes de transporte, urbaniza\u00e7\u00e3o, agroneg\u00f3cio<\/li>\n\n\n\n<li>Pol\u00edtica e Organiza\u00e7\u00e3o Contempor\u00e2nea: Federalismo, conflitos geopol\u00edticos, globaliza\u00e7\u00e3o, e blocos econ\u00f4micos<\/li>\n\n\n\n<li>Representa\u00e7\u00e3o do Espa\u00e7o Terrestre: Tecnologias de mapeamento, leitura de mapas, escalas, sistemas de coordenadas, proje\u00e7\u00f5es cartogr\u00e1ficas<\/li>\n<\/ul><figure class=\"wp-block-image size-large is-resized\"><img decoding=\"async\" width=\"1024\" height=\"512\" src=\"https:\/\/www.novaconcursos.com.br\/portal\/wp-content\/uploads\/2024\/04\/policia-militar-parana-pr-1024x512.webp\" alt=\"pm pr\" class=\"wp-image-230775\" style=\"width:781px;height:auto\" loading=\"lazy\" title=\"\" srcset=\"https:\/\/www.novaconcursos.com.br\/portal\/wp-content\/uploads\/2024\/04\/policia-militar-parana-pr-300x150.webp 300w, https:\/\/www.novaconcursos.com.br\/portal\/wp-content\/uploads\/2024\/04\/policia-militar-parana-pr-480x240.webp 480w, https:\/\/www.novaconcursos.com.br\/portal\/wp-content\/uploads\/2024\/04\/policia-militar-parana-pr-768x384.webp 768w, https:\/\/www.novaconcursos.com.br\/portal\/wp-content\/uploads\/2024\/04\/policia-militar-parana-pr-1024x512.webp 1024w, https:\/\/www.novaconcursos.com.br\/portal\/wp-content\/uploads\/2024\/04\/policia-militar-parana-pr.webp 1200w\" sizes=\"auto, (max-width: 480px) 100vw, (max-width: 768px) 100vw, (max-width: 1200px) 70vw, 768px\"><figcaption><\/figcaption><\/figure><h2 class=\"wp-block-heading\" id=\"materiais-preparatrios-para-o-concurso-pm-pr\">Materiais preparat\u00f3rios para o concurso PM PR<\/h2>\n\n\n\n<p class=\"wp-block-paragraph\">A jornada rumo \u00e0 aprova\u00e7\u00e3o no concurso PM PR pode parecer dif\u00edcil, mas \u00e9 totalmente poss\u00edvel realizar esse sonho, especialmente quando voc\u00ea conta com o suporte certo!<\/p>\n\n\n\n<p class=\"wp-block-paragraph\">A <a href=\"https:\/\/www.novaconcursos.com.br\/\" data-type=\"link\" data-id=\"https:\/\/www.novaconcursos.com.br\/\">Nova Concursos<\/a> tem como miss\u00e3o transformar vidas por meio da educa\u00e7\u00e3o, oferecendo materiais completos e acess\u00edveis que j\u00e1 ajudaram mais de <strong>100 mil alunos<\/strong> a conquistarem suas aprova\u00e7\u00f5es.<\/p>\n\n\n\n<p class=\"wp-block-paragraph\">Entre eles est\u00e1 Patrick de Souza, que confiou no suporte completo da Nova, organizou sua rotina de estudos, e garantiu sua oportunidade na Pol\u00edcia Militar.<\/p>\n\n\n\n<p class=\"wp-block-paragraph\">Quer saber como ele chegou l\u00e1? Conhe\u00e7a a <a href=\"https:\/\/resultados.novaconcursos.com.br\/patrick-de-souza-da-silva-aprovado-na-pm-sp\" data-type=\"link\" data-id=\"https:\/\/resultados.novaconcursos.com.br\/patrick-de-souza-da-silva-aprovado-na-pm-sp\">hist\u00f3ria<\/a> dele e descubra como voc\u00ea tamb\u00e9m pode alcan\u00e7ar essa conquista! <\/p>\n\n\n\n<p class=\"wp-block-paragraph\"><\/p><div class=\"nova-continue-reading\">Comece a estudar agora: <a href=\"https:\/\/www.novaconcursos.com.br\/concurso\/pm-pr-policia-militar-parana\" target=\"_blank\" rel=\"noreferrer noopener\">Materiais para o concurso PM PR<\/a>!<\/div>","protected":false},"excerpt":{"rendered":"<p>O concurso PM PR foi autorizado com oportunidades para Soldados e Cadetes! Saiba mais! <\/p>\n","protected":false},"author":54701,"featured_media":312896,"comment_status":"closed","ping_status":"closed","sticky":false,"template":"","format":"standard","meta":{"_acf_changed":false,"footnotes":"","_wp_rev_ctl_limit":""},"categories":[44999,44943,44941,44952],"tags":[5825],"class_list":["post-33543","post","type-post","status-publish","format-standard","has-post-thumbnail","hentry","category-concursos","category-carreira-militar","category-carreira-policial","category-pr","tag-concurso-pm-pr"],"acf":[],"_links":{"self":[{"href":"https:\/\/www.novaconcursos.com.br\/portal\/wp-json\/wp\/v2\/posts\/33543","targetHints":{"allow":["GET"]}}],"collection":[{"href":"https:\/\/www.novaconcursos.com.br\/portal\/wp-json\/wp\/v2\/posts"}],"about":[{"href":"https:\/\/www.novaconcursos.com.br\/portal\/wp-json\/wp\/v2\/types\/post"}],"author":[{"embeddable":true,"href":"https:\/\/www.novaconcursos.com.br\/portal\/wp-json\/wp\/v2\/users\/54701"}],"replies":[{"embeddable":true,"href":"https:\/\/www.novaconcursos.com.br\/portal\/wp-json\/wp\/v2\/comments?post=33543"}],"version-history":[{"count":65,"href":"https:\/\/www.novaconcursos.com.br\/portal\/wp-json\/wp\/v2\/posts\/33543\/revisions"}],"predecessor-version":[{"id":312897,"href":"https:\/\/www.novaconcursos.com.br\/portal\/wp-json\/wp\/v2\/posts\/33543\/revisions\/312897"}],"wp:featuredmedia":[{"embeddable":true,"href":"https:\/\/www.novaconcursos.com.br\/portal\/wp-json\/wp\/v2\/media\/312896"}],"wp:attachment":[{"href":"https:\/\/www.novaconcursos.com.br\/portal\/wp-json\/wp\/v2\/media?parent=33543"}],"wp:term":[{"taxonomy":"category","embeddable":true,"href":"https:\/\/www.novaconcursos.com.br\/portal\/wp-json\/wp\/v2\/categories?post=33543"},{"taxonomy":"post_tag","embeddable":true,"href":"https:\/\/www.novaconcursos.com.br\/portal\/wp-json\/wp\/v2\/tags?post=33543"}],"curies":[{"name":"wp","href":"https:\/\/api.w.org\/{rel}","templated":true}]}}